{"id":9386,"date":"2022-02-28T13:33:28","date_gmt":"2022-02-28T12:33:28","guid":{"rendered":"https:\/\/komma.ostfalia.de\/?p=9386"},"modified":"2022-02-28T13:36:25","modified_gmt":"2022-02-28T12:36:25","slug":"denke-daran","status":"publish","type":"post","link":"https:\/\/komma.ostfalia.de\/index.php\/denke-daran\/","title":{"rendered":"Denke daran!"},"content":{"rendered":"<p>Ein Empfinden f\u00fcr die Wahrheit kann es nur dort geben, wo das Individuum sich frei und offen der Vielfalt gepr\u00fcfter und verl\u00e4sslicher Quellen (ja, die gibt es!) aussetzen kann und dies aus \u00dcberzeugtheit auch tut.<br \/>\nNur sich immer und immer wieder der Vieldeutigkeit auszusetzen, l\u00e4sst am Ende Wahrheit erkennen. Die Beschr\u00e4nkung von Kommunikationsr\u00e4umen ist damit nicht nur das Ende von Wahrheit und Wahrhaftigkeit, es ist der Anfang vom Ende.<\/p>\n<p>&nbsp;<\/p>\n<p>Bild: Ausstellungsobjekt, Zeitgeschichtliches Forum, Leipzig.<\/p>\n","protected":false},"excerpt":{"rendered":"<p>Ein Empfinden f\u00fcr die Wahrheit kann es nur dort geben, wo das Individuum sich frei und offen der Vielfalt gepr\u00fcfter und verl\u00e4sslicher Quellen (ja, die gibt es!) aussetzen kann und dies aus \u00dcberzeugtheit auch tut. Nur sich immer und immer wieder der Vieldeutigkeit auszusetzen, l\u00e4sst am Ende Wahrheit erkennen. Die Beschr\u00e4nkung von Kommunikationsr\u00e4umen ist damit [&hellip;]<\/p>\n","protected":false},"author":1,"featured_media":9389,"comment_status":"open","ping_status":"open","sticky":false,"template":"","format":"standard","meta":{"_acf_changed":false,"footnotes":""},"categories":[1],"tags":[138],"acf":[],"yoast_head":"<title>Denke daran! - KomMa<\/title>\n<meta name=\"description\" content=\"Ein Empfinden f\u00fcr die Wahrheit kann es nur dort geben, wo das Individuum sich frei der Vielfalt verl\u00e4sslicher Quellen aussetzen kann.\" \/>\n<meta name=\"robots\" content=\"index, follow, max-snippet:-1, max-image-preview:large, max-video-preview:-1\" \/>\n<link rel=\"canonical\" href=\"https:\/\/komma.ostfalia.de\/index.php\/denke-daran\/\" \/>\n<meta property=\"og:locale\" content=\"de_DE\" \/>\n<meta property=\"og:type\" content=\"article\" \/>\n<meta property=\"og:title\" content=\"Denke daran! - KomMa\" \/>\n<meta property=\"og:description\" content=\"Ein Empfinden f\u00fcr die Wahrheit kann es nur dort geben, wo das Individuum sich frei der Vielfalt verl\u00e4sslicher Quellen aussetzen kann.\" \/>\n<meta property=\"og:url\" content=\"https:\/\/komma.ostfalia.de\/index.php\/denke-daran\/\" \/>\n<meta property=\"og:site_name\" content=\"KomMa\" \/>\n<meta property=\"article:published_time\" content=\"2022-02-28T12:33:28+00:00\" \/>\n<meta property=\"article:modified_time\" content=\"2022-02-28T12:36:25+00:00\" \/>\n<meta property=\"og:image\" content=\"https:\/\/komma.ostfalia.de\/wp-content\/uploads\/2022\/02\/2015-03-20_20.25.50-scaled.jpg\" \/>\n\t<meta property=\"og:image:width\" content=\"2560\" \/>\n\t<meta property=\"og:image:height\" content=\"1920\" \/>\n\t<meta property=\"og:image:type\" content=\"image\/jpeg\" \/>\n<meta name=\"author\" content=\"KomMa-Team\" \/>\n<meta name=\"twitter:card\" content=\"summary_large_image\" \/>\n<meta name=\"twitter:creator\" content=\"@komma_ostfalia\" \/>\n<meta name=\"twitter:site\" content=\"@komma_ostfalia\" \/>\n<meta name=\"twitter:label1\" content=\"Verfasst von\" \/>\n\t<meta name=\"twitter:data1\" content=\"KomMa-Team\" \/>\n\t<meta name=\"twitter:label2\" content=\"Gesch\u00e4tzte Lesezeit\" \/>\n\t<meta name=\"twitter:data2\" content=\"1\u00a0Minute\" \/>\n<script type=\"application\/ld+json\" class=\"yoast-schema-graph\">{\"@context\":\"https:\/\/schema.org\",\"@graph\":[{\"@type\":\"Article\",\"@id\":\"https:\/\/komma.ostfalia.de\/index.php\/denke-daran\/#article\",\"isPartOf\":{\"@id\":\"https:\/\/komma.ostfalia.de\/index.php\/denke-daran\/\"},\"author\":{\"name\":\"KomMa-Team\",\"@id\":\"https:\/\/komma.ostfalia.de\/#\/schema\/person\/2297cca325c7233192dce89bbb68ca24\"},\"headline\":\"Denke daran!\",\"datePublished\":\"2022-02-28T12:33:28+00:00\",\"dateModified\":\"2022-02-28T12:36:25+00:00\",\"mainEntityOfPage\":{\"@id\":\"https:\/\/komma.ostfalia.de\/index.php\/denke-daran\/\"},\"wordCount\":83,\"commentCount\":0,\"publisher\":{\"@id\":\"https:\/\/komma.ostfalia.de\/#organization\"},\"image\":{\"@id\":\"https:\/\/komma.ostfalia.de\/index.php\/denke-daran\/#primaryimage\"},\"thumbnailUrl\":\"https:\/\/komma.ostfalia.de\/wp-content\/uploads\/2022\/02\/2015-03-20_20.25.50-scaled.jpg\",\"keywords\":[\"Wahrheit\"],\"inLanguage\":\"de\",\"potentialAction\":[{\"@type\":\"CommentAction\",\"name\":\"Comment\",\"target\":[\"https:\/\/komma.ostfalia.de\/index.php\/denke-daran\/#respond\"]}]},{\"@type\":\"WebPage\",\"@id\":\"https:\/\/komma.ostfalia.de\/index.php\/denke-daran\/\",\"url\":\"https:\/\/komma.ostfalia.de\/index.php\/denke-daran\/\",\"name\":\"Denke daran! - KomMa\",\"isPartOf\":{\"@id\":\"https:\/\/komma.ostfalia.de\/#website\"},\"primaryImageOfPage\":{\"@id\":\"https:\/\/komma.ostfalia.de\/index.php\/denke-daran\/#primaryimage\"},\"image\":{\"@id\":\"https:\/\/komma.ostfalia.de\/index.php\/denke-daran\/#primaryimage\"},\"thumbnailUrl\":\"https:\/\/komma.ostfalia.de\/wp-content\/uploads\/2022\/02\/2015-03-20_20.25.50-scaled.jpg\",\"datePublished\":\"2022-02-28T12:33:28+00:00\",\"dateModified\":\"2022-02-28T12:36:25+00:00\",\"description\":\"Ein Empfinden f\u00fcr die Wahrheit kann es nur dort geben, wo das Individuum sich frei der Vielfalt verl\u00e4sslicher Quellen aussetzen kann.\",\"breadcrumb\":{\"@id\":\"https:\/\/komma.ostfalia.de\/index.php\/denke-daran\/#breadcrumb\"},\"inLanguage\":\"de\",\"potentialAction\":[{\"@type\":\"ReadAction\",\"target\":[\"https:\/\/komma.ostfalia.de\/index.php\/denke-daran\/\"]}]},{\"@type\":\"ImageObject\",\"inLanguage\":\"de\",\"@id\":\"https:\/\/komma.ostfalia.de\/index.php\/denke-daran\/#primaryimage\",\"url\":\"https:\/\/komma.ostfalia.de\/wp-content\/uploads\/2022\/02\/2015-03-20_20.25.50-scaled.jpg\",\"contentUrl\":\"https:\/\/komma.ostfalia.de\/wp-content\/uploads\/2022\/02\/2015-03-20_20.25.50-scaled.jpg\",\"width\":2560,\"height\":1920},{\"@type\":\"BreadcrumbList\",\"@id\":\"https:\/\/komma.ostfalia.de\/index.php\/denke-daran\/#breadcrumb\",\"itemListElement\":[{\"@type\":\"ListItem\",\"position\":1,\"name\":\"Startseite\",\"item\":\"https:\/\/komma.ostfalia.de\/\"},{\"@type\":\"ListItem\",\"position\":2,\"name\":\"Allgemein\",\"item\":\"https:\/\/komma.ostfalia.de\/index.php\/kategorie\/allgemein\/\"},{\"@type\":\"ListItem\",\"position\":3,\"name\":\"Denke daran!\"}]},{\"@type\":\"WebSite\",\"@id\":\"https:\/\/komma.ostfalia.de\/#website\",\"url\":\"https:\/\/komma.ostfalia.de\/\",\"name\":\"KomMa\",\"description\":\"Professur f\u00fcr Kommunikationsmanagement\",\"publisher\":{\"@id\":\"https:\/\/komma.ostfalia.de\/#organization\"},\"potentialAction\":[{\"@type\":\"SearchAction\",\"target\":{\"@type\":\"EntryPoint\",\"urlTemplate\":\"https:\/\/komma.ostfalia.de\/?s={search_term_string}\"},\"query-input\":\"required name=search_term_string\"}],\"inLanguage\":\"de\"},{\"@type\":\"Organization\",\"@id\":\"https:\/\/komma.ostfalia.de\/#organization\",\"name\":\"KomMa - Professur f\u00fcr Kommunikationsmanagement\",\"url\":\"https:\/\/komma.ostfalia.de\/\",\"logo\":{\"@type\":\"ImageObject\",\"inLanguage\":\"de\",\"@id\":\"https:\/\/komma.ostfalia.de\/#\/schema\/logo\/image\/\",\"url\":\"https:\/\/komma.ostfalia.de\/wp-content\/uploads\/2020\/05\/komma-signet.png\",\"contentUrl\":\"https:\/\/komma.ostfalia.de\/wp-content\/uploads\/2020\/05\/komma-signet.png\",\"width\":512,\"height\":512,\"caption\":\"KomMa - Professur f\u00fcr Kommunikationsmanagement\"},\"image\":{\"@id\":\"https:\/\/komma.ostfalia.de\/#\/schema\/logo\/image\/\"},\"sameAs\":[\"https:\/\/twitter.com\/komma_ostfalia\"]},{\"@type\":\"Person\",\"@id\":\"https:\/\/komma.ostfalia.de\/#\/schema\/person\/2297cca325c7233192dce89bbb68ca24\",\"name\":\"KomMa-Team\",\"image\":{\"@type\":\"ImageObject\",\"inLanguage\":\"de\",\"@id\":\"https:\/\/komma.ostfalia.de\/#\/schema\/person\/image\/\",\"url\":\"https:\/\/secure.gravatar.com\/avatar\/0e2f17e0b0f28f6a6baeb346932d58f2?s=96&d=mm&r=g\",\"contentUrl\":\"https:\/\/secure.gravatar.com\/avatar\/0e2f17e0b0f28f6a6baeb346932d58f2?s=96&d=mm&r=g\",\"caption\":\"KomMa-Team\"}}]}<\/script>","yoast_head_json":{"title":"Denke daran! - KomMa","description":"Ein Empfinden f\u00fcr die Wahrheit kann es nur dort geben, wo das Individuum sich frei der Vielfalt verl\u00e4sslicher Quellen aussetzen kann.","robots":{"index":"index","follow":"follow","max-snippet":"max-snippet:-1","max-image-preview":"max-image-preview:large","max-video-preview":"max-video-preview:-1"},"canonical":"https:\/\/komma.ostfalia.de\/index.php\/denke-daran\/","og_locale":"de_DE","og_type":"article","og_title":"Denke daran! - KomMa","og_description":"Ein Empfinden f\u00fcr die Wahrheit kann es nur dort geben, wo das Individuum sich frei der Vielfalt verl\u00e4sslicher Quellen aussetzen kann.","og_url":"https:\/\/komma.ostfalia.de\/index.php\/denke-daran\/","og_site_name":"KomMa","article_published_time":"2022-02-28T12:33:28+00:00","article_modified_time":"2022-02-28T12:36:25+00:00","og_image":[{"width":2560,"height":1920,"url":"https:\/\/komma.ostfalia.de\/wp-content\/uploads\/2022\/02\/2015-03-20_20.25.50-scaled.jpg","type":"image\/jpeg"}],"author":"KomMa-Team","twitter_card":"summary_large_image","twitter_creator":"@komma_ostfalia","twitter_site":"@komma_ostfalia","twitter_misc":{"Verfasst von":"KomMa-Team","Gesch\u00e4tzte Lesezeit":"1\u00a0Minute"},"schema":{"@context":"https:\/\/schema.org","@graph":[{"@type":"Article","@id":"https:\/\/komma.ostfalia.de\/index.php\/denke-daran\/#article","isPartOf":{"@id":"https:\/\/komma.ostfalia.de\/index.php\/denke-daran\/"},"author":{"name":"KomMa-Team","@id":"https:\/\/komma.ostfalia.de\/#\/schema\/person\/2297cca325c7233192dce89bbb68ca24"},"headline":"Denke daran!","datePublished":"2022-02-28T12:33:28+00:00","dateModified":"2022-02-28T12:36:25+00:00","mainEntityOfPage":{"@id":"https:\/\/komma.ostfalia.de\/index.php\/denke-daran\/"},"wordCount":83,"commentCount":0,"publisher":{"@id":"https:\/\/komma.ostfalia.de\/#organization"},"image":{"@id":"https:\/\/komma.ostfalia.de\/index.php\/denke-daran\/#primaryimage"},"thumbnailUrl":"https:\/\/komma.ostfalia.de\/wp-content\/uploads\/2022\/02\/2015-03-20_20.25.50-scaled.jpg","keywords":["Wahrheit"],"inLanguage":"de","potentialAction":[{"@type":"CommentAction","name":"Comment","target":["https:\/\/komma.ostfalia.de\/index.php\/denke-daran\/#respond"]}]},{"@type":"WebPage","@id":"https:\/\/komma.ostfalia.de\/index.php\/denke-daran\/","url":"https:\/\/komma.ostfalia.de\/index.php\/denke-daran\/","name":"Denke daran! - KomMa","isPartOf":{"@id":"https:\/\/komma.ostfalia.de\/#website"},"primaryImageOfPage":{"@id":"https:\/\/komma.ostfalia.de\/index.php\/denke-daran\/#primaryimage"},"image":{"@id":"https:\/\/komma.ostfalia.de\/index.php\/denke-daran\/#primaryimage"},"thumbnailUrl":"https:\/\/komma.ostfalia.de\/wp-content\/uploads\/2022\/02\/2015-03-20_20.25.50-scaled.jpg","datePublished":"2022-02-28T12:33:28+00:00","dateModified":"2022-02-28T12:36:25+00:00","description":"Ein Empfinden f\u00fcr die Wahrheit kann es nur dort geben, wo das Individuum sich frei der Vielfalt verl\u00e4sslicher Quellen aussetzen kann.","breadcrumb":{"@id":"https:\/\/komma.ostfalia.de\/index.php\/denke-daran\/#breadcrumb"},"inLanguage":"de","potentialAction":[{"@type":"ReadAction","target":["https:\/\/komma.ostfalia.de\/index.php\/denke-daran\/"]}]},{"@type":"ImageObject","inLanguage":"de","@id":"https:\/\/komma.ostfalia.de\/index.php\/denke-daran\/#primaryimage","url":"https:\/\/komma.ostfalia.de\/wp-content\/uploads\/2022\/02\/2015-03-20_20.25.50-scaled.jpg","contentUrl":"https:\/\/komma.ostfalia.de\/wp-content\/uploads\/2022\/02\/2015-03-20_20.25.50-scaled.jpg","width":2560,"height":1920},{"@type":"BreadcrumbList","@id":"https:\/\/komma.ostfalia.de\/index.php\/denke-daran\/#breadcrumb","itemListElement":[{"@type":"ListItem","position":1,"name":"Startseite","item":"https:\/\/komma.ostfalia.de\/"},{"@type":"ListItem","position":2,"name":"Allgemein","item":"https:\/\/komma.ostfalia.de\/index.php\/kategorie\/allgemein\/"},{"@type":"ListItem","position":3,"name":"Denke daran!"}]},{"@type":"WebSite","@id":"https:\/\/komma.ostfalia.de\/#website","url":"https:\/\/komma.ostfalia.de\/","name":"KomMa","description":"Professur f\u00fcr Kommunikationsmanagement","publisher":{"@id":"https:\/\/komma.ostfalia.de\/#organization"},"potentialAction":[{"@type":"SearchAction","target":{"@type":"EntryPoint","urlTemplate":"https:\/\/komma.ostfalia.de\/?s={search_term_string}"},"query-input":"required name=search_term_string"}],"inLanguage":"de"},{"@type":"Organization","@id":"https:\/\/komma.ostfalia.de\/#organization","name":"KomMa - Professur f\u00fcr Kommunikationsmanagement","url":"https:\/\/komma.ostfalia.de\/","logo":{"@type":"ImageObject","inLanguage":"de","@id":"https:\/\/komma.ostfalia.de\/#\/schema\/logo\/image\/","url":"https:\/\/komma.ostfalia.de\/wp-content\/uploads\/2020\/05\/komma-signet.png","contentUrl":"https:\/\/komma.ostfalia.de\/wp-content\/uploads\/2020\/05\/komma-signet.png","width":512,"height":512,"caption":"KomMa - Professur f\u00fcr Kommunikationsmanagement"},"image":{"@id":"https:\/\/komma.ostfalia.de\/#\/schema\/logo\/image\/"},"sameAs":["https:\/\/twitter.com\/komma_ostfalia"]},{"@type":"Person","@id":"https:\/\/komma.ostfalia.de\/#\/schema\/person\/2297cca325c7233192dce89bbb68ca24","name":"KomMa-Team","image":{"@type":"ImageObject","inLanguage":"de","@id":"https:\/\/komma.ostfalia.de\/#\/schema\/person\/image\/","url":"https:\/\/secure.gravatar.com\/avatar\/0e2f17e0b0f28f6a6baeb346932d58f2?s=96&d=mm&r=g","contentUrl":"https:\/\/secure.gravatar.com\/avatar\/0e2f17e0b0f28f6a6baeb346932d58f2?s=96&d=mm&r=g","caption":"KomMa-Team"}}]}},"_links":{"self":[{"href":"https:\/\/komma.ostfalia.de\/index.php\/wp-json\/wp\/v2\/posts\/9386"}],"collection":[{"href":"https:\/\/komma.ostfalia.de\/index.php\/wp-json\/wp\/v2\/posts"}],"about":[{"href":"https:\/\/komma.ostfalia.de\/index.php\/wp-json\/wp\/v2\/types\/post"}],"author":[{"embeddable":true,"href":"https:\/\/komma.ostfalia.de\/index.php\/wp-json\/wp\/v2\/users\/1"}],"replies":[{"embeddable":true,"href":"https:\/\/komma.ostfalia.de\/index.php\/wp-json\/wp\/v2\/comments?post=9386"}],"version-history":[{"count":0,"href":"https:\/\/komma.ostfalia.de\/index.php\/wp-json\/wp\/v2\/posts\/9386\/revisions"}],"wp:featuredmedia":[{"embeddable":true,"href":"https:\/\/komma.ostfalia.de\/index.php\/wp-json\/wp\/v2\/media\/9389"}],"wp:attachment":[{"href":"https:\/\/komma.ostfalia.de\/index.php\/wp-json\/wp\/v2\/media?parent=9386"}],"wp:term":[{"taxonomy":"category","embeddable":true,"href":"https:\/\/komma.ostfalia.de\/index.php\/wp-json\/wp\/v2\/categories?post=9386"},{"taxonomy":"post_tag","embeddable":true,"href":"https:\/\/komma.ostfalia.de\/index.php\/wp-json\/wp\/v2\/tags?post=9386"}],"curies":[{"name":"wp","href":"https:\/\/api.w.org\/{rel}","templated":true}]}}