{"id":9179,"date":"2022-02-16T09:50:57","date_gmt":"2022-02-16T08:50:57","guid":{"rendered":"https:\/\/komma.ostfalia.de\/?p=9179"},"modified":"2022-02-16T09:50:57","modified_gmt":"2022-02-16T08:50:57","slug":"icsg-nachhaltigkeitskonferenz-mit-komma-beteiligung","status":"publish","type":"post","link":"https:\/\/komma.ostfalia.de\/index.php\/icsg-nachhaltigkeitskonferenz-mit-komma-beteiligung\/","title":{"rendered":"ICSG &#8211; Nachhaltigkeitskonferenz mit KomMa-Beteiligung"},"content":{"rendered":"\r\n<p>Die &#8220;<a href=\"https:\/\/icsg.world\/\" target=\"_blank\" rel=\"noopener\">International Conference of Sustainable Globalization<\/a>&#8221; (ICSG) widmet sich den Themen Online Education, Tourismus und Wohnen, &#8216;Smart Cities&#8217; sowie Umwelt\u00fcberwachung und Sanierung. <a href=\"https:\/\/komma.ostfalia.de\/team\/\" target=\"_blank\" rel=\"noopener\">KomMa<\/a> zeigt auf der Konferenz, dass Projekte im Bereich Nachhaltigkeit immer auch eine Kommunikations-Komponente besitzen. Aktuell beispielsweise besch\u00e4ftigt sich das Team um KomMa-Professor Harald Rau mit der Frage, wie an den K\u00fcsten von Vietnam strategische Kommunikation und passende Ma\u00dfnahmen zu Verhaltens\u00e4nderungen bei Fischern f\u00fchren k\u00f6nnen. Verlorene Fischernetze verursachen nicht nur an Vietnams K\u00fcsten tausende Tonnen an Plastikm\u00fcll im Meer. Bei diesem Projekt &#8211; aktuell in der Beantragung beim Bundesumweltministerium &#8211; kooperieren gleich mehrere Ostfalia-Akteure miteinander. Denn unter anderem sollen die Kommunikationsma\u00dfnahmen dabei unterst\u00fctzen, m\u00f6glichst viele unbrauchbar gewordene Fischernetze dem Recycling zuzuf\u00fchren. Und auch daf\u00fcr gibt es international ausgewiesene Experten an der Hochschule.<\/p>\r\n<p>In diesem Kontext steuerte Dennis Hartung als KomMa-Masterand einen Beitrag zur internationalen Konferenz bei, der unter Vietnamesischen Studierenden die Bereitschaft untersuchte, nachhaltiger zu handeln (Maritime Sustainability: An experimental approach on the effect of sustainable communication through various actors on the willingness of Vietnamese students to act more sustainably).<\/p>\r\n<p>Die Ostfalia ist Gr\u00fcndungsmitglied der Internationalen Gesellschaft f\u00fcr nachhaltige Globalisierung (International Association for Sustainable Globalization) und mit <a href=\"https:\/\/www.ostfalia.de\/cms\/de\/v\/fakultaet\/fakultaetsteam\/profil_prof_\/sander_hedda\/\" target=\"_blank\" rel=\"noopener\">Dr. Hedda Sander<\/a> ist eine ausgewiesene Ostfalia-Wissenschaftlerin im Board der Gesellschaft vertreten.<\/p>\r\n<p>In diesem Jahr trug die Konferenz der besonderen Situation durch ein gelungenes Online-Veranstaltungsformat Rechnung. Ausrichter: die Ostfalia, federf\u00fchrend auch hier, Dr. Hedda Sander.<br \/>Als Vorstandsmitglied des Zentrums f\u00fcr Wirtschaftliches Risikomanagement und Nachhaltigkeit (ZWIRN) beteiligte sich KomMa auch an der Pr\u00e4sentation des internationalen Masterstudienganges &#8220;Sustainability &amp; Risk Management (M.Sc.)&#8221;, deren Vorstellung ZWIRN-Vorstandssprecher <a href=\"https:\/\/www.ostfalia.de\/cms\/de\/r\/fakultaet\/fakultaetsteam\/stefan-zeranski\/\" target=\"_blank\" rel=\"noopener\">Prof. Dr. Stefan Zeranski<\/a> \u00fcbernahm.<\/p>\r\n<p>Die ISCG wurde wie in den Jahren zuvor von einem Organisatorenteam aus drei Hochschulen partnerschaftlich, international und interdisziplin\u00e4r getragen: Dr. Hedda Sander, Ostfalia Hochschule f\u00fcr angewandte Wissenschaften, Fakult\u00e4t Versorgungstechnik, Deutschland, Review Comitee Chair, Prof. Dr. Abey Kuruvilla, Business Dept. of the University of Wisconsin at Parkside, Program Chair, Prof. Dr. Robinet Jacob, Mahatma Gandhi University, School of Tourism Studies, Kerala, Indien, Organizing Chair.<\/p>\r\n<p>An dieser Stelle kann bereits ein Ausblick f\u00fcr Interessierte gegeben werden, die Ausrichtung der n\u00e4chsten ICSG 2023 ist f\u00fcr den 6. bis 8. Januar 2023 geplant. Die ICSG-Organisation wird erstmals eigene Nachhaltigkeitspreise in den Bereichen Industrie, Administration und Hochschulen ausschreiben. Interessierte, die einen Vorschlag einreichen m\u00f6chten, sollten auf der ICSG-Website <a href=\"https:\/\/icsg.world\/\" target=\"_blank\" rel=\"noopener\">https:\/\/icsg.world\/<\/a> nach Ank\u00fcndigungen Ausschau halten.<\/p>\r\n<p>&nbsp;<\/p>\r\n<p>Foto: Screenshot zur ISCG 2022 &#8211; links Konferenz-Chair Dr. Hedda Sander, Ostfalia.<\/p>\r\n\r\n\r\n\r\n<p>&nbsp;<\/p>\r\n","protected":false},"excerpt":{"rendered":"<p>Die &#8220;International Conference of Sustainable Globalization&#8221; (ICSG) widmet sich den Themen Online Education, Tourismus und Wohnen, &#8216;Smart Cities&#8217; sowie Umwelt\u00fcberwachung und Sanierung. KomMa zeigt auf der Konferenz, dass Projekte im Bereich Nachhaltigkeit immer auch eine Kommunikations-Komponente besitzen. Aktuell beispielsweise besch\u00e4ftigt sich das Team um KomMa-Professor Harald Rau mit der Frage, wie an den K\u00fcsten von [&hellip;]<\/p>\n","protected":false},"author":1,"featured_media":9171,"comment_status":"open","ping_status":"open","sticky":false,"template":"","format":"standard","meta":{"_acf_changed":false,"footnotes":""},"categories":[1,8,6],"tags":[130,10],"acf":[],"yoast_head":"<title>ICSG - Nachhaltigkeitskonferenz mit KomMa-Beteiligung - KomMa<\/title>\n<meta name=\"description\" content=\"Die ICSG widmet sich den Themen Online Education, Tourismus und Wohnen, &#039;Smart Cities&#039; sowie Umwelt\u00fcberwachung und Sanierung.\" \/>\n<meta name=\"robots\" content=\"index, follow, max-snippet:-1, max-image-preview:large, max-video-preview:-1\" \/>\n<link rel=\"canonical\" href=\"https:\/\/komma.ostfalia.de\/index.php\/icsg-nachhaltigkeitskonferenz-mit-komma-beteiligung\/\" \/>\n<meta property=\"og:locale\" content=\"de_DE\" \/>\n<meta property=\"og:type\" content=\"article\" \/>\n<meta property=\"og:title\" content=\"ICSG - Nachhaltigkeitskonferenz mit KomMa-Beteiligung - KomMa\" \/>\n<meta property=\"og:description\" content=\"Die ICSG widmet sich den Themen Online Education, Tourismus und Wohnen, &#039;Smart Cities&#039; sowie Umwelt\u00fcberwachung und Sanierung.\" \/>\n<meta property=\"og:url\" content=\"https:\/\/komma.ostfalia.de\/index.php\/icsg-nachhaltigkeitskonferenz-mit-komma-beteiligung\/\" \/>\n<meta property=\"og:site_name\" content=\"KomMa\" \/>\n<meta property=\"article:published_time\" content=\"2022-02-16T08:50:57+00:00\" \/>\n<meta property=\"og:image\" content=\"https:\/\/komma.ostfalia.de\/wp-content\/uploads\/2022\/02\/Blog_10.02..png\" \/>\n\t<meta property=\"og:image:width\" content=\"453\" \/>\n\t<meta property=\"og:image:height\" content=\"221\" \/>\n\t<meta property=\"og:image:type\" content=\"image\/png\" \/>\n<meta name=\"author\" content=\"KomMa-Team\" \/>\n<meta name=\"twitter:card\" content=\"summary_large_image\" \/>\n<meta name=\"twitter:creator\" content=\"@komma_ostfalia\" \/>\n<meta name=\"twitter:site\" content=\"@komma_ostfalia\" \/>\n<meta name=\"twitter:label1\" content=\"Verfasst von\" \/>\n\t<meta name=\"twitter:data1\" content=\"KomMa-Team\" \/>\n\t<meta name=\"twitter:label2\" content=\"Gesch\u00e4tzte Lesezeit\" \/>\n\t<meta name=\"twitter:data2\" content=\"3\u00a0Minuten\" \/>\n<script type=\"application\/ld+json\" class=\"yoast-schema-graph\">{\"@context\":\"https:\/\/schema.org\",\"@graph\":[{\"@type\":\"Article\",\"@id\":\"https:\/\/komma.ostfalia.de\/index.php\/icsg-nachhaltigkeitskonferenz-mit-komma-beteiligung\/#article\",\"isPartOf\":{\"@id\":\"https:\/\/komma.ostfalia.de\/index.php\/icsg-nachhaltigkeitskonferenz-mit-komma-beteiligung\/\"},\"author\":{\"name\":\"KomMa-Team\",\"@id\":\"https:\/\/komma.ostfalia.de\/#\/schema\/person\/2297cca325c7233192dce89bbb68ca24\"},\"headline\":\"ICSG &#8211; Nachhaltigkeitskonferenz mit KomMa-Beteiligung\",\"datePublished\":\"2022-02-16T08:50:57+00:00\",\"dateModified\":\"2022-02-16T08:50:57+00:00\",\"mainEntityOfPage\":{\"@id\":\"https:\/\/komma.ostfalia.de\/index.php\/icsg-nachhaltigkeitskonferenz-mit-komma-beteiligung\/\"},\"wordCount\":419,\"commentCount\":0,\"publisher\":{\"@id\":\"https:\/\/komma.ostfalia.de\/#organization\"},\"image\":{\"@id\":\"https:\/\/komma.ostfalia.de\/index.php\/icsg-nachhaltigkeitskonferenz-mit-komma-beteiligung\/#primaryimage\"},\"thumbnailUrl\":\"https:\/\/komma.ostfalia.de\/wp-content\/uploads\/2022\/02\/Blog_10.02..png\",\"keywords\":[\"ICSG\",\"Konferenz\"],\"articleSection\":{\"1\":\"Forschung\",\"2\":\"Konferenzen\"},\"inLanguage\":\"de\",\"potentialAction\":[{\"@type\":\"CommentAction\",\"name\":\"Comment\",\"target\":[\"https:\/\/komma.ostfalia.de\/index.php\/icsg-nachhaltigkeitskonferenz-mit-komma-beteiligung\/#respond\"]}]},{\"@type\":\"WebPage\",\"@id\":\"https:\/\/komma.ostfalia.de\/index.php\/icsg-nachhaltigkeitskonferenz-mit-komma-beteiligung\/\",\"url\":\"https:\/\/komma.ostfalia.de\/index.php\/icsg-nachhaltigkeitskonferenz-mit-komma-beteiligung\/\",\"name\":\"ICSG - Nachhaltigkeitskonferenz mit KomMa-Beteiligung - KomMa\",\"isPartOf\":{\"@id\":\"https:\/\/komma.ostfalia.de\/#website\"},\"primaryImageOfPage\":{\"@id\":\"https:\/\/komma.ostfalia.de\/index.php\/icsg-nachhaltigkeitskonferenz-mit-komma-beteiligung\/#primaryimage\"},\"image\":{\"@id\":\"https:\/\/komma.ostfalia.de\/index.php\/icsg-nachhaltigkeitskonferenz-mit-komma-beteiligung\/#primaryimage\"},\"thumbnailUrl\":\"https:\/\/komma.ostfalia.de\/wp-content\/uploads\/2022\/02\/Blog_10.02..png\",\"datePublished\":\"2022-02-16T08:50:57+00:00\",\"dateModified\":\"2022-02-16T08:50:57+00:00\",\"description\":\"Die ICSG widmet sich den Themen Online Education, Tourismus und Wohnen, 'Smart Cities' sowie Umwelt\u00fcberwachung und Sanierung.\",\"breadcrumb\":{\"@id\":\"https:\/\/komma.ostfalia.de\/index.php\/icsg-nachhaltigkeitskonferenz-mit-komma-beteiligung\/#breadcrumb\"},\"inLanguage\":\"de\",\"potentialAction\":[{\"@type\":\"ReadAction\",\"target\":[\"https:\/\/komma.ostfalia.de\/index.php\/icsg-nachhaltigkeitskonferenz-mit-komma-beteiligung\/\"]}]},{\"@type\":\"ImageObject\",\"inLanguage\":\"de\",\"@id\":\"https:\/\/komma.ostfalia.de\/index.php\/icsg-nachhaltigkeitskonferenz-mit-komma-beteiligung\/#primaryimage\",\"url\":\"https:\/\/komma.ostfalia.de\/wp-content\/uploads\/2022\/02\/Blog_10.02..png\",\"contentUrl\":\"https:\/\/komma.ostfalia.de\/wp-content\/uploads\/2022\/02\/Blog_10.02..png\",\"width\":453,\"height\":221},{\"@type\":\"BreadcrumbList\",\"@id\":\"https:\/\/komma.ostfalia.de\/index.php\/icsg-nachhaltigkeitskonferenz-mit-komma-beteiligung\/#breadcrumb\",\"itemListElement\":[{\"@type\":\"ListItem\",\"position\":1,\"name\":\"Startseite\",\"item\":\"https:\/\/komma.ostfalia.de\/\"},{\"@type\":\"ListItem\",\"position\":2,\"name\":\"Allgemein\",\"item\":\"https:\/\/komma.ostfalia.de\/index.php\/kategorie\/allgemein\/\"},{\"@type\":\"ListItem\",\"position\":3,\"name\":\"ICSG &#8211; Nachhaltigkeitskonferenz mit KomMa-Beteiligung\"}]},{\"@type\":\"WebSite\",\"@id\":\"https:\/\/komma.ostfalia.de\/#website\",\"url\":\"https:\/\/komma.ostfalia.de\/\",\"name\":\"KomMa\",\"description\":\"Professur f\u00fcr Kommunikationsmanagement\",\"publisher\":{\"@id\":\"https:\/\/komma.ostfalia.de\/#organization\"},\"potentialAction\":[{\"@type\":\"SearchAction\",\"target\":{\"@type\":\"EntryPoint\",\"urlTemplate\":\"https:\/\/komma.ostfalia.de\/?s={search_term_string}\"},\"query-input\":\"required name=search_term_string\"}],\"inLanguage\":\"de\"},{\"@type\":\"Organization\",\"@id\":\"https:\/\/komma.ostfalia.de\/#organization\",\"name\":\"KomMa - Professur f\u00fcr Kommunikationsmanagement\",\"url\":\"https:\/\/komma.ostfalia.de\/\",\"logo\":{\"@type\":\"ImageObject\",\"inLanguage\":\"de\",\"@id\":\"https:\/\/komma.ostfalia.de\/#\/schema\/logo\/image\/\",\"url\":\"https:\/\/komma.ostfalia.de\/wp-content\/uploads\/2020\/05\/komma-signet.png\",\"contentUrl\":\"https:\/\/komma.ostfalia.de\/wp-content\/uploads\/2020\/05\/komma-signet.png\",\"width\":512,\"height\":512,\"caption\":\"KomMa - Professur f\u00fcr Kommunikationsmanagement\"},\"image\":{\"@id\":\"https:\/\/komma.ostfalia.de\/#\/schema\/logo\/image\/\"},\"sameAs\":[\"https:\/\/twitter.com\/komma_ostfalia\"]},{\"@type\":\"Person\",\"@id\":\"https:\/\/komma.ostfalia.de\/#\/schema\/person\/2297cca325c7233192dce89bbb68ca24\",\"name\":\"KomMa-Team\",\"image\":{\"@type\":\"ImageObject\",\"inLanguage\":\"de\",\"@id\":\"https:\/\/komma.ostfalia.de\/#\/schema\/person\/image\/\",\"url\":\"https:\/\/secure.gravatar.com\/avatar\/0e2f17e0b0f28f6a6baeb346932d58f2?s=96&d=mm&r=g\",\"contentUrl\":\"https:\/\/secure.gravatar.com\/avatar\/0e2f17e0b0f28f6a6baeb346932d58f2?s=96&d=mm&r=g\",\"caption\":\"KomMa-Team\"}}]}<\/script>","yoast_head_json":{"title":"ICSG - Nachhaltigkeitskonferenz mit KomMa-Beteiligung - KomMa","description":"Die ICSG widmet sich den Themen Online Education, Tourismus und Wohnen, 'Smart Cities' sowie Umwelt\u00fcberwachung und Sanierung.","robots":{"index":"index","follow":"follow","max-snippet":"max-snippet:-1","max-image-preview":"max-image-preview:large","max-video-preview":"max-video-preview:-1"},"canonical":"https:\/\/komma.ostfalia.de\/index.php\/icsg-nachhaltigkeitskonferenz-mit-komma-beteiligung\/","og_locale":"de_DE","og_type":"article","og_title":"ICSG - Nachhaltigkeitskonferenz mit KomMa-Beteiligung - KomMa","og_description":"Die ICSG widmet sich den Themen Online Education, Tourismus und Wohnen, 'Smart Cities' sowie Umwelt\u00fcberwachung und Sanierung.","og_url":"https:\/\/komma.ostfalia.de\/index.php\/icsg-nachhaltigkeitskonferenz-mit-komma-beteiligung\/","og_site_name":"KomMa","article_published_time":"2022-02-16T08:50:57+00:00","og_image":[{"width":453,"height":221,"url":"https:\/\/komma.ostfalia.de\/wp-content\/uploads\/2022\/02\/Blog_10.02..png","type":"image\/png"}],"author":"KomMa-Team","twitter_card":"summary_large_image","twitter_creator":"@komma_ostfalia","twitter_site":"@komma_ostfalia","twitter_misc":{"Verfasst von":"KomMa-Team","Gesch\u00e4tzte Lesezeit":"3\u00a0Minuten"},"schema":{"@context":"https:\/\/schema.org","@graph":[{"@type":"Article","@id":"https:\/\/komma.ostfalia.de\/index.php\/icsg-nachhaltigkeitskonferenz-mit-komma-beteiligung\/#article","isPartOf":{"@id":"https:\/\/komma.ostfalia.de\/index.php\/icsg-nachhaltigkeitskonferenz-mit-komma-beteiligung\/"},"author":{"name":"KomMa-Team","@id":"https:\/\/komma.ostfalia.de\/#\/schema\/person\/2297cca325c7233192dce89bbb68ca24"},"headline":"ICSG &#8211; Nachhaltigkeitskonferenz mit KomMa-Beteiligung","datePublished":"2022-02-16T08:50:57+00:00","dateModified":"2022-02-16T08:50:57+00:00","mainEntityOfPage":{"@id":"https:\/\/komma.ostfalia.de\/index.php\/icsg-nachhaltigkeitskonferenz-mit-komma-beteiligung\/"},"wordCount":419,"commentCount":0,"publisher":{"@id":"https:\/\/komma.ostfalia.de\/#organization"},"image":{"@id":"https:\/\/komma.ostfalia.de\/index.php\/icsg-nachhaltigkeitskonferenz-mit-komma-beteiligung\/#primaryimage"},"thumbnailUrl":"https:\/\/komma.ostfalia.de\/wp-content\/uploads\/2022\/02\/Blog_10.02..png","keywords":["ICSG","Konferenz"],"articleSection":{"1":"Forschung","2":"Konferenzen"},"inLanguage":"de","potentialAction":[{"@type":"CommentAction","name":"Comment","target":["https:\/\/komma.ostfalia.de\/index.php\/icsg-nachhaltigkeitskonferenz-mit-komma-beteiligung\/#respond"]}]},{"@type":"WebPage","@id":"https:\/\/komma.ostfalia.de\/index.php\/icsg-nachhaltigkeitskonferenz-mit-komma-beteiligung\/","url":"https:\/\/komma.ostfalia.de\/index.php\/icsg-nachhaltigkeitskonferenz-mit-komma-beteiligung\/","name":"ICSG - Nachhaltigkeitskonferenz mit KomMa-Beteiligung - KomMa","isPartOf":{"@id":"https:\/\/komma.ostfalia.de\/#website"},"primaryImageOfPage":{"@id":"https:\/\/komma.ostfalia.de\/index.php\/icsg-nachhaltigkeitskonferenz-mit-komma-beteiligung\/#primaryimage"},"image":{"@id":"https:\/\/komma.ostfalia.de\/index.php\/icsg-nachhaltigkeitskonferenz-mit-komma-beteiligung\/#primaryimage"},"thumbnailUrl":"https:\/\/komma.ostfalia.de\/wp-content\/uploads\/2022\/02\/Blog_10.02..png","datePublished":"2022-02-16T08:50:57+00:00","dateModified":"2022-02-16T08:50:57+00:00","description":"Die ICSG widmet sich den Themen Online Education, Tourismus und Wohnen, 'Smart Cities' sowie Umwelt\u00fcberwachung und Sanierung.","breadcrumb":{"@id":"https:\/\/komma.ostfalia.de\/index.php\/icsg-nachhaltigkeitskonferenz-mit-komma-beteiligung\/#breadcrumb"},"inLanguage":"de","potentialAction":[{"@type":"ReadAction","target":["https:\/\/komma.ostfalia.de\/index.php\/icsg-nachhaltigkeitskonferenz-mit-komma-beteiligung\/"]}]},{"@type":"ImageObject","inLanguage":"de","@id":"https:\/\/komma.ostfalia.de\/index.php\/icsg-nachhaltigkeitskonferenz-mit-komma-beteiligung\/#primaryimage","url":"https:\/\/komma.ostfalia.de\/wp-content\/uploads\/2022\/02\/Blog_10.02..png","contentUrl":"https:\/\/komma.ostfalia.de\/wp-content\/uploads\/2022\/02\/Blog_10.02..png","width":453,"height":221},{"@type":"BreadcrumbList","@id":"https:\/\/komma.ostfalia.de\/index.php\/icsg-nachhaltigkeitskonferenz-mit-komma-beteiligung\/#breadcrumb","itemListElement":[{"@type":"ListItem","position":1,"name":"Startseite","item":"https:\/\/komma.ostfalia.de\/"},{"@type":"ListItem","position":2,"name":"Allgemein","item":"https:\/\/komma.ostfalia.de\/index.php\/kategorie\/allgemein\/"},{"@type":"ListItem","position":3,"name":"ICSG &#8211; Nachhaltigkeitskonferenz mit KomMa-Beteiligung"}]},{"@type":"WebSite","@id":"https:\/\/komma.ostfalia.de\/#website","url":"https:\/\/komma.ostfalia.de\/","name":"KomMa","description":"Professur f\u00fcr Kommunikationsmanagement","publisher":{"@id":"https:\/\/komma.ostfalia.de\/#organization"},"potentialAction":[{"@type":"SearchAction","target":{"@type":"EntryPoint","urlTemplate":"https:\/\/komma.ostfalia.de\/?s={search_term_string}"},"query-input":"required name=search_term_string"}],"inLanguage":"de"},{"@type":"Organization","@id":"https:\/\/komma.ostfalia.de\/#organization","name":"KomMa - Professur f\u00fcr Kommunikationsmanagement","url":"https:\/\/komma.ostfalia.de\/","logo":{"@type":"ImageObject","inLanguage":"de","@id":"https:\/\/komma.ostfalia.de\/#\/schema\/logo\/image\/","url":"https:\/\/komma.ostfalia.de\/wp-content\/uploads\/2020\/05\/komma-signet.png","contentUrl":"https:\/\/komma.ostfalia.de\/wp-content\/uploads\/2020\/05\/komma-signet.png","width":512,"height":512,"caption":"KomMa - Professur f\u00fcr Kommunikationsmanagement"},"image":{"@id":"https:\/\/komma.ostfalia.de\/#\/schema\/logo\/image\/"},"sameAs":["https:\/\/twitter.com\/komma_ostfalia"]},{"@type":"Person","@id":"https:\/\/komma.ostfalia.de\/#\/schema\/person\/2297cca325c7233192dce89bbb68ca24","name":"KomMa-Team","image":{"@type":"ImageObject","inLanguage":"de","@id":"https:\/\/komma.ostfalia.de\/#\/schema\/person\/image\/","url":"https:\/\/secure.gravatar.com\/avatar\/0e2f17e0b0f28f6a6baeb346932d58f2?s=96&d=mm&r=g","contentUrl":"https:\/\/secure.gravatar.com\/avatar\/0e2f17e0b0f28f6a6baeb346932d58f2?s=96&d=mm&r=g","caption":"KomMa-Team"}}]}},"_links":{"self":[{"href":"https:\/\/komma.ostfalia.de\/index.php\/wp-json\/wp\/v2\/posts\/9179"}],"collection":[{"href":"https:\/\/komma.ostfalia.de\/index.php\/wp-json\/wp\/v2\/posts"}],"about":[{"href":"https:\/\/komma.ostfalia.de\/index.php\/wp-json\/wp\/v2\/types\/post"}],"author":[{"embeddable":true,"href":"https:\/\/komma.ostfalia.de\/index.php\/wp-json\/wp\/v2\/users\/1"}],"replies":[{"embeddable":true,"href":"https:\/\/komma.ostfalia.de\/index.php\/wp-json\/wp\/v2\/comments?post=9179"}],"version-history":[{"count":0,"href":"https:\/\/komma.ostfalia.de\/index.php\/wp-json\/wp\/v2\/posts\/9179\/revisions"}],"wp:featuredmedia":[{"embeddable":true,"href":"https:\/\/komma.ostfalia.de\/index.php\/wp-json\/wp\/v2\/media\/9171"}],"wp:attachment":[{"href":"https:\/\/komma.ostfalia.de\/index.php\/wp-json\/wp\/v2\/media?parent=9179"}],"wp:term":[{"taxonomy":"category","embeddable":true,"href":"https:\/\/komma.ostfalia.de\/index.php\/wp-json\/wp\/v2\/categories?post=9179"},{"taxonomy":"post_tag","embeddable":true,"href":"https:\/\/komma.ostfalia.de\/index.php\/wp-json\/wp\/v2\/tags?post=9179"}],"curies":[{"name":"wp","href":"https:\/\/api.w.org\/{rel}","templated":true}]}}