{"id":8856,"date":"2021-12-01T14:06:51","date_gmt":"2021-12-01T13:06:51","guid":{"rendered":"https:\/\/komma.ostfalia.de\/?p=8856"},"modified":"2021-12-01T14:33:02","modified_gmt":"2021-12-01T13:33:02","slug":"neuzuwachs-fuer-das-komma-team-jette-mertins-unterstuetzt-als-studentische-hilfskraft","status":"publish","type":"post","link":"https:\/\/komma.ostfalia.de\/index.php\/neuzuwachs-fuer-das-komma-team-jette-mertins-unterstuetzt-als-studentische-hilfskraft\/","title":{"rendered":"Neuzuwachs f\u00fcr das KomMa-Team: Jette Mertins unterst\u00fctzt als studentische Hilfskraft"},"content":{"rendered":"\n<p><strong>Text, Ton und Bild: Unsere neue studentische Hilfskraft ist ein Multimedia-Talent<\/strong><\/p>\n\n\n\n<p>D\u00fcrfen wir vorstellen? Das ist Jette, unser neues KomMa-Team-Mitglied!<\/p>\n\n\n\n<p>Jette studiert seit dem Wintersemester 2020 Medienkommunikation an der Ostfalia Hochschule. Das KomMa-Team und Jette haben sich bereits in ihrem ersten Studiensemester kennengelernt. In der <a href=\"https:\/\/komma.ostfalia.de\/wissenschaftliches-arbeiten-ostfalia-lehrpreis\/\" target=\"_blank\" rel=\"noreferrer noopener\">\u201eEinf\u00fchrung in wissenschaftliches Arbeiten\u201c <\/a>fiel unsere studentische Mitarbeiterin vor allem durch Engagement und K\u00f6nnen auf. In ihrer wissenschaftlichen Hausarbeit hat Jette vor dem Hintergrund der Corona-Pandemie untersucht, inwieweit unterschiedliche Medienrepertoires und Medienbiografien zu Diskrepanzen im kommunikativen Handeln f\u00fchren \u2013 und dies insbesondere mit Blick auf verschiedene Generationen: Wie gro\u00df ist die Wissenskluft zwischen der jungen Generation und Seniorinnen und Senioren? Die Erkenntnis: Es h\u00e4ngt von der Medienkompetenz aller Beteiligten ab! Die <a href=\"https:\/\/komma.ostfalia.de\/projekte\/kisch\/\" target=\"_blank\" rel=\"noreferrer noopener\">Medienkompetenz<\/a> ist ein Thema, das uns im gesamten KomMa-Team im vergangenen Jahr sehr besch\u00e4ftigt hat.<\/p>\n\n\n\n<p>Jette bereichert uns nicht nur mit ihrer Affinit\u00e4t zum forschenden Arbeiten, sie ist dar\u00fcber hinaus eine sehr kreative Person. Neben dem N\u00e4hen (Jette betreibt mit ihrer Zwillingsschwester einen Onlineshop f\u00fcr selbstgen\u00e4hte Taschen und Rucks\u00e4cke) malt, filmt und fotografiert Jette leidenschaftlich gern. \u00dcber sich selbst sagt sie: \u201eIch bin gerne kreativ. Ich mag es Dinge zu gestalten, die ich nachher fertig in der Hand halten kann.\u201c<\/p>\n\n\n\n<p>So \u00fcberrascht es nicht, dass Jette ihre privaten Leidenschaften auch in Studium und Beruf weiterf\u00fchrt. Aktuell dreht sie eine Dokumentation \u00fcber Tiny Houses und besch\u00e4ftigt sich sowohl mit der praktischen Arbeit des Filmens als auch mit den inhaltlichen Aspekten (Minimalismus, Nachhaltigkeit, Architektur) des Projektes. Neben der filmischen Arbeit hat Jette auch in anderen Bereichen Erfahrungen gesammelt: F\u00fcr das Campus38 Magazin der Ostfalia Hochschule hat sie getextet und gelayoutet. Eine dringende Leseempfehlungen gibt es f\u00fcr ihren Artikel: <a href=\"https:\/\/www.campus38.de\/studium-und-arbeit\/beitrag\/artikel\/mich-haben-schriften-und-buchstaben-schon-immer-fasziniert.html?tx_news_pi1%5Bcontroller%5D=News&amp;tx_news_pi1%5Baction%5D=detail&amp;cHash=e2306786636086ed892f451877a0506f\" target=\"_blank\" rel=\"noreferrer noopener\">\u201eMich haben Schriften und Buchstaben schon immer fasziniert.\u201c <\/a><\/p>\n\n\n\n<p><strong>Jette und KomMa<\/strong><br>Mit ihrer Neugierde f\u00fcr vielf\u00e4ltige Themen, f\u00fcr die Verbindung von Wissenschaft und zukunftsweisenden, multimedialen Darstellungsformen teilt Jette die Haltung und den Anspruch des KomMa-Teams. Wir sagen: Das passt und wir freuen uns, dass du im Team bist, liebe Jette!<\/p>\n\n\n\n<p> <\/p>\n","protected":false},"excerpt":{"rendered":"<p>Text, Ton und Bild: Unsere neue studentische Hilfskraft ist ein Multimedia-Talent D\u00fcrfen wir vorstellen? Das ist Jette, unser neues KomMa-Team-Mitglied! Jette studiert seit dem Wintersemester 2020 Medienkommunikation an der Ostfalia Hochschule. Das KomMa-Team und Jette haben sich bereits in ihrem ersten Studiensemester kennengelernt. In der \u201eEinf\u00fchrung in wissenschaftliches Arbeiten\u201c fiel unsere studentische Mitarbeiterin vor allem [&hellip;]<\/p>\n","protected":false},"author":1,"featured_media":8585,"comment_status":"open","ping_status":"open","sticky":false,"template":"","format":"standard","meta":{"_acf_changed":false,"footnotes":""},"categories":[1],"tags":[],"acf":[],"yoast_head":"<title>Neuzuwachs f\u00fcr das KomMa-Team: Jette Mertins unterst\u00fctzt als studentische Hilfskraft - KomMa<\/title>\n<meta name=\"description\" content=\"Text, Ton und Bild: Unsere neue studentische Hilfskraft ist ein Multimedia-Talent. Jette studiert im 3. Semester Medienkommunikation.\" \/>\n<meta name=\"robots\" content=\"index, follow, max-snippet:-1, max-image-preview:large, max-video-preview:-1\" \/>\n<link rel=\"canonical\" href=\"https:\/\/komma.ostfalia.de\/index.php\/neuzuwachs-fuer-das-komma-team-jette-mertins-unterstuetzt-als-studentische-hilfskraft\/\" \/>\n<meta property=\"og:locale\" content=\"de_DE\" \/>\n<meta property=\"og:type\" content=\"article\" \/>\n<meta property=\"og:title\" content=\"Neuzuwachs f\u00fcr das KomMa-Team: Jette Mertins unterst\u00fctzt als studentische Hilfskraft - KomMa\" \/>\n<meta property=\"og:description\" content=\"Text, Ton und Bild: Unsere neue studentische Hilfskraft ist ein Multimedia-Talent. Jette studiert im 3. Semester Medienkommunikation.\" \/>\n<meta property=\"og:url\" content=\"https:\/\/komma.ostfalia.de\/index.php\/neuzuwachs-fuer-das-komma-team-jette-mertins-unterstuetzt-als-studentische-hilfskraft\/\" \/>\n<meta property=\"og:site_name\" content=\"KomMa\" \/>\n<meta property=\"article:published_time\" content=\"2021-12-01T13:06:51+00:00\" \/>\n<meta property=\"article:modified_time\" content=\"2021-12-01T13:33:02+00:00\" \/>\n<meta property=\"og:image\" content=\"https:\/\/komma.ostfalia.de\/wp-content\/uploads\/2021\/11\/JetteMertins-KomMa-e1636459123673.jpg\" \/>\n\t<meta property=\"og:image:width\" content=\"999\" \/>\n\t<meta property=\"og:image:height\" content=\"1000\" \/>\n\t<meta property=\"og:image:type\" content=\"image\/jpeg\" \/>\n<meta name=\"author\" content=\"KomMa-Team\" \/>\n<meta name=\"twitter:card\" content=\"summary_large_image\" \/>\n<meta name=\"twitter:creator\" content=\"@komma_ostfalia\" \/>\n<meta name=\"twitter:site\" content=\"@komma_ostfalia\" \/>\n<meta name=\"twitter:label1\" content=\"Verfasst von\" \/>\n\t<meta name=\"twitter:data1\" content=\"KomMa-Team\" \/>\n\t<meta name=\"twitter:label2\" content=\"Gesch\u00e4tzte Lesezeit\" \/>\n\t<meta name=\"twitter:data2\" content=\"2\u00a0Minuten\" \/>\n<script type=\"application\/ld+json\" class=\"yoast-schema-graph\">{\"@context\":\"https:\/\/schema.org\",\"@graph\":[{\"@type\":\"Article\",\"@id\":\"https:\/\/komma.ostfalia.de\/index.php\/neuzuwachs-fuer-das-komma-team-jette-mertins-unterstuetzt-als-studentische-hilfskraft\/#article\",\"isPartOf\":{\"@id\":\"https:\/\/komma.ostfalia.de\/index.php\/neuzuwachs-fuer-das-komma-team-jette-mertins-unterstuetzt-als-studentische-hilfskraft\/\"},\"author\":{\"name\":\"KomMa-Team\",\"@id\":\"https:\/\/komma.ostfalia.de\/#\/schema\/person\/2297cca325c7233192dce89bbb68ca24\"},\"headline\":\"Neuzuwachs f\u00fcr das KomMa-Team: Jette Mertins unterst\u00fctzt als studentische Hilfskraft\",\"datePublished\":\"2021-12-01T13:06:51+00:00\",\"dateModified\":\"2021-12-01T13:33:02+00:00\",\"mainEntityOfPage\":{\"@id\":\"https:\/\/komma.ostfalia.de\/index.php\/neuzuwachs-fuer-das-komma-team-jette-mertins-unterstuetzt-als-studentische-hilfskraft\/\"},\"wordCount\":351,\"commentCount\":0,\"publisher\":{\"@id\":\"https:\/\/komma.ostfalia.de\/#organization\"},\"image\":{\"@id\":\"https:\/\/komma.ostfalia.de\/index.php\/neuzuwachs-fuer-das-komma-team-jette-mertins-unterstuetzt-als-studentische-hilfskraft\/#primaryimage\"},\"thumbnailUrl\":\"https:\/\/komma.ostfalia.de\/wp-content\/uploads\/2021\/11\/JetteMertins-KomMa-e1636459123673.jpg\",\"inLanguage\":\"de\",\"potentialAction\":[{\"@type\":\"CommentAction\",\"name\":\"Comment\",\"target\":[\"https:\/\/komma.ostfalia.de\/index.php\/neuzuwachs-fuer-das-komma-team-jette-mertins-unterstuetzt-als-studentische-hilfskraft\/#respond\"]}]},{\"@type\":\"WebPage\",\"@id\":\"https:\/\/komma.ostfalia.de\/index.php\/neuzuwachs-fuer-das-komma-team-jette-mertins-unterstuetzt-als-studentische-hilfskraft\/\",\"url\":\"https:\/\/komma.ostfalia.de\/index.php\/neuzuwachs-fuer-das-komma-team-jette-mertins-unterstuetzt-als-studentische-hilfskraft\/\",\"name\":\"Neuzuwachs f\u00fcr das KomMa-Team: Jette Mertins unterst\u00fctzt als studentische Hilfskraft - KomMa\",\"isPartOf\":{\"@id\":\"https:\/\/komma.ostfalia.de\/#website\"},\"primaryImageOfPage\":{\"@id\":\"https:\/\/komma.ostfalia.de\/index.php\/neuzuwachs-fuer-das-komma-team-jette-mertins-unterstuetzt-als-studentische-hilfskraft\/#primaryimage\"},\"image\":{\"@id\":\"https:\/\/komma.ostfalia.de\/index.php\/neuzuwachs-fuer-das-komma-team-jette-mertins-unterstuetzt-als-studentische-hilfskraft\/#primaryimage\"},\"thumbnailUrl\":\"https:\/\/komma.ostfalia.de\/wp-content\/uploads\/2021\/11\/JetteMertins-KomMa-e1636459123673.jpg\",\"datePublished\":\"2021-12-01T13:06:51+00:00\",\"dateModified\":\"2021-12-01T13:33:02+00:00\",\"description\":\"Text, Ton und Bild: Unsere neue studentische Hilfskraft ist ein Multimedia-Talent. Jette studiert im 3. Semester Medienkommunikation.\",\"breadcrumb\":{\"@id\":\"https:\/\/komma.ostfalia.de\/index.php\/neuzuwachs-fuer-das-komma-team-jette-mertins-unterstuetzt-als-studentische-hilfskraft\/#breadcrumb\"},\"inLanguage\":\"de\",\"potentialAction\":[{\"@type\":\"ReadAction\",\"target\":[\"https:\/\/komma.ostfalia.de\/index.php\/neuzuwachs-fuer-das-komma-team-jette-mertins-unterstuetzt-als-studentische-hilfskraft\/\"]}]},{\"@type\":\"ImageObject\",\"inLanguage\":\"de\",\"@id\":\"https:\/\/komma.ostfalia.de\/index.php\/neuzuwachs-fuer-das-komma-team-jette-mertins-unterstuetzt-als-studentische-hilfskraft\/#primaryimage\",\"url\":\"https:\/\/komma.ostfalia.de\/wp-content\/uploads\/2021\/11\/JetteMertins-KomMa-e1636459123673.jpg\",\"contentUrl\":\"https:\/\/komma.ostfalia.de\/wp-content\/uploads\/2021\/11\/JetteMertins-KomMa-e1636459123673.jpg\",\"width\":999,\"height\":1000},{\"@type\":\"BreadcrumbList\",\"@id\":\"https:\/\/komma.ostfalia.de\/index.php\/neuzuwachs-fuer-das-komma-team-jette-mertins-unterstuetzt-als-studentische-hilfskraft\/#breadcrumb\",\"itemListElement\":[{\"@type\":\"ListItem\",\"position\":1,\"name\":\"Startseite\",\"item\":\"https:\/\/komma.ostfalia.de\/\"},{\"@type\":\"ListItem\",\"position\":2,\"name\":\"Allgemein\",\"item\":\"https:\/\/komma.ostfalia.de\/index.php\/kategorie\/allgemein\/\"},{\"@type\":\"ListItem\",\"position\":3,\"name\":\"Neuzuwachs f\u00fcr das KomMa-Team: Jette Mertins unterst\u00fctzt als studentische Hilfskraft\"}]},{\"@type\":\"WebSite\",\"@id\":\"https:\/\/komma.ostfalia.de\/#website\",\"url\":\"https:\/\/komma.ostfalia.de\/\",\"name\":\"KomMa\",\"description\":\"Professur f\u00fcr Kommunikationsmanagement\",\"publisher\":{\"@id\":\"https:\/\/komma.ostfalia.de\/#organization\"},\"potentialAction\":[{\"@type\":\"SearchAction\",\"target\":{\"@type\":\"EntryPoint\",\"urlTemplate\":\"https:\/\/komma.ostfalia.de\/?s={search_term_string}\"},\"query-input\":\"required name=search_term_string\"}],\"inLanguage\":\"de\"},{\"@type\":\"Organization\",\"@id\":\"https:\/\/komma.ostfalia.de\/#organization\",\"name\":\"KomMa - Professur f\u00fcr Kommunikationsmanagement\",\"url\":\"https:\/\/komma.ostfalia.de\/\",\"logo\":{\"@type\":\"ImageObject\",\"inLanguage\":\"de\",\"@id\":\"https:\/\/komma.ostfalia.de\/#\/schema\/logo\/image\/\",\"url\":\"https:\/\/komma.ostfalia.de\/wp-content\/uploads\/2020\/05\/komma-signet.png\",\"contentUrl\":\"https:\/\/komma.ostfalia.de\/wp-content\/uploads\/2020\/05\/komma-signet.png\",\"width\":512,\"height\":512,\"caption\":\"KomMa - Professur f\u00fcr Kommunikationsmanagement\"},\"image\":{\"@id\":\"https:\/\/komma.ostfalia.de\/#\/schema\/logo\/image\/\"},\"sameAs\":[\"https:\/\/twitter.com\/komma_ostfalia\"]},{\"@type\":\"Person\",\"@id\":\"https:\/\/komma.ostfalia.de\/#\/schema\/person\/2297cca325c7233192dce89bbb68ca24\",\"name\":\"KomMa-Team\",\"image\":{\"@type\":\"ImageObject\",\"inLanguage\":\"de\",\"@id\":\"https:\/\/komma.ostfalia.de\/#\/schema\/person\/image\/\",\"url\":\"https:\/\/secure.gravatar.com\/avatar\/0e2f17e0b0f28f6a6baeb346932d58f2?s=96&d=mm&r=g\",\"contentUrl\":\"https:\/\/secure.gravatar.com\/avatar\/0e2f17e0b0f28f6a6baeb346932d58f2?s=96&d=mm&r=g\",\"caption\":\"KomMa-Team\"}}]}<\/script>","yoast_head_json":{"title":"Neuzuwachs f\u00fcr das KomMa-Team: Jette Mertins unterst\u00fctzt als studentische Hilfskraft - KomMa","description":"Text, Ton und Bild: Unsere neue studentische Hilfskraft ist ein Multimedia-Talent. Jette studiert im 3. Semester Medienkommunikation.","robots":{"index":"index","follow":"follow","max-snippet":"max-snippet:-1","max-image-preview":"max-image-preview:large","max-video-preview":"max-video-preview:-1"},"canonical":"https:\/\/komma.ostfalia.de\/index.php\/neuzuwachs-fuer-das-komma-team-jette-mertins-unterstuetzt-als-studentische-hilfskraft\/","og_locale":"de_DE","og_type":"article","og_title":"Neuzuwachs f\u00fcr das KomMa-Team: Jette Mertins unterst\u00fctzt als studentische Hilfskraft - KomMa","og_description":"Text, Ton und Bild: Unsere neue studentische Hilfskraft ist ein Multimedia-Talent. Jette studiert im 3. Semester Medienkommunikation.","og_url":"https:\/\/komma.ostfalia.de\/index.php\/neuzuwachs-fuer-das-komma-team-jette-mertins-unterstuetzt-als-studentische-hilfskraft\/","og_site_name":"KomMa","article_published_time":"2021-12-01T13:06:51+00:00","article_modified_time":"2021-12-01T13:33:02+00:00","og_image":[{"width":999,"height":1000,"url":"https:\/\/komma.ostfalia.de\/wp-content\/uploads\/2021\/11\/JetteMertins-KomMa-e1636459123673.jpg","type":"image\/jpeg"}],"author":"KomMa-Team","twitter_card":"summary_large_image","twitter_creator":"@komma_ostfalia","twitter_site":"@komma_ostfalia","twitter_misc":{"Verfasst von":"KomMa-Team","Gesch\u00e4tzte Lesezeit":"2\u00a0Minuten"},"schema":{"@context":"https:\/\/schema.org","@graph":[{"@type":"Article","@id":"https:\/\/komma.ostfalia.de\/index.php\/neuzuwachs-fuer-das-komma-team-jette-mertins-unterstuetzt-als-studentische-hilfskraft\/#article","isPartOf":{"@id":"https:\/\/komma.ostfalia.de\/index.php\/neuzuwachs-fuer-das-komma-team-jette-mertins-unterstuetzt-als-studentische-hilfskraft\/"},"author":{"name":"KomMa-Team","@id":"https:\/\/komma.ostfalia.de\/#\/schema\/person\/2297cca325c7233192dce89bbb68ca24"},"headline":"Neuzuwachs f\u00fcr das KomMa-Team: Jette Mertins unterst\u00fctzt als studentische Hilfskraft","datePublished":"2021-12-01T13:06:51+00:00","dateModified":"2021-12-01T13:33:02+00:00","mainEntityOfPage":{"@id":"https:\/\/komma.ostfalia.de\/index.php\/neuzuwachs-fuer-das-komma-team-jette-mertins-unterstuetzt-als-studentische-hilfskraft\/"},"wordCount":351,"commentCount":0,"publisher":{"@id":"https:\/\/komma.ostfalia.de\/#organization"},"image":{"@id":"https:\/\/komma.ostfalia.de\/index.php\/neuzuwachs-fuer-das-komma-team-jette-mertins-unterstuetzt-als-studentische-hilfskraft\/#primaryimage"},"thumbnailUrl":"https:\/\/komma.ostfalia.de\/wp-content\/uploads\/2021\/11\/JetteMertins-KomMa-e1636459123673.jpg","inLanguage":"de","potentialAction":[{"@type":"CommentAction","name":"Comment","target":["https:\/\/komma.ostfalia.de\/index.php\/neuzuwachs-fuer-das-komma-team-jette-mertins-unterstuetzt-als-studentische-hilfskraft\/#respond"]}]},{"@type":"WebPage","@id":"https:\/\/komma.ostfalia.de\/index.php\/neuzuwachs-fuer-das-komma-team-jette-mertins-unterstuetzt-als-studentische-hilfskraft\/","url":"https:\/\/komma.ostfalia.de\/index.php\/neuzuwachs-fuer-das-komma-team-jette-mertins-unterstuetzt-als-studentische-hilfskraft\/","name":"Neuzuwachs f\u00fcr das KomMa-Team: Jette Mertins unterst\u00fctzt als studentische Hilfskraft - KomMa","isPartOf":{"@id":"https:\/\/komma.ostfalia.de\/#website"},"primaryImageOfPage":{"@id":"https:\/\/komma.ostfalia.de\/index.php\/neuzuwachs-fuer-das-komma-team-jette-mertins-unterstuetzt-als-studentische-hilfskraft\/#primaryimage"},"image":{"@id":"https:\/\/komma.ostfalia.de\/index.php\/neuzuwachs-fuer-das-komma-team-jette-mertins-unterstuetzt-als-studentische-hilfskraft\/#primaryimage"},"thumbnailUrl":"https:\/\/komma.ostfalia.de\/wp-content\/uploads\/2021\/11\/JetteMertins-KomMa-e1636459123673.jpg","datePublished":"2021-12-01T13:06:51+00:00","dateModified":"2021-12-01T13:33:02+00:00","description":"Text, Ton und Bild: Unsere neue studentische Hilfskraft ist ein Multimedia-Talent. Jette studiert im 3. Semester Medienkommunikation.","breadcrumb":{"@id":"https:\/\/komma.ostfalia.de\/index.php\/neuzuwachs-fuer-das-komma-team-jette-mertins-unterstuetzt-als-studentische-hilfskraft\/#breadcrumb"},"inLanguage":"de","potentialAction":[{"@type":"ReadAction","target":["https:\/\/komma.ostfalia.de\/index.php\/neuzuwachs-fuer-das-komma-team-jette-mertins-unterstuetzt-als-studentische-hilfskraft\/"]}]},{"@type":"ImageObject","inLanguage":"de","@id":"https:\/\/komma.ostfalia.de\/index.php\/neuzuwachs-fuer-das-komma-team-jette-mertins-unterstuetzt-als-studentische-hilfskraft\/#primaryimage","url":"https:\/\/komma.ostfalia.de\/wp-content\/uploads\/2021\/11\/JetteMertins-KomMa-e1636459123673.jpg","contentUrl":"https:\/\/komma.ostfalia.de\/wp-content\/uploads\/2021\/11\/JetteMertins-KomMa-e1636459123673.jpg","width":999,"height":1000},{"@type":"BreadcrumbList","@id":"https:\/\/komma.ostfalia.de\/index.php\/neuzuwachs-fuer-das-komma-team-jette-mertins-unterstuetzt-als-studentische-hilfskraft\/#breadcrumb","itemListElement":[{"@type":"ListItem","position":1,"name":"Startseite","item":"https:\/\/komma.ostfalia.de\/"},{"@type":"ListItem","position":2,"name":"Allgemein","item":"https:\/\/komma.ostfalia.de\/index.php\/kategorie\/allgemein\/"},{"@type":"ListItem","position":3,"name":"Neuzuwachs f\u00fcr das KomMa-Team: Jette Mertins unterst\u00fctzt als studentische Hilfskraft"}]},{"@type":"WebSite","@id":"https:\/\/komma.ostfalia.de\/#website","url":"https:\/\/komma.ostfalia.de\/","name":"KomMa","description":"Professur f\u00fcr Kommunikationsmanagement","publisher":{"@id":"https:\/\/komma.ostfalia.de\/#organization"},"potentialAction":[{"@type":"SearchAction","target":{"@type":"EntryPoint","urlTemplate":"https:\/\/komma.ostfalia.de\/?s={search_term_string}"},"query-input":"required name=search_term_string"}],"inLanguage":"de"},{"@type":"Organization","@id":"https:\/\/komma.ostfalia.de\/#organization","name":"KomMa - Professur f\u00fcr Kommunikationsmanagement","url":"https:\/\/komma.ostfalia.de\/","logo":{"@type":"ImageObject","inLanguage":"de","@id":"https:\/\/komma.ostfalia.de\/#\/schema\/logo\/image\/","url":"https:\/\/komma.ostfalia.de\/wp-content\/uploads\/2020\/05\/komma-signet.png","contentUrl":"https:\/\/komma.ostfalia.de\/wp-content\/uploads\/2020\/05\/komma-signet.png","width":512,"height":512,"caption":"KomMa - Professur f\u00fcr Kommunikationsmanagement"},"image":{"@id":"https:\/\/komma.ostfalia.de\/#\/schema\/logo\/image\/"},"sameAs":["https:\/\/twitter.com\/komma_ostfalia"]},{"@type":"Person","@id":"https:\/\/komma.ostfalia.de\/#\/schema\/person\/2297cca325c7233192dce89bbb68ca24","name":"KomMa-Team","image":{"@type":"ImageObject","inLanguage":"de","@id":"https:\/\/komma.ostfalia.de\/#\/schema\/person\/image\/","url":"https:\/\/secure.gravatar.com\/avatar\/0e2f17e0b0f28f6a6baeb346932d58f2?s=96&d=mm&r=g","contentUrl":"https:\/\/secure.gravatar.com\/avatar\/0e2f17e0b0f28f6a6baeb346932d58f2?s=96&d=mm&r=g","caption":"KomMa-Team"}}]}},"_links":{"self":[{"href":"https:\/\/komma.ostfalia.de\/index.php\/wp-json\/wp\/v2\/posts\/8856"}],"collection":[{"href":"https:\/\/komma.ostfalia.de\/index.php\/wp-json\/wp\/v2\/posts"}],"about":[{"href":"https:\/\/komma.ostfalia.de\/index.php\/wp-json\/wp\/v2\/types\/post"}],"author":[{"embeddable":true,"href":"https:\/\/komma.ostfalia.de\/index.php\/wp-json\/wp\/v2\/users\/1"}],"replies":[{"embeddable":true,"href":"https:\/\/komma.ostfalia.de\/index.php\/wp-json\/wp\/v2\/comments?post=8856"}],"version-history":[{"count":0,"href":"https:\/\/komma.ostfalia.de\/index.php\/wp-json\/wp\/v2\/posts\/8856\/revisions"}],"wp:featuredmedia":[{"embeddable":true,"href":"https:\/\/komma.ostfalia.de\/index.php\/wp-json\/wp\/v2\/media\/8585"}],"wp:attachment":[{"href":"https:\/\/komma.ostfalia.de\/index.php\/wp-json\/wp\/v2\/media?parent=8856"}],"wp:term":[{"taxonomy":"category","embeddable":true,"href":"https:\/\/komma.ostfalia.de\/index.php\/wp-json\/wp\/v2\/categories?post=8856"},{"taxonomy":"post_tag","embeddable":true,"href":"https:\/\/komma.ostfalia.de\/index.php\/wp-json\/wp\/v2\/tags?post=8856"}],"curies":[{"name":"wp","href":"https:\/\/api.w.org\/{rel}","templated":true}]}}