{"id":5771,"date":"2021-05-11T09:46:19","date_gmt":"2021-05-11T07:46:19","guid":{"rendered":"https:\/\/komma.ostfalia.de\/?p=5771"},"modified":"2021-05-11T09:46:21","modified_gmt":"2021-05-11T07:46:21","slug":"stadtglanz-generation-z","status":"publish","type":"post","link":"https:\/\/komma.ostfalia.de\/index.php\/stadtglanz-generation-z\/","title":{"rendered":"KomMa-Meinung gefragt: Beitr\u00e4ge zur &#8220;Generation Z&#8221;"},"content":{"rendered":"\n<p>Auf Einladung der Herausgeber gibt es im Stadtglanz-Magazin, Nummer 18 einen Beitrag von Harald Rau zur &#8216;Generation Z&#8217;. Unter dem Titel <strong><a href=\"https:\/\/www.stadtglanz.de\/menschen\/m\/zwischen-binge-watching-sexting\">&#8220;Zwischen &#8216;Binge Watching&#8217; und &#8216;Sexting&#8217;: Generation schlaflos!&#8221;<\/a><\/strong> wird mit vielen Vorurteilen aufger\u00e4umt und ein Blick \u00fcber den Tellerrand gewagt: &#8220;Klar, vieles kommt digital daher in der Generation Z, schlie\u00dflich ist sie die erste, die eine Welt ohne Internet nicht kennt. Was aber, wenn man hinter die Fassade schaut, wenn man mit internationalem Anspruch auf diejenigen blickt, die zwischen 1997 und 2012 geboren wurden \u2013 und wenn man dabei einen wissenschaftlichen Anspruch nicht aufgibt? Ein paar spannende Erkenntnisse sind da schon dabei \u2013 und am Ende bleiben Vorurteile eben genau das: Vorurteile, die nicht zutreffen!&#8221; Den ganzen Text gibt es im <a href=\"https:\/\/stglz.de\/sg18\" target=\"_blank\" rel=\"noreferrer noopener\">E-Paper des Stadtglanz<\/a> frei zug\u00e4nglich. <\/p>\n\n\n\n<h2 class=\"wp-block-heading\">StadtglanzTALK &#8211; Folge #1 des Podcasts<\/h2>\n\n\n\n<p>Und weil auf die Ver\u00f6ffentlichung so viele Nachfragen kamen, hat sich das Magazin entschieden, f\u00fcr das neue Stadtglanz-Portal auch gleich noch einen Podcast zum Thema zu produzieren. Alle Einzelheiten, alle Informationen zu den Diskutierenden sowie den gesamten Podcast gibt es hier: <a href=\"https:\/\/www.stadtglanz.de\/d\/stadtglanztalk\">https:\/\/www.stadtglanz.de\/d\/stadtglanztalk<\/a><\/p>\n","protected":false},"excerpt":{"rendered":"<p>Auf Einladung der Herausgeber gibt es im Stadtglanz-Magazin, Nummer 18 einen Beitrag von Harald Rau zur &#8216;Generation Z&#8217;. Unter dem Titel &#8220;Zwischen &#8216;Binge Watching&#8217; und &#8216;Sexting&#8217;: Generation schlaflos!&#8221; wird mit vielen Vorurteilen aufger\u00e4umt und ein Blick \u00fcber den Tellerrand gewagt: &#8220;Klar, vieles kommt digital daher in der Generation Z, schlie\u00dflich ist sie die erste, die [&hellip;]<\/p>\n","protected":false},"author":1,"featured_media":5772,"comment_status":"open","ping_status":"open","sticky":false,"template":"","format":"standard","meta":{"_acf_changed":false,"footnotes":""},"categories":[1],"tags":[],"acf":[],"yoast_head":"<title>KomMa-Meinung gefragt: Beitr\u00e4ge zur &quot;Generation Z&quot; - KomMa<\/title>\n<meta name=\"robots\" content=\"index, follow, max-snippet:-1, max-image-preview:large, max-video-preview:-1\" \/>\n<link rel=\"canonical\" href=\"https:\/\/komma.ostfalia.de\/index.php\/stadtglanz-generation-z\/\" \/>\n<meta property=\"og:locale\" content=\"de_DE\" \/>\n<meta property=\"og:type\" content=\"article\" \/>\n<meta property=\"og:title\" content=\"KomMa-Meinung gefragt: Beitr\u00e4ge zur &quot;Generation Z&quot; - KomMa\" \/>\n<meta property=\"og:description\" content=\"Auf Einladung der Herausgeber gibt es im Stadtglanz-Magazin, Nummer 18 einen Beitrag von Harald Rau zur &#8216;Generation Z&#8217;. Unter dem Titel &#8220;Zwischen &#8216;Binge Watching&#8217; und &#8216;Sexting&#8217;: Generation schlaflos!&#8221; wird mit vielen Vorurteilen aufger\u00e4umt und ein Blick \u00fcber den Tellerrand gewagt: &#8220;Klar, vieles kommt digital daher in der Generation Z, schlie\u00dflich ist sie die erste, die [&hellip;]\" \/>\n<meta property=\"og:url\" content=\"https:\/\/komma.ostfalia.de\/index.php\/stadtglanz-generation-z\/\" \/>\n<meta property=\"og:site_name\" content=\"KomMa\" \/>\n<meta property=\"article:published_time\" content=\"2021-05-11T07:46:19+00:00\" \/>\n<meta property=\"article:modified_time\" content=\"2021-05-11T07:46:21+00:00\" \/>\n<meta property=\"og:image\" content=\"https:\/\/komma.ostfalia.de\/wp-content\/uploads\/2021\/05\/stadtglanz_stadtglanztalk_generation-z.png\" \/>\n\t<meta property=\"og:image:width\" content=\"1120\" \/>\n\t<meta property=\"og:image:height\" content=\"630\" \/>\n\t<meta property=\"og:image:type\" content=\"image\/png\" \/>\n<meta name=\"author\" content=\"KomMa-Team\" \/>\n<meta name=\"twitter:card\" content=\"summary_large_image\" \/>\n<meta name=\"twitter:creator\" content=\"@komma_ostfalia\" \/>\n<meta name=\"twitter:site\" content=\"@komma_ostfalia\" \/>\n<meta name=\"twitter:label1\" content=\"Verfasst von\" \/>\n\t<meta name=\"twitter:data1\" content=\"KomMa-Team\" \/>\n\t<meta name=\"twitter:label2\" content=\"Gesch\u00e4tzte Lesezeit\" \/>\n\t<meta name=\"twitter:data2\" content=\"1\u00a0Minute\" \/>\n<script type=\"application\/ld+json\" class=\"yoast-schema-graph\">{\"@context\":\"https:\/\/schema.org\",\"@graph\":[{\"@type\":\"Article\",\"@id\":\"https:\/\/komma.ostfalia.de\/index.php\/stadtglanz-generation-z\/#article\",\"isPartOf\":{\"@id\":\"https:\/\/komma.ostfalia.de\/index.php\/stadtglanz-generation-z\/\"},\"author\":{\"name\":\"KomMa-Team\",\"@id\":\"https:\/\/komma.ostfalia.de\/#\/schema\/person\/2297cca325c7233192dce89bbb68ca24\"},\"headline\":\"KomMa-Meinung gefragt: Beitr\u00e4ge zur &#8220;Generation Z&#8221;\",\"datePublished\":\"2021-05-11T07:46:19+00:00\",\"dateModified\":\"2021-05-11T07:46:21+00:00\",\"mainEntityOfPage\":{\"@id\":\"https:\/\/komma.ostfalia.de\/index.php\/stadtglanz-generation-z\/\"},\"wordCount\":185,\"commentCount\":0,\"publisher\":{\"@id\":\"https:\/\/komma.ostfalia.de\/#organization\"},\"image\":{\"@id\":\"https:\/\/komma.ostfalia.de\/index.php\/stadtglanz-generation-z\/#primaryimage\"},\"thumbnailUrl\":\"https:\/\/komma.ostfalia.de\/wp-content\/uploads\/2021\/05\/stadtglanz_stadtglanztalk_generation-z.png\",\"inLanguage\":\"de\",\"potentialAction\":[{\"@type\":\"CommentAction\",\"name\":\"Comment\",\"target\":[\"https:\/\/komma.ostfalia.de\/index.php\/stadtglanz-generation-z\/#respond\"]}]},{\"@type\":\"WebPage\",\"@id\":\"https:\/\/komma.ostfalia.de\/index.php\/stadtglanz-generation-z\/\",\"url\":\"https:\/\/komma.ostfalia.de\/index.php\/stadtglanz-generation-z\/\",\"name\":\"KomMa-Meinung gefragt: Beitr\u00e4ge zur \\\"Generation Z\\\" - KomMa\",\"isPartOf\":{\"@id\":\"https:\/\/komma.ostfalia.de\/#website\"},\"primaryImageOfPage\":{\"@id\":\"https:\/\/komma.ostfalia.de\/index.php\/stadtglanz-generation-z\/#primaryimage\"},\"image\":{\"@id\":\"https:\/\/komma.ostfalia.de\/index.php\/stadtglanz-generation-z\/#primaryimage\"},\"thumbnailUrl\":\"https:\/\/komma.ostfalia.de\/wp-content\/uploads\/2021\/05\/stadtglanz_stadtglanztalk_generation-z.png\",\"datePublished\":\"2021-05-11T07:46:19+00:00\",\"dateModified\":\"2021-05-11T07:46:21+00:00\",\"breadcrumb\":{\"@id\":\"https:\/\/komma.ostfalia.de\/index.php\/stadtglanz-generation-z\/#breadcrumb\"},\"inLanguage\":\"de\",\"potentialAction\":[{\"@type\":\"ReadAction\",\"target\":[\"https:\/\/komma.ostfalia.de\/index.php\/stadtglanz-generation-z\/\"]}]},{\"@type\":\"ImageObject\",\"inLanguage\":\"de\",\"@id\":\"https:\/\/komma.ostfalia.de\/index.php\/stadtglanz-generation-z\/#primaryimage\",\"url\":\"https:\/\/komma.ostfalia.de\/wp-content\/uploads\/2021\/05\/stadtglanz_stadtglanztalk_generation-z.png\",\"contentUrl\":\"https:\/\/komma.ostfalia.de\/wp-content\/uploads\/2021\/05\/stadtglanz_stadtglanztalk_generation-z.png\",\"width\":1120,\"height\":630},{\"@type\":\"BreadcrumbList\",\"@id\":\"https:\/\/komma.ostfalia.de\/index.php\/stadtglanz-generation-z\/#breadcrumb\",\"itemListElement\":[{\"@type\":\"ListItem\",\"position\":1,\"name\":\"Startseite\",\"item\":\"https:\/\/komma.ostfalia.de\/\"},{\"@type\":\"ListItem\",\"position\":2,\"name\":\"Allgemein\",\"item\":\"https:\/\/komma.ostfalia.de\/index.php\/kategorie\/allgemein\/\"},{\"@type\":\"ListItem\",\"position\":3,\"name\":\"KomMa-Meinung gefragt: Beitr\u00e4ge zur &#8222;Generation Z&#8220;\"}]},{\"@type\":\"WebSite\",\"@id\":\"https:\/\/komma.ostfalia.de\/#website\",\"url\":\"https:\/\/komma.ostfalia.de\/\",\"name\":\"KomMa\",\"description\":\"Professur f\u00fcr Kommunikationsmanagement\",\"publisher\":{\"@id\":\"https:\/\/komma.ostfalia.de\/#organization\"},\"potentialAction\":[{\"@type\":\"SearchAction\",\"target\":{\"@type\":\"EntryPoint\",\"urlTemplate\":\"https:\/\/komma.ostfalia.de\/?s={search_term_string}\"},\"query-input\":\"required name=search_term_string\"}],\"inLanguage\":\"de\"},{\"@type\":\"Organization\",\"@id\":\"https:\/\/komma.ostfalia.de\/#organization\",\"name\":\"KomMa - Professur f\u00fcr Kommunikationsmanagement\",\"url\":\"https:\/\/komma.ostfalia.de\/\",\"logo\":{\"@type\":\"ImageObject\",\"inLanguage\":\"de\",\"@id\":\"https:\/\/komma.ostfalia.de\/#\/schema\/logo\/image\/\",\"url\":\"https:\/\/komma.ostfalia.de\/wp-content\/uploads\/2020\/05\/komma-signet.png\",\"contentUrl\":\"https:\/\/komma.ostfalia.de\/wp-content\/uploads\/2020\/05\/komma-signet.png\",\"width\":512,\"height\":512,\"caption\":\"KomMa - Professur f\u00fcr Kommunikationsmanagement\"},\"image\":{\"@id\":\"https:\/\/komma.ostfalia.de\/#\/schema\/logo\/image\/\"},\"sameAs\":[\"https:\/\/twitter.com\/komma_ostfalia\"]},{\"@type\":\"Person\",\"@id\":\"https:\/\/komma.ostfalia.de\/#\/schema\/person\/2297cca325c7233192dce89bbb68ca24\",\"name\":\"KomMa-Team\",\"image\":{\"@type\":\"ImageObject\",\"inLanguage\":\"de\",\"@id\":\"https:\/\/komma.ostfalia.de\/#\/schema\/person\/image\/\",\"url\":\"https:\/\/secure.gravatar.com\/avatar\/0e2f17e0b0f28f6a6baeb346932d58f2?s=96&d=mm&r=g\",\"contentUrl\":\"https:\/\/secure.gravatar.com\/avatar\/0e2f17e0b0f28f6a6baeb346932d58f2?s=96&d=mm&r=g\",\"caption\":\"KomMa-Team\"}}]}<\/script>","yoast_head_json":{"title":"KomMa-Meinung gefragt: Beitr\u00e4ge zur \"Generation Z\" - KomMa","robots":{"index":"index","follow":"follow","max-snippet":"max-snippet:-1","max-image-preview":"max-image-preview:large","max-video-preview":"max-video-preview:-1"},"canonical":"https:\/\/komma.ostfalia.de\/index.php\/stadtglanz-generation-z\/","og_locale":"de_DE","og_type":"article","og_title":"KomMa-Meinung gefragt: Beitr\u00e4ge zur \"Generation Z\" - KomMa","og_description":"Auf Einladung der Herausgeber gibt es im Stadtglanz-Magazin, Nummer 18 einen Beitrag von Harald Rau zur &#8216;Generation Z&#8217;. Unter dem Titel &#8220;Zwischen &#8216;Binge Watching&#8217; und &#8216;Sexting&#8217;: Generation schlaflos!&#8221; wird mit vielen Vorurteilen aufger\u00e4umt und ein Blick \u00fcber den Tellerrand gewagt: &#8220;Klar, vieles kommt digital daher in der Generation Z, schlie\u00dflich ist sie die erste, die [&hellip;]","og_url":"https:\/\/komma.ostfalia.de\/index.php\/stadtglanz-generation-z\/","og_site_name":"KomMa","article_published_time":"2021-05-11T07:46:19+00:00","article_modified_time":"2021-05-11T07:46:21+00:00","og_image":[{"width":1120,"height":630,"url":"https:\/\/komma.ostfalia.de\/wp-content\/uploads\/2021\/05\/stadtglanz_stadtglanztalk_generation-z.png","type":"image\/png"}],"author":"KomMa-Team","twitter_card":"summary_large_image","twitter_creator":"@komma_ostfalia","twitter_site":"@komma_ostfalia","twitter_misc":{"Verfasst von":"KomMa-Team","Gesch\u00e4tzte Lesezeit":"1\u00a0Minute"},"schema":{"@context":"https:\/\/schema.org","@graph":[{"@type":"Article","@id":"https:\/\/komma.ostfalia.de\/index.php\/stadtglanz-generation-z\/#article","isPartOf":{"@id":"https:\/\/komma.ostfalia.de\/index.php\/stadtglanz-generation-z\/"},"author":{"name":"KomMa-Team","@id":"https:\/\/komma.ostfalia.de\/#\/schema\/person\/2297cca325c7233192dce89bbb68ca24"},"headline":"KomMa-Meinung gefragt: Beitr\u00e4ge zur &#8220;Generation Z&#8221;","datePublished":"2021-05-11T07:46:19+00:00","dateModified":"2021-05-11T07:46:21+00:00","mainEntityOfPage":{"@id":"https:\/\/komma.ostfalia.de\/index.php\/stadtglanz-generation-z\/"},"wordCount":185,"commentCount":0,"publisher":{"@id":"https:\/\/komma.ostfalia.de\/#organization"},"image":{"@id":"https:\/\/komma.ostfalia.de\/index.php\/stadtglanz-generation-z\/#primaryimage"},"thumbnailUrl":"https:\/\/komma.ostfalia.de\/wp-content\/uploads\/2021\/05\/stadtglanz_stadtglanztalk_generation-z.png","inLanguage":"de","potentialAction":[{"@type":"CommentAction","name":"Comment","target":["https:\/\/komma.ostfalia.de\/index.php\/stadtglanz-generation-z\/#respond"]}]},{"@type":"WebPage","@id":"https:\/\/komma.ostfalia.de\/index.php\/stadtglanz-generation-z\/","url":"https:\/\/komma.ostfalia.de\/index.php\/stadtglanz-generation-z\/","name":"KomMa-Meinung gefragt: Beitr\u00e4ge zur \"Generation Z\" - KomMa","isPartOf":{"@id":"https:\/\/komma.ostfalia.de\/#website"},"primaryImageOfPage":{"@id":"https:\/\/komma.ostfalia.de\/index.php\/stadtglanz-generation-z\/#primaryimage"},"image":{"@id":"https:\/\/komma.ostfalia.de\/index.php\/stadtglanz-generation-z\/#primaryimage"},"thumbnailUrl":"https:\/\/komma.ostfalia.de\/wp-content\/uploads\/2021\/05\/stadtglanz_stadtglanztalk_generation-z.png","datePublished":"2021-05-11T07:46:19+00:00","dateModified":"2021-05-11T07:46:21+00:00","breadcrumb":{"@id":"https:\/\/komma.ostfalia.de\/index.php\/stadtglanz-generation-z\/#breadcrumb"},"inLanguage":"de","potentialAction":[{"@type":"ReadAction","target":["https:\/\/komma.ostfalia.de\/index.php\/stadtglanz-generation-z\/"]}]},{"@type":"ImageObject","inLanguage":"de","@id":"https:\/\/komma.ostfalia.de\/index.php\/stadtglanz-generation-z\/#primaryimage","url":"https:\/\/komma.ostfalia.de\/wp-content\/uploads\/2021\/05\/stadtglanz_stadtglanztalk_generation-z.png","contentUrl":"https:\/\/komma.ostfalia.de\/wp-content\/uploads\/2021\/05\/stadtglanz_stadtglanztalk_generation-z.png","width":1120,"height":630},{"@type":"BreadcrumbList","@id":"https:\/\/komma.ostfalia.de\/index.php\/stadtglanz-generation-z\/#breadcrumb","itemListElement":[{"@type":"ListItem","position":1,"name":"Startseite","item":"https:\/\/komma.ostfalia.de\/"},{"@type":"ListItem","position":2,"name":"Allgemein","item":"https:\/\/komma.ostfalia.de\/index.php\/kategorie\/allgemein\/"},{"@type":"ListItem","position":3,"name":"KomMa-Meinung gefragt: Beitr\u00e4ge zur &#8222;Generation Z&#8220;"}]},{"@type":"WebSite","@id":"https:\/\/komma.ostfalia.de\/#website","url":"https:\/\/komma.ostfalia.de\/","name":"KomMa","description":"Professur f\u00fcr Kommunikationsmanagement","publisher":{"@id":"https:\/\/komma.ostfalia.de\/#organization"},"potentialAction":[{"@type":"SearchAction","target":{"@type":"EntryPoint","urlTemplate":"https:\/\/komma.ostfalia.de\/?s={search_term_string}"},"query-input":"required name=search_term_string"}],"inLanguage":"de"},{"@type":"Organization","@id":"https:\/\/komma.ostfalia.de\/#organization","name":"KomMa - Professur f\u00fcr Kommunikationsmanagement","url":"https:\/\/komma.ostfalia.de\/","logo":{"@type":"ImageObject","inLanguage":"de","@id":"https:\/\/komma.ostfalia.de\/#\/schema\/logo\/image\/","url":"https:\/\/komma.ostfalia.de\/wp-content\/uploads\/2020\/05\/komma-signet.png","contentUrl":"https:\/\/komma.ostfalia.de\/wp-content\/uploads\/2020\/05\/komma-signet.png","width":512,"height":512,"caption":"KomMa - Professur f\u00fcr Kommunikationsmanagement"},"image":{"@id":"https:\/\/komma.ostfalia.de\/#\/schema\/logo\/image\/"},"sameAs":["https:\/\/twitter.com\/komma_ostfalia"]},{"@type":"Person","@id":"https:\/\/komma.ostfalia.de\/#\/schema\/person\/2297cca325c7233192dce89bbb68ca24","name":"KomMa-Team","image":{"@type":"ImageObject","inLanguage":"de","@id":"https:\/\/komma.ostfalia.de\/#\/schema\/person\/image\/","url":"https:\/\/secure.gravatar.com\/avatar\/0e2f17e0b0f28f6a6baeb346932d58f2?s=96&d=mm&r=g","contentUrl":"https:\/\/secure.gravatar.com\/avatar\/0e2f17e0b0f28f6a6baeb346932d58f2?s=96&d=mm&r=g","caption":"KomMa-Team"}}]}},"_links":{"self":[{"href":"https:\/\/komma.ostfalia.de\/index.php\/wp-json\/wp\/v2\/posts\/5771"}],"collection":[{"href":"https:\/\/komma.ostfalia.de\/index.php\/wp-json\/wp\/v2\/posts"}],"about":[{"href":"https:\/\/komma.ostfalia.de\/index.php\/wp-json\/wp\/v2\/types\/post"}],"author":[{"embeddable":true,"href":"https:\/\/komma.ostfalia.de\/index.php\/wp-json\/wp\/v2\/users\/1"}],"replies":[{"embeddable":true,"href":"https:\/\/komma.ostfalia.de\/index.php\/wp-json\/wp\/v2\/comments?post=5771"}],"version-history":[{"count":0,"href":"https:\/\/komma.ostfalia.de\/index.php\/wp-json\/wp\/v2\/posts\/5771\/revisions"}],"wp:featuredmedia":[{"embeddable":true,"href":"https:\/\/komma.ostfalia.de\/index.php\/wp-json\/wp\/v2\/media\/5772"}],"wp:attachment":[{"href":"https:\/\/komma.ostfalia.de\/index.php\/wp-json\/wp\/v2\/media?parent=5771"}],"wp:term":[{"taxonomy":"category","embeddable":true,"href":"https:\/\/komma.ostfalia.de\/index.php\/wp-json\/wp\/v2\/categories?post=5771"},{"taxonomy":"post_tag","embeddable":true,"href":"https:\/\/komma.ostfalia.de\/index.php\/wp-json\/wp\/v2\/tags?post=5771"}],"curies":[{"name":"wp","href":"https:\/\/api.w.org\/{rel}","templated":true}]}}