{"id":5728,"date":"2021-05-04T16:34:57","date_gmt":"2021-05-04T14:34:57","guid":{"rendered":"https:\/\/komma.ostfalia.de\/?p=5728"},"modified":"2021-05-06T10:35:25","modified_gmt":"2021-05-06T08:35:25","slug":"komma-im-ndr-harald-rau-als-experte-in-funkbilder-der-tag","status":"publish","type":"post","link":"https:\/\/komma.ostfalia.de\/index.php\/komma-im-ndr-harald-rau-als-experte-in-funkbilder-der-tag\/","title":{"rendered":"KomMa im NDR. Harald Rau als Experte in &#8220;Funkbilder &#8211; Der Tag&#8221;"},"content":{"rendered":"\n<p>Drei Hashtags, 53 Filme und das Dilemma ist perfekt: allesdichtmachen, niewiederaufmachen, lockdownf\u00fcrimmer. Die Aktion von 53 deutschen Schauspielerinnen und Schauspielern auf YouTube hat in den Medien Wellen geschlagen &#8211; insbesondere auch durch die Tatsache, dass ein Ideengeber der Aktion von Berichterstattern (spiegel.online, S\u00fcddeutsche Zeitung) in Querdenkern\u00e4he ger\u00fcckt wurde. Einige ruderten zur\u00fcck, andere relativierten oder rechtfertigten sich. Auff\u00e4llig ist indes die professionelle Umsetzung der kurzen Clips, die die Corona-Ma\u00dfnahmen der Bundesregierung satirisch-kritisch aufs Korn nehmen und die dabei zum Teil &#8211; so jedenfalls die Reaktionen &#8211; als grenzwertig zu betrachten sind. Auch NDR 1 berichtete und w\u00e4hlte den Inhaber der KomMa-Professur als Experte. Moderiert von Jan Starkebaum empfahl der Medienexperte allen H\u00f6rern, sich ein eigenes Bild zu machen, auch um auch das eigene Denken gegen die in den Videos zum Teil transportierte Haltung einzusetzen. In jedem Fall ein spannendes Thema. Er empfahl insbesondere den Beitrag von &#8220;Hanns Zischler&#8221;, der interessanterweise auch den Produzenten und die ganze &#8211; am Ende in der Tat verfehlte Aktion &#8211; zu ironisieren wei\u00df.<br>Die Sendung &#8220;Funkbilder &#8211; der Tag&#8221; ist eine moderne Neuauflage des \u00e4ltesten Radiomagazins in Deutschland. und l\u00e4uft von Montag bis Freitag zwischen 16 und 18 Uhr bei NDR 1 Niedersachsen. Das Magazin fasst am Nachmittag die wichtigsten Themen aus Niedersachsen und der Welt zusammen. Sie erl\u00e4utert Hintergr\u00fcnde und Zusammenh\u00e4nge, gibt eine Einsch\u00e4tzung und zeigt klare Meinung.<\/p>\n\n\n\n<p>(c) Bildmotiv: Screenshot der Seite &#8220;allesdichtmachen.de&#8221;<\/p>\n\n\n\n<p>Audiozitat aus der Sendung NDR Funkbilder &#8211; der Tag, moderiert von Jan Starkebaum<\/p>\n\n\n\n<figure class=\"wp-block-audio\"><audio controls src=\"https:\/\/komma.ostfalia.de\/wp-content\/uploads\/2021\/05\/210423_NDR_Funkbilder.mp3\"><\/audio><\/figure>\n","protected":false},"excerpt":{"rendered":"<p>Drei Hashtags, 53 Filme und das Dilemma ist perfekt: allesdichtmachen, niewiederaufmachen, lockdownf\u00fcrimmer. Die Aktion von 53 deutschen Schauspielerinnen und Schauspielern auf YouTube hat in den Medien Wellen geschlagen &#8211; insbesondere auch durch die Tatsache, dass ein Ideengeber der Aktion von Berichterstattern (spiegel.online, S\u00fcddeutsche Zeitung) in Querdenkern\u00e4he ger\u00fcckt wurde. Einige ruderten zur\u00fcck, andere relativierten oder rechtfertigten [&hellip;]<\/p>\n","protected":false},"author":5,"featured_media":5730,"comment_status":"closed","ping_status":"open","sticky":false,"template":"","format":"standard","meta":{"_acf_changed":false,"footnotes":""},"categories":[1],"tags":[],"acf":[],"yoast_head":"<title>KomMa im NDR. Harald Rau als Experte in &quot;Funkbilder - Der Tag&quot; - KomMa<\/title>\n<meta name=\"robots\" content=\"index, follow, max-snippet:-1, max-image-preview:large, max-video-preview:-1\" \/>\n<link rel=\"canonical\" href=\"https:\/\/komma.ostfalia.de\/index.php\/komma-im-ndr-harald-rau-als-experte-in-funkbilder-der-tag\/\" \/>\n<meta property=\"og:locale\" content=\"de_DE\" \/>\n<meta property=\"og:type\" content=\"article\" \/>\n<meta property=\"og:title\" content=\"KomMa im NDR. Harald Rau als Experte in &quot;Funkbilder - Der Tag&quot; - KomMa\" \/>\n<meta property=\"og:description\" content=\"Drei Hashtags, 53 Filme und das Dilemma ist perfekt: allesdichtmachen, niewiederaufmachen, lockdownf\u00fcrimmer. Die Aktion von 53 deutschen Schauspielerinnen und Schauspielern auf YouTube hat in den Medien Wellen geschlagen &#8211; insbesondere auch durch die Tatsache, dass ein Ideengeber der Aktion von Berichterstattern (spiegel.online, S\u00fcddeutsche Zeitung) in Querdenkern\u00e4he ger\u00fcckt wurde. Einige ruderten zur\u00fcck, andere relativierten oder rechtfertigten [&hellip;]\" \/>\n<meta property=\"og:url\" content=\"https:\/\/komma.ostfalia.de\/index.php\/komma-im-ndr-harald-rau-als-experte-in-funkbilder-der-tag\/\" \/>\n<meta property=\"og:site_name\" content=\"KomMa\" \/>\n<meta property=\"article:published_time\" content=\"2021-05-04T14:34:57+00:00\" \/>\n<meta property=\"article:modified_time\" content=\"2021-05-06T08:35:25+00:00\" \/>\n<meta property=\"og:image\" content=\"https:\/\/komma.ostfalia.de\/wp-content\/uploads\/2021\/05\/image-e1620142760341.jpg\" \/>\n\t<meta property=\"og:image:width\" content=\"641\" \/>\n\t<meta property=\"og:image:height\" content=\"458\" \/>\n\t<meta property=\"og:image:type\" content=\"image\/jpeg\" \/>\n<meta name=\"author\" content=\"Harald Rau\" \/>\n<meta name=\"twitter:card\" content=\"summary_large_image\" \/>\n<meta name=\"twitter:creator\" content=\"@komma_ostfalia\" \/>\n<meta name=\"twitter:site\" content=\"@komma_ostfalia\" \/>\n<meta name=\"twitter:label1\" content=\"Verfasst von\" \/>\n\t<meta name=\"twitter:data1\" content=\"Harald Rau\" \/>\n\t<meta name=\"twitter:label2\" content=\"Gesch\u00e4tzte Lesezeit\" \/>\n\t<meta name=\"twitter:data2\" content=\"1\u00a0Minute\" \/>\n<script type=\"application\/ld+json\" class=\"yoast-schema-graph\">{\"@context\":\"https:\/\/schema.org\",\"@graph\":[{\"@type\":\"Article\",\"@id\":\"https:\/\/komma.ostfalia.de\/index.php\/komma-im-ndr-harald-rau-als-experte-in-funkbilder-der-tag\/#article\",\"isPartOf\":{\"@id\":\"https:\/\/komma.ostfalia.de\/index.php\/komma-im-ndr-harald-rau-als-experte-in-funkbilder-der-tag\/\"},\"author\":{\"name\":\"Harald Rau\",\"@id\":\"https:\/\/komma.ostfalia.de\/#\/schema\/person\/58ad228896bd240ab5956534e18d9b88\"},\"headline\":\"KomMa im NDR. Harald Rau als Experte in &#8220;Funkbilder &#8211; Der Tag&#8221;\",\"datePublished\":\"2021-05-04T14:34:57+00:00\",\"dateModified\":\"2021-05-06T08:35:25+00:00\",\"mainEntityOfPage\":{\"@id\":\"https:\/\/komma.ostfalia.de\/index.php\/komma-im-ndr-harald-rau-als-experte-in-funkbilder-der-tag\/\"},\"wordCount\":264,\"publisher\":{\"@id\":\"https:\/\/komma.ostfalia.de\/#organization\"},\"image\":{\"@id\":\"https:\/\/komma.ostfalia.de\/index.php\/komma-im-ndr-harald-rau-als-experte-in-funkbilder-der-tag\/#primaryimage\"},\"thumbnailUrl\":\"https:\/\/komma.ostfalia.de\/wp-content\/uploads\/2021\/05\/image-e1620142760341.jpg\",\"inLanguage\":\"de\"},{\"@type\":\"WebPage\",\"@id\":\"https:\/\/komma.ostfalia.de\/index.php\/komma-im-ndr-harald-rau-als-experte-in-funkbilder-der-tag\/\",\"url\":\"https:\/\/komma.ostfalia.de\/index.php\/komma-im-ndr-harald-rau-als-experte-in-funkbilder-der-tag\/\",\"name\":\"KomMa im NDR. Harald Rau als Experte in \\\"Funkbilder - Der Tag\\\" - KomMa\",\"isPartOf\":{\"@id\":\"https:\/\/komma.ostfalia.de\/#website\"},\"primaryImageOfPage\":{\"@id\":\"https:\/\/komma.ostfalia.de\/index.php\/komma-im-ndr-harald-rau-als-experte-in-funkbilder-der-tag\/#primaryimage\"},\"image\":{\"@id\":\"https:\/\/komma.ostfalia.de\/index.php\/komma-im-ndr-harald-rau-als-experte-in-funkbilder-der-tag\/#primaryimage\"},\"thumbnailUrl\":\"https:\/\/komma.ostfalia.de\/wp-content\/uploads\/2021\/05\/image-e1620142760341.jpg\",\"datePublished\":\"2021-05-04T14:34:57+00:00\",\"dateModified\":\"2021-05-06T08:35:25+00:00\",\"breadcrumb\":{\"@id\":\"https:\/\/komma.ostfalia.de\/index.php\/komma-im-ndr-harald-rau-als-experte-in-funkbilder-der-tag\/#breadcrumb\"},\"inLanguage\":\"de\",\"potentialAction\":[{\"@type\":\"ReadAction\",\"target\":[\"https:\/\/komma.ostfalia.de\/index.php\/komma-im-ndr-harald-rau-als-experte-in-funkbilder-der-tag\/\"]}]},{\"@type\":\"ImageObject\",\"inLanguage\":\"de\",\"@id\":\"https:\/\/komma.ostfalia.de\/index.php\/komma-im-ndr-harald-rau-als-experte-in-funkbilder-der-tag\/#primaryimage\",\"url\":\"https:\/\/komma.ostfalia.de\/wp-content\/uploads\/2021\/05\/image-e1620142760341.jpg\",\"contentUrl\":\"https:\/\/komma.ostfalia.de\/wp-content\/uploads\/2021\/05\/image-e1620142760341.jpg\",\"width\":641,\"height\":458},{\"@type\":\"BreadcrumbList\",\"@id\":\"https:\/\/komma.ostfalia.de\/index.php\/komma-im-ndr-harald-rau-als-experte-in-funkbilder-der-tag\/#breadcrumb\",\"itemListElement\":[{\"@type\":\"ListItem\",\"position\":1,\"name\":\"Startseite\",\"item\":\"https:\/\/komma.ostfalia.de\/\"},{\"@type\":\"ListItem\",\"position\":2,\"name\":\"Allgemein\",\"item\":\"https:\/\/komma.ostfalia.de\/index.php\/kategorie\/allgemein\/\"},{\"@type\":\"ListItem\",\"position\":3,\"name\":\"KomMa im NDR. Harald Rau als Experte in &#8222;Funkbilder &#8211; Der Tag&#8220;\"}]},{\"@type\":\"WebSite\",\"@id\":\"https:\/\/komma.ostfalia.de\/#website\",\"url\":\"https:\/\/komma.ostfalia.de\/\",\"name\":\"KomMa\",\"description\":\"Professur f\u00fcr Kommunikationsmanagement\",\"publisher\":{\"@id\":\"https:\/\/komma.ostfalia.de\/#organization\"},\"potentialAction\":[{\"@type\":\"SearchAction\",\"target\":{\"@type\":\"EntryPoint\",\"urlTemplate\":\"https:\/\/komma.ostfalia.de\/?s={search_term_string}\"},\"query-input\":\"required name=search_term_string\"}],\"inLanguage\":\"de\"},{\"@type\":\"Organization\",\"@id\":\"https:\/\/komma.ostfalia.de\/#organization\",\"name\":\"KomMa - Professur f\u00fcr Kommunikationsmanagement\",\"url\":\"https:\/\/komma.ostfalia.de\/\",\"logo\":{\"@type\":\"ImageObject\",\"inLanguage\":\"de\",\"@id\":\"https:\/\/komma.ostfalia.de\/#\/schema\/logo\/image\/\",\"url\":\"https:\/\/komma.ostfalia.de\/wp-content\/uploads\/2020\/05\/komma-signet.png\",\"contentUrl\":\"https:\/\/komma.ostfalia.de\/wp-content\/uploads\/2020\/05\/komma-signet.png\",\"width\":512,\"height\":512,\"caption\":\"KomMa - Professur f\u00fcr Kommunikationsmanagement\"},\"image\":{\"@id\":\"https:\/\/komma.ostfalia.de\/#\/schema\/logo\/image\/\"},\"sameAs\":[\"https:\/\/twitter.com\/komma_ostfalia\"]},{\"@type\":\"Person\",\"@id\":\"https:\/\/komma.ostfalia.de\/#\/schema\/person\/58ad228896bd240ab5956534e18d9b88\",\"name\":\"Harald Rau\",\"image\":{\"@type\":\"ImageObject\",\"inLanguage\":\"de\",\"@id\":\"https:\/\/komma.ostfalia.de\/#\/schema\/person\/image\/\",\"url\":\"https:\/\/secure.gravatar.com\/avatar\/3634bb51d081e59562ceeea00ec00cee?s=96&d=mm&r=g\",\"contentUrl\":\"https:\/\/secure.gravatar.com\/avatar\/3634bb51d081e59562ceeea00ec00cee?s=96&d=mm&r=g\",\"caption\":\"Harald Rau\"},\"description\":\"\\\"Handle stets so, dass die Zahl der M\u00f6glichkeiten w\u00e4chst\\\" - ethischer Imperativ von Heinz v. Foerster\",\"sameAs\":[\"https:\/\/komma.ostfalia.de\",\"https:\/\/de.wikipedia.org\/wiki\/Harald_Rau\"]}]}<\/script>","yoast_head_json":{"title":"KomMa im NDR. Harald Rau als Experte in \"Funkbilder - Der Tag\" - KomMa","robots":{"index":"index","follow":"follow","max-snippet":"max-snippet:-1","max-image-preview":"max-image-preview:large","max-video-preview":"max-video-preview:-1"},"canonical":"https:\/\/komma.ostfalia.de\/index.php\/komma-im-ndr-harald-rau-als-experte-in-funkbilder-der-tag\/","og_locale":"de_DE","og_type":"article","og_title":"KomMa im NDR. Harald Rau als Experte in \"Funkbilder - Der Tag\" - KomMa","og_description":"Drei Hashtags, 53 Filme und das Dilemma ist perfekt: allesdichtmachen, niewiederaufmachen, lockdownf\u00fcrimmer. Die Aktion von 53 deutschen Schauspielerinnen und Schauspielern auf YouTube hat in den Medien Wellen geschlagen &#8211; insbesondere auch durch die Tatsache, dass ein Ideengeber der Aktion von Berichterstattern (spiegel.online, S\u00fcddeutsche Zeitung) in Querdenkern\u00e4he ger\u00fcckt wurde. Einige ruderten zur\u00fcck, andere relativierten oder rechtfertigten [&hellip;]","og_url":"https:\/\/komma.ostfalia.de\/index.php\/komma-im-ndr-harald-rau-als-experte-in-funkbilder-der-tag\/","og_site_name":"KomMa","article_published_time":"2021-05-04T14:34:57+00:00","article_modified_time":"2021-05-06T08:35:25+00:00","og_image":[{"width":641,"height":458,"url":"https:\/\/komma.ostfalia.de\/wp-content\/uploads\/2021\/05\/image-e1620142760341.jpg","type":"image\/jpeg"}],"author":"Harald Rau","twitter_card":"summary_large_image","twitter_creator":"@komma_ostfalia","twitter_site":"@komma_ostfalia","twitter_misc":{"Verfasst von":"Harald Rau","Gesch\u00e4tzte Lesezeit":"1\u00a0Minute"},"schema":{"@context":"https:\/\/schema.org","@graph":[{"@type":"Article","@id":"https:\/\/komma.ostfalia.de\/index.php\/komma-im-ndr-harald-rau-als-experte-in-funkbilder-der-tag\/#article","isPartOf":{"@id":"https:\/\/komma.ostfalia.de\/index.php\/komma-im-ndr-harald-rau-als-experte-in-funkbilder-der-tag\/"},"author":{"name":"Harald Rau","@id":"https:\/\/komma.ostfalia.de\/#\/schema\/person\/58ad228896bd240ab5956534e18d9b88"},"headline":"KomMa im NDR. Harald Rau als Experte in &#8220;Funkbilder &#8211; Der Tag&#8221;","datePublished":"2021-05-04T14:34:57+00:00","dateModified":"2021-05-06T08:35:25+00:00","mainEntityOfPage":{"@id":"https:\/\/komma.ostfalia.de\/index.php\/komma-im-ndr-harald-rau-als-experte-in-funkbilder-der-tag\/"},"wordCount":264,"publisher":{"@id":"https:\/\/komma.ostfalia.de\/#organization"},"image":{"@id":"https:\/\/komma.ostfalia.de\/index.php\/komma-im-ndr-harald-rau-als-experte-in-funkbilder-der-tag\/#primaryimage"},"thumbnailUrl":"https:\/\/komma.ostfalia.de\/wp-content\/uploads\/2021\/05\/image-e1620142760341.jpg","inLanguage":"de"},{"@type":"WebPage","@id":"https:\/\/komma.ostfalia.de\/index.php\/komma-im-ndr-harald-rau-als-experte-in-funkbilder-der-tag\/","url":"https:\/\/komma.ostfalia.de\/index.php\/komma-im-ndr-harald-rau-als-experte-in-funkbilder-der-tag\/","name":"KomMa im NDR. Harald Rau als Experte in \"Funkbilder - Der Tag\" - KomMa","isPartOf":{"@id":"https:\/\/komma.ostfalia.de\/#website"},"primaryImageOfPage":{"@id":"https:\/\/komma.ostfalia.de\/index.php\/komma-im-ndr-harald-rau-als-experte-in-funkbilder-der-tag\/#primaryimage"},"image":{"@id":"https:\/\/komma.ostfalia.de\/index.php\/komma-im-ndr-harald-rau-als-experte-in-funkbilder-der-tag\/#primaryimage"},"thumbnailUrl":"https:\/\/komma.ostfalia.de\/wp-content\/uploads\/2021\/05\/image-e1620142760341.jpg","datePublished":"2021-05-04T14:34:57+00:00","dateModified":"2021-05-06T08:35:25+00:00","breadcrumb":{"@id":"https:\/\/komma.ostfalia.de\/index.php\/komma-im-ndr-harald-rau-als-experte-in-funkbilder-der-tag\/#breadcrumb"},"inLanguage":"de","potentialAction":[{"@type":"ReadAction","target":["https:\/\/komma.ostfalia.de\/index.php\/komma-im-ndr-harald-rau-als-experte-in-funkbilder-der-tag\/"]}]},{"@type":"ImageObject","inLanguage":"de","@id":"https:\/\/komma.ostfalia.de\/index.php\/komma-im-ndr-harald-rau-als-experte-in-funkbilder-der-tag\/#primaryimage","url":"https:\/\/komma.ostfalia.de\/wp-content\/uploads\/2021\/05\/image-e1620142760341.jpg","contentUrl":"https:\/\/komma.ostfalia.de\/wp-content\/uploads\/2021\/05\/image-e1620142760341.jpg","width":641,"height":458},{"@type":"BreadcrumbList","@id":"https:\/\/komma.ostfalia.de\/index.php\/komma-im-ndr-harald-rau-als-experte-in-funkbilder-der-tag\/#breadcrumb","itemListElement":[{"@type":"ListItem","position":1,"name":"Startseite","item":"https:\/\/komma.ostfalia.de\/"},{"@type":"ListItem","position":2,"name":"Allgemein","item":"https:\/\/komma.ostfalia.de\/index.php\/kategorie\/allgemein\/"},{"@type":"ListItem","position":3,"name":"KomMa im NDR. Harald Rau als Experte in &#8222;Funkbilder &#8211; Der Tag&#8220;"}]},{"@type":"WebSite","@id":"https:\/\/komma.ostfalia.de\/#website","url":"https:\/\/komma.ostfalia.de\/","name":"KomMa","description":"Professur f\u00fcr Kommunikationsmanagement","publisher":{"@id":"https:\/\/komma.ostfalia.de\/#organization"},"potentialAction":[{"@type":"SearchAction","target":{"@type":"EntryPoint","urlTemplate":"https:\/\/komma.ostfalia.de\/?s={search_term_string}"},"query-input":"required name=search_term_string"}],"inLanguage":"de"},{"@type":"Organization","@id":"https:\/\/komma.ostfalia.de\/#organization","name":"KomMa - Professur f\u00fcr Kommunikationsmanagement","url":"https:\/\/komma.ostfalia.de\/","logo":{"@type":"ImageObject","inLanguage":"de","@id":"https:\/\/komma.ostfalia.de\/#\/schema\/logo\/image\/","url":"https:\/\/komma.ostfalia.de\/wp-content\/uploads\/2020\/05\/komma-signet.png","contentUrl":"https:\/\/komma.ostfalia.de\/wp-content\/uploads\/2020\/05\/komma-signet.png","width":512,"height":512,"caption":"KomMa - Professur f\u00fcr Kommunikationsmanagement"},"image":{"@id":"https:\/\/komma.ostfalia.de\/#\/schema\/logo\/image\/"},"sameAs":["https:\/\/twitter.com\/komma_ostfalia"]},{"@type":"Person","@id":"https:\/\/komma.ostfalia.de\/#\/schema\/person\/58ad228896bd240ab5956534e18d9b88","name":"Harald Rau","image":{"@type":"ImageObject","inLanguage":"de","@id":"https:\/\/komma.ostfalia.de\/#\/schema\/person\/image\/","url":"https:\/\/secure.gravatar.com\/avatar\/3634bb51d081e59562ceeea00ec00cee?s=96&d=mm&r=g","contentUrl":"https:\/\/secure.gravatar.com\/avatar\/3634bb51d081e59562ceeea00ec00cee?s=96&d=mm&r=g","caption":"Harald Rau"},"description":"\"Handle stets so, dass die Zahl der M\u00f6glichkeiten w\u00e4chst\" - ethischer Imperativ von Heinz v. Foerster","sameAs":["https:\/\/komma.ostfalia.de","https:\/\/de.wikipedia.org\/wiki\/Harald_Rau"]}]}},"_links":{"self":[{"href":"https:\/\/komma.ostfalia.de\/index.php\/wp-json\/wp\/v2\/posts\/5728"}],"collection":[{"href":"https:\/\/komma.ostfalia.de\/index.php\/wp-json\/wp\/v2\/posts"}],"about":[{"href":"https:\/\/komma.ostfalia.de\/index.php\/wp-json\/wp\/v2\/types\/post"}],"author":[{"embeddable":true,"href":"https:\/\/komma.ostfalia.de\/index.php\/wp-json\/wp\/v2\/users\/5"}],"replies":[{"embeddable":true,"href":"https:\/\/komma.ostfalia.de\/index.php\/wp-json\/wp\/v2\/comments?post=5728"}],"version-history":[{"count":0,"href":"https:\/\/komma.ostfalia.de\/index.php\/wp-json\/wp\/v2\/posts\/5728\/revisions"}],"wp:featuredmedia":[{"embeddable":true,"href":"https:\/\/komma.ostfalia.de\/index.php\/wp-json\/wp\/v2\/media\/5730"}],"wp:attachment":[{"href":"https:\/\/komma.ostfalia.de\/index.php\/wp-json\/wp\/v2\/media?parent=5728"}],"wp:term":[{"taxonomy":"category","embeddable":true,"href":"https:\/\/komma.ostfalia.de\/index.php\/wp-json\/wp\/v2\/categories?post=5728"},{"taxonomy":"post_tag","embeddable":true,"href":"https:\/\/komma.ostfalia.de\/index.php\/wp-json\/wp\/v2\/tags?post=5728"}],"curies":[{"name":"wp","href":"https:\/\/api.w.org\/{rel}","templated":true}]}}