{"id":5704,"date":"2021-04-26T09:26:51","date_gmt":"2021-04-26T07:26:51","guid":{"rendered":"https:\/\/komma.ostfalia.de\/?p=5704"},"modified":"2021-04-26T09:30:41","modified_gmt":"2021-04-26T07:30:41","slug":"medienoekonomie-meritorik","status":"publish","type":"post","link":"https:\/\/komma.ostfalia.de\/index.php\/medienoekonomie-meritorik\/","title":{"rendered":"KomMa im neuen Handbuch Medien\u00f6konomie: Meritorik als zentrales Kapitel!"},"content":{"rendered":"\n<p>Die \u00f6sterreichischen Medien\u00f6konomen Jan Krone und Tassilo Pellegrini haben ein Mammutwerk geschafft. Jetzt kam gleich in zwei B\u00e4nden das <a href=\"https:\/\/www.springer.com\/de\/book\/9783658095598\">Handbuch Medien\u00f6konomie<\/a> im Springer-Verlag heraus. Im Werk stecken nahezu zehn Jahre Arbeit. Und es zeigt sich: KomMa ist und bleibt in Deutschland eine wichtige Heimat f\u00fcr die Medienwirtschaft mit sowohl volks- als auch betriebswirtschaftlichen Bez\u00fcgen. Sp\u00e4testens die vorliegende Publikation macht es deutlich.<\/p>\n\n\n\n<p><a href=\"https:\/\/komma.ostfalia.de\/team\/harald-rau\/\">Harald Rau<\/a>, Inhaber der KomMa-Professur, ist sehr prominent gleich im ersten Kapitel des ersten Bandes vertreten mit einem &#8211; aus seiner Sicht nat\u00fcrlich selbstverst\u00e4ndlich erscheinenden &#8211; wichtigen und bedeutsamen Beitrag f\u00fcr die Medien\u00f6konomie: &#8220;Meritorik &#8211; eine Frage der Pr\u00e4ferenzen&#8221; &#8211; so ist der Beitrag \u00fcberschrieben und Rau entwickelt auf gut 25 Seiten ein umfassendes Konzept zur Medienmeritorik, das \u00fcber bisher vorhandene Publikationen deutlich hinausweist.<\/p>\n\n\n\n<p>Meritorik begr\u00fcndet vielfach Eingriffe des Gesetzgebers in das Mediensystem, ist damit auch ein wichtiges medienpolitisches Thema, wenngleich eine erfahrungswissenschaftliche Best\u00e4tigung bislang eher problematisch ist. Am weitesten hat in diesem Punkt m\u00f6glicherweise die kritische Theorie gedacht, worin sich zeigt, dass Medien\u00f6konomie nie von gesellschaftstheoretischen Aspekten abgespalten werden kann. Vielmehr ist sie zentral f\u00fcr alles kommunkationswissenschaftliche Denken, vor allem dann, wenn es um Massenmedien oder Soziale Medien geht.<\/p>\n\n\n\n<p>Im Buch gibt es \u00fcbrigens ein Wiedersehen mit der gesamten Gemeinschaft forschender Medien\u00f6konomen im deutschsprachigen Raum &#8211; beeindruckend und bemerkenswert. Es ist ein wichtiges Buch, weil es die Medien\u00f6konomie auch aus ihrem Schattendasein herausf\u00fchrt, das sie angesichts kommunikationswissenschaftlicher Schwerpunkte der meisten Forscher lange Jahre f\u00fchrte.<\/p>\n\n\n\n<p>Und dieses Buch zeigt, wie bedeutend Fachhochschulen sind, was die Forschungsleistung betrifft. Denn w\u00e4hrend an den Universit\u00e4ten die Medien\u00f6konomie nach wie vor gegen\u00fcber anderen Disziplinen stark unterrepr\u00e4sentiert ist, haben zahlreiche FH-Professuren beachtliche wissenschaftliche Erfolge erzielen k\u00f6nnen. KomMa z\u00e4hlt fraglos zu diesen.<\/p>\n","protected":false},"excerpt":{"rendered":"<p>Die \u00f6sterreichischen Medien\u00f6konomen Jan Krone und Tassilo Pellegrini haben ein Mammutwerk geschafft. Jetzt kam gleich in zwei B\u00e4nden das Handbuch Medien\u00f6konomie im Springer-Verlag heraus. Im Werk stecken nahezu zehn Jahre Arbeit. Und es zeigt sich: KomMa ist und bleibt in Deutschland eine wichtige Heimat f\u00fcr die Medienwirtschaft mit sowohl volks- als auch betriebswirtschaftlichen Bez\u00fcgen. Sp\u00e4testens [&hellip;]<\/p>\n","protected":false},"author":1,"featured_media":5705,"comment_status":"open","ping_status":"open","sticky":false,"template":"","format":"standard","meta":{"_acf_changed":false,"footnotes":""},"categories":[1],"tags":[79,78,75,80],"acf":[],"yoast_head":"<title>KomMa im neuen Handbuch Medien\u00f6konomie: Meritorik als zentrales Kapitel! - KomMa<\/title>\n<meta name=\"robots\" content=\"index, follow, max-snippet:-1, max-image-preview:large, max-video-preview:-1\" \/>\n<link rel=\"canonical\" href=\"https:\/\/komma.ostfalia.de\/index.php\/medienoekonomie-meritorik\/\" \/>\n<meta property=\"og:locale\" content=\"de_DE\" \/>\n<meta property=\"og:type\" content=\"article\" \/>\n<meta property=\"og:title\" content=\"KomMa im neuen Handbuch Medien\u00f6konomie: Meritorik als zentrales Kapitel! - KomMa\" \/>\n<meta property=\"og:description\" content=\"Die \u00f6sterreichischen Medien\u00f6konomen Jan Krone und Tassilo Pellegrini haben ein Mammutwerk geschafft. Jetzt kam gleich in zwei B\u00e4nden das Handbuch Medien\u00f6konomie im Springer-Verlag heraus. Im Werk stecken nahezu zehn Jahre Arbeit. Und es zeigt sich: KomMa ist und bleibt in Deutschland eine wichtige Heimat f\u00fcr die Medienwirtschaft mit sowohl volks- als auch betriebswirtschaftlichen Bez\u00fcgen. Sp\u00e4testens [&hellip;]\" \/>\n<meta property=\"og:url\" content=\"https:\/\/komma.ostfalia.de\/index.php\/medienoekonomie-meritorik\/\" \/>\n<meta property=\"og:site_name\" content=\"KomMa\" \/>\n<meta property=\"article:published_time\" content=\"2021-04-26T07:26:51+00:00\" \/>\n<meta property=\"article:modified_time\" content=\"2021-04-26T07:30:41+00:00\" \/>\n<meta property=\"og:image\" content=\"https:\/\/komma.ostfalia.de\/wp-content\/uploads\/2021\/04\/medienoekonomie-meritorik.jpg\" \/>\n\t<meta property=\"og:image:width\" content=\"1120\" \/>\n\t<meta property=\"og:image:height\" content=\"630\" \/>\n\t<meta property=\"og:image:type\" content=\"image\/jpeg\" \/>\n<meta name=\"author\" content=\"KomMa-Team\" \/>\n<meta name=\"twitter:card\" content=\"summary_large_image\" \/>\n<meta name=\"twitter:creator\" content=\"@komma_ostfalia\" \/>\n<meta name=\"twitter:site\" content=\"@komma_ostfalia\" \/>\n<meta name=\"twitter:label1\" content=\"Verfasst von\" \/>\n\t<meta name=\"twitter:data1\" content=\"KomMa-Team\" \/>\n\t<meta name=\"twitter:label2\" content=\"Gesch\u00e4tzte Lesezeit\" \/>\n\t<meta name=\"twitter:data2\" content=\"2\u00a0Minuten\" \/>\n<script type=\"application\/ld+json\" class=\"yoast-schema-graph\">{\"@context\":\"https:\/\/schema.org\",\"@graph\":[{\"@type\":\"Article\",\"@id\":\"https:\/\/komma.ostfalia.de\/index.php\/medienoekonomie-meritorik\/#article\",\"isPartOf\":{\"@id\":\"https:\/\/komma.ostfalia.de\/index.php\/medienoekonomie-meritorik\/\"},\"author\":{\"name\":\"KomMa-Team\",\"@id\":\"https:\/\/komma.ostfalia.de\/#\/schema\/person\/2297cca325c7233192dce89bbb68ca24\"},\"headline\":\"KomMa im neuen Handbuch Medien\u00f6konomie: Meritorik als zentrales Kapitel!\",\"datePublished\":\"2021-04-26T07:26:51+00:00\",\"dateModified\":\"2021-04-26T07:30:41+00:00\",\"mainEntityOfPage\":{\"@id\":\"https:\/\/komma.ostfalia.de\/index.php\/medienoekonomie-meritorik\/\"},\"wordCount\":313,\"commentCount\":0,\"publisher\":{\"@id\":\"https:\/\/komma.ostfalia.de\/#organization\"},\"image\":{\"@id\":\"https:\/\/komma.ostfalia.de\/index.php\/medienoekonomie-meritorik\/#primaryimage\"},\"thumbnailUrl\":\"https:\/\/komma.ostfalia.de\/wp-content\/uploads\/2021\/04\/medienoekonomie-meritorik.jpg\",\"keywords\":[\"Medienmeritorik\",\"Medien\u00f6konomie\",\"Mediensystem\",\"Meritorik\"],\"inLanguage\":\"de\",\"potentialAction\":[{\"@type\":\"CommentAction\",\"name\":\"Comment\",\"target\":[\"https:\/\/komma.ostfalia.de\/index.php\/medienoekonomie-meritorik\/#respond\"]}]},{\"@type\":\"WebPage\",\"@id\":\"https:\/\/komma.ostfalia.de\/index.php\/medienoekonomie-meritorik\/\",\"url\":\"https:\/\/komma.ostfalia.de\/index.php\/medienoekonomie-meritorik\/\",\"name\":\"KomMa im neuen Handbuch Medien\u00f6konomie: Meritorik als zentrales Kapitel! - KomMa\",\"isPartOf\":{\"@id\":\"https:\/\/komma.ostfalia.de\/#website\"},\"primaryImageOfPage\":{\"@id\":\"https:\/\/komma.ostfalia.de\/index.php\/medienoekonomie-meritorik\/#primaryimage\"},\"image\":{\"@id\":\"https:\/\/komma.ostfalia.de\/index.php\/medienoekonomie-meritorik\/#primaryimage\"},\"thumbnailUrl\":\"https:\/\/komma.ostfalia.de\/wp-content\/uploads\/2021\/04\/medienoekonomie-meritorik.jpg\",\"datePublished\":\"2021-04-26T07:26:51+00:00\",\"dateModified\":\"2021-04-26T07:30:41+00:00\",\"breadcrumb\":{\"@id\":\"https:\/\/komma.ostfalia.de\/index.php\/medienoekonomie-meritorik\/#breadcrumb\"},\"inLanguage\":\"de\",\"potentialAction\":[{\"@type\":\"ReadAction\",\"target\":[\"https:\/\/komma.ostfalia.de\/index.php\/medienoekonomie-meritorik\/\"]}]},{\"@type\":\"ImageObject\",\"inLanguage\":\"de\",\"@id\":\"https:\/\/komma.ostfalia.de\/index.php\/medienoekonomie-meritorik\/#primaryimage\",\"url\":\"https:\/\/komma.ostfalia.de\/wp-content\/uploads\/2021\/04\/medienoekonomie-meritorik.jpg\",\"contentUrl\":\"https:\/\/komma.ostfalia.de\/wp-content\/uploads\/2021\/04\/medienoekonomie-meritorik.jpg\",\"width\":1120,\"height\":630},{\"@type\":\"BreadcrumbList\",\"@id\":\"https:\/\/komma.ostfalia.de\/index.php\/medienoekonomie-meritorik\/#breadcrumb\",\"itemListElement\":[{\"@type\":\"ListItem\",\"position\":1,\"name\":\"Startseite\",\"item\":\"https:\/\/komma.ostfalia.de\/\"},{\"@type\":\"ListItem\",\"position\":2,\"name\":\"Allgemein\",\"item\":\"https:\/\/komma.ostfalia.de\/index.php\/kategorie\/allgemein\/\"},{\"@type\":\"ListItem\",\"position\":3,\"name\":\"KomMa im neuen Handbuch Medien\u00f6konomie: Meritorik als zentrales Kapitel!\"}]},{\"@type\":\"WebSite\",\"@id\":\"https:\/\/komma.ostfalia.de\/#website\",\"url\":\"https:\/\/komma.ostfalia.de\/\",\"name\":\"KomMa\",\"description\":\"Professur f\u00fcr Kommunikationsmanagement\",\"publisher\":{\"@id\":\"https:\/\/komma.ostfalia.de\/#organization\"},\"potentialAction\":[{\"@type\":\"SearchAction\",\"target\":{\"@type\":\"EntryPoint\",\"urlTemplate\":\"https:\/\/komma.ostfalia.de\/?s={search_term_string}\"},\"query-input\":\"required name=search_term_string\"}],\"inLanguage\":\"de\"},{\"@type\":\"Organization\",\"@id\":\"https:\/\/komma.ostfalia.de\/#organization\",\"name\":\"KomMa - Professur f\u00fcr Kommunikationsmanagement\",\"url\":\"https:\/\/komma.ostfalia.de\/\",\"logo\":{\"@type\":\"ImageObject\",\"inLanguage\":\"de\",\"@id\":\"https:\/\/komma.ostfalia.de\/#\/schema\/logo\/image\/\",\"url\":\"https:\/\/komma.ostfalia.de\/wp-content\/uploads\/2020\/05\/komma-signet.png\",\"contentUrl\":\"https:\/\/komma.ostfalia.de\/wp-content\/uploads\/2020\/05\/komma-signet.png\",\"width\":512,\"height\":512,\"caption\":\"KomMa - Professur f\u00fcr Kommunikationsmanagement\"},\"image\":{\"@id\":\"https:\/\/komma.ostfalia.de\/#\/schema\/logo\/image\/\"},\"sameAs\":[\"https:\/\/twitter.com\/komma_ostfalia\"]},{\"@type\":\"Person\",\"@id\":\"https:\/\/komma.ostfalia.de\/#\/schema\/person\/2297cca325c7233192dce89bbb68ca24\",\"name\":\"KomMa-Team\",\"image\":{\"@type\":\"ImageObject\",\"inLanguage\":\"de\",\"@id\":\"https:\/\/komma.ostfalia.de\/#\/schema\/person\/image\/\",\"url\":\"https:\/\/secure.gravatar.com\/avatar\/0e2f17e0b0f28f6a6baeb346932d58f2?s=96&d=mm&r=g\",\"contentUrl\":\"https:\/\/secure.gravatar.com\/avatar\/0e2f17e0b0f28f6a6baeb346932d58f2?s=96&d=mm&r=g\",\"caption\":\"KomMa-Team\"}}]}<\/script>","yoast_head_json":{"title":"KomMa im neuen Handbuch Medien\u00f6konomie: Meritorik als zentrales Kapitel! - KomMa","robots":{"index":"index","follow":"follow","max-snippet":"max-snippet:-1","max-image-preview":"max-image-preview:large","max-video-preview":"max-video-preview:-1"},"canonical":"https:\/\/komma.ostfalia.de\/index.php\/medienoekonomie-meritorik\/","og_locale":"de_DE","og_type":"article","og_title":"KomMa im neuen Handbuch Medien\u00f6konomie: Meritorik als zentrales Kapitel! - KomMa","og_description":"Die \u00f6sterreichischen Medien\u00f6konomen Jan Krone und Tassilo Pellegrini haben ein Mammutwerk geschafft. Jetzt kam gleich in zwei B\u00e4nden das Handbuch Medien\u00f6konomie im Springer-Verlag heraus. Im Werk stecken nahezu zehn Jahre Arbeit. Und es zeigt sich: KomMa ist und bleibt in Deutschland eine wichtige Heimat f\u00fcr die Medienwirtschaft mit sowohl volks- als auch betriebswirtschaftlichen Bez\u00fcgen. Sp\u00e4testens [&hellip;]","og_url":"https:\/\/komma.ostfalia.de\/index.php\/medienoekonomie-meritorik\/","og_site_name":"KomMa","article_published_time":"2021-04-26T07:26:51+00:00","article_modified_time":"2021-04-26T07:30:41+00:00","og_image":[{"width":1120,"height":630,"url":"https:\/\/komma.ostfalia.de\/wp-content\/uploads\/2021\/04\/medienoekonomie-meritorik.jpg","type":"image\/jpeg"}],"author":"KomMa-Team","twitter_card":"summary_large_image","twitter_creator":"@komma_ostfalia","twitter_site":"@komma_ostfalia","twitter_misc":{"Verfasst von":"KomMa-Team","Gesch\u00e4tzte Lesezeit":"2\u00a0Minuten"},"schema":{"@context":"https:\/\/schema.org","@graph":[{"@type":"Article","@id":"https:\/\/komma.ostfalia.de\/index.php\/medienoekonomie-meritorik\/#article","isPartOf":{"@id":"https:\/\/komma.ostfalia.de\/index.php\/medienoekonomie-meritorik\/"},"author":{"name":"KomMa-Team","@id":"https:\/\/komma.ostfalia.de\/#\/schema\/person\/2297cca325c7233192dce89bbb68ca24"},"headline":"KomMa im neuen Handbuch Medien\u00f6konomie: Meritorik als zentrales Kapitel!","datePublished":"2021-04-26T07:26:51+00:00","dateModified":"2021-04-26T07:30:41+00:00","mainEntityOfPage":{"@id":"https:\/\/komma.ostfalia.de\/index.php\/medienoekonomie-meritorik\/"},"wordCount":313,"commentCount":0,"publisher":{"@id":"https:\/\/komma.ostfalia.de\/#organization"},"image":{"@id":"https:\/\/komma.ostfalia.de\/index.php\/medienoekonomie-meritorik\/#primaryimage"},"thumbnailUrl":"https:\/\/komma.ostfalia.de\/wp-content\/uploads\/2021\/04\/medienoekonomie-meritorik.jpg","keywords":["Medienmeritorik","Medien\u00f6konomie","Mediensystem","Meritorik"],"inLanguage":"de","potentialAction":[{"@type":"CommentAction","name":"Comment","target":["https:\/\/komma.ostfalia.de\/index.php\/medienoekonomie-meritorik\/#respond"]}]},{"@type":"WebPage","@id":"https:\/\/komma.ostfalia.de\/index.php\/medienoekonomie-meritorik\/","url":"https:\/\/komma.ostfalia.de\/index.php\/medienoekonomie-meritorik\/","name":"KomMa im neuen Handbuch Medien\u00f6konomie: Meritorik als zentrales Kapitel! - KomMa","isPartOf":{"@id":"https:\/\/komma.ostfalia.de\/#website"},"primaryImageOfPage":{"@id":"https:\/\/komma.ostfalia.de\/index.php\/medienoekonomie-meritorik\/#primaryimage"},"image":{"@id":"https:\/\/komma.ostfalia.de\/index.php\/medienoekonomie-meritorik\/#primaryimage"},"thumbnailUrl":"https:\/\/komma.ostfalia.de\/wp-content\/uploads\/2021\/04\/medienoekonomie-meritorik.jpg","datePublished":"2021-04-26T07:26:51+00:00","dateModified":"2021-04-26T07:30:41+00:00","breadcrumb":{"@id":"https:\/\/komma.ostfalia.de\/index.php\/medienoekonomie-meritorik\/#breadcrumb"},"inLanguage":"de","potentialAction":[{"@type":"ReadAction","target":["https:\/\/komma.ostfalia.de\/index.php\/medienoekonomie-meritorik\/"]}]},{"@type":"ImageObject","inLanguage":"de","@id":"https:\/\/komma.ostfalia.de\/index.php\/medienoekonomie-meritorik\/#primaryimage","url":"https:\/\/komma.ostfalia.de\/wp-content\/uploads\/2021\/04\/medienoekonomie-meritorik.jpg","contentUrl":"https:\/\/komma.ostfalia.de\/wp-content\/uploads\/2021\/04\/medienoekonomie-meritorik.jpg","width":1120,"height":630},{"@type":"BreadcrumbList","@id":"https:\/\/komma.ostfalia.de\/index.php\/medienoekonomie-meritorik\/#breadcrumb","itemListElement":[{"@type":"ListItem","position":1,"name":"Startseite","item":"https:\/\/komma.ostfalia.de\/"},{"@type":"ListItem","position":2,"name":"Allgemein","item":"https:\/\/komma.ostfalia.de\/index.php\/kategorie\/allgemein\/"},{"@type":"ListItem","position":3,"name":"KomMa im neuen Handbuch Medien\u00f6konomie: Meritorik als zentrales Kapitel!"}]},{"@type":"WebSite","@id":"https:\/\/komma.ostfalia.de\/#website","url":"https:\/\/komma.ostfalia.de\/","name":"KomMa","description":"Professur f\u00fcr Kommunikationsmanagement","publisher":{"@id":"https:\/\/komma.ostfalia.de\/#organization"},"potentialAction":[{"@type":"SearchAction","target":{"@type":"EntryPoint","urlTemplate":"https:\/\/komma.ostfalia.de\/?s={search_term_string}"},"query-input":"required name=search_term_string"}],"inLanguage":"de"},{"@type":"Organization","@id":"https:\/\/komma.ostfalia.de\/#organization","name":"KomMa - Professur f\u00fcr Kommunikationsmanagement","url":"https:\/\/komma.ostfalia.de\/","logo":{"@type":"ImageObject","inLanguage":"de","@id":"https:\/\/komma.ostfalia.de\/#\/schema\/logo\/image\/","url":"https:\/\/komma.ostfalia.de\/wp-content\/uploads\/2020\/05\/komma-signet.png","contentUrl":"https:\/\/komma.ostfalia.de\/wp-content\/uploads\/2020\/05\/komma-signet.png","width":512,"height":512,"caption":"KomMa - Professur f\u00fcr Kommunikationsmanagement"},"image":{"@id":"https:\/\/komma.ostfalia.de\/#\/schema\/logo\/image\/"},"sameAs":["https:\/\/twitter.com\/komma_ostfalia"]},{"@type":"Person","@id":"https:\/\/komma.ostfalia.de\/#\/schema\/person\/2297cca325c7233192dce89bbb68ca24","name":"KomMa-Team","image":{"@type":"ImageObject","inLanguage":"de","@id":"https:\/\/komma.ostfalia.de\/#\/schema\/person\/image\/","url":"https:\/\/secure.gravatar.com\/avatar\/0e2f17e0b0f28f6a6baeb346932d58f2?s=96&d=mm&r=g","contentUrl":"https:\/\/secure.gravatar.com\/avatar\/0e2f17e0b0f28f6a6baeb346932d58f2?s=96&d=mm&r=g","caption":"KomMa-Team"}}]}},"_links":{"self":[{"href":"https:\/\/komma.ostfalia.de\/index.php\/wp-json\/wp\/v2\/posts\/5704"}],"collection":[{"href":"https:\/\/komma.ostfalia.de\/index.php\/wp-json\/wp\/v2\/posts"}],"about":[{"href":"https:\/\/komma.ostfalia.de\/index.php\/wp-json\/wp\/v2\/types\/post"}],"author":[{"embeddable":true,"href":"https:\/\/komma.ostfalia.de\/index.php\/wp-json\/wp\/v2\/users\/1"}],"replies":[{"embeddable":true,"href":"https:\/\/komma.ostfalia.de\/index.php\/wp-json\/wp\/v2\/comments?post=5704"}],"version-history":[{"count":0,"href":"https:\/\/komma.ostfalia.de\/index.php\/wp-json\/wp\/v2\/posts\/5704\/revisions"}],"wp:featuredmedia":[{"embeddable":true,"href":"https:\/\/komma.ostfalia.de\/index.php\/wp-json\/wp\/v2\/media\/5705"}],"wp:attachment":[{"href":"https:\/\/komma.ostfalia.de\/index.php\/wp-json\/wp\/v2\/media?parent=5704"}],"wp:term":[{"taxonomy":"category","embeddable":true,"href":"https:\/\/komma.ostfalia.de\/index.php\/wp-json\/wp\/v2\/categories?post=5704"},{"taxonomy":"post_tag","embeddable":true,"href":"https:\/\/komma.ostfalia.de\/index.php\/wp-json\/wp\/v2\/tags?post=5704"}],"curies":[{"name":"wp","href":"https:\/\/api.w.org\/{rel}","templated":true}]}}