{"id":4801,"date":"2021-03-01T12:18:15","date_gmt":"2021-03-01T11:18:15","guid":{"rendered":"https:\/\/komma.ostfalia.de\/?p=4801"},"modified":"2024-04-23T09:48:53","modified_gmt":"2024-04-23T07:48:53","slug":"audio-uni-datengetriebenes-marketing-frank-reese","status":"publish","type":"post","link":"https:\/\/komma.ostfalia.de\/index.php\/audio-uni-datengetriebenes-marketing-frank-reese\/","title":{"rendered":"Audio-Uni: Datengetriebenes Marketing mit Frank Reese"},"content":{"rendered":"\n<p>Die Audio-Uni hat eine neue Episode zum Thema &#8220;Datengetriebenes Marketing&#8221; ver\u00f6ffentlicht. In dieser Episode spricht Frank Reese zum Beispiel dar\u00fcber was Datengetriebenes Marketing ausmacht und welche Rolle Web Analytics in diesem Bereich spielen.<\/p>\n\n\n\n<p>Insgesamt erscheinen 16 Podcast-Episoden, die sich mit unterschiedlichen Fragestellungen der Web Analytics besch\u00e4ftigen. Die n\u00e4chste Episode wird am 8. M\u00e4rz ver\u00f6ffentlicht und zeigt ein Interview mit Tom Alby ebenfalls zum Thema Data-Driven-Marketing. Nach einer kostenlosen Registrierung, lassen sich die Episoden direkt anh\u00f6ren!<\/p>\n\n\n\n<p>Link zur Episode: <a href=\"https:\/\/audio-uni.ostfalia.de\/episode\/6-a-interview-mit-frank-reese\/\">https:\/\/audio-uni.ostfalia.de\/episode\/6-a-interview-mit-frank-reese\/<\/a><\/p>\n\n\n\n<p>Foto: Sam Moqadam \/ Unsplash<\/p>\n","protected":false},"excerpt":{"rendered":"<p>Die Audio-Uni hat eine neue Episode zum Thema &#8220;Datengetriebenes Marketing&#8221; ver\u00f6ffentlicht. In dieser Episode spricht Frank Reese zum Beispiel dar\u00fcber was Datengetriebenes Marketing ausmacht und welche Rolle Web Analytics in diesem Bereich spielen. Insgesamt erscheinen 16 Podcast-Episoden, die sich mit unterschiedlichen Fragestellungen der Web Analytics besch\u00e4ftigen. Die n\u00e4chste Episode wird am 8. M\u00e4rz ver\u00f6ffentlicht und [&hellip;]<\/p>\n","protected":false},"author":6,"featured_media":4802,"comment_status":"open","ping_status":"open","sticky":false,"template":"","format":"standard","meta":{"_acf_changed":false,"footnotes":""},"categories":[48],"tags":[61,66,62,63,59],"acf":[],"yoast_head":"<title>Frank Reese im Interview zu datengetriebenem Marketing - KomMa<\/title>\n<meta name=\"description\" content=\"Neue Podcast-Episode der Audio-Uni mit Frank Reese - Experte f\u00fcr datengetriebenes Marketing. Kostenlos reinh\u00f6ren!\" \/>\n<meta name=\"robots\" content=\"index, follow, max-snippet:-1, max-image-preview:large, max-video-preview:-1\" \/>\n<link rel=\"canonical\" href=\"https:\/\/komma.ostfalia.de\/index.php\/audio-uni-datengetriebenes-marketing-frank-reese\/\" \/>\n<meta property=\"og:locale\" content=\"de_DE\" \/>\n<meta property=\"og:type\" content=\"article\" \/>\n<meta property=\"og:title\" content=\"Frank Reese im Interview zu datengetriebenem Marketing - KomMa\" \/>\n<meta property=\"og:description\" content=\"Neue Podcast-Episode der Audio-Uni mit Frank Reese - Experte f\u00fcr datengetriebenes Marketing. Kostenlos reinh\u00f6ren!\" \/>\n<meta property=\"og:url\" content=\"https:\/\/komma.ostfalia.de\/index.php\/audio-uni-datengetriebenes-marketing-frank-reese\/\" \/>\n<meta property=\"og:site_name\" content=\"KomMa\" \/>\n<meta property=\"article:published_time\" content=\"2021-03-01T11:18:15+00:00\" \/>\n<meta property=\"article:modified_time\" content=\"2024-04-23T07:48:53+00:00\" \/>\n<meta property=\"og:image\" content=\"https:\/\/komma.ostfalia.de\/wp-content\/uploads\/2021\/03\/audio-uni-datengetriebenes-marketing.jpg\" \/>\n\t<meta property=\"og:image:width\" content=\"1120\" \/>\n\t<meta property=\"og:image:height\" content=\"630\" \/>\n\t<meta property=\"og:image:type\" content=\"image\/jpeg\" \/>\n<meta name=\"author\" content=\"Benjamin\" \/>\n<meta name=\"twitter:card\" content=\"summary_large_image\" \/>\n<meta name=\"twitter:creator\" content=\"@komma_ostfalia\" \/>\n<meta name=\"twitter:site\" content=\"@komma_ostfalia\" \/>\n<meta name=\"twitter:label1\" content=\"Verfasst von\" \/>\n\t<meta name=\"twitter:data1\" content=\"Benjamin\" \/>\n<script type=\"application\/ld+json\" class=\"yoast-schema-graph\">{\"@context\":\"https:\/\/schema.org\",\"@graph\":[{\"@type\":\"Article\",\"@id\":\"https:\/\/komma.ostfalia.de\/index.php\/audio-uni-datengetriebenes-marketing-frank-reese\/#article\",\"isPartOf\":{\"@id\":\"https:\/\/komma.ostfalia.de\/index.php\/audio-uni-datengetriebenes-marketing-frank-reese\/\"},\"author\":{\"name\":\"Benjamin\",\"@id\":\"https:\/\/komma.ostfalia.de\/#\/schema\/person\/e574b791085f3f761350425ec0a6bb71\"},\"headline\":\"Audio-Uni: Datengetriebenes Marketing mit Frank Reese\",\"datePublished\":\"2021-03-01T11:18:15+00:00\",\"dateModified\":\"2024-04-23T07:48:53+00:00\",\"mainEntityOfPage\":{\"@id\":\"https:\/\/komma.ostfalia.de\/index.php\/audio-uni-datengetriebenes-marketing-frank-reese\/\"},\"wordCount\":99,\"commentCount\":0,\"publisher\":{\"@id\":\"https:\/\/komma.ostfalia.de\/#organization\"},\"image\":{\"@id\":\"https:\/\/komma.ostfalia.de\/index.php\/audio-uni-datengetriebenes-marketing-frank-reese\/#primaryimage\"},\"thumbnailUrl\":\"https:\/\/komma.ostfalia.de\/wp-content\/uploads\/2021\/03\/audio-uni-datengetriebenes-marketing.jpg\",\"keywords\":[\"Audio Uni\",\"Data-driven Marketing\",\"Podcast\",\"Tracking\",\"Web Analytics\"],\"articleSection\":[\"Digitale Lehre\"],\"inLanguage\":\"de\",\"potentialAction\":[{\"@type\":\"CommentAction\",\"name\":\"Comment\",\"target\":[\"https:\/\/komma.ostfalia.de\/index.php\/audio-uni-datengetriebenes-marketing-frank-reese\/#respond\"]}]},{\"@type\":\"WebPage\",\"@id\":\"https:\/\/komma.ostfalia.de\/index.php\/audio-uni-datengetriebenes-marketing-frank-reese\/\",\"url\":\"https:\/\/komma.ostfalia.de\/index.php\/audio-uni-datengetriebenes-marketing-frank-reese\/\",\"name\":\"Frank Reese im Interview zu datengetriebenem Marketing - KomMa\",\"isPartOf\":{\"@id\":\"https:\/\/komma.ostfalia.de\/#website\"},\"primaryImageOfPage\":{\"@id\":\"https:\/\/komma.ostfalia.de\/index.php\/audio-uni-datengetriebenes-marketing-frank-reese\/#primaryimage\"},\"image\":{\"@id\":\"https:\/\/komma.ostfalia.de\/index.php\/audio-uni-datengetriebenes-marketing-frank-reese\/#primaryimage\"},\"thumbnailUrl\":\"https:\/\/komma.ostfalia.de\/wp-content\/uploads\/2021\/03\/audio-uni-datengetriebenes-marketing.jpg\",\"datePublished\":\"2021-03-01T11:18:15+00:00\",\"dateModified\":\"2024-04-23T07:48:53+00:00\",\"description\":\"Neue Podcast-Episode der Audio-Uni mit Frank Reese - Experte f\u00fcr datengetriebenes Marketing. Kostenlos reinh\u00f6ren!\",\"breadcrumb\":{\"@id\":\"https:\/\/komma.ostfalia.de\/index.php\/audio-uni-datengetriebenes-marketing-frank-reese\/#breadcrumb\"},\"inLanguage\":\"de\",\"potentialAction\":[{\"@type\":\"ReadAction\",\"target\":[\"https:\/\/komma.ostfalia.de\/index.php\/audio-uni-datengetriebenes-marketing-frank-reese\/\"]}]},{\"@type\":\"ImageObject\",\"inLanguage\":\"de\",\"@id\":\"https:\/\/komma.ostfalia.de\/index.php\/audio-uni-datengetriebenes-marketing-frank-reese\/#primaryimage\",\"url\":\"https:\/\/komma.ostfalia.de\/wp-content\/uploads\/2021\/03\/audio-uni-datengetriebenes-marketing.jpg\",\"contentUrl\":\"https:\/\/komma.ostfalia.de\/wp-content\/uploads\/2021\/03\/audio-uni-datengetriebenes-marketing.jpg\",\"width\":1120,\"height\":630},{\"@type\":\"BreadcrumbList\",\"@id\":\"https:\/\/komma.ostfalia.de\/index.php\/audio-uni-datengetriebenes-marketing-frank-reese\/#breadcrumb\",\"itemListElement\":[{\"@type\":\"ListItem\",\"position\":1,\"name\":\"Startseite\",\"item\":\"https:\/\/komma.ostfalia.de\/\"},{\"@type\":\"ListItem\",\"position\":2,\"name\":\"Digitale Lehre\",\"item\":\"https:\/\/komma.ostfalia.de\/index.php\/kategorie\/digitale-lehre\/\"},{\"@type\":\"ListItem\",\"position\":3,\"name\":\"Audio-Uni: Datengetriebenes Marketing mit Frank Reese\"}]},{\"@type\":\"WebSite\",\"@id\":\"https:\/\/komma.ostfalia.de\/#website\",\"url\":\"https:\/\/komma.ostfalia.de\/\",\"name\":\"KomMa\",\"description\":\"Professur f\u00fcr Kommunikationsmanagement\",\"publisher\":{\"@id\":\"https:\/\/komma.ostfalia.de\/#organization\"},\"potentialAction\":[{\"@type\":\"SearchAction\",\"target\":{\"@type\":\"EntryPoint\",\"urlTemplate\":\"https:\/\/komma.ostfalia.de\/?s={search_term_string}\"},\"query-input\":\"required name=search_term_string\"}],\"inLanguage\":\"de\"},{\"@type\":\"Organization\",\"@id\":\"https:\/\/komma.ostfalia.de\/#organization\",\"name\":\"KomMa - Professur f\u00fcr Kommunikationsmanagement\",\"url\":\"https:\/\/komma.ostfalia.de\/\",\"logo\":{\"@type\":\"ImageObject\",\"inLanguage\":\"de\",\"@id\":\"https:\/\/komma.ostfalia.de\/#\/schema\/logo\/image\/\",\"url\":\"https:\/\/komma.ostfalia.de\/wp-content\/uploads\/2020\/05\/komma-signet.png\",\"contentUrl\":\"https:\/\/komma.ostfalia.de\/wp-content\/uploads\/2020\/05\/komma-signet.png\",\"width\":512,\"height\":512,\"caption\":\"KomMa - Professur f\u00fcr Kommunikationsmanagement\"},\"image\":{\"@id\":\"https:\/\/komma.ostfalia.de\/#\/schema\/logo\/image\/\"},\"sameAs\":[\"https:\/\/twitter.com\/komma_ostfalia\"]},{\"@type\":\"Person\",\"@id\":\"https:\/\/komma.ostfalia.de\/#\/schema\/person\/e574b791085f3f761350425ec0a6bb71\",\"name\":\"Benjamin\",\"image\":{\"@type\":\"ImageObject\",\"inLanguage\":\"de\",\"@id\":\"https:\/\/komma.ostfalia.de\/#\/schema\/person\/image\/\",\"url\":\"https:\/\/secure.gravatar.com\/avatar\/8f7d4988d143eeadebdf2a3b4be91af0?s=96&d=mm&r=g\",\"contentUrl\":\"https:\/\/secure.gravatar.com\/avatar\/8f7d4988d143eeadebdf2a3b4be91af0?s=96&d=mm&r=g\",\"caption\":\"Benjamin\"}}]}<\/script>","yoast_head_json":{"title":"Frank Reese im Interview zu datengetriebenem Marketing - KomMa","description":"Neue Podcast-Episode der Audio-Uni mit Frank Reese - Experte f\u00fcr datengetriebenes Marketing. Kostenlos reinh\u00f6ren!","robots":{"index":"index","follow":"follow","max-snippet":"max-snippet:-1","max-image-preview":"max-image-preview:large","max-video-preview":"max-video-preview:-1"},"canonical":"https:\/\/komma.ostfalia.de\/index.php\/audio-uni-datengetriebenes-marketing-frank-reese\/","og_locale":"de_DE","og_type":"article","og_title":"Frank Reese im Interview zu datengetriebenem Marketing - KomMa","og_description":"Neue Podcast-Episode der Audio-Uni mit Frank Reese - Experte f\u00fcr datengetriebenes Marketing. Kostenlos reinh\u00f6ren!","og_url":"https:\/\/komma.ostfalia.de\/index.php\/audio-uni-datengetriebenes-marketing-frank-reese\/","og_site_name":"KomMa","article_published_time":"2021-03-01T11:18:15+00:00","article_modified_time":"2024-04-23T07:48:53+00:00","og_image":[{"width":1120,"height":630,"url":"https:\/\/komma.ostfalia.de\/wp-content\/uploads\/2021\/03\/audio-uni-datengetriebenes-marketing.jpg","type":"image\/jpeg"}],"author":"Benjamin","twitter_card":"summary_large_image","twitter_creator":"@komma_ostfalia","twitter_site":"@komma_ostfalia","twitter_misc":{"Verfasst von":"Benjamin"},"schema":{"@context":"https:\/\/schema.org","@graph":[{"@type":"Article","@id":"https:\/\/komma.ostfalia.de\/index.php\/audio-uni-datengetriebenes-marketing-frank-reese\/#article","isPartOf":{"@id":"https:\/\/komma.ostfalia.de\/index.php\/audio-uni-datengetriebenes-marketing-frank-reese\/"},"author":{"name":"Benjamin","@id":"https:\/\/komma.ostfalia.de\/#\/schema\/person\/e574b791085f3f761350425ec0a6bb71"},"headline":"Audio-Uni: Datengetriebenes Marketing mit Frank Reese","datePublished":"2021-03-01T11:18:15+00:00","dateModified":"2024-04-23T07:48:53+00:00","mainEntityOfPage":{"@id":"https:\/\/komma.ostfalia.de\/index.php\/audio-uni-datengetriebenes-marketing-frank-reese\/"},"wordCount":99,"commentCount":0,"publisher":{"@id":"https:\/\/komma.ostfalia.de\/#organization"},"image":{"@id":"https:\/\/komma.ostfalia.de\/index.php\/audio-uni-datengetriebenes-marketing-frank-reese\/#primaryimage"},"thumbnailUrl":"https:\/\/komma.ostfalia.de\/wp-content\/uploads\/2021\/03\/audio-uni-datengetriebenes-marketing.jpg","keywords":["Audio Uni","Data-driven Marketing","Podcast","Tracking","Web Analytics"],"articleSection":["Digitale Lehre"],"inLanguage":"de","potentialAction":[{"@type":"CommentAction","name":"Comment","target":["https:\/\/komma.ostfalia.de\/index.php\/audio-uni-datengetriebenes-marketing-frank-reese\/#respond"]}]},{"@type":"WebPage","@id":"https:\/\/komma.ostfalia.de\/index.php\/audio-uni-datengetriebenes-marketing-frank-reese\/","url":"https:\/\/komma.ostfalia.de\/index.php\/audio-uni-datengetriebenes-marketing-frank-reese\/","name":"Frank Reese im Interview zu datengetriebenem Marketing - KomMa","isPartOf":{"@id":"https:\/\/komma.ostfalia.de\/#website"},"primaryImageOfPage":{"@id":"https:\/\/komma.ostfalia.de\/index.php\/audio-uni-datengetriebenes-marketing-frank-reese\/#primaryimage"},"image":{"@id":"https:\/\/komma.ostfalia.de\/index.php\/audio-uni-datengetriebenes-marketing-frank-reese\/#primaryimage"},"thumbnailUrl":"https:\/\/komma.ostfalia.de\/wp-content\/uploads\/2021\/03\/audio-uni-datengetriebenes-marketing.jpg","datePublished":"2021-03-01T11:18:15+00:00","dateModified":"2024-04-23T07:48:53+00:00","description":"Neue Podcast-Episode der Audio-Uni mit Frank Reese - Experte f\u00fcr datengetriebenes Marketing. Kostenlos reinh\u00f6ren!","breadcrumb":{"@id":"https:\/\/komma.ostfalia.de\/index.php\/audio-uni-datengetriebenes-marketing-frank-reese\/#breadcrumb"},"inLanguage":"de","potentialAction":[{"@type":"ReadAction","target":["https:\/\/komma.ostfalia.de\/index.php\/audio-uni-datengetriebenes-marketing-frank-reese\/"]}]},{"@type":"ImageObject","inLanguage":"de","@id":"https:\/\/komma.ostfalia.de\/index.php\/audio-uni-datengetriebenes-marketing-frank-reese\/#primaryimage","url":"https:\/\/komma.ostfalia.de\/wp-content\/uploads\/2021\/03\/audio-uni-datengetriebenes-marketing.jpg","contentUrl":"https:\/\/komma.ostfalia.de\/wp-content\/uploads\/2021\/03\/audio-uni-datengetriebenes-marketing.jpg","width":1120,"height":630},{"@type":"BreadcrumbList","@id":"https:\/\/komma.ostfalia.de\/index.php\/audio-uni-datengetriebenes-marketing-frank-reese\/#breadcrumb","itemListElement":[{"@type":"ListItem","position":1,"name":"Startseite","item":"https:\/\/komma.ostfalia.de\/"},{"@type":"ListItem","position":2,"name":"Digitale Lehre","item":"https:\/\/komma.ostfalia.de\/index.php\/kategorie\/digitale-lehre\/"},{"@type":"ListItem","position":3,"name":"Audio-Uni: Datengetriebenes Marketing mit Frank Reese"}]},{"@type":"WebSite","@id":"https:\/\/komma.ostfalia.de\/#website","url":"https:\/\/komma.ostfalia.de\/","name":"KomMa","description":"Professur f\u00fcr Kommunikationsmanagement","publisher":{"@id":"https:\/\/komma.ostfalia.de\/#organization"},"potentialAction":[{"@type":"SearchAction","target":{"@type":"EntryPoint","urlTemplate":"https:\/\/komma.ostfalia.de\/?s={search_term_string}"},"query-input":"required name=search_term_string"}],"inLanguage":"de"},{"@type":"Organization","@id":"https:\/\/komma.ostfalia.de\/#organization","name":"KomMa - Professur f\u00fcr Kommunikationsmanagement","url":"https:\/\/komma.ostfalia.de\/","logo":{"@type":"ImageObject","inLanguage":"de","@id":"https:\/\/komma.ostfalia.de\/#\/schema\/logo\/image\/","url":"https:\/\/komma.ostfalia.de\/wp-content\/uploads\/2020\/05\/komma-signet.png","contentUrl":"https:\/\/komma.ostfalia.de\/wp-content\/uploads\/2020\/05\/komma-signet.png","width":512,"height":512,"caption":"KomMa - Professur f\u00fcr Kommunikationsmanagement"},"image":{"@id":"https:\/\/komma.ostfalia.de\/#\/schema\/logo\/image\/"},"sameAs":["https:\/\/twitter.com\/komma_ostfalia"]},{"@type":"Person","@id":"https:\/\/komma.ostfalia.de\/#\/schema\/person\/e574b791085f3f761350425ec0a6bb71","name":"Benjamin","image":{"@type":"ImageObject","inLanguage":"de","@id":"https:\/\/komma.ostfalia.de\/#\/schema\/person\/image\/","url":"https:\/\/secure.gravatar.com\/avatar\/8f7d4988d143eeadebdf2a3b4be91af0?s=96&d=mm&r=g","contentUrl":"https:\/\/secure.gravatar.com\/avatar\/8f7d4988d143eeadebdf2a3b4be91af0?s=96&d=mm&r=g","caption":"Benjamin"}}]}},"_links":{"self":[{"href":"https:\/\/komma.ostfalia.de\/index.php\/wp-json\/wp\/v2\/posts\/4801"}],"collection":[{"href":"https:\/\/komma.ostfalia.de\/index.php\/wp-json\/wp\/v2\/posts"}],"about":[{"href":"https:\/\/komma.ostfalia.de\/index.php\/wp-json\/wp\/v2\/types\/post"}],"author":[{"embeddable":true,"href":"https:\/\/komma.ostfalia.de\/index.php\/wp-json\/wp\/v2\/users\/6"}],"replies":[{"embeddable":true,"href":"https:\/\/komma.ostfalia.de\/index.php\/wp-json\/wp\/v2\/comments?post=4801"}],"version-history":[{"count":1,"href":"https:\/\/komma.ostfalia.de\/index.php\/wp-json\/wp\/v2\/posts\/4801\/revisions"}],"predecessor-version":[{"id":12733,"href":"https:\/\/komma.ostfalia.de\/index.php\/wp-json\/wp\/v2\/posts\/4801\/revisions\/12733"}],"wp:featuredmedia":[{"embeddable":true,"href":"https:\/\/komma.ostfalia.de\/index.php\/wp-json\/wp\/v2\/media\/4802"}],"wp:attachment":[{"href":"https:\/\/komma.ostfalia.de\/index.php\/wp-json\/wp\/v2\/media?parent=4801"}],"wp:term":[{"taxonomy":"category","embeddable":true,"href":"https:\/\/komma.ostfalia.de\/index.php\/wp-json\/wp\/v2\/categories?post=4801"},{"taxonomy":"post_tag","embeddable":true,"href":"https:\/\/komma.ostfalia.de\/index.php\/wp-json\/wp\/v2\/tags?post=4801"}],"curies":[{"name":"wp","href":"https:\/\/api.w.org\/{rel}","templated":true}]}}