{"id":4693,"date":"2021-02-19T19:19:00","date_gmt":"2021-02-19T18:19:00","guid":{"rendered":"https:\/\/komma.ostfalia.de\/?p=4693"},"modified":"2021-03-30T09:40:48","modified_gmt":"2021-03-30T07:40:48","slug":"tschuess-wintersemester","status":"publish","type":"post","link":"https:\/\/komma.ostfalia.de\/index.php\/tschuess-wintersemester\/","title":{"rendered":"Tsch\u00fcss Wintersemester!"},"content":{"rendered":"\n<p>Das KomMa-Team verabschiedet sich bei Fr\u00fchlingstemperaturen vom Wintersemester 2020\/2021 mit den letzten Bildern von Sonne und Schnee und einem interessanterweise durchweg positiven Fazit. Es ist gelungen, die Kurse im Masterstudiengang Kommunikationsmanagement souver\u00e4n per Online-Lehre abzuwickeln. Im R\u00fcckblick bestand ja sogar In den ersten zwei Semesterwochen an der Ostfalia (Start Ende September) im Unterschied zu anderen Hochschulen die M\u00f6glichkeit, sich unter Einhaltung der Hygienebestimmungen pers\u00f6nlich kennenzulernen. Inzwischen erscheint das, als w\u00fcrde es eine Ewigkeit zur\u00fcckliegen.<\/p>\n\n\n\n<h2 class=\"wp-block-heading\">Digitale Lehre funktioniert<\/h2>\n\n\n\n<p>Die gemeinsam im Team entwickelten und angewandten digitalen Lehrformate haben indes einen Reifegrad erreicht, von dem man in den vergangenen Jahren nur h\u00e4tte tr\u00e4umen k\u00f6nnen. Dank guter nationaler und internationaler Vernetzung, kann man in Salzgitter selbstbewusst daf\u00fcr einstehen ein hohes Niveau zu erreichen, mit h\u00f6chstem Anspruch Bildungsmedien zu entwickeln. Das liegt unter anderem auch daran, dass KomMa gleich zwei Mal mit Antr\u00e4gen in der F\u00f6rderlinie &#8220;Innovation Plus&#8221; erfolgreich war. Aktuell bereitet das Team den Start des Lehrprojekts <a href=\"https:\/\/komma.ostfalia.de\/lernen-durch-lehre-fuer-lehrende-und-forschende\/\">Lernen durch Lehre f\u00fcr Lehrende und Forschende<\/a> vor.<\/p>\n\n\n\n<h2 class=\"wp-block-heading\">Liebe Studis, vielen Dank!<\/h2>\n\n\n\n<p>Dankesch\u00f6n, dass sich auf die neue digitale Hochschulwelt so gut eingelassen wurde, dass solch hervorragende Ergebnisse erzielt wurden (wir werden auf <a href=\"https:\/\/komma.ostfalia.de\/\">komma.ostfalia.de<\/a> auch weiter dar\u00fcber berichten) und dass wir gemeinsam die digitale Hochschullehre weiterentwickeln durften.<\/p>\n\n\n\n<p>Zum Abschied gibt es den letzten Schnee dieses Jahres! Salzgitter, Campus, Geb\u00e4ude C &#8211; hoffentlich bald dann wieder gemeinsam hier.<\/p>\n","protected":false},"excerpt":{"rendered":"<p>Das KomMa-Team verabschiedet sich bei Fr\u00fchlingstemperaturen vom Wintersemester 2020\/2021 mit den letzten Bildern von Sonne und Schnee und einem interessanterweise durchweg positiven Fazit. Es ist gelungen, die Kurse im Masterstudiengang Kommunikationsmanagement souver\u00e4n per Online-Lehre abzuwickeln. Im R\u00fcckblick bestand ja sogar In den ersten zwei Semesterwochen an der Ostfalia (Start Ende September) im Unterschied zu anderen [&hellip;]<\/p>\n","protected":false},"author":1,"featured_media":4694,"comment_status":"open","ping_status":"open","sticky":false,"template":"","format":"standard","meta":{"_acf_changed":false,"footnotes":""},"categories":[57],"tags":[69],"acf":[],"yoast_head":"<title>Tsch\u00fcss Wintersemester! - KomMa<\/title>\n<meta name=\"robots\" content=\"index, follow, max-snippet:-1, max-image-preview:large, max-video-preview:-1\" \/>\n<link rel=\"canonical\" href=\"https:\/\/komma.ostfalia.de\/index.php\/tschuess-wintersemester\/\" \/>\n<meta property=\"og:locale\" content=\"de_DE\" \/>\n<meta property=\"og:type\" content=\"article\" \/>\n<meta property=\"og:title\" content=\"Tsch\u00fcss Wintersemester! - KomMa\" \/>\n<meta property=\"og:description\" content=\"Das KomMa-Team verabschiedet sich bei Fr\u00fchlingstemperaturen vom Wintersemester 2020\/2021 mit den letzten Bildern von Sonne und Schnee und einem interessanterweise durchweg positiven Fazit. Es ist gelungen, die Kurse im Masterstudiengang Kommunikationsmanagement souver\u00e4n per Online-Lehre abzuwickeln. Im R\u00fcckblick bestand ja sogar In den ersten zwei Semesterwochen an der Ostfalia (Start Ende September) im Unterschied zu anderen [&hellip;]\" \/>\n<meta property=\"og:url\" content=\"https:\/\/komma.ostfalia.de\/index.php\/tschuess-wintersemester\/\" \/>\n<meta property=\"og:site_name\" content=\"KomMa\" \/>\n<meta property=\"article:published_time\" content=\"2021-02-19T18:19:00+00:00\" \/>\n<meta property=\"article:modified_time\" content=\"2021-03-30T07:40:48+00:00\" \/>\n<meta property=\"og:image\" content=\"https:\/\/komma.ostfalia.de\/wp-content\/uploads\/2021\/02\/ostfalia-salzgitter-campus-c.jpg\" \/>\n\t<meta property=\"og:image:width\" content=\"1120\" \/>\n\t<meta property=\"og:image:height\" content=\"630\" \/>\n\t<meta property=\"og:image:type\" content=\"image\/jpeg\" \/>\n<meta name=\"author\" content=\"KomMa-Team\" \/>\n<meta name=\"twitter:card\" content=\"summary_large_image\" \/>\n<meta name=\"twitter:creator\" content=\"@komma_ostfalia\" \/>\n<meta name=\"twitter:site\" content=\"@komma_ostfalia\" \/>\n<meta name=\"twitter:label1\" content=\"Verfasst von\" \/>\n\t<meta name=\"twitter:data1\" content=\"KomMa-Team\" \/>\n\t<meta name=\"twitter:label2\" content=\"Gesch\u00e4tzte Lesezeit\" \/>\n\t<meta name=\"twitter:data2\" content=\"1\u00a0Minute\" \/>\n<script type=\"application\/ld+json\" class=\"yoast-schema-graph\">{\"@context\":\"https:\/\/schema.org\",\"@graph\":[{\"@type\":\"Article\",\"@id\":\"https:\/\/komma.ostfalia.de\/index.php\/tschuess-wintersemester\/#article\",\"isPartOf\":{\"@id\":\"https:\/\/komma.ostfalia.de\/index.php\/tschuess-wintersemester\/\"},\"author\":{\"name\":\"KomMa-Team\",\"@id\":\"https:\/\/komma.ostfalia.de\/#\/schema\/person\/2297cca325c7233192dce89bbb68ca24\"},\"headline\":\"Tsch\u00fcss Wintersemester!\",\"datePublished\":\"2021-02-19T18:19:00+00:00\",\"dateModified\":\"2021-03-30T07:40:48+00:00\",\"mainEntityOfPage\":{\"@id\":\"https:\/\/komma.ostfalia.de\/index.php\/tschuess-wintersemester\/\"},\"wordCount\":243,\"commentCount\":0,\"publisher\":{\"@id\":\"https:\/\/komma.ostfalia.de\/#organization\"},\"image\":{\"@id\":\"https:\/\/komma.ostfalia.de\/index.php\/tschuess-wintersemester\/#primaryimage\"},\"thumbnailUrl\":\"https:\/\/komma.ostfalia.de\/wp-content\/uploads\/2021\/02\/ostfalia-salzgitter-campus-c.jpg\",\"keywords\":[\"Salzgitter\"],\"articleSection\":[\"Studium\"],\"inLanguage\":\"de\",\"potentialAction\":[{\"@type\":\"CommentAction\",\"name\":\"Comment\",\"target\":[\"https:\/\/komma.ostfalia.de\/index.php\/tschuess-wintersemester\/#respond\"]}]},{\"@type\":\"WebPage\",\"@id\":\"https:\/\/komma.ostfalia.de\/index.php\/tschuess-wintersemester\/\",\"url\":\"https:\/\/komma.ostfalia.de\/index.php\/tschuess-wintersemester\/\",\"name\":\"Tsch\u00fcss Wintersemester! - KomMa\",\"isPartOf\":{\"@id\":\"https:\/\/komma.ostfalia.de\/#website\"},\"primaryImageOfPage\":{\"@id\":\"https:\/\/komma.ostfalia.de\/index.php\/tschuess-wintersemester\/#primaryimage\"},\"image\":{\"@id\":\"https:\/\/komma.ostfalia.de\/index.php\/tschuess-wintersemester\/#primaryimage\"},\"thumbnailUrl\":\"https:\/\/komma.ostfalia.de\/wp-content\/uploads\/2021\/02\/ostfalia-salzgitter-campus-c.jpg\",\"datePublished\":\"2021-02-19T18:19:00+00:00\",\"dateModified\":\"2021-03-30T07:40:48+00:00\",\"breadcrumb\":{\"@id\":\"https:\/\/komma.ostfalia.de\/index.php\/tschuess-wintersemester\/#breadcrumb\"},\"inLanguage\":\"de\",\"potentialAction\":[{\"@type\":\"ReadAction\",\"target\":[\"https:\/\/komma.ostfalia.de\/index.php\/tschuess-wintersemester\/\"]}]},{\"@type\":\"ImageObject\",\"inLanguage\":\"de\",\"@id\":\"https:\/\/komma.ostfalia.de\/index.php\/tschuess-wintersemester\/#primaryimage\",\"url\":\"https:\/\/komma.ostfalia.de\/wp-content\/uploads\/2021\/02\/ostfalia-salzgitter-campus-c.jpg\",\"contentUrl\":\"https:\/\/komma.ostfalia.de\/wp-content\/uploads\/2021\/02\/ostfalia-salzgitter-campus-c.jpg\",\"width\":1120,\"height\":630},{\"@type\":\"BreadcrumbList\",\"@id\":\"https:\/\/komma.ostfalia.de\/index.php\/tschuess-wintersemester\/#breadcrumb\",\"itemListElement\":[{\"@type\":\"ListItem\",\"position\":1,\"name\":\"Startseite\",\"item\":\"https:\/\/komma.ostfalia.de\/\"},{\"@type\":\"ListItem\",\"position\":2,\"name\":\"Studium\",\"item\":\"https:\/\/komma.ostfalia.de\/index.php\/kategorie\/studium\/\"},{\"@type\":\"ListItem\",\"position\":3,\"name\":\"Tsch\u00fcss Wintersemester!\"}]},{\"@type\":\"WebSite\",\"@id\":\"https:\/\/komma.ostfalia.de\/#website\",\"url\":\"https:\/\/komma.ostfalia.de\/\",\"name\":\"KomMa\",\"description\":\"Professur f\u00fcr Kommunikationsmanagement\",\"publisher\":{\"@id\":\"https:\/\/komma.ostfalia.de\/#organization\"},\"potentialAction\":[{\"@type\":\"SearchAction\",\"target\":{\"@type\":\"EntryPoint\",\"urlTemplate\":\"https:\/\/komma.ostfalia.de\/?s={search_term_string}\"},\"query-input\":\"required name=search_term_string\"}],\"inLanguage\":\"de\"},{\"@type\":\"Organization\",\"@id\":\"https:\/\/komma.ostfalia.de\/#organization\",\"name\":\"KomMa - Professur f\u00fcr Kommunikationsmanagement\",\"url\":\"https:\/\/komma.ostfalia.de\/\",\"logo\":{\"@type\":\"ImageObject\",\"inLanguage\":\"de\",\"@id\":\"https:\/\/komma.ostfalia.de\/#\/schema\/logo\/image\/\",\"url\":\"https:\/\/komma.ostfalia.de\/wp-content\/uploads\/2020\/05\/komma-signet.png\",\"contentUrl\":\"https:\/\/komma.ostfalia.de\/wp-content\/uploads\/2020\/05\/komma-signet.png\",\"width\":512,\"height\":512,\"caption\":\"KomMa - Professur f\u00fcr Kommunikationsmanagement\"},\"image\":{\"@id\":\"https:\/\/komma.ostfalia.de\/#\/schema\/logo\/image\/\"},\"sameAs\":[\"https:\/\/twitter.com\/komma_ostfalia\"]},{\"@type\":\"Person\",\"@id\":\"https:\/\/komma.ostfalia.de\/#\/schema\/person\/2297cca325c7233192dce89bbb68ca24\",\"name\":\"KomMa-Team\",\"image\":{\"@type\":\"ImageObject\",\"inLanguage\":\"de\",\"@id\":\"https:\/\/komma.ostfalia.de\/#\/schema\/person\/image\/\",\"url\":\"https:\/\/secure.gravatar.com\/avatar\/0e2f17e0b0f28f6a6baeb346932d58f2?s=96&d=mm&r=g\",\"contentUrl\":\"https:\/\/secure.gravatar.com\/avatar\/0e2f17e0b0f28f6a6baeb346932d58f2?s=96&d=mm&r=g\",\"caption\":\"KomMa-Team\"}}]}<\/script>","yoast_head_json":{"title":"Tsch\u00fcss Wintersemester! - KomMa","robots":{"index":"index","follow":"follow","max-snippet":"max-snippet:-1","max-image-preview":"max-image-preview:large","max-video-preview":"max-video-preview:-1"},"canonical":"https:\/\/komma.ostfalia.de\/index.php\/tschuess-wintersemester\/","og_locale":"de_DE","og_type":"article","og_title":"Tsch\u00fcss Wintersemester! - KomMa","og_description":"Das KomMa-Team verabschiedet sich bei Fr\u00fchlingstemperaturen vom Wintersemester 2020\/2021 mit den letzten Bildern von Sonne und Schnee und einem interessanterweise durchweg positiven Fazit. Es ist gelungen, die Kurse im Masterstudiengang Kommunikationsmanagement souver\u00e4n per Online-Lehre abzuwickeln. Im R\u00fcckblick bestand ja sogar In den ersten zwei Semesterwochen an der Ostfalia (Start Ende September) im Unterschied zu anderen [&hellip;]","og_url":"https:\/\/komma.ostfalia.de\/index.php\/tschuess-wintersemester\/","og_site_name":"KomMa","article_published_time":"2021-02-19T18:19:00+00:00","article_modified_time":"2021-03-30T07:40:48+00:00","og_image":[{"width":1120,"height":630,"url":"https:\/\/komma.ostfalia.de\/wp-content\/uploads\/2021\/02\/ostfalia-salzgitter-campus-c.jpg","type":"image\/jpeg"}],"author":"KomMa-Team","twitter_card":"summary_large_image","twitter_creator":"@komma_ostfalia","twitter_site":"@komma_ostfalia","twitter_misc":{"Verfasst von":"KomMa-Team","Gesch\u00e4tzte Lesezeit":"1\u00a0Minute"},"schema":{"@context":"https:\/\/schema.org","@graph":[{"@type":"Article","@id":"https:\/\/komma.ostfalia.de\/index.php\/tschuess-wintersemester\/#article","isPartOf":{"@id":"https:\/\/komma.ostfalia.de\/index.php\/tschuess-wintersemester\/"},"author":{"name":"KomMa-Team","@id":"https:\/\/komma.ostfalia.de\/#\/schema\/person\/2297cca325c7233192dce89bbb68ca24"},"headline":"Tsch\u00fcss Wintersemester!","datePublished":"2021-02-19T18:19:00+00:00","dateModified":"2021-03-30T07:40:48+00:00","mainEntityOfPage":{"@id":"https:\/\/komma.ostfalia.de\/index.php\/tschuess-wintersemester\/"},"wordCount":243,"commentCount":0,"publisher":{"@id":"https:\/\/komma.ostfalia.de\/#organization"},"image":{"@id":"https:\/\/komma.ostfalia.de\/index.php\/tschuess-wintersemester\/#primaryimage"},"thumbnailUrl":"https:\/\/komma.ostfalia.de\/wp-content\/uploads\/2021\/02\/ostfalia-salzgitter-campus-c.jpg","keywords":["Salzgitter"],"articleSection":["Studium"],"inLanguage":"de","potentialAction":[{"@type":"CommentAction","name":"Comment","target":["https:\/\/komma.ostfalia.de\/index.php\/tschuess-wintersemester\/#respond"]}]},{"@type":"WebPage","@id":"https:\/\/komma.ostfalia.de\/index.php\/tschuess-wintersemester\/","url":"https:\/\/komma.ostfalia.de\/index.php\/tschuess-wintersemester\/","name":"Tsch\u00fcss Wintersemester! - KomMa","isPartOf":{"@id":"https:\/\/komma.ostfalia.de\/#website"},"primaryImageOfPage":{"@id":"https:\/\/komma.ostfalia.de\/index.php\/tschuess-wintersemester\/#primaryimage"},"image":{"@id":"https:\/\/komma.ostfalia.de\/index.php\/tschuess-wintersemester\/#primaryimage"},"thumbnailUrl":"https:\/\/komma.ostfalia.de\/wp-content\/uploads\/2021\/02\/ostfalia-salzgitter-campus-c.jpg","datePublished":"2021-02-19T18:19:00+00:00","dateModified":"2021-03-30T07:40:48+00:00","breadcrumb":{"@id":"https:\/\/komma.ostfalia.de\/index.php\/tschuess-wintersemester\/#breadcrumb"},"inLanguage":"de","potentialAction":[{"@type":"ReadAction","target":["https:\/\/komma.ostfalia.de\/index.php\/tschuess-wintersemester\/"]}]},{"@type":"ImageObject","inLanguage":"de","@id":"https:\/\/komma.ostfalia.de\/index.php\/tschuess-wintersemester\/#primaryimage","url":"https:\/\/komma.ostfalia.de\/wp-content\/uploads\/2021\/02\/ostfalia-salzgitter-campus-c.jpg","contentUrl":"https:\/\/komma.ostfalia.de\/wp-content\/uploads\/2021\/02\/ostfalia-salzgitter-campus-c.jpg","width":1120,"height":630},{"@type":"BreadcrumbList","@id":"https:\/\/komma.ostfalia.de\/index.php\/tschuess-wintersemester\/#breadcrumb","itemListElement":[{"@type":"ListItem","position":1,"name":"Startseite","item":"https:\/\/komma.ostfalia.de\/"},{"@type":"ListItem","position":2,"name":"Studium","item":"https:\/\/komma.ostfalia.de\/index.php\/kategorie\/studium\/"},{"@type":"ListItem","position":3,"name":"Tsch\u00fcss Wintersemester!"}]},{"@type":"WebSite","@id":"https:\/\/komma.ostfalia.de\/#website","url":"https:\/\/komma.ostfalia.de\/","name":"KomMa","description":"Professur f\u00fcr Kommunikationsmanagement","publisher":{"@id":"https:\/\/komma.ostfalia.de\/#organization"},"potentialAction":[{"@type":"SearchAction","target":{"@type":"EntryPoint","urlTemplate":"https:\/\/komma.ostfalia.de\/?s={search_term_string}"},"query-input":"required name=search_term_string"}],"inLanguage":"de"},{"@type":"Organization","@id":"https:\/\/komma.ostfalia.de\/#organization","name":"KomMa - Professur f\u00fcr Kommunikationsmanagement","url":"https:\/\/komma.ostfalia.de\/","logo":{"@type":"ImageObject","inLanguage":"de","@id":"https:\/\/komma.ostfalia.de\/#\/schema\/logo\/image\/","url":"https:\/\/komma.ostfalia.de\/wp-content\/uploads\/2020\/05\/komma-signet.png","contentUrl":"https:\/\/komma.ostfalia.de\/wp-content\/uploads\/2020\/05\/komma-signet.png","width":512,"height":512,"caption":"KomMa - Professur f\u00fcr Kommunikationsmanagement"},"image":{"@id":"https:\/\/komma.ostfalia.de\/#\/schema\/logo\/image\/"},"sameAs":["https:\/\/twitter.com\/komma_ostfalia"]},{"@type":"Person","@id":"https:\/\/komma.ostfalia.de\/#\/schema\/person\/2297cca325c7233192dce89bbb68ca24","name":"KomMa-Team","image":{"@type":"ImageObject","inLanguage":"de","@id":"https:\/\/komma.ostfalia.de\/#\/schema\/person\/image\/","url":"https:\/\/secure.gravatar.com\/avatar\/0e2f17e0b0f28f6a6baeb346932d58f2?s=96&d=mm&r=g","contentUrl":"https:\/\/secure.gravatar.com\/avatar\/0e2f17e0b0f28f6a6baeb346932d58f2?s=96&d=mm&r=g","caption":"KomMa-Team"}}]}},"_links":{"self":[{"href":"https:\/\/komma.ostfalia.de\/index.php\/wp-json\/wp\/v2\/posts\/4693"}],"collection":[{"href":"https:\/\/komma.ostfalia.de\/index.php\/wp-json\/wp\/v2\/posts"}],"about":[{"href":"https:\/\/komma.ostfalia.de\/index.php\/wp-json\/wp\/v2\/types\/post"}],"author":[{"embeddable":true,"href":"https:\/\/komma.ostfalia.de\/index.php\/wp-json\/wp\/v2\/users\/1"}],"replies":[{"embeddable":true,"href":"https:\/\/komma.ostfalia.de\/index.php\/wp-json\/wp\/v2\/comments?post=4693"}],"version-history":[{"count":0,"href":"https:\/\/komma.ostfalia.de\/index.php\/wp-json\/wp\/v2\/posts\/4693\/revisions"}],"wp:featuredmedia":[{"embeddable":true,"href":"https:\/\/komma.ostfalia.de\/index.php\/wp-json\/wp\/v2\/media\/4694"}],"wp:attachment":[{"href":"https:\/\/komma.ostfalia.de\/index.php\/wp-json\/wp\/v2\/media?parent=4693"}],"wp:term":[{"taxonomy":"category","embeddable":true,"href":"https:\/\/komma.ostfalia.de\/index.php\/wp-json\/wp\/v2\/categories?post=4693"},{"taxonomy":"post_tag","embeddable":true,"href":"https:\/\/komma.ostfalia.de\/index.php\/wp-json\/wp\/v2\/tags?post=4693"}],"curies":[{"name":"wp","href":"https:\/\/api.w.org\/{rel}","templated":true}]}}