{"id":4663,"date":"2021-02-10T10:44:00","date_gmt":"2021-02-10T09:44:00","guid":{"rendered":"https:\/\/komma.ostfalia.de\/?p=4663"},"modified":"2021-02-10T11:23:39","modified_gmt":"2021-02-10T10:23:39","slug":"bjorn-beringer-neuer-referent-fur-offentlichkeitsarbeit","status":"publish","type":"post","link":"https:\/\/komma.ostfalia.de\/index.php\/bjorn-beringer-neuer-referent-fur-offentlichkeitsarbeit\/","title":{"rendered":"Bj\u00f6rn Beringer \u00fcbernimmt strategische Kommunikation der Ostfalia-Fakult\u00e4t Verkehr &#8211; Sport &#8211; Tourismus &#8211; Medien"},"content":{"rendered":"\n<p><strong>Mit besten Empfehlungen: Bj\u00f6rn Beringer aus dem KomMa-Team ist der neue Referent f\u00fcr \u00d6ffentlichkeitsarbeit an der Ostfalia in Salzgitter.<\/strong><\/p>\n\n\n\n<p>Zuvor begleitete er \u00fcber 15 Monate hinweg das Projekt &#8216;Location-Based Services in der regionalen Medienkommunikation&#8217;, das vom Europ\u00e4ischen Fonds f\u00fcr Regionale Entwicklung (EFRE) gef\u00f6rdert wird. In Zusammenarbeit mit Per Ole Uphaus pr\u00e4sentierte er erste Forschungsergebnisse auf einer Konferenz in Wien, f\u00fchrte Fokusgruppengespr\u00e4che mit relevanten Stakeholdern und Interviews f\u00fcr eine gro\u00df angelegte, international ausgerichtete Delphi-Studie. Das dadurch entstandene internationale Netzwerk bereicherte auch seine Studie, die er im Rahmen seiner exzellenten Masterarbeit durchf\u00fchrte.<\/p>\n\n\n\n<p>Sein Engagement ist auch an der Fakult\u00e4t Verkehr &#8211; Sport &#8211; Tourismus &#8211; Medien aufgefallen: Bj\u00f6rn Beringer ist seit Dezember 2020 der erste Referent f\u00fcr \u00d6ffentlichkeitsarbeit an der Fakult\u00e4t am Campus Salzgitter, die Position wurde neu geschaffen, um die Attraktivit\u00e4t der Studieng\u00e4nge in Salzgitter noch besser zu kommunizieren. Zu seinen Aufgaben geh\u00f6rt nun die operative PR-Arbeit, das Online-Marketing, sowie eine die verschiedenen Bereiche integrierende Strategieentwicklung f\u00fcr die Fakult\u00e4t.<\/p>\n\n\n\n<p>&#8220;Meine Zeit im KomMa-Team sehe ich als Inkubator f\u00fcr meine Entwicklung an.\u201c, sagt Beringer, er habe dort gelernt, eigenverantwortlich auf hohem Niveau zu forschen und seine F\u00e4higkeiten stets zu erweitern: \u201eIch danke dem KomMa-Team f\u00fcr die sch\u00f6ne Zeit und all die entstandenen M\u00f6glichkeiten.&#8221;<\/p>\n\n\n\n<p><br><\/p>\n","protected":false},"excerpt":{"rendered":"<p>Mit besten Empfehlungen: Bj\u00f6rn Beringer aus dem KomMa-Team ist der neue Referent f\u00fcr \u00d6ffentlichkeitsarbeit an der Ostfalia in Salzgitter. Zuvor begleitete er \u00fcber 15 Monate hinweg das Projekt &#8216;Location-Based Services in der regionalen Medienkommunikation&#8217;, das vom Europ\u00e4ischen Fonds f\u00fcr Regionale Entwicklung (EFRE) gef\u00f6rdert wird. In Zusammenarbeit mit Per Ole Uphaus pr\u00e4sentierte er erste Forschungsergebnisse auf [&hellip;]<\/p>\n","protected":false},"author":1,"featured_media":4665,"comment_status":"open","ping_status":"open","sticky":false,"template":"","format":"standard","meta":{"_acf_changed":false,"footnotes":""},"categories":[1],"tags":[],"acf":[],"yoast_head":"<title>Bj\u00f6rn Beringer \u00fcbernimmt strategische Kommunikation der Ostfalia-Fakult\u00e4t Verkehr - Sport - Tourismus - Medien - KomMa<\/title>\n<meta name=\"description\" content=\"Seit Dezember 2020 ist Bj\u00f6rn Beringer der erste Referent f\u00fcr \u00d6ffentlichkeitsarbeit am Campus Salzgitter der Ostfalia Hochschule.\" \/>\n<meta name=\"robots\" content=\"index, follow, max-snippet:-1, max-image-preview:large, max-video-preview:-1\" \/>\n<link rel=\"canonical\" href=\"https:\/\/komma.ostfalia.de\/index.php\/bjorn-beringer-neuer-referent-fur-offentlichkeitsarbeit\/\" \/>\n<meta property=\"og:locale\" content=\"de_DE\" \/>\n<meta property=\"og:type\" content=\"article\" \/>\n<meta property=\"og:title\" content=\"Bj\u00f6rn Beringer \u00fcbernimmt strategische Kommunikation der Ostfalia-Fakult\u00e4t Verkehr - Sport - Tourismus - Medien - KomMa\" \/>\n<meta property=\"og:description\" content=\"Seit Dezember 2020 ist Bj\u00f6rn Beringer der erste Referent f\u00fcr \u00d6ffentlichkeitsarbeit am Campus Salzgitter der Ostfalia Hochschule.\" \/>\n<meta property=\"og:url\" content=\"https:\/\/komma.ostfalia.de\/index.php\/bjorn-beringer-neuer-referent-fur-offentlichkeitsarbeit\/\" \/>\n<meta property=\"og:site_name\" content=\"KomMa\" \/>\n<meta property=\"article:published_time\" content=\"2021-02-10T09:44:00+00:00\" \/>\n<meta property=\"article:modified_time\" content=\"2021-02-10T10:23:39+00:00\" \/>\n<meta property=\"og:image\" content=\"https:\/\/komma.ostfalia.de\/wp-content\/uploads\/2021\/02\/bjoern-beringer-strategische-kommunikation.jpg\" \/>\n\t<meta property=\"og:image:width\" content=\"1120\" \/>\n\t<meta property=\"og:image:height\" content=\"630\" \/>\n\t<meta property=\"og:image:type\" content=\"image\/jpeg\" \/>\n<meta name=\"author\" content=\"KomMa-Team\" \/>\n<meta name=\"twitter:card\" content=\"summary_large_image\" \/>\n<meta name=\"twitter:creator\" content=\"@komma_ostfalia\" \/>\n<meta name=\"twitter:site\" content=\"@komma_ostfalia\" \/>\n<meta name=\"twitter:label1\" content=\"Verfasst von\" \/>\n\t<meta name=\"twitter:data1\" content=\"KomMa-Team\" \/>\n\t<meta name=\"twitter:label2\" content=\"Gesch\u00e4tzte Lesezeit\" \/>\n\t<meta name=\"twitter:data2\" content=\"1\u00a0Minute\" \/>\n<script type=\"application\/ld+json\" class=\"yoast-schema-graph\">{\"@context\":\"https:\/\/schema.org\",\"@graph\":[{\"@type\":\"Article\",\"@id\":\"https:\/\/komma.ostfalia.de\/index.php\/bjorn-beringer-neuer-referent-fur-offentlichkeitsarbeit\/#article\",\"isPartOf\":{\"@id\":\"https:\/\/komma.ostfalia.de\/index.php\/bjorn-beringer-neuer-referent-fur-offentlichkeitsarbeit\/\"},\"author\":{\"name\":\"KomMa-Team\",\"@id\":\"https:\/\/komma.ostfalia.de\/#\/schema\/person\/2297cca325c7233192dce89bbb68ca24\"},\"headline\":\"Bj\u00f6rn Beringer \u00fcbernimmt strategische Kommunikation der Ostfalia-Fakult\u00e4t Verkehr &#8211; Sport &#8211; Tourismus &#8211; Medien\",\"datePublished\":\"2021-02-10T09:44:00+00:00\",\"dateModified\":\"2021-02-10T10:23:39+00:00\",\"mainEntityOfPage\":{\"@id\":\"https:\/\/komma.ostfalia.de\/index.php\/bjorn-beringer-neuer-referent-fur-offentlichkeitsarbeit\/\"},\"wordCount\":239,\"commentCount\":0,\"publisher\":{\"@id\":\"https:\/\/komma.ostfalia.de\/#organization\"},\"image\":{\"@id\":\"https:\/\/komma.ostfalia.de\/index.php\/bjorn-beringer-neuer-referent-fur-offentlichkeitsarbeit\/#primaryimage\"},\"thumbnailUrl\":\"https:\/\/komma.ostfalia.de\/wp-content\/uploads\/2021\/02\/bjoern-beringer-strategische-kommunikation.jpg\",\"inLanguage\":\"de\",\"potentialAction\":[{\"@type\":\"CommentAction\",\"name\":\"Comment\",\"target\":[\"https:\/\/komma.ostfalia.de\/index.php\/bjorn-beringer-neuer-referent-fur-offentlichkeitsarbeit\/#respond\"]}]},{\"@type\":\"WebPage\",\"@id\":\"https:\/\/komma.ostfalia.de\/index.php\/bjorn-beringer-neuer-referent-fur-offentlichkeitsarbeit\/\",\"url\":\"https:\/\/komma.ostfalia.de\/index.php\/bjorn-beringer-neuer-referent-fur-offentlichkeitsarbeit\/\",\"name\":\"Bj\u00f6rn Beringer \u00fcbernimmt strategische Kommunikation der Ostfalia-Fakult\u00e4t Verkehr - Sport - Tourismus - Medien - KomMa\",\"isPartOf\":{\"@id\":\"https:\/\/komma.ostfalia.de\/#website\"},\"primaryImageOfPage\":{\"@id\":\"https:\/\/komma.ostfalia.de\/index.php\/bjorn-beringer-neuer-referent-fur-offentlichkeitsarbeit\/#primaryimage\"},\"image\":{\"@id\":\"https:\/\/komma.ostfalia.de\/index.php\/bjorn-beringer-neuer-referent-fur-offentlichkeitsarbeit\/#primaryimage\"},\"thumbnailUrl\":\"https:\/\/komma.ostfalia.de\/wp-content\/uploads\/2021\/02\/bjoern-beringer-strategische-kommunikation.jpg\",\"datePublished\":\"2021-02-10T09:44:00+00:00\",\"dateModified\":\"2021-02-10T10:23:39+00:00\",\"description\":\"Seit Dezember 2020 ist Bj\u00f6rn Beringer der erste Referent f\u00fcr \u00d6ffentlichkeitsarbeit am Campus Salzgitter der Ostfalia Hochschule.\",\"breadcrumb\":{\"@id\":\"https:\/\/komma.ostfalia.de\/index.php\/bjorn-beringer-neuer-referent-fur-offentlichkeitsarbeit\/#breadcrumb\"},\"inLanguage\":\"de\",\"potentialAction\":[{\"@type\":\"ReadAction\",\"target\":[\"https:\/\/komma.ostfalia.de\/index.php\/bjorn-beringer-neuer-referent-fur-offentlichkeitsarbeit\/\"]}]},{\"@type\":\"ImageObject\",\"inLanguage\":\"de\",\"@id\":\"https:\/\/komma.ostfalia.de\/index.php\/bjorn-beringer-neuer-referent-fur-offentlichkeitsarbeit\/#primaryimage\",\"url\":\"https:\/\/komma.ostfalia.de\/wp-content\/uploads\/2021\/02\/bjoern-beringer-strategische-kommunikation.jpg\",\"contentUrl\":\"https:\/\/komma.ostfalia.de\/wp-content\/uploads\/2021\/02\/bjoern-beringer-strategische-kommunikation.jpg\",\"width\":1120,\"height\":630},{\"@type\":\"BreadcrumbList\",\"@id\":\"https:\/\/komma.ostfalia.de\/index.php\/bjorn-beringer-neuer-referent-fur-offentlichkeitsarbeit\/#breadcrumb\",\"itemListElement\":[{\"@type\":\"ListItem\",\"position\":1,\"name\":\"Startseite\",\"item\":\"https:\/\/komma.ostfalia.de\/\"},{\"@type\":\"ListItem\",\"position\":2,\"name\":\"Allgemein\",\"item\":\"https:\/\/komma.ostfalia.de\/index.php\/kategorie\/allgemein\/\"},{\"@type\":\"ListItem\",\"position\":3,\"name\":\"Bj\u00f6rn Beringer \u00fcbernimmt strategische Kommunikation der Ostfalia-Fakult\u00e4t Verkehr &#8211; Sport &#8211; Tourismus &#8211; Medien\"}]},{\"@type\":\"WebSite\",\"@id\":\"https:\/\/komma.ostfalia.de\/#website\",\"url\":\"https:\/\/komma.ostfalia.de\/\",\"name\":\"KomMa\",\"description\":\"Professur f\u00fcr Kommunikationsmanagement\",\"publisher\":{\"@id\":\"https:\/\/komma.ostfalia.de\/#organization\"},\"potentialAction\":[{\"@type\":\"SearchAction\",\"target\":{\"@type\":\"EntryPoint\",\"urlTemplate\":\"https:\/\/komma.ostfalia.de\/?s={search_term_string}\"},\"query-input\":\"required name=search_term_string\"}],\"inLanguage\":\"de\"},{\"@type\":\"Organization\",\"@id\":\"https:\/\/komma.ostfalia.de\/#organization\",\"name\":\"KomMa - Professur f\u00fcr Kommunikationsmanagement\",\"url\":\"https:\/\/komma.ostfalia.de\/\",\"logo\":{\"@type\":\"ImageObject\",\"inLanguage\":\"de\",\"@id\":\"https:\/\/komma.ostfalia.de\/#\/schema\/logo\/image\/\",\"url\":\"https:\/\/komma.ostfalia.de\/wp-content\/uploads\/2020\/05\/komma-signet.png\",\"contentUrl\":\"https:\/\/komma.ostfalia.de\/wp-content\/uploads\/2020\/05\/komma-signet.png\",\"width\":512,\"height\":512,\"caption\":\"KomMa - Professur f\u00fcr Kommunikationsmanagement\"},\"image\":{\"@id\":\"https:\/\/komma.ostfalia.de\/#\/schema\/logo\/image\/\"},\"sameAs\":[\"https:\/\/twitter.com\/komma_ostfalia\"]},{\"@type\":\"Person\",\"@id\":\"https:\/\/komma.ostfalia.de\/#\/schema\/person\/2297cca325c7233192dce89bbb68ca24\",\"name\":\"KomMa-Team\",\"image\":{\"@type\":\"ImageObject\",\"inLanguage\":\"de\",\"@id\":\"https:\/\/komma.ostfalia.de\/#\/schema\/person\/image\/\",\"url\":\"https:\/\/secure.gravatar.com\/avatar\/0e2f17e0b0f28f6a6baeb346932d58f2?s=96&d=mm&r=g\",\"contentUrl\":\"https:\/\/secure.gravatar.com\/avatar\/0e2f17e0b0f28f6a6baeb346932d58f2?s=96&d=mm&r=g\",\"caption\":\"KomMa-Team\"}}]}<\/script>","yoast_head_json":{"title":"Bj\u00f6rn Beringer \u00fcbernimmt strategische Kommunikation der Ostfalia-Fakult\u00e4t Verkehr - Sport - Tourismus - Medien - KomMa","description":"Seit Dezember 2020 ist Bj\u00f6rn Beringer der erste Referent f\u00fcr \u00d6ffentlichkeitsarbeit am Campus Salzgitter der Ostfalia Hochschule.","robots":{"index":"index","follow":"follow","max-snippet":"max-snippet:-1","max-image-preview":"max-image-preview:large","max-video-preview":"max-video-preview:-1"},"canonical":"https:\/\/komma.ostfalia.de\/index.php\/bjorn-beringer-neuer-referent-fur-offentlichkeitsarbeit\/","og_locale":"de_DE","og_type":"article","og_title":"Bj\u00f6rn Beringer \u00fcbernimmt strategische Kommunikation der Ostfalia-Fakult\u00e4t Verkehr - Sport - Tourismus - Medien - KomMa","og_description":"Seit Dezember 2020 ist Bj\u00f6rn Beringer der erste Referent f\u00fcr \u00d6ffentlichkeitsarbeit am Campus Salzgitter der Ostfalia Hochschule.","og_url":"https:\/\/komma.ostfalia.de\/index.php\/bjorn-beringer-neuer-referent-fur-offentlichkeitsarbeit\/","og_site_name":"KomMa","article_published_time":"2021-02-10T09:44:00+00:00","article_modified_time":"2021-02-10T10:23:39+00:00","og_image":[{"width":1120,"height":630,"url":"https:\/\/komma.ostfalia.de\/wp-content\/uploads\/2021\/02\/bjoern-beringer-strategische-kommunikation.jpg","type":"image\/jpeg"}],"author":"KomMa-Team","twitter_card":"summary_large_image","twitter_creator":"@komma_ostfalia","twitter_site":"@komma_ostfalia","twitter_misc":{"Verfasst von":"KomMa-Team","Gesch\u00e4tzte Lesezeit":"1\u00a0Minute"},"schema":{"@context":"https:\/\/schema.org","@graph":[{"@type":"Article","@id":"https:\/\/komma.ostfalia.de\/index.php\/bjorn-beringer-neuer-referent-fur-offentlichkeitsarbeit\/#article","isPartOf":{"@id":"https:\/\/komma.ostfalia.de\/index.php\/bjorn-beringer-neuer-referent-fur-offentlichkeitsarbeit\/"},"author":{"name":"KomMa-Team","@id":"https:\/\/komma.ostfalia.de\/#\/schema\/person\/2297cca325c7233192dce89bbb68ca24"},"headline":"Bj\u00f6rn Beringer \u00fcbernimmt strategische Kommunikation der Ostfalia-Fakult\u00e4t Verkehr &#8211; Sport &#8211; Tourismus &#8211; Medien","datePublished":"2021-02-10T09:44:00+00:00","dateModified":"2021-02-10T10:23:39+00:00","mainEntityOfPage":{"@id":"https:\/\/komma.ostfalia.de\/index.php\/bjorn-beringer-neuer-referent-fur-offentlichkeitsarbeit\/"},"wordCount":239,"commentCount":0,"publisher":{"@id":"https:\/\/komma.ostfalia.de\/#organization"},"image":{"@id":"https:\/\/komma.ostfalia.de\/index.php\/bjorn-beringer-neuer-referent-fur-offentlichkeitsarbeit\/#primaryimage"},"thumbnailUrl":"https:\/\/komma.ostfalia.de\/wp-content\/uploads\/2021\/02\/bjoern-beringer-strategische-kommunikation.jpg","inLanguage":"de","potentialAction":[{"@type":"CommentAction","name":"Comment","target":["https:\/\/komma.ostfalia.de\/index.php\/bjorn-beringer-neuer-referent-fur-offentlichkeitsarbeit\/#respond"]}]},{"@type":"WebPage","@id":"https:\/\/komma.ostfalia.de\/index.php\/bjorn-beringer-neuer-referent-fur-offentlichkeitsarbeit\/","url":"https:\/\/komma.ostfalia.de\/index.php\/bjorn-beringer-neuer-referent-fur-offentlichkeitsarbeit\/","name":"Bj\u00f6rn Beringer \u00fcbernimmt strategische Kommunikation der Ostfalia-Fakult\u00e4t Verkehr - Sport - Tourismus - Medien - KomMa","isPartOf":{"@id":"https:\/\/komma.ostfalia.de\/#website"},"primaryImageOfPage":{"@id":"https:\/\/komma.ostfalia.de\/index.php\/bjorn-beringer-neuer-referent-fur-offentlichkeitsarbeit\/#primaryimage"},"image":{"@id":"https:\/\/komma.ostfalia.de\/index.php\/bjorn-beringer-neuer-referent-fur-offentlichkeitsarbeit\/#primaryimage"},"thumbnailUrl":"https:\/\/komma.ostfalia.de\/wp-content\/uploads\/2021\/02\/bjoern-beringer-strategische-kommunikation.jpg","datePublished":"2021-02-10T09:44:00+00:00","dateModified":"2021-02-10T10:23:39+00:00","description":"Seit Dezember 2020 ist Bj\u00f6rn Beringer der erste Referent f\u00fcr \u00d6ffentlichkeitsarbeit am Campus Salzgitter der Ostfalia Hochschule.","breadcrumb":{"@id":"https:\/\/komma.ostfalia.de\/index.php\/bjorn-beringer-neuer-referent-fur-offentlichkeitsarbeit\/#breadcrumb"},"inLanguage":"de","potentialAction":[{"@type":"ReadAction","target":["https:\/\/komma.ostfalia.de\/index.php\/bjorn-beringer-neuer-referent-fur-offentlichkeitsarbeit\/"]}]},{"@type":"ImageObject","inLanguage":"de","@id":"https:\/\/komma.ostfalia.de\/index.php\/bjorn-beringer-neuer-referent-fur-offentlichkeitsarbeit\/#primaryimage","url":"https:\/\/komma.ostfalia.de\/wp-content\/uploads\/2021\/02\/bjoern-beringer-strategische-kommunikation.jpg","contentUrl":"https:\/\/komma.ostfalia.de\/wp-content\/uploads\/2021\/02\/bjoern-beringer-strategische-kommunikation.jpg","width":1120,"height":630},{"@type":"BreadcrumbList","@id":"https:\/\/komma.ostfalia.de\/index.php\/bjorn-beringer-neuer-referent-fur-offentlichkeitsarbeit\/#breadcrumb","itemListElement":[{"@type":"ListItem","position":1,"name":"Startseite","item":"https:\/\/komma.ostfalia.de\/"},{"@type":"ListItem","position":2,"name":"Allgemein","item":"https:\/\/komma.ostfalia.de\/index.php\/kategorie\/allgemein\/"},{"@type":"ListItem","position":3,"name":"Bj\u00f6rn Beringer \u00fcbernimmt strategische Kommunikation der Ostfalia-Fakult\u00e4t Verkehr &#8211; Sport &#8211; Tourismus &#8211; Medien"}]},{"@type":"WebSite","@id":"https:\/\/komma.ostfalia.de\/#website","url":"https:\/\/komma.ostfalia.de\/","name":"KomMa","description":"Professur f\u00fcr Kommunikationsmanagement","publisher":{"@id":"https:\/\/komma.ostfalia.de\/#organization"},"potentialAction":[{"@type":"SearchAction","target":{"@type":"EntryPoint","urlTemplate":"https:\/\/komma.ostfalia.de\/?s={search_term_string}"},"query-input":"required name=search_term_string"}],"inLanguage":"de"},{"@type":"Organization","@id":"https:\/\/komma.ostfalia.de\/#organization","name":"KomMa - Professur f\u00fcr Kommunikationsmanagement","url":"https:\/\/komma.ostfalia.de\/","logo":{"@type":"ImageObject","inLanguage":"de","@id":"https:\/\/komma.ostfalia.de\/#\/schema\/logo\/image\/","url":"https:\/\/komma.ostfalia.de\/wp-content\/uploads\/2020\/05\/komma-signet.png","contentUrl":"https:\/\/komma.ostfalia.de\/wp-content\/uploads\/2020\/05\/komma-signet.png","width":512,"height":512,"caption":"KomMa - Professur f\u00fcr Kommunikationsmanagement"},"image":{"@id":"https:\/\/komma.ostfalia.de\/#\/schema\/logo\/image\/"},"sameAs":["https:\/\/twitter.com\/komma_ostfalia"]},{"@type":"Person","@id":"https:\/\/komma.ostfalia.de\/#\/schema\/person\/2297cca325c7233192dce89bbb68ca24","name":"KomMa-Team","image":{"@type":"ImageObject","inLanguage":"de","@id":"https:\/\/komma.ostfalia.de\/#\/schema\/person\/image\/","url":"https:\/\/secure.gravatar.com\/avatar\/0e2f17e0b0f28f6a6baeb346932d58f2?s=96&d=mm&r=g","contentUrl":"https:\/\/secure.gravatar.com\/avatar\/0e2f17e0b0f28f6a6baeb346932d58f2?s=96&d=mm&r=g","caption":"KomMa-Team"}}]}},"_links":{"self":[{"href":"https:\/\/komma.ostfalia.de\/index.php\/wp-json\/wp\/v2\/posts\/4663"}],"collection":[{"href":"https:\/\/komma.ostfalia.de\/index.php\/wp-json\/wp\/v2\/posts"}],"about":[{"href":"https:\/\/komma.ostfalia.de\/index.php\/wp-json\/wp\/v2\/types\/post"}],"author":[{"embeddable":true,"href":"https:\/\/komma.ostfalia.de\/index.php\/wp-json\/wp\/v2\/users\/1"}],"replies":[{"embeddable":true,"href":"https:\/\/komma.ostfalia.de\/index.php\/wp-json\/wp\/v2\/comments?post=4663"}],"version-history":[{"count":0,"href":"https:\/\/komma.ostfalia.de\/index.php\/wp-json\/wp\/v2\/posts\/4663\/revisions"}],"wp:featuredmedia":[{"embeddable":true,"href":"https:\/\/komma.ostfalia.de\/index.php\/wp-json\/wp\/v2\/media\/4665"}],"wp:attachment":[{"href":"https:\/\/komma.ostfalia.de\/index.php\/wp-json\/wp\/v2\/media?parent=4663"}],"wp:term":[{"taxonomy":"category","embeddable":true,"href":"https:\/\/komma.ostfalia.de\/index.php\/wp-json\/wp\/v2\/categories?post=4663"},{"taxonomy":"post_tag","embeddable":true,"href":"https:\/\/komma.ostfalia.de\/index.php\/wp-json\/wp\/v2\/tags?post=4663"}],"curies":[{"name":"wp","href":"https:\/\/api.w.org\/{rel}","templated":true}]}}