{"id":4524,"date":"2021-01-27T10:38:00","date_gmt":"2021-01-27T09:38:00","guid":{"rendered":"https:\/\/komma.ostfalia.de\/?p=4524"},"modified":"2020-11-18T10:48:34","modified_gmt":"2020-11-18T09:48:34","slug":"ueber-kommunikation-farewell-helge-lobler","status":"publish","type":"post","link":"https:\/\/komma.ostfalia.de\/index.php\/ueber-kommunikation-farewell-helge-lobler\/","title":{"rendered":"\u00dcber Kommunikation. Farewell f\u00fcr Helge L\u00f6bler."},"content":{"rendered":"\n<p>Prof. Dr. Helge L\u00f6bler, Inhaber des Lehrstuhls f\u00fcr Marketing an der Universit\u00e4t Leipzig wird in diesem Herbst emeritiert. Seit vielen Jahren ist L\u00f6bler eng mit dem KomMa-Team verbunden, gab in der Vergangenheit Impulse f\u00fcr den Masterstudiengang Kommunikationsmanagement und diskutiert leidenschaftlich und regelm\u00e4\u00dfig Fragen der erweiterten Kommunikationswissenschaften mit dem Professurinhaber. Es ist deshalb Ehrensache, dass Harald Rau auch einen Beitrag f\u00fcr die von L\u00f6blers Doktoranden vorbereitete Festschrift zum Abschied beisteuert. Sie tr\u00e4gt den Titel: &#8220;\u00dcber Kommunikation. Oder: Was ein m\u00f6glicher Verlust von Praktiken bedeutet.&#8221;, und sie beleuchtet ungew\u00f6hnliche theoretische Aspekte einer modern gedachten Kommunikationswissenschaft, die Basis auch aller Marketingbem\u00fchungen sind. Den Beitrag gibt es hier als exklusives Angebot <a href=\"https:\/\/komma.ostfalia.de\/wp-content\/uploads\/2020\/11\/loebler-festschrift-ueber-kommunikation.pdf\">als PDF zum direkten Download<\/a>. Er ist mit CC-Lizenz versehen und kann unter Nennung der Quelle und des Autors weiter verbreitet werden.<\/p>\n\n\n\n<p>Das Buch ist hier bestellbar: <a href=\"https:\/\/www.bod.de\/buchshop\/marketing-as-a-social-science-9783751933995\">https:\/\/www.bod.de\/buchshop\/marketing-as-a-social-science-9783751933995<\/a><\/p>\n\n\n\n<p><em>Foto: Sebastian Stieler<\/em><\/p>\n","protected":false},"excerpt":{"rendered":"<p>Prof. Dr. Helge L\u00f6bler, Inhaber des Lehrstuhls f\u00fcr Marketing an der Universit\u00e4t Leipzig wird in diesem Herbst emeritiert. Seit vielen Jahren ist L\u00f6bler eng mit dem KomMa-Team verbunden, gab in der Vergangenheit Impulse f\u00fcr den Masterstudiengang Kommunikationsmanagement und diskutiert leidenschaftlich und regelm\u00e4\u00dfig Fragen der erweiterten Kommunikationswissenschaften mit dem Professurinhaber. Es ist deshalb Ehrensache, dass Harald [&hellip;]<\/p>\n","protected":false},"author":1,"featured_media":4525,"comment_status":"open","ping_status":"open","sticky":false,"template":"","format":"standard","meta":{"_acf_changed":false,"footnotes":""},"categories":[1],"tags":[],"acf":[],"yoast_head":"<title>\u00dcber Kommunikation. Farewell f\u00fcr Helge L\u00f6bler. - KomMa<\/title>\n<meta name=\"robots\" content=\"index, follow, max-snippet:-1, max-image-preview:large, max-video-preview:-1\" \/>\n<link rel=\"canonical\" href=\"https:\/\/komma.ostfalia.de\/index.php\/ueber-kommunikation-farewell-helge-lobler\/\" \/>\n<meta property=\"og:locale\" content=\"de_DE\" \/>\n<meta property=\"og:type\" content=\"article\" \/>\n<meta property=\"og:title\" content=\"\u00dcber Kommunikation. Farewell f\u00fcr Helge L\u00f6bler. - KomMa\" \/>\n<meta property=\"og:description\" content=\"Prof. Dr. Helge L\u00f6bler, Inhaber des Lehrstuhls f\u00fcr Marketing an der Universit\u00e4t Leipzig wird in diesem Herbst emeritiert. Seit vielen Jahren ist L\u00f6bler eng mit dem KomMa-Team verbunden, gab in der Vergangenheit Impulse f\u00fcr den Masterstudiengang Kommunikationsmanagement und diskutiert leidenschaftlich und regelm\u00e4\u00dfig Fragen der erweiterten Kommunikationswissenschaften mit dem Professurinhaber. Es ist deshalb Ehrensache, dass Harald [&hellip;]\" \/>\n<meta property=\"og:url\" content=\"https:\/\/komma.ostfalia.de\/index.php\/ueber-kommunikation-farewell-helge-lobler\/\" \/>\n<meta property=\"og:site_name\" content=\"KomMa\" \/>\n<meta property=\"article:published_time\" content=\"2021-01-27T09:38:00+00:00\" \/>\n<meta property=\"article:modified_time\" content=\"2020-11-18T09:48:34+00:00\" \/>\n<meta property=\"og:image\" content=\"https:\/\/komma.ostfalia.de\/wp-content\/uploads\/2020\/11\/hele-loebler-uebergabe-festschrift.jpg\" \/>\n\t<meta property=\"og:image:width\" content=\"1120\" \/>\n\t<meta property=\"og:image:height\" content=\"630\" \/>\n\t<meta property=\"og:image:type\" content=\"image\/jpeg\" \/>\n<meta name=\"author\" content=\"KomMa-Team\" \/>\n<meta name=\"twitter:card\" content=\"summary_large_image\" \/>\n<meta name=\"twitter:creator\" content=\"@komma_ostfalia\" \/>\n<meta name=\"twitter:site\" content=\"@komma_ostfalia\" \/>\n<meta name=\"twitter:label1\" content=\"Verfasst von\" \/>\n\t<meta name=\"twitter:data1\" content=\"KomMa-Team\" \/>\n\t<meta name=\"twitter:label2\" content=\"Gesch\u00e4tzte Lesezeit\" \/>\n\t<meta name=\"twitter:data2\" content=\"1\u00a0Minute\" \/>\n<script type=\"application\/ld+json\" class=\"yoast-schema-graph\">{\"@context\":\"https:\/\/schema.org\",\"@graph\":[{\"@type\":\"Article\",\"@id\":\"https:\/\/komma.ostfalia.de\/index.php\/ueber-kommunikation-farewell-helge-lobler\/#article\",\"isPartOf\":{\"@id\":\"https:\/\/komma.ostfalia.de\/index.php\/ueber-kommunikation-farewell-helge-lobler\/\"},\"author\":{\"name\":\"KomMa-Team\",\"@id\":\"https:\/\/komma.ostfalia.de\/#\/schema\/person\/2297cca325c7233192dce89bbb68ca24\"},\"headline\":\"\u00dcber Kommunikation. Farewell f\u00fcr Helge L\u00f6bler.\",\"datePublished\":\"2021-01-27T09:38:00+00:00\",\"dateModified\":\"2020-11-18T09:48:34+00:00\",\"mainEntityOfPage\":{\"@id\":\"https:\/\/komma.ostfalia.de\/index.php\/ueber-kommunikation-farewell-helge-lobler\/\"},\"wordCount\":163,\"commentCount\":0,\"publisher\":{\"@id\":\"https:\/\/komma.ostfalia.de\/#organization\"},\"image\":{\"@id\":\"https:\/\/komma.ostfalia.de\/index.php\/ueber-kommunikation-farewell-helge-lobler\/#primaryimage\"},\"thumbnailUrl\":\"https:\/\/komma.ostfalia.de\/wp-content\/uploads\/2020\/11\/hele-loebler-uebergabe-festschrift.jpg\",\"inLanguage\":\"de\",\"potentialAction\":[{\"@type\":\"CommentAction\",\"name\":\"Comment\",\"target\":[\"https:\/\/komma.ostfalia.de\/index.php\/ueber-kommunikation-farewell-helge-lobler\/#respond\"]}]},{\"@type\":\"WebPage\",\"@id\":\"https:\/\/komma.ostfalia.de\/index.php\/ueber-kommunikation-farewell-helge-lobler\/\",\"url\":\"https:\/\/komma.ostfalia.de\/index.php\/ueber-kommunikation-farewell-helge-lobler\/\",\"name\":\"\u00dcber Kommunikation. Farewell f\u00fcr Helge L\u00f6bler. - KomMa\",\"isPartOf\":{\"@id\":\"https:\/\/komma.ostfalia.de\/#website\"},\"primaryImageOfPage\":{\"@id\":\"https:\/\/komma.ostfalia.de\/index.php\/ueber-kommunikation-farewell-helge-lobler\/#primaryimage\"},\"image\":{\"@id\":\"https:\/\/komma.ostfalia.de\/index.php\/ueber-kommunikation-farewell-helge-lobler\/#primaryimage\"},\"thumbnailUrl\":\"https:\/\/komma.ostfalia.de\/wp-content\/uploads\/2020\/11\/hele-loebler-uebergabe-festschrift.jpg\",\"datePublished\":\"2021-01-27T09:38:00+00:00\",\"dateModified\":\"2020-11-18T09:48:34+00:00\",\"breadcrumb\":{\"@id\":\"https:\/\/komma.ostfalia.de\/index.php\/ueber-kommunikation-farewell-helge-lobler\/#breadcrumb\"},\"inLanguage\":\"de\",\"potentialAction\":[{\"@type\":\"ReadAction\",\"target\":[\"https:\/\/komma.ostfalia.de\/index.php\/ueber-kommunikation-farewell-helge-lobler\/\"]}]},{\"@type\":\"ImageObject\",\"inLanguage\":\"de\",\"@id\":\"https:\/\/komma.ostfalia.de\/index.php\/ueber-kommunikation-farewell-helge-lobler\/#primaryimage\",\"url\":\"https:\/\/komma.ostfalia.de\/wp-content\/uploads\/2020\/11\/hele-loebler-uebergabe-festschrift.jpg\",\"contentUrl\":\"https:\/\/komma.ostfalia.de\/wp-content\/uploads\/2020\/11\/hele-loebler-uebergabe-festschrift.jpg\",\"width\":1120,\"height\":630},{\"@type\":\"BreadcrumbList\",\"@id\":\"https:\/\/komma.ostfalia.de\/index.php\/ueber-kommunikation-farewell-helge-lobler\/#breadcrumb\",\"itemListElement\":[{\"@type\":\"ListItem\",\"position\":1,\"name\":\"Startseite\",\"item\":\"https:\/\/komma.ostfalia.de\/\"},{\"@type\":\"ListItem\",\"position\":2,\"name\":\"Allgemein\",\"item\":\"https:\/\/komma.ostfalia.de\/index.php\/kategorie\/allgemein\/\"},{\"@type\":\"ListItem\",\"position\":3,\"name\":\"\u00dcber Kommunikation. Farewell f\u00fcr Helge L\u00f6bler.\"}]},{\"@type\":\"WebSite\",\"@id\":\"https:\/\/komma.ostfalia.de\/#website\",\"url\":\"https:\/\/komma.ostfalia.de\/\",\"name\":\"KomMa\",\"description\":\"Professur f\u00fcr Kommunikationsmanagement\",\"publisher\":{\"@id\":\"https:\/\/komma.ostfalia.de\/#organization\"},\"potentialAction\":[{\"@type\":\"SearchAction\",\"target\":{\"@type\":\"EntryPoint\",\"urlTemplate\":\"https:\/\/komma.ostfalia.de\/?s={search_term_string}\"},\"query-input\":\"required name=search_term_string\"}],\"inLanguage\":\"de\"},{\"@type\":\"Organization\",\"@id\":\"https:\/\/komma.ostfalia.de\/#organization\",\"name\":\"KomMa - Professur f\u00fcr Kommunikationsmanagement\",\"url\":\"https:\/\/komma.ostfalia.de\/\",\"logo\":{\"@type\":\"ImageObject\",\"inLanguage\":\"de\",\"@id\":\"https:\/\/komma.ostfalia.de\/#\/schema\/logo\/image\/\",\"url\":\"https:\/\/komma.ostfalia.de\/wp-content\/uploads\/2020\/05\/komma-signet.png\",\"contentUrl\":\"https:\/\/komma.ostfalia.de\/wp-content\/uploads\/2020\/05\/komma-signet.png\",\"width\":512,\"height\":512,\"caption\":\"KomMa - Professur f\u00fcr Kommunikationsmanagement\"},\"image\":{\"@id\":\"https:\/\/komma.ostfalia.de\/#\/schema\/logo\/image\/\"},\"sameAs\":[\"https:\/\/twitter.com\/komma_ostfalia\"]},{\"@type\":\"Person\",\"@id\":\"https:\/\/komma.ostfalia.de\/#\/schema\/person\/2297cca325c7233192dce89bbb68ca24\",\"name\":\"KomMa-Team\",\"image\":{\"@type\":\"ImageObject\",\"inLanguage\":\"de\",\"@id\":\"https:\/\/komma.ostfalia.de\/#\/schema\/person\/image\/\",\"url\":\"https:\/\/secure.gravatar.com\/avatar\/0e2f17e0b0f28f6a6baeb346932d58f2?s=96&d=mm&r=g\",\"contentUrl\":\"https:\/\/secure.gravatar.com\/avatar\/0e2f17e0b0f28f6a6baeb346932d58f2?s=96&d=mm&r=g\",\"caption\":\"KomMa-Team\"}}]}<\/script>","yoast_head_json":{"title":"\u00dcber Kommunikation. Farewell f\u00fcr Helge L\u00f6bler. - KomMa","robots":{"index":"index","follow":"follow","max-snippet":"max-snippet:-1","max-image-preview":"max-image-preview:large","max-video-preview":"max-video-preview:-1"},"canonical":"https:\/\/komma.ostfalia.de\/index.php\/ueber-kommunikation-farewell-helge-lobler\/","og_locale":"de_DE","og_type":"article","og_title":"\u00dcber Kommunikation. Farewell f\u00fcr Helge L\u00f6bler. - KomMa","og_description":"Prof. Dr. Helge L\u00f6bler, Inhaber des Lehrstuhls f\u00fcr Marketing an der Universit\u00e4t Leipzig wird in diesem Herbst emeritiert. Seit vielen Jahren ist L\u00f6bler eng mit dem KomMa-Team verbunden, gab in der Vergangenheit Impulse f\u00fcr den Masterstudiengang Kommunikationsmanagement und diskutiert leidenschaftlich und regelm\u00e4\u00dfig Fragen der erweiterten Kommunikationswissenschaften mit dem Professurinhaber. Es ist deshalb Ehrensache, dass Harald [&hellip;]","og_url":"https:\/\/komma.ostfalia.de\/index.php\/ueber-kommunikation-farewell-helge-lobler\/","og_site_name":"KomMa","article_published_time":"2021-01-27T09:38:00+00:00","article_modified_time":"2020-11-18T09:48:34+00:00","og_image":[{"width":1120,"height":630,"url":"https:\/\/komma.ostfalia.de\/wp-content\/uploads\/2020\/11\/hele-loebler-uebergabe-festschrift.jpg","type":"image\/jpeg"}],"author":"KomMa-Team","twitter_card":"summary_large_image","twitter_creator":"@komma_ostfalia","twitter_site":"@komma_ostfalia","twitter_misc":{"Verfasst von":"KomMa-Team","Gesch\u00e4tzte Lesezeit":"1\u00a0Minute"},"schema":{"@context":"https:\/\/schema.org","@graph":[{"@type":"Article","@id":"https:\/\/komma.ostfalia.de\/index.php\/ueber-kommunikation-farewell-helge-lobler\/#article","isPartOf":{"@id":"https:\/\/komma.ostfalia.de\/index.php\/ueber-kommunikation-farewell-helge-lobler\/"},"author":{"name":"KomMa-Team","@id":"https:\/\/komma.ostfalia.de\/#\/schema\/person\/2297cca325c7233192dce89bbb68ca24"},"headline":"\u00dcber Kommunikation. Farewell f\u00fcr Helge L\u00f6bler.","datePublished":"2021-01-27T09:38:00+00:00","dateModified":"2020-11-18T09:48:34+00:00","mainEntityOfPage":{"@id":"https:\/\/komma.ostfalia.de\/index.php\/ueber-kommunikation-farewell-helge-lobler\/"},"wordCount":163,"commentCount":0,"publisher":{"@id":"https:\/\/komma.ostfalia.de\/#organization"},"image":{"@id":"https:\/\/komma.ostfalia.de\/index.php\/ueber-kommunikation-farewell-helge-lobler\/#primaryimage"},"thumbnailUrl":"https:\/\/komma.ostfalia.de\/wp-content\/uploads\/2020\/11\/hele-loebler-uebergabe-festschrift.jpg","inLanguage":"de","potentialAction":[{"@type":"CommentAction","name":"Comment","target":["https:\/\/komma.ostfalia.de\/index.php\/ueber-kommunikation-farewell-helge-lobler\/#respond"]}]},{"@type":"WebPage","@id":"https:\/\/komma.ostfalia.de\/index.php\/ueber-kommunikation-farewell-helge-lobler\/","url":"https:\/\/komma.ostfalia.de\/index.php\/ueber-kommunikation-farewell-helge-lobler\/","name":"\u00dcber Kommunikation. Farewell f\u00fcr Helge L\u00f6bler. - KomMa","isPartOf":{"@id":"https:\/\/komma.ostfalia.de\/#website"},"primaryImageOfPage":{"@id":"https:\/\/komma.ostfalia.de\/index.php\/ueber-kommunikation-farewell-helge-lobler\/#primaryimage"},"image":{"@id":"https:\/\/komma.ostfalia.de\/index.php\/ueber-kommunikation-farewell-helge-lobler\/#primaryimage"},"thumbnailUrl":"https:\/\/komma.ostfalia.de\/wp-content\/uploads\/2020\/11\/hele-loebler-uebergabe-festschrift.jpg","datePublished":"2021-01-27T09:38:00+00:00","dateModified":"2020-11-18T09:48:34+00:00","breadcrumb":{"@id":"https:\/\/komma.ostfalia.de\/index.php\/ueber-kommunikation-farewell-helge-lobler\/#breadcrumb"},"inLanguage":"de","potentialAction":[{"@type":"ReadAction","target":["https:\/\/komma.ostfalia.de\/index.php\/ueber-kommunikation-farewell-helge-lobler\/"]}]},{"@type":"ImageObject","inLanguage":"de","@id":"https:\/\/komma.ostfalia.de\/index.php\/ueber-kommunikation-farewell-helge-lobler\/#primaryimage","url":"https:\/\/komma.ostfalia.de\/wp-content\/uploads\/2020\/11\/hele-loebler-uebergabe-festschrift.jpg","contentUrl":"https:\/\/komma.ostfalia.de\/wp-content\/uploads\/2020\/11\/hele-loebler-uebergabe-festschrift.jpg","width":1120,"height":630},{"@type":"BreadcrumbList","@id":"https:\/\/komma.ostfalia.de\/index.php\/ueber-kommunikation-farewell-helge-lobler\/#breadcrumb","itemListElement":[{"@type":"ListItem","position":1,"name":"Startseite","item":"https:\/\/komma.ostfalia.de\/"},{"@type":"ListItem","position":2,"name":"Allgemein","item":"https:\/\/komma.ostfalia.de\/index.php\/kategorie\/allgemein\/"},{"@type":"ListItem","position":3,"name":"\u00dcber Kommunikation. Farewell f\u00fcr Helge L\u00f6bler."}]},{"@type":"WebSite","@id":"https:\/\/komma.ostfalia.de\/#website","url":"https:\/\/komma.ostfalia.de\/","name":"KomMa","description":"Professur f\u00fcr Kommunikationsmanagement","publisher":{"@id":"https:\/\/komma.ostfalia.de\/#organization"},"potentialAction":[{"@type":"SearchAction","target":{"@type":"EntryPoint","urlTemplate":"https:\/\/komma.ostfalia.de\/?s={search_term_string}"},"query-input":"required name=search_term_string"}],"inLanguage":"de"},{"@type":"Organization","@id":"https:\/\/komma.ostfalia.de\/#organization","name":"KomMa - Professur f\u00fcr Kommunikationsmanagement","url":"https:\/\/komma.ostfalia.de\/","logo":{"@type":"ImageObject","inLanguage":"de","@id":"https:\/\/komma.ostfalia.de\/#\/schema\/logo\/image\/","url":"https:\/\/komma.ostfalia.de\/wp-content\/uploads\/2020\/05\/komma-signet.png","contentUrl":"https:\/\/komma.ostfalia.de\/wp-content\/uploads\/2020\/05\/komma-signet.png","width":512,"height":512,"caption":"KomMa - Professur f\u00fcr Kommunikationsmanagement"},"image":{"@id":"https:\/\/komma.ostfalia.de\/#\/schema\/logo\/image\/"},"sameAs":["https:\/\/twitter.com\/komma_ostfalia"]},{"@type":"Person","@id":"https:\/\/komma.ostfalia.de\/#\/schema\/person\/2297cca325c7233192dce89bbb68ca24","name":"KomMa-Team","image":{"@type":"ImageObject","inLanguage":"de","@id":"https:\/\/komma.ostfalia.de\/#\/schema\/person\/image\/","url":"https:\/\/secure.gravatar.com\/avatar\/0e2f17e0b0f28f6a6baeb346932d58f2?s=96&d=mm&r=g","contentUrl":"https:\/\/secure.gravatar.com\/avatar\/0e2f17e0b0f28f6a6baeb346932d58f2?s=96&d=mm&r=g","caption":"KomMa-Team"}}]}},"_links":{"self":[{"href":"https:\/\/komma.ostfalia.de\/index.php\/wp-json\/wp\/v2\/posts\/4524"}],"collection":[{"href":"https:\/\/komma.ostfalia.de\/index.php\/wp-json\/wp\/v2\/posts"}],"about":[{"href":"https:\/\/komma.ostfalia.de\/index.php\/wp-json\/wp\/v2\/types\/post"}],"author":[{"embeddable":true,"href":"https:\/\/komma.ostfalia.de\/index.php\/wp-json\/wp\/v2\/users\/1"}],"replies":[{"embeddable":true,"href":"https:\/\/komma.ostfalia.de\/index.php\/wp-json\/wp\/v2\/comments?post=4524"}],"version-history":[{"count":0,"href":"https:\/\/komma.ostfalia.de\/index.php\/wp-json\/wp\/v2\/posts\/4524\/revisions"}],"wp:featuredmedia":[{"embeddable":true,"href":"https:\/\/komma.ostfalia.de\/index.php\/wp-json\/wp\/v2\/media\/4525"}],"wp:attachment":[{"href":"https:\/\/komma.ostfalia.de\/index.php\/wp-json\/wp\/v2\/media?parent=4524"}],"wp:term":[{"taxonomy":"category","embeddable":true,"href":"https:\/\/komma.ostfalia.de\/index.php\/wp-json\/wp\/v2\/categories?post=4524"},{"taxonomy":"post_tag","embeddable":true,"href":"https:\/\/komma.ostfalia.de\/index.php\/wp-json\/wp\/v2\/tags?post=4524"}],"curies":[{"name":"wp","href":"https:\/\/api.w.org\/{rel}","templated":true}]}}