{"id":4521,"date":"2020-12-16T10:17:00","date_gmt":"2020-12-16T09:17:00","guid":{"rendered":"https:\/\/komma.ostfalia.de\/?p=4521"},"modified":"2020-12-09T08:47:19","modified_gmt":"2020-12-09T07:47:19","slug":"komma-expertise-ihk-braunschweig","status":"publish","type":"post","link":"https:\/\/komma.ostfalia.de\/index.php\/komma-expertise-ihk-braunschweig\/","title":{"rendered":"KomMa-Expertise f\u00fcr die IHK Braunschweig"},"content":{"rendered":"\n<p>Geschichten erz\u00e4hlen, Unternehmensrealit\u00e4ten transparent in einer &#8220;Story&#8221; verpacken &#8211; im Magazin der IHK Braunschweig gibt es die geballte KomMa-Expertise mit unz\u00e4hligen Hintergrundinformationen zu Erz\u00e4hlmustern, die sich im Marketing auch von mittelst\u00e4ndischen Unternehmen nutzen und anwenden lassen. Der Beitrag entstand auf Basis einer Kooperation zwischen IHK Braunschweig und dem Marketingclub Braunschweig e.V., dessen Pr\u00e4sident der Inhaber der Professur f\u00fcr Kommunikationsmanagement an der Ostfalia ist.<\/p>\n\n\n\n<p>Link zum Beitrag im IHK-Magazin: <a href=\"https:\/\/www.braunschweig.ihk.de\/wirtschaft-online\/agenda\/marketingorientiertes-storytelling-4904154\">https:\/\/www.braunschweig.ihk.de\/wirtschaft-online\/agenda\/marketingorientiertes-storytelling-4904154<\/a><\/p>\n\n\n\n<p>Foto: Unsplash \/ Robert Wiedemann<\/p>\n","protected":false},"excerpt":{"rendered":"<p>Geschichten erz\u00e4hlen, Unternehmensrealit\u00e4ten transparent in einer &#8220;Story&#8221; verpacken &#8211; im Magazin der IHK Braunschweig gibt es die geballte KomMa-Expertise mit unz\u00e4hligen Hintergrundinformationen zu Erz\u00e4hlmustern, die sich im Marketing auch von mittelst\u00e4ndischen Unternehmen nutzen und anwenden lassen. Der Beitrag entstand auf Basis einer Kooperation zwischen IHK Braunschweig und dem Marketingclub Braunschweig e.V., dessen Pr\u00e4sident der Inhaber [&hellip;]<\/p>\n","protected":false},"author":1,"featured_media":4522,"comment_status":"open","ping_status":"open","sticky":false,"template":"","format":"standard","meta":{"_acf_changed":false,"footnotes":""},"categories":[1],"tags":[],"acf":[],"yoast_head":"<title>KomMa-Expertise f\u00fcr die IHK Braunschweig - KomMa<\/title>\n<meta name=\"robots\" content=\"index, follow, max-snippet:-1, max-image-preview:large, max-video-preview:-1\" \/>\n<link rel=\"canonical\" href=\"https:\/\/komma.ostfalia.de\/index.php\/komma-expertise-ihk-braunschweig\/\" \/>\n<meta property=\"og:locale\" content=\"de_DE\" \/>\n<meta property=\"og:type\" content=\"article\" \/>\n<meta property=\"og:title\" content=\"KomMa-Expertise f\u00fcr die IHK Braunschweig - KomMa\" \/>\n<meta property=\"og:description\" content=\"Geschichten erz\u00e4hlen, Unternehmensrealit\u00e4ten transparent in einer &#8220;Story&#8221; verpacken &#8211; im Magazin der IHK Braunschweig gibt es die geballte KomMa-Expertise mit unz\u00e4hligen Hintergrundinformationen zu Erz\u00e4hlmustern, die sich im Marketing auch von mittelst\u00e4ndischen Unternehmen nutzen und anwenden lassen. Der Beitrag entstand auf Basis einer Kooperation zwischen IHK Braunschweig und dem Marketingclub Braunschweig e.V., dessen Pr\u00e4sident der Inhaber [&hellip;]\" \/>\n<meta property=\"og:url\" content=\"https:\/\/komma.ostfalia.de\/index.php\/komma-expertise-ihk-braunschweig\/\" \/>\n<meta property=\"og:site_name\" content=\"KomMa\" \/>\n<meta property=\"article:published_time\" content=\"2020-12-16T09:17:00+00:00\" \/>\n<meta property=\"article:modified_time\" content=\"2020-12-09T07:47:19+00:00\" \/>\n<meta property=\"og:image\" content=\"https:\/\/komma.ostfalia.de\/wp-content\/uploads\/2020\/11\/komma-ihk-braunschweig-storytelling.jpg\" \/>\n\t<meta property=\"og:image:width\" content=\"1120\" \/>\n\t<meta property=\"og:image:height\" content=\"630\" \/>\n\t<meta property=\"og:image:type\" content=\"image\/jpeg\" \/>\n<meta name=\"author\" content=\"KomMa-Team\" \/>\n<meta name=\"twitter:card\" content=\"summary_large_image\" \/>\n<meta name=\"twitter:creator\" content=\"@komma_ostfalia\" \/>\n<meta name=\"twitter:site\" content=\"@komma_ostfalia\" \/>\n<meta name=\"twitter:label1\" content=\"Verfasst von\" \/>\n\t<meta name=\"twitter:data1\" content=\"KomMa-Team\" \/>\n<script type=\"application\/ld+json\" class=\"yoast-schema-graph\">{\"@context\":\"https:\/\/schema.org\",\"@graph\":[{\"@type\":\"Article\",\"@id\":\"https:\/\/komma.ostfalia.de\/index.php\/komma-expertise-ihk-braunschweig\/#article\",\"isPartOf\":{\"@id\":\"https:\/\/komma.ostfalia.de\/index.php\/komma-expertise-ihk-braunschweig\/\"},\"author\":{\"name\":\"KomMa-Team\",\"@id\":\"https:\/\/komma.ostfalia.de\/#\/schema\/person\/2297cca325c7233192dce89bbb68ca24\"},\"headline\":\"KomMa-Expertise f\u00fcr die IHK Braunschweig\",\"datePublished\":\"2020-12-16T09:17:00+00:00\",\"dateModified\":\"2020-12-09T07:47:19+00:00\",\"mainEntityOfPage\":{\"@id\":\"https:\/\/komma.ostfalia.de\/index.php\/komma-expertise-ihk-braunschweig\/\"},\"wordCount\":94,\"commentCount\":0,\"publisher\":{\"@id\":\"https:\/\/komma.ostfalia.de\/#organization\"},\"image\":{\"@id\":\"https:\/\/komma.ostfalia.de\/index.php\/komma-expertise-ihk-braunschweig\/#primaryimage\"},\"thumbnailUrl\":\"https:\/\/komma.ostfalia.de\/wp-content\/uploads\/2020\/11\/komma-ihk-braunschweig-storytelling.jpg\",\"inLanguage\":\"de\",\"potentialAction\":[{\"@type\":\"CommentAction\",\"name\":\"Comment\",\"target\":[\"https:\/\/komma.ostfalia.de\/index.php\/komma-expertise-ihk-braunschweig\/#respond\"]}]},{\"@type\":\"WebPage\",\"@id\":\"https:\/\/komma.ostfalia.de\/index.php\/komma-expertise-ihk-braunschweig\/\",\"url\":\"https:\/\/komma.ostfalia.de\/index.php\/komma-expertise-ihk-braunschweig\/\",\"name\":\"KomMa-Expertise f\u00fcr die IHK Braunschweig - KomMa\",\"isPartOf\":{\"@id\":\"https:\/\/komma.ostfalia.de\/#website\"},\"primaryImageOfPage\":{\"@id\":\"https:\/\/komma.ostfalia.de\/index.php\/komma-expertise-ihk-braunschweig\/#primaryimage\"},\"image\":{\"@id\":\"https:\/\/komma.ostfalia.de\/index.php\/komma-expertise-ihk-braunschweig\/#primaryimage\"},\"thumbnailUrl\":\"https:\/\/komma.ostfalia.de\/wp-content\/uploads\/2020\/11\/komma-ihk-braunschweig-storytelling.jpg\",\"datePublished\":\"2020-12-16T09:17:00+00:00\",\"dateModified\":\"2020-12-09T07:47:19+00:00\",\"breadcrumb\":{\"@id\":\"https:\/\/komma.ostfalia.de\/index.php\/komma-expertise-ihk-braunschweig\/#breadcrumb\"},\"inLanguage\":\"de\",\"potentialAction\":[{\"@type\":\"ReadAction\",\"target\":[\"https:\/\/komma.ostfalia.de\/index.php\/komma-expertise-ihk-braunschweig\/\"]}]},{\"@type\":\"ImageObject\",\"inLanguage\":\"de\",\"@id\":\"https:\/\/komma.ostfalia.de\/index.php\/komma-expertise-ihk-braunschweig\/#primaryimage\",\"url\":\"https:\/\/komma.ostfalia.de\/wp-content\/uploads\/2020\/11\/komma-ihk-braunschweig-storytelling.jpg\",\"contentUrl\":\"https:\/\/komma.ostfalia.de\/wp-content\/uploads\/2020\/11\/komma-ihk-braunschweig-storytelling.jpg\",\"width\":1120,\"height\":630},{\"@type\":\"BreadcrumbList\",\"@id\":\"https:\/\/komma.ostfalia.de\/index.php\/komma-expertise-ihk-braunschweig\/#breadcrumb\",\"itemListElement\":[{\"@type\":\"ListItem\",\"position\":1,\"name\":\"Startseite\",\"item\":\"https:\/\/komma.ostfalia.de\/\"},{\"@type\":\"ListItem\",\"position\":2,\"name\":\"Allgemein\",\"item\":\"https:\/\/komma.ostfalia.de\/index.php\/kategorie\/allgemein\/\"},{\"@type\":\"ListItem\",\"position\":3,\"name\":\"KomMa-Expertise f\u00fcr die IHK Braunschweig\"}]},{\"@type\":\"WebSite\",\"@id\":\"https:\/\/komma.ostfalia.de\/#website\",\"url\":\"https:\/\/komma.ostfalia.de\/\",\"name\":\"KomMa\",\"description\":\"Professur f\u00fcr Kommunikationsmanagement\",\"publisher\":{\"@id\":\"https:\/\/komma.ostfalia.de\/#organization\"},\"potentialAction\":[{\"@type\":\"SearchAction\",\"target\":{\"@type\":\"EntryPoint\",\"urlTemplate\":\"https:\/\/komma.ostfalia.de\/?s={search_term_string}\"},\"query-input\":\"required name=search_term_string\"}],\"inLanguage\":\"de\"},{\"@type\":\"Organization\",\"@id\":\"https:\/\/komma.ostfalia.de\/#organization\",\"name\":\"KomMa - Professur f\u00fcr Kommunikationsmanagement\",\"url\":\"https:\/\/komma.ostfalia.de\/\",\"logo\":{\"@type\":\"ImageObject\",\"inLanguage\":\"de\",\"@id\":\"https:\/\/komma.ostfalia.de\/#\/schema\/logo\/image\/\",\"url\":\"https:\/\/komma.ostfalia.de\/wp-content\/uploads\/2020\/05\/komma-signet.png\",\"contentUrl\":\"https:\/\/komma.ostfalia.de\/wp-content\/uploads\/2020\/05\/komma-signet.png\",\"width\":512,\"height\":512,\"caption\":\"KomMa - Professur f\u00fcr Kommunikationsmanagement\"},\"image\":{\"@id\":\"https:\/\/komma.ostfalia.de\/#\/schema\/logo\/image\/\"},\"sameAs\":[\"https:\/\/twitter.com\/komma_ostfalia\"]},{\"@type\":\"Person\",\"@id\":\"https:\/\/komma.ostfalia.de\/#\/schema\/person\/2297cca325c7233192dce89bbb68ca24\",\"name\":\"KomMa-Team\",\"image\":{\"@type\":\"ImageObject\",\"inLanguage\":\"de\",\"@id\":\"https:\/\/komma.ostfalia.de\/#\/schema\/person\/image\/\",\"url\":\"https:\/\/secure.gravatar.com\/avatar\/0e2f17e0b0f28f6a6baeb346932d58f2?s=96&d=mm&r=g\",\"contentUrl\":\"https:\/\/secure.gravatar.com\/avatar\/0e2f17e0b0f28f6a6baeb346932d58f2?s=96&d=mm&r=g\",\"caption\":\"KomMa-Team\"}}]}<\/script>","yoast_head_json":{"title":"KomMa-Expertise f\u00fcr die IHK Braunschweig - KomMa","robots":{"index":"index","follow":"follow","max-snippet":"max-snippet:-1","max-image-preview":"max-image-preview:large","max-video-preview":"max-video-preview:-1"},"canonical":"https:\/\/komma.ostfalia.de\/index.php\/komma-expertise-ihk-braunschweig\/","og_locale":"de_DE","og_type":"article","og_title":"KomMa-Expertise f\u00fcr die IHK Braunschweig - KomMa","og_description":"Geschichten erz\u00e4hlen, Unternehmensrealit\u00e4ten transparent in einer &#8220;Story&#8221; verpacken &#8211; im Magazin der IHK Braunschweig gibt es die geballte KomMa-Expertise mit unz\u00e4hligen Hintergrundinformationen zu Erz\u00e4hlmustern, die sich im Marketing auch von mittelst\u00e4ndischen Unternehmen nutzen und anwenden lassen. Der Beitrag entstand auf Basis einer Kooperation zwischen IHK Braunschweig und dem Marketingclub Braunschweig e.V., dessen Pr\u00e4sident der Inhaber [&hellip;]","og_url":"https:\/\/komma.ostfalia.de\/index.php\/komma-expertise-ihk-braunschweig\/","og_site_name":"KomMa","article_published_time":"2020-12-16T09:17:00+00:00","article_modified_time":"2020-12-09T07:47:19+00:00","og_image":[{"width":1120,"height":630,"url":"https:\/\/komma.ostfalia.de\/wp-content\/uploads\/2020\/11\/komma-ihk-braunschweig-storytelling.jpg","type":"image\/jpeg"}],"author":"KomMa-Team","twitter_card":"summary_large_image","twitter_creator":"@komma_ostfalia","twitter_site":"@komma_ostfalia","twitter_misc":{"Verfasst von":"KomMa-Team"},"schema":{"@context":"https:\/\/schema.org","@graph":[{"@type":"Article","@id":"https:\/\/komma.ostfalia.de\/index.php\/komma-expertise-ihk-braunschweig\/#article","isPartOf":{"@id":"https:\/\/komma.ostfalia.de\/index.php\/komma-expertise-ihk-braunschweig\/"},"author":{"name":"KomMa-Team","@id":"https:\/\/komma.ostfalia.de\/#\/schema\/person\/2297cca325c7233192dce89bbb68ca24"},"headline":"KomMa-Expertise f\u00fcr die IHK Braunschweig","datePublished":"2020-12-16T09:17:00+00:00","dateModified":"2020-12-09T07:47:19+00:00","mainEntityOfPage":{"@id":"https:\/\/komma.ostfalia.de\/index.php\/komma-expertise-ihk-braunschweig\/"},"wordCount":94,"commentCount":0,"publisher":{"@id":"https:\/\/komma.ostfalia.de\/#organization"},"image":{"@id":"https:\/\/komma.ostfalia.de\/index.php\/komma-expertise-ihk-braunschweig\/#primaryimage"},"thumbnailUrl":"https:\/\/komma.ostfalia.de\/wp-content\/uploads\/2020\/11\/komma-ihk-braunschweig-storytelling.jpg","inLanguage":"de","potentialAction":[{"@type":"CommentAction","name":"Comment","target":["https:\/\/komma.ostfalia.de\/index.php\/komma-expertise-ihk-braunschweig\/#respond"]}]},{"@type":"WebPage","@id":"https:\/\/komma.ostfalia.de\/index.php\/komma-expertise-ihk-braunschweig\/","url":"https:\/\/komma.ostfalia.de\/index.php\/komma-expertise-ihk-braunschweig\/","name":"KomMa-Expertise f\u00fcr die IHK Braunschweig - KomMa","isPartOf":{"@id":"https:\/\/komma.ostfalia.de\/#website"},"primaryImageOfPage":{"@id":"https:\/\/komma.ostfalia.de\/index.php\/komma-expertise-ihk-braunschweig\/#primaryimage"},"image":{"@id":"https:\/\/komma.ostfalia.de\/index.php\/komma-expertise-ihk-braunschweig\/#primaryimage"},"thumbnailUrl":"https:\/\/komma.ostfalia.de\/wp-content\/uploads\/2020\/11\/komma-ihk-braunschweig-storytelling.jpg","datePublished":"2020-12-16T09:17:00+00:00","dateModified":"2020-12-09T07:47:19+00:00","breadcrumb":{"@id":"https:\/\/komma.ostfalia.de\/index.php\/komma-expertise-ihk-braunschweig\/#breadcrumb"},"inLanguage":"de","potentialAction":[{"@type":"ReadAction","target":["https:\/\/komma.ostfalia.de\/index.php\/komma-expertise-ihk-braunschweig\/"]}]},{"@type":"ImageObject","inLanguage":"de","@id":"https:\/\/komma.ostfalia.de\/index.php\/komma-expertise-ihk-braunschweig\/#primaryimage","url":"https:\/\/komma.ostfalia.de\/wp-content\/uploads\/2020\/11\/komma-ihk-braunschweig-storytelling.jpg","contentUrl":"https:\/\/komma.ostfalia.de\/wp-content\/uploads\/2020\/11\/komma-ihk-braunschweig-storytelling.jpg","width":1120,"height":630},{"@type":"BreadcrumbList","@id":"https:\/\/komma.ostfalia.de\/index.php\/komma-expertise-ihk-braunschweig\/#breadcrumb","itemListElement":[{"@type":"ListItem","position":1,"name":"Startseite","item":"https:\/\/komma.ostfalia.de\/"},{"@type":"ListItem","position":2,"name":"Allgemein","item":"https:\/\/komma.ostfalia.de\/index.php\/kategorie\/allgemein\/"},{"@type":"ListItem","position":3,"name":"KomMa-Expertise f\u00fcr die IHK Braunschweig"}]},{"@type":"WebSite","@id":"https:\/\/komma.ostfalia.de\/#website","url":"https:\/\/komma.ostfalia.de\/","name":"KomMa","description":"Professur f\u00fcr Kommunikationsmanagement","publisher":{"@id":"https:\/\/komma.ostfalia.de\/#organization"},"potentialAction":[{"@type":"SearchAction","target":{"@type":"EntryPoint","urlTemplate":"https:\/\/komma.ostfalia.de\/?s={search_term_string}"},"query-input":"required name=search_term_string"}],"inLanguage":"de"},{"@type":"Organization","@id":"https:\/\/komma.ostfalia.de\/#organization","name":"KomMa - Professur f\u00fcr Kommunikationsmanagement","url":"https:\/\/komma.ostfalia.de\/","logo":{"@type":"ImageObject","inLanguage":"de","@id":"https:\/\/komma.ostfalia.de\/#\/schema\/logo\/image\/","url":"https:\/\/komma.ostfalia.de\/wp-content\/uploads\/2020\/05\/komma-signet.png","contentUrl":"https:\/\/komma.ostfalia.de\/wp-content\/uploads\/2020\/05\/komma-signet.png","width":512,"height":512,"caption":"KomMa - Professur f\u00fcr Kommunikationsmanagement"},"image":{"@id":"https:\/\/komma.ostfalia.de\/#\/schema\/logo\/image\/"},"sameAs":["https:\/\/twitter.com\/komma_ostfalia"]},{"@type":"Person","@id":"https:\/\/komma.ostfalia.de\/#\/schema\/person\/2297cca325c7233192dce89bbb68ca24","name":"KomMa-Team","image":{"@type":"ImageObject","inLanguage":"de","@id":"https:\/\/komma.ostfalia.de\/#\/schema\/person\/image\/","url":"https:\/\/secure.gravatar.com\/avatar\/0e2f17e0b0f28f6a6baeb346932d58f2?s=96&d=mm&r=g","contentUrl":"https:\/\/secure.gravatar.com\/avatar\/0e2f17e0b0f28f6a6baeb346932d58f2?s=96&d=mm&r=g","caption":"KomMa-Team"}}]}},"_links":{"self":[{"href":"https:\/\/komma.ostfalia.de\/index.php\/wp-json\/wp\/v2\/posts\/4521"}],"collection":[{"href":"https:\/\/komma.ostfalia.de\/index.php\/wp-json\/wp\/v2\/posts"}],"about":[{"href":"https:\/\/komma.ostfalia.de\/index.php\/wp-json\/wp\/v2\/types\/post"}],"author":[{"embeddable":true,"href":"https:\/\/komma.ostfalia.de\/index.php\/wp-json\/wp\/v2\/users\/1"}],"replies":[{"embeddable":true,"href":"https:\/\/komma.ostfalia.de\/index.php\/wp-json\/wp\/v2\/comments?post=4521"}],"version-history":[{"count":0,"href":"https:\/\/komma.ostfalia.de\/index.php\/wp-json\/wp\/v2\/posts\/4521\/revisions"}],"wp:featuredmedia":[{"embeddable":true,"href":"https:\/\/komma.ostfalia.de\/index.php\/wp-json\/wp\/v2\/media\/4522"}],"wp:attachment":[{"href":"https:\/\/komma.ostfalia.de\/index.php\/wp-json\/wp\/v2\/media?parent=4521"}],"wp:term":[{"taxonomy":"category","embeddable":true,"href":"https:\/\/komma.ostfalia.de\/index.php\/wp-json\/wp\/v2\/categories?post=4521"},{"taxonomy":"post_tag","embeddable":true,"href":"https:\/\/komma.ostfalia.de\/index.php\/wp-json\/wp\/v2\/tags?post=4521"}],"curies":[{"name":"wp","href":"https:\/\/api.w.org\/{rel}","templated":true}]}}