{"id":4505,"date":"2020-11-11T11:03:00","date_gmt":"2020-11-11T10:03:00","guid":{"rendered":"https:\/\/komma.ostfalia.de\/?p=4505"},"modified":"2020-11-17T12:31:44","modified_gmt":"2020-11-17T11:31:44","slug":"komma-wird-mitglied-im-zwirn","status":"publish","type":"post","link":"https:\/\/komma.ostfalia.de\/index.php\/komma-wird-mitglied-im-zwirn\/","title":{"rendered":"ZWIRN und KomMa &#8211; eine sinnvolle Ostfalia-Symbiose"},"content":{"rendered":"\n<p><strong>KomMa wird Mitglied im ZWIRN! <\/strong><\/p>\n\n\n\n<p>ZWIRN &#8211; das steht kurz f\u00fcr &#8220;Zentrum f\u00fcr wissenschaftliches, interdisziplin\u00e4res Risikomanagement und Nachhaltigkeit&#8221;, und dieses Zentrum vereint assoziierte Mitglieder mit forschungsaktiven Professuren der Ostfalia Hochschule und ihren zw\u00f6lf Fakult\u00e4ten, es ist das gr\u00f6\u00dfte Zentrum f\u00fcr Risikomanagement und Nachhaltigkeit in Deutschland.<br>Vorstandssprecher Prof. Dr. Stefan Zeranski zur neuen Kooperation: &#8220;Es ist uns eine gro\u00dfe Freude und Ehre, dass wir gemeinsam die Themen Nachhaltigkeit und Risikomanagement vernetzter und umsichtiger denken k\u00f6nnen, das Wissens- und Erfahrungsprofil, das an der Professur f\u00fcr Kommunikationsmanagement in den vergangenen Jahren aufgebaut wurde, verst\u00e4rkt uns wunderbar.&#8221; In einem ersten Schritt wird es um die Zusammenarbeit bezogen auf eine Transformation von Braunkohlerevieren gehen, die regional insbesondere die Region Helmstedt betrifft. Hier sind bereits erste konkrete Schritte geplant.<\/p>\n\n\n\n<p>Grunds\u00e4tzlich steht das fakult\u00e4ts\u00fcbergreifende ZWIRN Kolleginnen und Kollegen anderer Hochschulen und Universit\u00e4ten sowie Unternehmensvertretern offen.<\/p>\n\n\n\n<p>Alle Mitglieder vereint das Ziel die Forschung und Lehre auf dem Gebiet des Risikomanagements und der Nachhaltigkeit f\u00fcr Unternehmen und Institutionen zu bereichern und an den Anforderungen der Praxis orientierte Ans\u00e4tze auf den Weg zu bringen. Durch die Mitwirkung von ingenieur-, sozial- und geisteswissenschaftlichen Fakult\u00e4ten ist das ZWIRN interdisziplin\u00e4r breit aufgestellt.<\/p>\n","protected":false},"excerpt":{"rendered":"<p>KomMa wird Mitglied im ZWIRN! ZWIRN &#8211; das steht kurz f\u00fcr &#8220;Zentrum f\u00fcr wissenschaftliches, interdisziplin\u00e4res Risikomanagement und Nachhaltigkeit&#8221;, und dieses Zentrum vereint assoziierte Mitglieder mit forschungsaktiven Professuren der Ostfalia Hochschule und ihren zw\u00f6lf Fakult\u00e4ten, es ist das gr\u00f6\u00dfte Zentrum f\u00fcr Risikomanagement und Nachhaltigkeit in Deutschland.Vorstandssprecher Prof. Dr. Stefan Zeranski zur neuen Kooperation: &#8220;Es ist uns [&hellip;]<\/p>\n","protected":false},"author":1,"featured_media":4509,"comment_status":"open","ping_status":"open","sticky":false,"template":"","format":"standard","meta":{"_acf_changed":false,"footnotes":""},"categories":[1],"tags":[],"acf":[],"yoast_head":"<title>ZWIRN und KomMa - eine sinnvolle Ostfalia-Symbiose - KomMa<\/title>\n<meta name=\"robots\" content=\"index, follow, max-snippet:-1, max-image-preview:large, max-video-preview:-1\" \/>\n<link rel=\"canonical\" href=\"https:\/\/komma.ostfalia.de\/index.php\/komma-wird-mitglied-im-zwirn\/\" \/>\n<meta property=\"og:locale\" content=\"de_DE\" \/>\n<meta property=\"og:type\" content=\"article\" \/>\n<meta property=\"og:title\" content=\"ZWIRN und KomMa - eine sinnvolle Ostfalia-Symbiose - KomMa\" \/>\n<meta property=\"og:description\" content=\"KomMa wird Mitglied im ZWIRN! ZWIRN &#8211; das steht kurz f\u00fcr &#8220;Zentrum f\u00fcr wissenschaftliches, interdisziplin\u00e4res Risikomanagement und Nachhaltigkeit&#8221;, und dieses Zentrum vereint assoziierte Mitglieder mit forschungsaktiven Professuren der Ostfalia Hochschule und ihren zw\u00f6lf Fakult\u00e4ten, es ist das gr\u00f6\u00dfte Zentrum f\u00fcr Risikomanagement und Nachhaltigkeit in Deutschland.Vorstandssprecher Prof. Dr. Stefan Zeranski zur neuen Kooperation: &#8220;Es ist uns [&hellip;]\" \/>\n<meta property=\"og:url\" content=\"https:\/\/komma.ostfalia.de\/index.php\/komma-wird-mitglied-im-zwirn\/\" \/>\n<meta property=\"og:site_name\" content=\"KomMa\" \/>\n<meta property=\"article:published_time\" content=\"2020-11-11T10:03:00+00:00\" \/>\n<meta property=\"article:modified_time\" content=\"2020-11-17T11:31:44+00:00\" \/>\n<meta property=\"og:image\" content=\"https:\/\/komma.ostfalia.de\/wp-content\/uploads\/2020\/11\/zwirn-komma-ostfalia.jpg\" \/>\n\t<meta property=\"og:image:width\" content=\"1120\" \/>\n\t<meta property=\"og:image:height\" content=\"630\" \/>\n\t<meta property=\"og:image:type\" content=\"image\/jpeg\" \/>\n<meta name=\"author\" content=\"KomMa-Team\" \/>\n<meta name=\"twitter:card\" content=\"summary_large_image\" \/>\n<meta name=\"twitter:creator\" content=\"@komma_ostfalia\" \/>\n<meta name=\"twitter:site\" content=\"@komma_ostfalia\" \/>\n<meta name=\"twitter:label1\" content=\"Verfasst von\" \/>\n\t<meta name=\"twitter:data1\" content=\"KomMa-Team\" \/>\n\t<meta name=\"twitter:label2\" content=\"Gesch\u00e4tzte Lesezeit\" \/>\n\t<meta name=\"twitter:data2\" content=\"1\u00a0Minute\" \/>\n<script type=\"application\/ld+json\" class=\"yoast-schema-graph\">{\"@context\":\"https:\/\/schema.org\",\"@graph\":[{\"@type\":\"Article\",\"@id\":\"https:\/\/komma.ostfalia.de\/index.php\/komma-wird-mitglied-im-zwirn\/#article\",\"isPartOf\":{\"@id\":\"https:\/\/komma.ostfalia.de\/index.php\/komma-wird-mitglied-im-zwirn\/\"},\"author\":{\"name\":\"KomMa-Team\",\"@id\":\"https:\/\/komma.ostfalia.de\/#\/schema\/person\/2297cca325c7233192dce89bbb68ca24\"},\"headline\":\"ZWIRN und KomMa &#8211; eine sinnvolle Ostfalia-Symbiose\",\"datePublished\":\"2020-11-11T10:03:00+00:00\",\"dateModified\":\"2020-11-17T11:31:44+00:00\",\"mainEntityOfPage\":{\"@id\":\"https:\/\/komma.ostfalia.de\/index.php\/komma-wird-mitglied-im-zwirn\/\"},\"wordCount\":215,\"commentCount\":0,\"publisher\":{\"@id\":\"https:\/\/komma.ostfalia.de\/#organization\"},\"image\":{\"@id\":\"https:\/\/komma.ostfalia.de\/index.php\/komma-wird-mitglied-im-zwirn\/#primaryimage\"},\"thumbnailUrl\":\"https:\/\/komma.ostfalia.de\/wp-content\/uploads\/2020\/11\/zwirn-komma-ostfalia.jpg\",\"inLanguage\":\"de\",\"potentialAction\":[{\"@type\":\"CommentAction\",\"name\":\"Comment\",\"target\":[\"https:\/\/komma.ostfalia.de\/index.php\/komma-wird-mitglied-im-zwirn\/#respond\"]}]},{\"@type\":\"WebPage\",\"@id\":\"https:\/\/komma.ostfalia.de\/index.php\/komma-wird-mitglied-im-zwirn\/\",\"url\":\"https:\/\/komma.ostfalia.de\/index.php\/komma-wird-mitglied-im-zwirn\/\",\"name\":\"ZWIRN und KomMa - eine sinnvolle Ostfalia-Symbiose - KomMa\",\"isPartOf\":{\"@id\":\"https:\/\/komma.ostfalia.de\/#website\"},\"primaryImageOfPage\":{\"@id\":\"https:\/\/komma.ostfalia.de\/index.php\/komma-wird-mitglied-im-zwirn\/#primaryimage\"},\"image\":{\"@id\":\"https:\/\/komma.ostfalia.de\/index.php\/komma-wird-mitglied-im-zwirn\/#primaryimage\"},\"thumbnailUrl\":\"https:\/\/komma.ostfalia.de\/wp-content\/uploads\/2020\/11\/zwirn-komma-ostfalia.jpg\",\"datePublished\":\"2020-11-11T10:03:00+00:00\",\"dateModified\":\"2020-11-17T11:31:44+00:00\",\"breadcrumb\":{\"@id\":\"https:\/\/komma.ostfalia.de\/index.php\/komma-wird-mitglied-im-zwirn\/#breadcrumb\"},\"inLanguage\":\"de\",\"potentialAction\":[{\"@type\":\"ReadAction\",\"target\":[\"https:\/\/komma.ostfalia.de\/index.php\/komma-wird-mitglied-im-zwirn\/\"]}]},{\"@type\":\"ImageObject\",\"inLanguage\":\"de\",\"@id\":\"https:\/\/komma.ostfalia.de\/index.php\/komma-wird-mitglied-im-zwirn\/#primaryimage\",\"url\":\"https:\/\/komma.ostfalia.de\/wp-content\/uploads\/2020\/11\/zwirn-komma-ostfalia.jpg\",\"contentUrl\":\"https:\/\/komma.ostfalia.de\/wp-content\/uploads\/2020\/11\/zwirn-komma-ostfalia.jpg\",\"width\":1120,\"height\":630},{\"@type\":\"BreadcrumbList\",\"@id\":\"https:\/\/komma.ostfalia.de\/index.php\/komma-wird-mitglied-im-zwirn\/#breadcrumb\",\"itemListElement\":[{\"@type\":\"ListItem\",\"position\":1,\"name\":\"Startseite\",\"item\":\"https:\/\/komma.ostfalia.de\/\"},{\"@type\":\"ListItem\",\"position\":2,\"name\":\"Allgemein\",\"item\":\"https:\/\/komma.ostfalia.de\/index.php\/kategorie\/allgemein\/\"},{\"@type\":\"ListItem\",\"position\":3,\"name\":\"ZWIRN und KomMa &#8211; eine sinnvolle Ostfalia-Symbiose\"}]},{\"@type\":\"WebSite\",\"@id\":\"https:\/\/komma.ostfalia.de\/#website\",\"url\":\"https:\/\/komma.ostfalia.de\/\",\"name\":\"KomMa\",\"description\":\"Professur f\u00fcr Kommunikationsmanagement\",\"publisher\":{\"@id\":\"https:\/\/komma.ostfalia.de\/#organization\"},\"potentialAction\":[{\"@type\":\"SearchAction\",\"target\":{\"@type\":\"EntryPoint\",\"urlTemplate\":\"https:\/\/komma.ostfalia.de\/?s={search_term_string}\"},\"query-input\":\"required name=search_term_string\"}],\"inLanguage\":\"de\"},{\"@type\":\"Organization\",\"@id\":\"https:\/\/komma.ostfalia.de\/#organization\",\"name\":\"KomMa - Professur f\u00fcr Kommunikationsmanagement\",\"url\":\"https:\/\/komma.ostfalia.de\/\",\"logo\":{\"@type\":\"ImageObject\",\"inLanguage\":\"de\",\"@id\":\"https:\/\/komma.ostfalia.de\/#\/schema\/logo\/image\/\",\"url\":\"https:\/\/komma.ostfalia.de\/wp-content\/uploads\/2020\/05\/komma-signet.png\",\"contentUrl\":\"https:\/\/komma.ostfalia.de\/wp-content\/uploads\/2020\/05\/komma-signet.png\",\"width\":512,\"height\":512,\"caption\":\"KomMa - Professur f\u00fcr Kommunikationsmanagement\"},\"image\":{\"@id\":\"https:\/\/komma.ostfalia.de\/#\/schema\/logo\/image\/\"},\"sameAs\":[\"https:\/\/twitter.com\/komma_ostfalia\"]},{\"@type\":\"Person\",\"@id\":\"https:\/\/komma.ostfalia.de\/#\/schema\/person\/2297cca325c7233192dce89bbb68ca24\",\"name\":\"KomMa-Team\",\"image\":{\"@type\":\"ImageObject\",\"inLanguage\":\"de\",\"@id\":\"https:\/\/komma.ostfalia.de\/#\/schema\/person\/image\/\",\"url\":\"https:\/\/secure.gravatar.com\/avatar\/0e2f17e0b0f28f6a6baeb346932d58f2?s=96&d=mm&r=g\",\"contentUrl\":\"https:\/\/secure.gravatar.com\/avatar\/0e2f17e0b0f28f6a6baeb346932d58f2?s=96&d=mm&r=g\",\"caption\":\"KomMa-Team\"}}]}<\/script>","yoast_head_json":{"title":"ZWIRN und KomMa - eine sinnvolle Ostfalia-Symbiose - KomMa","robots":{"index":"index","follow":"follow","max-snippet":"max-snippet:-1","max-image-preview":"max-image-preview:large","max-video-preview":"max-video-preview:-1"},"canonical":"https:\/\/komma.ostfalia.de\/index.php\/komma-wird-mitglied-im-zwirn\/","og_locale":"de_DE","og_type":"article","og_title":"ZWIRN und KomMa - eine sinnvolle Ostfalia-Symbiose - KomMa","og_description":"KomMa wird Mitglied im ZWIRN! ZWIRN &#8211; das steht kurz f\u00fcr &#8220;Zentrum f\u00fcr wissenschaftliches, interdisziplin\u00e4res Risikomanagement und Nachhaltigkeit&#8221;, und dieses Zentrum vereint assoziierte Mitglieder mit forschungsaktiven Professuren der Ostfalia Hochschule und ihren zw\u00f6lf Fakult\u00e4ten, es ist das gr\u00f6\u00dfte Zentrum f\u00fcr Risikomanagement und Nachhaltigkeit in Deutschland.Vorstandssprecher Prof. Dr. Stefan Zeranski zur neuen Kooperation: &#8220;Es ist uns [&hellip;]","og_url":"https:\/\/komma.ostfalia.de\/index.php\/komma-wird-mitglied-im-zwirn\/","og_site_name":"KomMa","article_published_time":"2020-11-11T10:03:00+00:00","article_modified_time":"2020-11-17T11:31:44+00:00","og_image":[{"width":1120,"height":630,"url":"https:\/\/komma.ostfalia.de\/wp-content\/uploads\/2020\/11\/zwirn-komma-ostfalia.jpg","type":"image\/jpeg"}],"author":"KomMa-Team","twitter_card":"summary_large_image","twitter_creator":"@komma_ostfalia","twitter_site":"@komma_ostfalia","twitter_misc":{"Verfasst von":"KomMa-Team","Gesch\u00e4tzte Lesezeit":"1\u00a0Minute"},"schema":{"@context":"https:\/\/schema.org","@graph":[{"@type":"Article","@id":"https:\/\/komma.ostfalia.de\/index.php\/komma-wird-mitglied-im-zwirn\/#article","isPartOf":{"@id":"https:\/\/komma.ostfalia.de\/index.php\/komma-wird-mitglied-im-zwirn\/"},"author":{"name":"KomMa-Team","@id":"https:\/\/komma.ostfalia.de\/#\/schema\/person\/2297cca325c7233192dce89bbb68ca24"},"headline":"ZWIRN und KomMa &#8211; eine sinnvolle Ostfalia-Symbiose","datePublished":"2020-11-11T10:03:00+00:00","dateModified":"2020-11-17T11:31:44+00:00","mainEntityOfPage":{"@id":"https:\/\/komma.ostfalia.de\/index.php\/komma-wird-mitglied-im-zwirn\/"},"wordCount":215,"commentCount":0,"publisher":{"@id":"https:\/\/komma.ostfalia.de\/#organization"},"image":{"@id":"https:\/\/komma.ostfalia.de\/index.php\/komma-wird-mitglied-im-zwirn\/#primaryimage"},"thumbnailUrl":"https:\/\/komma.ostfalia.de\/wp-content\/uploads\/2020\/11\/zwirn-komma-ostfalia.jpg","inLanguage":"de","potentialAction":[{"@type":"CommentAction","name":"Comment","target":["https:\/\/komma.ostfalia.de\/index.php\/komma-wird-mitglied-im-zwirn\/#respond"]}]},{"@type":"WebPage","@id":"https:\/\/komma.ostfalia.de\/index.php\/komma-wird-mitglied-im-zwirn\/","url":"https:\/\/komma.ostfalia.de\/index.php\/komma-wird-mitglied-im-zwirn\/","name":"ZWIRN und KomMa - eine sinnvolle Ostfalia-Symbiose - KomMa","isPartOf":{"@id":"https:\/\/komma.ostfalia.de\/#website"},"primaryImageOfPage":{"@id":"https:\/\/komma.ostfalia.de\/index.php\/komma-wird-mitglied-im-zwirn\/#primaryimage"},"image":{"@id":"https:\/\/komma.ostfalia.de\/index.php\/komma-wird-mitglied-im-zwirn\/#primaryimage"},"thumbnailUrl":"https:\/\/komma.ostfalia.de\/wp-content\/uploads\/2020\/11\/zwirn-komma-ostfalia.jpg","datePublished":"2020-11-11T10:03:00+00:00","dateModified":"2020-11-17T11:31:44+00:00","breadcrumb":{"@id":"https:\/\/komma.ostfalia.de\/index.php\/komma-wird-mitglied-im-zwirn\/#breadcrumb"},"inLanguage":"de","potentialAction":[{"@type":"ReadAction","target":["https:\/\/komma.ostfalia.de\/index.php\/komma-wird-mitglied-im-zwirn\/"]}]},{"@type":"ImageObject","inLanguage":"de","@id":"https:\/\/komma.ostfalia.de\/index.php\/komma-wird-mitglied-im-zwirn\/#primaryimage","url":"https:\/\/komma.ostfalia.de\/wp-content\/uploads\/2020\/11\/zwirn-komma-ostfalia.jpg","contentUrl":"https:\/\/komma.ostfalia.de\/wp-content\/uploads\/2020\/11\/zwirn-komma-ostfalia.jpg","width":1120,"height":630},{"@type":"BreadcrumbList","@id":"https:\/\/komma.ostfalia.de\/index.php\/komma-wird-mitglied-im-zwirn\/#breadcrumb","itemListElement":[{"@type":"ListItem","position":1,"name":"Startseite","item":"https:\/\/komma.ostfalia.de\/"},{"@type":"ListItem","position":2,"name":"Allgemein","item":"https:\/\/komma.ostfalia.de\/index.php\/kategorie\/allgemein\/"},{"@type":"ListItem","position":3,"name":"ZWIRN und KomMa &#8211; eine sinnvolle Ostfalia-Symbiose"}]},{"@type":"WebSite","@id":"https:\/\/komma.ostfalia.de\/#website","url":"https:\/\/komma.ostfalia.de\/","name":"KomMa","description":"Professur f\u00fcr Kommunikationsmanagement","publisher":{"@id":"https:\/\/komma.ostfalia.de\/#organization"},"potentialAction":[{"@type":"SearchAction","target":{"@type":"EntryPoint","urlTemplate":"https:\/\/komma.ostfalia.de\/?s={search_term_string}"},"query-input":"required name=search_term_string"}],"inLanguage":"de"},{"@type":"Organization","@id":"https:\/\/komma.ostfalia.de\/#organization","name":"KomMa - Professur f\u00fcr Kommunikationsmanagement","url":"https:\/\/komma.ostfalia.de\/","logo":{"@type":"ImageObject","inLanguage":"de","@id":"https:\/\/komma.ostfalia.de\/#\/schema\/logo\/image\/","url":"https:\/\/komma.ostfalia.de\/wp-content\/uploads\/2020\/05\/komma-signet.png","contentUrl":"https:\/\/komma.ostfalia.de\/wp-content\/uploads\/2020\/05\/komma-signet.png","width":512,"height":512,"caption":"KomMa - Professur f\u00fcr Kommunikationsmanagement"},"image":{"@id":"https:\/\/komma.ostfalia.de\/#\/schema\/logo\/image\/"},"sameAs":["https:\/\/twitter.com\/komma_ostfalia"]},{"@type":"Person","@id":"https:\/\/komma.ostfalia.de\/#\/schema\/person\/2297cca325c7233192dce89bbb68ca24","name":"KomMa-Team","image":{"@type":"ImageObject","inLanguage":"de","@id":"https:\/\/komma.ostfalia.de\/#\/schema\/person\/image\/","url":"https:\/\/secure.gravatar.com\/avatar\/0e2f17e0b0f28f6a6baeb346932d58f2?s=96&d=mm&r=g","contentUrl":"https:\/\/secure.gravatar.com\/avatar\/0e2f17e0b0f28f6a6baeb346932d58f2?s=96&d=mm&r=g","caption":"KomMa-Team"}}]}},"_links":{"self":[{"href":"https:\/\/komma.ostfalia.de\/index.php\/wp-json\/wp\/v2\/posts\/4505"}],"collection":[{"href":"https:\/\/komma.ostfalia.de\/index.php\/wp-json\/wp\/v2\/posts"}],"about":[{"href":"https:\/\/komma.ostfalia.de\/index.php\/wp-json\/wp\/v2\/types\/post"}],"author":[{"embeddable":true,"href":"https:\/\/komma.ostfalia.de\/index.php\/wp-json\/wp\/v2\/users\/1"}],"replies":[{"embeddable":true,"href":"https:\/\/komma.ostfalia.de\/index.php\/wp-json\/wp\/v2\/comments?post=4505"}],"version-history":[{"count":0,"href":"https:\/\/komma.ostfalia.de\/index.php\/wp-json\/wp\/v2\/posts\/4505\/revisions"}],"wp:featuredmedia":[{"embeddable":true,"href":"https:\/\/komma.ostfalia.de\/index.php\/wp-json\/wp\/v2\/media\/4509"}],"wp:attachment":[{"href":"https:\/\/komma.ostfalia.de\/index.php\/wp-json\/wp\/v2\/media?parent=4505"}],"wp:term":[{"taxonomy":"category","embeddable":true,"href":"https:\/\/komma.ostfalia.de\/index.php\/wp-json\/wp\/v2\/categories?post=4505"},{"taxonomy":"post_tag","embeddable":true,"href":"https:\/\/komma.ostfalia.de\/index.php\/wp-json\/wp\/v2\/tags?post=4505"}],"curies":[{"name":"wp","href":"https:\/\/api.w.org\/{rel}","templated":true}]}}