{"id":3670,"date":"2020-07-22T12:31:00","date_gmt":"2020-07-22T10:31:00","guid":{"rendered":"https:\/\/komma.ostfalia.de\/?p=3670"},"modified":"2020-07-29T13:27:16","modified_gmt":"2020-07-29T11:27:16","slug":"journalistin-aktivistin-influencerin-anabel-schunke","status":"publish","type":"post","link":"https:\/\/komma.ostfalia.de\/index.php\/journalistin-aktivistin-influencerin-anabel-schunke\/","title":{"rendered":"Journalistin, Aktivistin, Influencerin &#8211; warum es so schwierig ist, den Unterschied zu finden!"},"content":{"rendered":"\t\t<div data-elementor-type=\"wp-post\" data-elementor-id=\"3670\" class=\"elementor elementor-3670\">\n\t\t\t\t\t\t<section class=\"elementor-section elementor-top-section elementor-element elementor-element-b0fb9cb elementor-section-boxed elementor-section-height-default elementor-section-height-default\" data-id=\"b0fb9cb\" data-element_type=\"section\">\n\t\t\t\t\t\t<div class=\"elementor-container elementor-column-gap-default\">\n\t\t\t\t\t<div class=\"elementor-column elementor-col-25 elementor-top-column elementor-element elementor-element-98a37f7 elementor-hidden-tablet elementor-hidden-phone\" data-id=\"98a37f7\" data-element_type=\"column\">\n\t\t\t<div class=\"elementor-widget-wrap\">\n\t\t\t\t\t\t\t<\/div>\n\t\t<\/div>\n\t\t\t\t<div class=\"elementor-column elementor-col-50 elementor-top-column elementor-element elementor-element-ddc74a9\" data-id=\"ddc74a9\" data-element_type=\"column\">\n\t\t\t<div class=\"elementor-widget-wrap elementor-element-populated\">\n\t\t\t\t\t\t<div class=\"elementor-element elementor-element-c05df71 elementor-widget elementor-widget-text-editor\" data-id=\"c05df71\" data-element_type=\"widget\" data-widget_type=\"text-editor.default\">\n\t\t\t\t<div class=\"elementor-widget-container\">\n\t\t\t\t\t\t\t<p>Wie sollen klassische Medien auf Social Media reagieren? Wie setzt man sich am besten mit neuen Kommunikationsroutinen auseinander? Was unterscheidet Journalisten von Influencern? Wo beginnt Journalismus, wo endet er? Das alles sind Fragen, die man an einem aktuellen Beispiel ausgesprochen gut nachvollziehen kann.<\/p><p>Auf einer kompletten Seite dokumentierte die Braunschweiger Zeitung nun Auftritt und Schwerpunkte der Braunschweiger Social-Media-Kommunikateurin Anabel Schunke. R\u00e4umt man ihr damit zuviel Platz ein, nimmt man sie zu wichtig? Wie ist sie \u00fcberhaupt einzusch\u00e4tzen, ist sie Journalistin, Aktivistin, Influencerin? Mit ihrem Portrait trat das Zeitungshaus und Redakteur Andr\u00e9 Dolle auch unter Lesern eine gro\u00dfe Diskussion los &#8211; Harald Rau vom KomMa-Team wurde als Experte zur Einordnung gefragt.\u00a0<\/p><p>In diesem Post dokumentieren wir die Berichterstattung, die Reaktionen von Frau Schunke, sowie den in der Zeitung fortgef\u00fchrten Diskurs. Zus\u00e4tzlich zum in der Braunschweiger Zeitung abgedruckten Interview, stellen wir hier auf der KomMa-Seite die <a href=\"#langfassung\">Langfassung des Interviews<\/a> mit Harald Rau zur Verf\u00fcgung.<\/p>\t\t\t\t\t\t<\/div>\n\t\t\t\t<\/div>\n\t\t\t\t\t<\/div>\n\t\t<\/div>\n\t\t\t\t<div class=\"elementor-column elementor-col-25 elementor-top-column elementor-element elementor-element-bdb86b3 elementor-hidden-tablet elementor-hidden-phone\" data-id=\"bdb86b3\" data-element_type=\"column\">\n\t\t\t<div class=\"elementor-widget-wrap\">\n\t\t\t\t\t\t\t<\/div>\n\t\t<\/div>\n\t\t\t\t\t<\/div>\n\t\t<\/section>\n\t\t\t\t<section class=\"elementor-section elementor-top-section elementor-element elementor-element-add84fa elementor-section-boxed elementor-section-height-default elementor-section-height-default\" data-id=\"add84fa\" data-element_type=\"section\">\n\t\t\t\t\t\t<div class=\"elementor-container elementor-column-gap-default\">\n\t\t\t\t\t<div class=\"elementor-column elementor-col-100 elementor-top-column elementor-element elementor-element-d6d53e8\" data-id=\"d6d53e8\" data-element_type=\"column\">\n\t\t\t<div class=\"elementor-widget-wrap elementor-element-populated\">\n\t\t\t\t\t\t<div class=\"elementor-element elementor-element-05ed837 elementor-widget elementor-widget-html\" data-id=\"05ed837\" data-element_type=\"widget\" data-widget_type=\"html.default\">\n\t\t\t\t<div class=\"elementor-widget-container\">\n\t\t\t<div id=\"fb-root\"><\/div>\r\n<script async defer crossorigin=\"anonymous\" src=\"https:\/\/connect.facebook.net\/de_DE\/sdk.js#xfbml=1&version=v7.0&appId=370226557054122&autoLogAppEvents=1\" nonce=\"FEi3pnss\"><\/script>\t\t<\/div>\n\t\t\t\t<\/div>\n\t\t\t\t\t<\/div>\n\t\t<\/div>\n\t\t\t\t\t<\/div>\n\t\t<\/section>\n\t\t\t\t<section class=\"elementor-section elementor-top-section elementor-element elementor-element-fb747cc elementor-section-boxed elementor-section-height-default elementor-section-height-default\" data-id=\"fb747cc\" data-element_type=\"section\" id=\"langfassung\">\n\t\t\t\t\t\t<div class=\"elementor-container elementor-column-gap-default\">\n\t\t\t\t\t<div class=\"elementor-column elementor-col-25 elementor-top-column elementor-element elementor-element-f273633 elementor-hidden-tablet elementor-hidden-phone\" data-id=\"f273633\" data-element_type=\"column\">\n\t\t\t<div class=\"elementor-widget-wrap\">\n\t\t\t\t\t\t\t<\/div>\n\t\t<\/div>\n\t\t\t\t<div class=\"elementor-column elementor-col-50 elementor-top-column elementor-element elementor-element-0536861\" data-id=\"0536861\" data-element_type=\"column\">\n\t\t\t<div class=\"elementor-widget-wrap elementor-element-populated\">\n\t\t\t\t\t\t<div class=\"elementor-element elementor-element-bb2c389 elementor-widget elementor-widget-text-editor\" data-id=\"bb2c389\" data-element_type=\"widget\" data-widget_type=\"text-editor.default\">\n\t\t\t\t<div class=\"elementor-widget-container\">\n\t\t\t\t\t\t\t<p><b>Langfassung des Interviews mit Marius Klingemann von der Braunschweiger Zeitung:<\/b><\/p><p><b>Marius Klingemann:<\/b> In einem Leserbrief der Braunschweiger Zeitung als Reaktion auf die Berichterstattung wird geschrieben: \u201eIch verfolge schon lange die Beitr\u00e4ge und Texte von Frau Schunke. Immer auf dem Punkt genau. Gut geschrieben. Und ohne jegliche Tendenz zu irgendeinem politischen Lager. Sie hat den Mut die Missst\u00e4nde in unserem Land anzusprechen. Was schon allein traurig ist dass eine Journalistin Mut haben muss um etwas zu schreiben oder auf den sozialen Netzwerken zu zeigen.\u201c Wie w\u00fcrden Sie das Pr\u00e4dikat \u201eJournalist\u201c in Zusammenhang mit Frau Schunke beurteilen? Welche Relevanz und auch \u201eDeutungsmacht\u201c hinsichtlich bspw. politischer Themen (hier z.B.: Einwanderung, Islam) haben Influencer heutzutage aus Ihrer Sicht, und das auf welches Publikum? Was acht das \u201ePh\u00e4nomen Schunke\u201c dabei vielleicht insbesondere aus?<\/p><p><b>Harald Rau:<\/b> Nun, es ist ja so, dass sich jeder Journalist oder Journalistin nennen darf. Das ist keine gesch\u00fctzte Berufsbezeichnung. Die Diskussion, wer der richtige, der wahre Journalist ist, ist so alt wie das Berufsbild selbst. Gehen wir zur\u00fcck ins 19. Jahrhundert &#8211; eine extrem gro\u00dfe Zahl der Medien, damals alles Printmedien, war Parteienpresse. Das was wir heute als neutralen Journalismus kennen, der einem Kodex verpflichtet ist, das ist ein Ph\u00e4nomen, das im Grunde erst nach der Neuordnung des Mediensystems durch die Alliierten nach dem Zweiten Weltkrieg mit ohne Frage hier gutem angels\u00e4chsischem Einfluss entstand. Dennoch w\u00fcrde ich immer einen Unterschied zwischen Kommunikation \u00fcber Soziale Medien und \u00fcber Massenmedien machen. Der Einfluss von Influencern ist bezogen auf das Kaufverhalten inzwischen ganz gut erforscht. Die meisten Studien &#8211; eine recht umfassende vom Bundesverband Digitale Wirtschaft zum Beispiel &#8211; sagen, dass Influencer Kaufentscheidungen in durchaus interessantem Ma\u00dfe beeinflussen. Wir k\u00f6nnen also auch davon ausgehen, dass sie auf politischer Ebene Bedeutung haben.<\/p><p><b>Marius Klingemann: <\/b>Wo sto\u00dfen klassische Medien bei solchen Themen\/Konstellationen wom\u00f6glich an ihre Grenzen, die f\u00fcr Influencer\/\u201cInternet-Pers\u00f6nlichkeiten\u201c nicht gelten? Worin liegt hier aus Ihrer Sicht die Gefahr (aber ggf. auch ein Vorteil)?<br \/>Harald Rau: W\u00fcrden Sie jemanden, der sich Arzt nennt aber weder eine Approbation noch ein abgeschlossenes Studium oder eine Facharztausbildung absolviert hat, Ihren Blinddarm operieren lassen? Sicher nicht! Im Medienbereich tun wir aber gerade dieses, dabei ist eine demokratische, komplex ausdifferenzierte Gesellschaft ohne ein funktionierendes System der Medienkommunikation nicht denkbar. Das ist meine \u00dcberzeugung. In der heutigen Medienwelt wachsen Journalismus, Public Relations, Politstrategische Kommunikation und Aktivismus mehr oder weniger gezwungenerma\u00dfen zusammen. Wir gestatten \u00fcber Social Media Verschw\u00f6rungstheoretikern, Influencern &#8211; also Beeinflussern -, Aktivisten jeder Couleur, selbsterkl\u00e4rten Besserwissern und keinem Pressekodex verpflichteten Kommunikateuren uns mit ihren Meinungen zu behelligen &#8211; nicht gut!<\/p><p><b>Marius Klingemann:<\/b> Frau Schunke sieht sich laut ihrer Aussagen offenbar nicht als klassische \u201eVerf\u00fchrerin\u201c, sondern beruft sich auf die \u201eEigenverantwortung\u201c der Menschen, die ihr bspw. bei Facebook folgen und ihre Beitr\u00e4ge so aufnehmen. Auch aus unserem genannten Artikel: \u201eUnd wie steht es um ihre Verantwortung? Auch j\u00fcngere, noch ungefestigte Pers\u00f6nlichkeiten d\u00fcrften ihre Beitr\u00e4ge lesen, ihre Filmchen schauen. Schunke sagt lediglich: \u201eDie Leute tragen eine Eigenverantwortung.\u201c<\/p><p><b>Harald Rau:<\/b> Das ist genau der Punkt &#8211; sie hat recht. die einzige Alternative w\u00e4re, Medienregulierung auszudehnen, damit kommen wir m\u00f6glicherweise dem Thema Zensur n\u00e4her. Und der wichtige Satz lautet ja: \u201eEine Zensur findet nicht statt!\u201c. Die einzige L\u00f6sung w\u00e4re: Medienbildung. M\u00fcndige B\u00fcrger in einer Demokratie brauchen die Werkzeuge zur guten Entscheidungsfindung. Wir haben ja w\u00e4hrend der Pandemie ja dann doch gesehen, dass viele den klassischen Medien eher vertrauen. Deren Absatz stieg. Wer informiert sein will, ben\u00f6tigt einen Standard. Es gibt keine andere L\u00f6sung als bereits im humanistischen Bildungsideal formuliert wurde: Bildung ist mehr als Wissen. Wir brauchen mehr und bessere Medienbildung. Schon Kinder m\u00fcssen wissen, was Medien mit ihnen machen &#8211; und was ernstzunehmende Inhalte sind und was nicht. Vielleicht sollten wir ja zus\u00e4tzlich \u00fcber eine gesch\u00fctzte Medienkommunikations-Berufsbezeichnung nachdenken.<\/p><p><b>Marius Klingemann:<\/b> Kann man sich hier Ihrer Meinung nach als Mensch mit zig Tausend Followern so einfach \u201eaus der Aff\u00e4re ziehen\u201c?<\/p><p><b>Harald Rau:<\/b> Ja, das ist Meinungsfreiheit, grundgesetzlich gesichert.<\/p><p><b>Marius Klingemann:<\/b> In einem weiteren Leserbrief hei\u00dft es: \u201eIst es nicht etwas unverh\u00e4ltnism\u00e4\u00dfig, Frau Schunke diese B\u00fchne von einer ganzen, kompletten Seite in Ihrer Zeitung zu geben?\u201c Wie sehen Sie die Rolle der \u201eklassischen Medien\u201c in dieser Konstellation? Ist eine Auseinandersetzung mit \u201espeziellen\u201c Position, auch im hier stattgefundenen Umfang, jederzeit richtig oder sollte man diese \u201eB\u00fchne\u201c ggf. auch mal verwehren? Warum?<\/p><p><b>Harald Rau: <\/b>Interessanterweise habe ich am Tag der Publikation genau dieses am Fr\u00fchst\u00fcckstisch auch diskutiert: Warum gibt die Braunschweiger Zeitung hier eine solch gro\u00dfe Plattform? Pers\u00f6nlich bin ich in diesem Punkt hin- und hergerissen: Wir m\u00fcssen diese Themen besprechen. In diesem Fall unbedingt hinzuzuf\u00fcgen w\u00e4re: Im Netz sind 70.000 Follower im Grunde ein Klacks.- Gronkh, der sich beim \u201eGamen\u201c \u00fcber die Schulter schauen l\u00e4sst, hat 4,89 Millionen Abonnenten, wer also ist da Frau Schunke?.<\/p>\t\t\t\t\t\t<\/div>\n\t\t\t\t<\/div>\n\t\t\t\t\t<\/div>\n\t\t<\/div>\n\t\t\t\t<div class=\"elementor-column elementor-col-25 elementor-top-column elementor-element elementor-element-2e931b6 elementor-hidden-tablet elementor-hidden-phone\" data-id=\"2e931b6\" data-element_type=\"column\">\n\t\t\t<div class=\"elementor-widget-wrap\">\n\t\t\t\t\t\t\t<\/div>\n\t\t<\/div>\n\t\t\t\t\t<\/div>\n\t\t<\/section>\n\t\t\t\t<\/div>\n\t\t","protected":false},"excerpt":{"rendered":"<p>Wie sollen klassische Medien auf Social Media reagieren? Wie setzt man sich am besten mit neuen Kommunikationsroutinen auseinander? Was unterscheidet Journalisten von Influencern? Wo beginnt Journalismus, wo endet er? Das alles sind Fragen, die man an einem aktuellen Beispiel ausgesprochen gut nachvollziehen kann. Auf einer kompletten Seite dokumentierte die Braunschweiger Zeitung nun Auftritt und Schwerpunkte [&hellip;]<\/p>\n","protected":false},"author":6,"featured_media":3681,"comment_status":"open","ping_status":"open","sticky":false,"template":"","format":"standard","meta":{"_acf_changed":false,"footnotes":""},"categories":[1],"tags":[],"acf":[],"yoast_head":"<title>Journalistin, Aktivistin, Influencerin - warum es so schwierig ist, den Unterschied zu finden! - KomMa<\/title>\n<meta name=\"robots\" content=\"index, follow, max-snippet:-1, max-image-preview:large, max-video-preview:-1\" \/>\n<link rel=\"canonical\" href=\"https:\/\/komma.ostfalia.de\/index.php\/journalistin-aktivistin-influencerin-anabel-schunke\/\" \/>\n<meta property=\"og:locale\" content=\"de_DE\" \/>\n<meta property=\"og:type\" content=\"article\" \/>\n<meta property=\"og:title\" content=\"Journalistin, Aktivistin, Influencerin - warum es so schwierig ist, den Unterschied zu finden! - KomMa\" \/>\n<meta property=\"og:description\" content=\"Wie sollen klassische Medien auf Social Media reagieren? Wie setzt man sich am besten mit neuen Kommunikationsroutinen auseinander? Was unterscheidet Journalisten von Influencern? Wo beginnt Journalismus, wo endet er? Das alles sind Fragen, die man an einem aktuellen Beispiel ausgesprochen gut nachvollziehen kann. Auf einer kompletten Seite dokumentierte die Braunschweiger Zeitung nun Auftritt und Schwerpunkte [&hellip;]\" \/>\n<meta property=\"og:url\" content=\"https:\/\/komma.ostfalia.de\/index.php\/journalistin-aktivistin-influencerin-anabel-schunke\/\" \/>\n<meta property=\"og:site_name\" content=\"KomMa\" \/>\n<meta property=\"article:published_time\" content=\"2020-07-22T10:31:00+00:00\" \/>\n<meta property=\"article:modified_time\" content=\"2020-07-29T11:27:16+00:00\" \/>\n<meta property=\"og:image\" content=\"https:\/\/komma.ostfalia.de\/wp-content\/uploads\/2020\/07\/braunchweiger-zeitung-schunke.jpg\" \/>\n\t<meta property=\"og:image:width\" content=\"1120\" \/>\n\t<meta property=\"og:image:height\" content=\"630\" \/>\n\t<meta property=\"og:image:type\" content=\"image\/jpeg\" \/>\n<meta name=\"author\" content=\"Benjamin\" \/>\n<meta name=\"twitter:card\" content=\"summary_large_image\" \/>\n<meta name=\"twitter:creator\" content=\"@komma_ostfalia\" \/>\n<meta name=\"twitter:site\" content=\"@komma_ostfalia\" \/>\n<meta name=\"twitter:label1\" content=\"Verfasst von\" \/>\n\t<meta name=\"twitter:data1\" content=\"Benjamin\" \/>\n\t<meta name=\"twitter:label2\" content=\"Gesch\u00e4tzte Lesezeit\" \/>\n\t<meta name=\"twitter:data2\" content=\"5\u00a0Minuten\" \/>\n<script type=\"application\/ld+json\" class=\"yoast-schema-graph\">{\"@context\":\"https:\/\/schema.org\",\"@graph\":[{\"@type\":\"Article\",\"@id\":\"https:\/\/komma.ostfalia.de\/index.php\/journalistin-aktivistin-influencerin-anabel-schunke\/#article\",\"isPartOf\":{\"@id\":\"https:\/\/komma.ostfalia.de\/index.php\/journalistin-aktivistin-influencerin-anabel-schunke\/\"},\"author\":{\"name\":\"Benjamin\",\"@id\":\"https:\/\/komma.ostfalia.de\/#\/schema\/person\/e574b791085f3f761350425ec0a6bb71\"},\"headline\":\"Journalistin, Aktivistin, Influencerin &#8211; warum es so schwierig ist, den Unterschied zu finden!\",\"datePublished\":\"2020-07-22T10:31:00+00:00\",\"dateModified\":\"2020-07-29T11:27:16+00:00\",\"mainEntityOfPage\":{\"@id\":\"https:\/\/komma.ostfalia.de\/index.php\/journalistin-aktivistin-influencerin-anabel-schunke\/\"},\"wordCount\":1088,\"commentCount\":0,\"publisher\":{\"@id\":\"https:\/\/komma.ostfalia.de\/#organization\"},\"image\":{\"@id\":\"https:\/\/komma.ostfalia.de\/index.php\/journalistin-aktivistin-influencerin-anabel-schunke\/#primaryimage\"},\"thumbnailUrl\":\"https:\/\/komma.ostfalia.de\/wp-content\/uploads\/2020\/07\/braunchweiger-zeitung-schunke.jpg\",\"inLanguage\":\"de\",\"potentialAction\":[{\"@type\":\"CommentAction\",\"name\":\"Comment\",\"target\":[\"https:\/\/komma.ostfalia.de\/index.php\/journalistin-aktivistin-influencerin-anabel-schunke\/#respond\"]}]},{\"@type\":\"WebPage\",\"@id\":\"https:\/\/komma.ostfalia.de\/index.php\/journalistin-aktivistin-influencerin-anabel-schunke\/\",\"url\":\"https:\/\/komma.ostfalia.de\/index.php\/journalistin-aktivistin-influencerin-anabel-schunke\/\",\"name\":\"Journalistin, Aktivistin, Influencerin - warum es so schwierig ist, den Unterschied zu finden! - KomMa\",\"isPartOf\":{\"@id\":\"https:\/\/komma.ostfalia.de\/#website\"},\"primaryImageOfPage\":{\"@id\":\"https:\/\/komma.ostfalia.de\/index.php\/journalistin-aktivistin-influencerin-anabel-schunke\/#primaryimage\"},\"image\":{\"@id\":\"https:\/\/komma.ostfalia.de\/index.php\/journalistin-aktivistin-influencerin-anabel-schunke\/#primaryimage\"},\"thumbnailUrl\":\"https:\/\/komma.ostfalia.de\/wp-content\/uploads\/2020\/07\/braunchweiger-zeitung-schunke.jpg\",\"datePublished\":\"2020-07-22T10:31:00+00:00\",\"dateModified\":\"2020-07-29T11:27:16+00:00\",\"breadcrumb\":{\"@id\":\"https:\/\/komma.ostfalia.de\/index.php\/journalistin-aktivistin-influencerin-anabel-schunke\/#breadcrumb\"},\"inLanguage\":\"de\",\"potentialAction\":[{\"@type\":\"ReadAction\",\"target\":[\"https:\/\/komma.ostfalia.de\/index.php\/journalistin-aktivistin-influencerin-anabel-schunke\/\"]}]},{\"@type\":\"ImageObject\",\"inLanguage\":\"de\",\"@id\":\"https:\/\/komma.ostfalia.de\/index.php\/journalistin-aktivistin-influencerin-anabel-schunke\/#primaryimage\",\"url\":\"https:\/\/komma.ostfalia.de\/wp-content\/uploads\/2020\/07\/braunchweiger-zeitung-schunke.jpg\",\"contentUrl\":\"https:\/\/komma.ostfalia.de\/wp-content\/uploads\/2020\/07\/braunchweiger-zeitung-schunke.jpg\",\"width\":1120,\"height\":630},{\"@type\":\"BreadcrumbList\",\"@id\":\"https:\/\/komma.ostfalia.de\/index.php\/journalistin-aktivistin-influencerin-anabel-schunke\/#breadcrumb\",\"itemListElement\":[{\"@type\":\"ListItem\",\"position\":1,\"name\":\"Startseite\",\"item\":\"https:\/\/komma.ostfalia.de\/\"},{\"@type\":\"ListItem\",\"position\":2,\"name\":\"Allgemein\",\"item\":\"https:\/\/komma.ostfalia.de\/index.php\/kategorie\/allgemein\/\"},{\"@type\":\"ListItem\",\"position\":3,\"name\":\"Journalistin, Aktivistin, Influencerin &#8211; warum es so schwierig ist, den Unterschied zu finden!\"}]},{\"@type\":\"WebSite\",\"@id\":\"https:\/\/komma.ostfalia.de\/#website\",\"url\":\"https:\/\/komma.ostfalia.de\/\",\"name\":\"KomMa\",\"description\":\"Professur f\u00fcr Kommunikationsmanagement\",\"publisher\":{\"@id\":\"https:\/\/komma.ostfalia.de\/#organization\"},\"potentialAction\":[{\"@type\":\"SearchAction\",\"target\":{\"@type\":\"EntryPoint\",\"urlTemplate\":\"https:\/\/komma.ostfalia.de\/?s={search_term_string}\"},\"query-input\":\"required name=search_term_string\"}],\"inLanguage\":\"de\"},{\"@type\":\"Organization\",\"@id\":\"https:\/\/komma.ostfalia.de\/#organization\",\"name\":\"KomMa - Professur f\u00fcr Kommunikationsmanagement\",\"url\":\"https:\/\/komma.ostfalia.de\/\",\"logo\":{\"@type\":\"ImageObject\",\"inLanguage\":\"de\",\"@id\":\"https:\/\/komma.ostfalia.de\/#\/schema\/logo\/image\/\",\"url\":\"https:\/\/komma.ostfalia.de\/wp-content\/uploads\/2020\/05\/komma-signet.png\",\"contentUrl\":\"https:\/\/komma.ostfalia.de\/wp-content\/uploads\/2020\/05\/komma-signet.png\",\"width\":512,\"height\":512,\"caption\":\"KomMa - Professur f\u00fcr Kommunikationsmanagement\"},\"image\":{\"@id\":\"https:\/\/komma.ostfalia.de\/#\/schema\/logo\/image\/\"},\"sameAs\":[\"https:\/\/twitter.com\/komma_ostfalia\"]},{\"@type\":\"Person\",\"@id\":\"https:\/\/komma.ostfalia.de\/#\/schema\/person\/e574b791085f3f761350425ec0a6bb71\",\"name\":\"Benjamin\",\"image\":{\"@type\":\"ImageObject\",\"inLanguage\":\"de\",\"@id\":\"https:\/\/komma.ostfalia.de\/#\/schema\/person\/image\/\",\"url\":\"https:\/\/secure.gravatar.com\/avatar\/8f7d4988d143eeadebdf2a3b4be91af0?s=96&d=mm&r=g\",\"contentUrl\":\"https:\/\/secure.gravatar.com\/avatar\/8f7d4988d143eeadebdf2a3b4be91af0?s=96&d=mm&r=g\",\"caption\":\"Benjamin\"}}]}<\/script>","yoast_head_json":{"title":"Journalistin, Aktivistin, Influencerin - warum es so schwierig ist, den Unterschied zu finden! - KomMa","robots":{"index":"index","follow":"follow","max-snippet":"max-snippet:-1","max-image-preview":"max-image-preview:large","max-video-preview":"max-video-preview:-1"},"canonical":"https:\/\/komma.ostfalia.de\/index.php\/journalistin-aktivistin-influencerin-anabel-schunke\/","og_locale":"de_DE","og_type":"article","og_title":"Journalistin, Aktivistin, Influencerin - warum es so schwierig ist, den Unterschied zu finden! - KomMa","og_description":"Wie sollen klassische Medien auf Social Media reagieren? Wie setzt man sich am besten mit neuen Kommunikationsroutinen auseinander? Was unterscheidet Journalisten von Influencern? Wo beginnt Journalismus, wo endet er? Das alles sind Fragen, die man an einem aktuellen Beispiel ausgesprochen gut nachvollziehen kann. Auf einer kompletten Seite dokumentierte die Braunschweiger Zeitung nun Auftritt und Schwerpunkte [&hellip;]","og_url":"https:\/\/komma.ostfalia.de\/index.php\/journalistin-aktivistin-influencerin-anabel-schunke\/","og_site_name":"KomMa","article_published_time":"2020-07-22T10:31:00+00:00","article_modified_time":"2020-07-29T11:27:16+00:00","og_image":[{"width":1120,"height":630,"url":"https:\/\/komma.ostfalia.de\/wp-content\/uploads\/2020\/07\/braunchweiger-zeitung-schunke.jpg","type":"image\/jpeg"}],"author":"Benjamin","twitter_card":"summary_large_image","twitter_creator":"@komma_ostfalia","twitter_site":"@komma_ostfalia","twitter_misc":{"Verfasst von":"Benjamin","Gesch\u00e4tzte Lesezeit":"5\u00a0Minuten"},"schema":{"@context":"https:\/\/schema.org","@graph":[{"@type":"Article","@id":"https:\/\/komma.ostfalia.de\/index.php\/journalistin-aktivistin-influencerin-anabel-schunke\/#article","isPartOf":{"@id":"https:\/\/komma.ostfalia.de\/index.php\/journalistin-aktivistin-influencerin-anabel-schunke\/"},"author":{"name":"Benjamin","@id":"https:\/\/komma.ostfalia.de\/#\/schema\/person\/e574b791085f3f761350425ec0a6bb71"},"headline":"Journalistin, Aktivistin, Influencerin &#8211; warum es so schwierig ist, den Unterschied zu finden!","datePublished":"2020-07-22T10:31:00+00:00","dateModified":"2020-07-29T11:27:16+00:00","mainEntityOfPage":{"@id":"https:\/\/komma.ostfalia.de\/index.php\/journalistin-aktivistin-influencerin-anabel-schunke\/"},"wordCount":1088,"commentCount":0,"publisher":{"@id":"https:\/\/komma.ostfalia.de\/#organization"},"image":{"@id":"https:\/\/komma.ostfalia.de\/index.php\/journalistin-aktivistin-influencerin-anabel-schunke\/#primaryimage"},"thumbnailUrl":"https:\/\/komma.ostfalia.de\/wp-content\/uploads\/2020\/07\/braunchweiger-zeitung-schunke.jpg","inLanguage":"de","potentialAction":[{"@type":"CommentAction","name":"Comment","target":["https:\/\/komma.ostfalia.de\/index.php\/journalistin-aktivistin-influencerin-anabel-schunke\/#respond"]}]},{"@type":"WebPage","@id":"https:\/\/komma.ostfalia.de\/index.php\/journalistin-aktivistin-influencerin-anabel-schunke\/","url":"https:\/\/komma.ostfalia.de\/index.php\/journalistin-aktivistin-influencerin-anabel-schunke\/","name":"Journalistin, Aktivistin, Influencerin - warum es so schwierig ist, den Unterschied zu finden! - KomMa","isPartOf":{"@id":"https:\/\/komma.ostfalia.de\/#website"},"primaryImageOfPage":{"@id":"https:\/\/komma.ostfalia.de\/index.php\/journalistin-aktivistin-influencerin-anabel-schunke\/#primaryimage"},"image":{"@id":"https:\/\/komma.ostfalia.de\/index.php\/journalistin-aktivistin-influencerin-anabel-schunke\/#primaryimage"},"thumbnailUrl":"https:\/\/komma.ostfalia.de\/wp-content\/uploads\/2020\/07\/braunchweiger-zeitung-schunke.jpg","datePublished":"2020-07-22T10:31:00+00:00","dateModified":"2020-07-29T11:27:16+00:00","breadcrumb":{"@id":"https:\/\/komma.ostfalia.de\/index.php\/journalistin-aktivistin-influencerin-anabel-schunke\/#breadcrumb"},"inLanguage":"de","potentialAction":[{"@type":"ReadAction","target":["https:\/\/komma.ostfalia.de\/index.php\/journalistin-aktivistin-influencerin-anabel-schunke\/"]}]},{"@type":"ImageObject","inLanguage":"de","@id":"https:\/\/komma.ostfalia.de\/index.php\/journalistin-aktivistin-influencerin-anabel-schunke\/#primaryimage","url":"https:\/\/komma.ostfalia.de\/wp-content\/uploads\/2020\/07\/braunchweiger-zeitung-schunke.jpg","contentUrl":"https:\/\/komma.ostfalia.de\/wp-content\/uploads\/2020\/07\/braunchweiger-zeitung-schunke.jpg","width":1120,"height":630},{"@type":"BreadcrumbList","@id":"https:\/\/komma.ostfalia.de\/index.php\/journalistin-aktivistin-influencerin-anabel-schunke\/#breadcrumb","itemListElement":[{"@type":"ListItem","position":1,"name":"Startseite","item":"https:\/\/komma.ostfalia.de\/"},{"@type":"ListItem","position":2,"name":"Allgemein","item":"https:\/\/komma.ostfalia.de\/index.php\/kategorie\/allgemein\/"},{"@type":"ListItem","position":3,"name":"Journalistin, Aktivistin, Influencerin &#8211; warum es so schwierig ist, den Unterschied zu finden!"}]},{"@type":"WebSite","@id":"https:\/\/komma.ostfalia.de\/#website","url":"https:\/\/komma.ostfalia.de\/","name":"KomMa","description":"Professur f\u00fcr Kommunikationsmanagement","publisher":{"@id":"https:\/\/komma.ostfalia.de\/#organization"},"potentialAction":[{"@type":"SearchAction","target":{"@type":"EntryPoint","urlTemplate":"https:\/\/komma.ostfalia.de\/?s={search_term_string}"},"query-input":"required name=search_term_string"}],"inLanguage":"de"},{"@type":"Organization","@id":"https:\/\/komma.ostfalia.de\/#organization","name":"KomMa - Professur f\u00fcr Kommunikationsmanagement","url":"https:\/\/komma.ostfalia.de\/","logo":{"@type":"ImageObject","inLanguage":"de","@id":"https:\/\/komma.ostfalia.de\/#\/schema\/logo\/image\/","url":"https:\/\/komma.ostfalia.de\/wp-content\/uploads\/2020\/05\/komma-signet.png","contentUrl":"https:\/\/komma.ostfalia.de\/wp-content\/uploads\/2020\/05\/komma-signet.png","width":512,"height":512,"caption":"KomMa - Professur f\u00fcr Kommunikationsmanagement"},"image":{"@id":"https:\/\/komma.ostfalia.de\/#\/schema\/logo\/image\/"},"sameAs":["https:\/\/twitter.com\/komma_ostfalia"]},{"@type":"Person","@id":"https:\/\/komma.ostfalia.de\/#\/schema\/person\/e574b791085f3f761350425ec0a6bb71","name":"Benjamin","image":{"@type":"ImageObject","inLanguage":"de","@id":"https:\/\/komma.ostfalia.de\/#\/schema\/person\/image\/","url":"https:\/\/secure.gravatar.com\/avatar\/8f7d4988d143eeadebdf2a3b4be91af0?s=96&d=mm&r=g","contentUrl":"https:\/\/secure.gravatar.com\/avatar\/8f7d4988d143eeadebdf2a3b4be91af0?s=96&d=mm&r=g","caption":"Benjamin"}}]}},"_links":{"self":[{"href":"https:\/\/komma.ostfalia.de\/index.php\/wp-json\/wp\/v2\/posts\/3670"}],"collection":[{"href":"https:\/\/komma.ostfalia.de\/index.php\/wp-json\/wp\/v2\/posts"}],"about":[{"href":"https:\/\/komma.ostfalia.de\/index.php\/wp-json\/wp\/v2\/types\/post"}],"author":[{"embeddable":true,"href":"https:\/\/komma.ostfalia.de\/index.php\/wp-json\/wp\/v2\/users\/6"}],"replies":[{"embeddable":true,"href":"https:\/\/komma.ostfalia.de\/index.php\/wp-json\/wp\/v2\/comments?post=3670"}],"version-history":[{"count":0,"href":"https:\/\/komma.ostfalia.de\/index.php\/wp-json\/wp\/v2\/posts\/3670\/revisions"}],"wp:featuredmedia":[{"embeddable":true,"href":"https:\/\/komma.ostfalia.de\/index.php\/wp-json\/wp\/v2\/media\/3681"}],"wp:attachment":[{"href":"https:\/\/komma.ostfalia.de\/index.php\/wp-json\/wp\/v2\/media?parent=3670"}],"wp:term":[{"taxonomy":"category","embeddable":true,"href":"https:\/\/komma.ostfalia.de\/index.php\/wp-json\/wp\/v2\/categories?post=3670"},{"taxonomy":"post_tag","embeddable":true,"href":"https:\/\/komma.ostfalia.de\/index.php\/wp-json\/wp\/v2\/tags?post=3670"}],"curies":[{"name":"wp","href":"https:\/\/api.w.org\/{rel}","templated":true}]}}