{"id":2428,"date":"2020-03-23T09:57:00","date_gmt":"2020-03-23T08:57:00","guid":{"rendered":"https:\/\/komma.ostfalia.de\/?p=2428"},"modified":"2020-09-10T09:23:08","modified_gmt":"2020-09-10T07:23:08","slug":"teammitglied-bjoern-erlebt-corona-chaos-in-jamaika","status":"publish","type":"post","link":"https:\/\/komma.ostfalia.de\/index.php\/teammitglied-bjoern-erlebt-corona-chaos-in-jamaika\/","title":{"rendered":"Teammitglied Bj\u00f6rn erlebt Corona-Chaos in Jamaika"},"content":{"rendered":"<p>Anfang M\u00e4rz 2020 reiste Bj\u00f6rn Beringer, wissenschaftliche Hilfskraft an der Professur f\u00fcr Kommunikationsmanagement nach Jamaika. Neben einem Urlaub war ein Gastvortrag an der Caribbean School of Media and Communication geplant. Das Institut geh\u00f6rt zur University of the West Indies in Kingston, mit der zudem Gespr\u00e4che \u00fcber eine Hochschulkooperation vereinbart waren. Durch die Ausbreitung des COVID-19 Virus musste Bj\u00f6rn die Reise vorl\u00e4ufig abbrechen. Wie es weiterging, lesen Sie im Artikel der Braunschweiger Zeitung.<\/p>\n\n\n<ul><li><a href=\"https:\/\/komma.ostfalia.de\/wp-content\/uploads\/2020\/04\/Artikel_BZV_Beringer.pdf\" target=\"_blank\" rel=\"noreferrer noopener\">Artikel als PDF lesen<\/a><\/li><li><a href=\"https:\/\/www.braunschweiger-zeitung.de\/\" target=\"_blank\" rel=\"noreferrer noopener\">Link zur Website der Braunschweiger Zeitung<\/a><\/li><\/ul>\n","protected":false},"excerpt":{"rendered":"<p>Anfang M\u00e4rz 2020 reiste Bj\u00f6rn Beringer, wissenschaftliche Hilfskraft an der Professur f\u00fcr Kommunikationsmanagement nach Jamaika. Neben einem Urlaub war ein Gastvortrag an der Caribbean School of Media and Communication geplant. Das Institut geh\u00f6rt zur University of the West Indies in Kingston, mit der zudem Gespr\u00e4che \u00fcber eine Hochschulkooperation vereinbart waren. Durch die Ausbreitung des COVID-19 [&hellip;]<\/p>\n","protected":false},"author":6,"featured_media":2438,"comment_status":"open","ping_status":"open","sticky":false,"template":"","format":"standard","meta":{"_acf_changed":false,"footnotes":""},"categories":[1],"tags":[],"acf":[],"yoast_head":"<title>Teammitglied Bj\u00f6rn erlebt Corona-Chaos in Jamaika - KomMa<\/title>\n<meta name=\"robots\" content=\"index, follow, max-snippet:-1, max-image-preview:large, max-video-preview:-1\" \/>\n<link rel=\"canonical\" href=\"https:\/\/komma.ostfalia.de\/index.php\/teammitglied-bjoern-erlebt-corona-chaos-in-jamaika\/\" \/>\n<meta property=\"og:locale\" content=\"de_DE\" \/>\n<meta property=\"og:type\" content=\"article\" \/>\n<meta property=\"og:title\" content=\"Teammitglied Bj\u00f6rn erlebt Corona-Chaos in Jamaika - KomMa\" \/>\n<meta property=\"og:description\" content=\"Anfang M\u00e4rz 2020 reiste Bj\u00f6rn Beringer, wissenschaftliche Hilfskraft an der Professur f\u00fcr Kommunikationsmanagement nach Jamaika. Neben einem Urlaub war ein Gastvortrag an der Caribbean School of Media and Communication geplant. Das Institut geh\u00f6rt zur University of the West Indies in Kingston, mit der zudem Gespr\u00e4che \u00fcber eine Hochschulkooperation vereinbart waren. Durch die Ausbreitung des COVID-19 [&hellip;]\" \/>\n<meta property=\"og:url\" content=\"https:\/\/komma.ostfalia.de\/index.php\/teammitglied-bjoern-erlebt-corona-chaos-in-jamaika\/\" \/>\n<meta property=\"og:site_name\" content=\"KomMa\" \/>\n<meta property=\"article:published_time\" content=\"2020-03-23T08:57:00+00:00\" \/>\n<meta property=\"article:modified_time\" content=\"2020-09-10T07:23:08+00:00\" \/>\n<meta property=\"og:image\" content=\"https:\/\/komma.ostfalia.de\/wp-content\/uploads\/2020\/03\/jamaika-titel.jpg\" \/>\n\t<meta property=\"og:image:width\" content=\"1120\" \/>\n\t<meta property=\"og:image:height\" content=\"630\" \/>\n\t<meta property=\"og:image:type\" content=\"image\/jpeg\" \/>\n<meta name=\"author\" content=\"Benjamin\" \/>\n<meta name=\"twitter:card\" content=\"summary_large_image\" \/>\n<meta name=\"twitter:creator\" content=\"@komma_ostfalia\" \/>\n<meta name=\"twitter:site\" content=\"@komma_ostfalia\" \/>\n<meta name=\"twitter:label1\" content=\"Verfasst von\" \/>\n\t<meta name=\"twitter:data1\" content=\"Benjamin\" \/>\n<script type=\"application\/ld+json\" class=\"yoast-schema-graph\">{\"@context\":\"https:\/\/schema.org\",\"@graph\":[{\"@type\":\"Article\",\"@id\":\"https:\/\/komma.ostfalia.de\/index.php\/teammitglied-bjoern-erlebt-corona-chaos-in-jamaika\/#article\",\"isPartOf\":{\"@id\":\"https:\/\/komma.ostfalia.de\/index.php\/teammitglied-bjoern-erlebt-corona-chaos-in-jamaika\/\"},\"author\":{\"name\":\"Benjamin\",\"@id\":\"https:\/\/komma.ostfalia.de\/#\/schema\/person\/e574b791085f3f761350425ec0a6bb71\"},\"headline\":\"Teammitglied Bj\u00f6rn erlebt Corona-Chaos in Jamaika\",\"datePublished\":\"2020-03-23T08:57:00+00:00\",\"dateModified\":\"2020-09-10T07:23:08+00:00\",\"mainEntityOfPage\":{\"@id\":\"https:\/\/komma.ostfalia.de\/index.php\/teammitglied-bjoern-erlebt-corona-chaos-in-jamaika\/\"},\"wordCount\":95,\"commentCount\":0,\"publisher\":{\"@id\":\"https:\/\/komma.ostfalia.de\/#organization\"},\"image\":{\"@id\":\"https:\/\/komma.ostfalia.de\/index.php\/teammitglied-bjoern-erlebt-corona-chaos-in-jamaika\/#primaryimage\"},\"thumbnailUrl\":\"https:\/\/komma.ostfalia.de\/wp-content\/uploads\/2020\/03\/jamaika-titel.jpg\",\"inLanguage\":\"de\",\"potentialAction\":[{\"@type\":\"CommentAction\",\"name\":\"Comment\",\"target\":[\"https:\/\/komma.ostfalia.de\/index.php\/teammitglied-bjoern-erlebt-corona-chaos-in-jamaika\/#respond\"]}]},{\"@type\":\"WebPage\",\"@id\":\"https:\/\/komma.ostfalia.de\/index.php\/teammitglied-bjoern-erlebt-corona-chaos-in-jamaika\/\",\"url\":\"https:\/\/komma.ostfalia.de\/index.php\/teammitglied-bjoern-erlebt-corona-chaos-in-jamaika\/\",\"name\":\"Teammitglied Bj\u00f6rn erlebt Corona-Chaos in Jamaika - KomMa\",\"isPartOf\":{\"@id\":\"https:\/\/komma.ostfalia.de\/#website\"},\"primaryImageOfPage\":{\"@id\":\"https:\/\/komma.ostfalia.de\/index.php\/teammitglied-bjoern-erlebt-corona-chaos-in-jamaika\/#primaryimage\"},\"image\":{\"@id\":\"https:\/\/komma.ostfalia.de\/index.php\/teammitglied-bjoern-erlebt-corona-chaos-in-jamaika\/#primaryimage\"},\"thumbnailUrl\":\"https:\/\/komma.ostfalia.de\/wp-content\/uploads\/2020\/03\/jamaika-titel.jpg\",\"datePublished\":\"2020-03-23T08:57:00+00:00\",\"dateModified\":\"2020-09-10T07:23:08+00:00\",\"breadcrumb\":{\"@id\":\"https:\/\/komma.ostfalia.de\/index.php\/teammitglied-bjoern-erlebt-corona-chaos-in-jamaika\/#breadcrumb\"},\"inLanguage\":\"de\",\"potentialAction\":[{\"@type\":\"ReadAction\",\"target\":[\"https:\/\/komma.ostfalia.de\/index.php\/teammitglied-bjoern-erlebt-corona-chaos-in-jamaika\/\"]}]},{\"@type\":\"ImageObject\",\"inLanguage\":\"de\",\"@id\":\"https:\/\/komma.ostfalia.de\/index.php\/teammitglied-bjoern-erlebt-corona-chaos-in-jamaika\/#primaryimage\",\"url\":\"https:\/\/komma.ostfalia.de\/wp-content\/uploads\/2020\/03\/jamaika-titel.jpg\",\"contentUrl\":\"https:\/\/komma.ostfalia.de\/wp-content\/uploads\/2020\/03\/jamaika-titel.jpg\",\"width\":1120,\"height\":630},{\"@type\":\"BreadcrumbList\",\"@id\":\"https:\/\/komma.ostfalia.de\/index.php\/teammitglied-bjoern-erlebt-corona-chaos-in-jamaika\/#breadcrumb\",\"itemListElement\":[{\"@type\":\"ListItem\",\"position\":1,\"name\":\"Startseite\",\"item\":\"https:\/\/komma.ostfalia.de\/\"},{\"@type\":\"ListItem\",\"position\":2,\"name\":\"Allgemein\",\"item\":\"https:\/\/komma.ostfalia.de\/index.php\/kategorie\/allgemein\/\"},{\"@type\":\"ListItem\",\"position\":3,\"name\":\"Teammitglied Bj\u00f6rn erlebt Corona-Chaos in Jamaika\"}]},{\"@type\":\"WebSite\",\"@id\":\"https:\/\/komma.ostfalia.de\/#website\",\"url\":\"https:\/\/komma.ostfalia.de\/\",\"name\":\"KomMa\",\"description\":\"Professur f\u00fcr Kommunikationsmanagement\",\"publisher\":{\"@id\":\"https:\/\/komma.ostfalia.de\/#organization\"},\"potentialAction\":[{\"@type\":\"SearchAction\",\"target\":{\"@type\":\"EntryPoint\",\"urlTemplate\":\"https:\/\/komma.ostfalia.de\/?s={search_term_string}\"},\"query-input\":\"required name=search_term_string\"}],\"inLanguage\":\"de\"},{\"@type\":\"Organization\",\"@id\":\"https:\/\/komma.ostfalia.de\/#organization\",\"name\":\"KomMa - Professur f\u00fcr Kommunikationsmanagement\",\"url\":\"https:\/\/komma.ostfalia.de\/\",\"logo\":{\"@type\":\"ImageObject\",\"inLanguage\":\"de\",\"@id\":\"https:\/\/komma.ostfalia.de\/#\/schema\/logo\/image\/\",\"url\":\"https:\/\/komma.ostfalia.de\/wp-content\/uploads\/2020\/05\/komma-signet.png\",\"contentUrl\":\"https:\/\/komma.ostfalia.de\/wp-content\/uploads\/2020\/05\/komma-signet.png\",\"width\":512,\"height\":512,\"caption\":\"KomMa - Professur f\u00fcr Kommunikationsmanagement\"},\"image\":{\"@id\":\"https:\/\/komma.ostfalia.de\/#\/schema\/logo\/image\/\"},\"sameAs\":[\"https:\/\/twitter.com\/komma_ostfalia\"]},{\"@type\":\"Person\",\"@id\":\"https:\/\/komma.ostfalia.de\/#\/schema\/person\/e574b791085f3f761350425ec0a6bb71\",\"name\":\"Benjamin\",\"image\":{\"@type\":\"ImageObject\",\"inLanguage\":\"de\",\"@id\":\"https:\/\/komma.ostfalia.de\/#\/schema\/person\/image\/\",\"url\":\"https:\/\/secure.gravatar.com\/avatar\/8f7d4988d143eeadebdf2a3b4be91af0?s=96&d=mm&r=g\",\"contentUrl\":\"https:\/\/secure.gravatar.com\/avatar\/8f7d4988d143eeadebdf2a3b4be91af0?s=96&d=mm&r=g\",\"caption\":\"Benjamin\"}}]}<\/script>","yoast_head_json":{"title":"Teammitglied Bj\u00f6rn erlebt Corona-Chaos in Jamaika - KomMa","robots":{"index":"index","follow":"follow","max-snippet":"max-snippet:-1","max-image-preview":"max-image-preview:large","max-video-preview":"max-video-preview:-1"},"canonical":"https:\/\/komma.ostfalia.de\/index.php\/teammitglied-bjoern-erlebt-corona-chaos-in-jamaika\/","og_locale":"de_DE","og_type":"article","og_title":"Teammitglied Bj\u00f6rn erlebt Corona-Chaos in Jamaika - KomMa","og_description":"Anfang M\u00e4rz 2020 reiste Bj\u00f6rn Beringer, wissenschaftliche Hilfskraft an der Professur f\u00fcr Kommunikationsmanagement nach Jamaika. Neben einem Urlaub war ein Gastvortrag an der Caribbean School of Media and Communication geplant. Das Institut geh\u00f6rt zur University of the West Indies in Kingston, mit der zudem Gespr\u00e4che \u00fcber eine Hochschulkooperation vereinbart waren. Durch die Ausbreitung des COVID-19 [&hellip;]","og_url":"https:\/\/komma.ostfalia.de\/index.php\/teammitglied-bjoern-erlebt-corona-chaos-in-jamaika\/","og_site_name":"KomMa","article_published_time":"2020-03-23T08:57:00+00:00","article_modified_time":"2020-09-10T07:23:08+00:00","og_image":[{"width":1120,"height":630,"url":"https:\/\/komma.ostfalia.de\/wp-content\/uploads\/2020\/03\/jamaika-titel.jpg","type":"image\/jpeg"}],"author":"Benjamin","twitter_card":"summary_large_image","twitter_creator":"@komma_ostfalia","twitter_site":"@komma_ostfalia","twitter_misc":{"Verfasst von":"Benjamin"},"schema":{"@context":"https:\/\/schema.org","@graph":[{"@type":"Article","@id":"https:\/\/komma.ostfalia.de\/index.php\/teammitglied-bjoern-erlebt-corona-chaos-in-jamaika\/#article","isPartOf":{"@id":"https:\/\/komma.ostfalia.de\/index.php\/teammitglied-bjoern-erlebt-corona-chaos-in-jamaika\/"},"author":{"name":"Benjamin","@id":"https:\/\/komma.ostfalia.de\/#\/schema\/person\/e574b791085f3f761350425ec0a6bb71"},"headline":"Teammitglied Bj\u00f6rn erlebt Corona-Chaos in Jamaika","datePublished":"2020-03-23T08:57:00+00:00","dateModified":"2020-09-10T07:23:08+00:00","mainEntityOfPage":{"@id":"https:\/\/komma.ostfalia.de\/index.php\/teammitglied-bjoern-erlebt-corona-chaos-in-jamaika\/"},"wordCount":95,"commentCount":0,"publisher":{"@id":"https:\/\/komma.ostfalia.de\/#organization"},"image":{"@id":"https:\/\/komma.ostfalia.de\/index.php\/teammitglied-bjoern-erlebt-corona-chaos-in-jamaika\/#primaryimage"},"thumbnailUrl":"https:\/\/komma.ostfalia.de\/wp-content\/uploads\/2020\/03\/jamaika-titel.jpg","inLanguage":"de","potentialAction":[{"@type":"CommentAction","name":"Comment","target":["https:\/\/komma.ostfalia.de\/index.php\/teammitglied-bjoern-erlebt-corona-chaos-in-jamaika\/#respond"]}]},{"@type":"WebPage","@id":"https:\/\/komma.ostfalia.de\/index.php\/teammitglied-bjoern-erlebt-corona-chaos-in-jamaika\/","url":"https:\/\/komma.ostfalia.de\/index.php\/teammitglied-bjoern-erlebt-corona-chaos-in-jamaika\/","name":"Teammitglied Bj\u00f6rn erlebt Corona-Chaos in Jamaika - KomMa","isPartOf":{"@id":"https:\/\/komma.ostfalia.de\/#website"},"primaryImageOfPage":{"@id":"https:\/\/komma.ostfalia.de\/index.php\/teammitglied-bjoern-erlebt-corona-chaos-in-jamaika\/#primaryimage"},"image":{"@id":"https:\/\/komma.ostfalia.de\/index.php\/teammitglied-bjoern-erlebt-corona-chaos-in-jamaika\/#primaryimage"},"thumbnailUrl":"https:\/\/komma.ostfalia.de\/wp-content\/uploads\/2020\/03\/jamaika-titel.jpg","datePublished":"2020-03-23T08:57:00+00:00","dateModified":"2020-09-10T07:23:08+00:00","breadcrumb":{"@id":"https:\/\/komma.ostfalia.de\/index.php\/teammitglied-bjoern-erlebt-corona-chaos-in-jamaika\/#breadcrumb"},"inLanguage":"de","potentialAction":[{"@type":"ReadAction","target":["https:\/\/komma.ostfalia.de\/index.php\/teammitglied-bjoern-erlebt-corona-chaos-in-jamaika\/"]}]},{"@type":"ImageObject","inLanguage":"de","@id":"https:\/\/komma.ostfalia.de\/index.php\/teammitglied-bjoern-erlebt-corona-chaos-in-jamaika\/#primaryimage","url":"https:\/\/komma.ostfalia.de\/wp-content\/uploads\/2020\/03\/jamaika-titel.jpg","contentUrl":"https:\/\/komma.ostfalia.de\/wp-content\/uploads\/2020\/03\/jamaika-titel.jpg","width":1120,"height":630},{"@type":"BreadcrumbList","@id":"https:\/\/komma.ostfalia.de\/index.php\/teammitglied-bjoern-erlebt-corona-chaos-in-jamaika\/#breadcrumb","itemListElement":[{"@type":"ListItem","position":1,"name":"Startseite","item":"https:\/\/komma.ostfalia.de\/"},{"@type":"ListItem","position":2,"name":"Allgemein","item":"https:\/\/komma.ostfalia.de\/index.php\/kategorie\/allgemein\/"},{"@type":"ListItem","position":3,"name":"Teammitglied Bj\u00f6rn erlebt Corona-Chaos in Jamaika"}]},{"@type":"WebSite","@id":"https:\/\/komma.ostfalia.de\/#website","url":"https:\/\/komma.ostfalia.de\/","name":"KomMa","description":"Professur f\u00fcr Kommunikationsmanagement","publisher":{"@id":"https:\/\/komma.ostfalia.de\/#organization"},"potentialAction":[{"@type":"SearchAction","target":{"@type":"EntryPoint","urlTemplate":"https:\/\/komma.ostfalia.de\/?s={search_term_string}"},"query-input":"required name=search_term_string"}],"inLanguage":"de"},{"@type":"Organization","@id":"https:\/\/komma.ostfalia.de\/#organization","name":"KomMa - Professur f\u00fcr Kommunikationsmanagement","url":"https:\/\/komma.ostfalia.de\/","logo":{"@type":"ImageObject","inLanguage":"de","@id":"https:\/\/komma.ostfalia.de\/#\/schema\/logo\/image\/","url":"https:\/\/komma.ostfalia.de\/wp-content\/uploads\/2020\/05\/komma-signet.png","contentUrl":"https:\/\/komma.ostfalia.de\/wp-content\/uploads\/2020\/05\/komma-signet.png","width":512,"height":512,"caption":"KomMa - Professur f\u00fcr Kommunikationsmanagement"},"image":{"@id":"https:\/\/komma.ostfalia.de\/#\/schema\/logo\/image\/"},"sameAs":["https:\/\/twitter.com\/komma_ostfalia"]},{"@type":"Person","@id":"https:\/\/komma.ostfalia.de\/#\/schema\/person\/e574b791085f3f761350425ec0a6bb71","name":"Benjamin","image":{"@type":"ImageObject","inLanguage":"de","@id":"https:\/\/komma.ostfalia.de\/#\/schema\/person\/image\/","url":"https:\/\/secure.gravatar.com\/avatar\/8f7d4988d143eeadebdf2a3b4be91af0?s=96&d=mm&r=g","contentUrl":"https:\/\/secure.gravatar.com\/avatar\/8f7d4988d143eeadebdf2a3b4be91af0?s=96&d=mm&r=g","caption":"Benjamin"}}]}},"_links":{"self":[{"href":"https:\/\/komma.ostfalia.de\/index.php\/wp-json\/wp\/v2\/posts\/2428"}],"collection":[{"href":"https:\/\/komma.ostfalia.de\/index.php\/wp-json\/wp\/v2\/posts"}],"about":[{"href":"https:\/\/komma.ostfalia.de\/index.php\/wp-json\/wp\/v2\/types\/post"}],"author":[{"embeddable":true,"href":"https:\/\/komma.ostfalia.de\/index.php\/wp-json\/wp\/v2\/users\/6"}],"replies":[{"embeddable":true,"href":"https:\/\/komma.ostfalia.de\/index.php\/wp-json\/wp\/v2\/comments?post=2428"}],"version-history":[{"count":0,"href":"https:\/\/komma.ostfalia.de\/index.php\/wp-json\/wp\/v2\/posts\/2428\/revisions"}],"wp:featuredmedia":[{"embeddable":true,"href":"https:\/\/komma.ostfalia.de\/index.php\/wp-json\/wp\/v2\/media\/2438"}],"wp:attachment":[{"href":"https:\/\/komma.ostfalia.de\/index.php\/wp-json\/wp\/v2\/media?parent=2428"}],"wp:term":[{"taxonomy":"category","embeddable":true,"href":"https:\/\/komma.ostfalia.de\/index.php\/wp-json\/wp\/v2\/categories?post=2428"},{"taxonomy":"post_tag","embeddable":true,"href":"https:\/\/komma.ostfalia.de\/index.php\/wp-json\/wp\/v2\/tags?post=2428"}],"curies":[{"name":"wp","href":"https:\/\/api.w.org\/{rel}","templated":true}]}}