{"id":2418,"date":"2019-12-10T10:13:20","date_gmt":"2019-12-10T09:13:20","guid":{"rendered":"https:\/\/komma.ostfalia.de\/?p=2418"},"modified":"2020-09-10T09:22:36","modified_gmt":"2020-09-10T07:22:36","slug":"beitrag-in-medienwirtschaft-die-zukunft-eine-frage-von-zeit-und-ort","status":"publish","type":"post","link":"https:\/\/komma.ostfalia.de\/index.php\/beitrag-in-medienwirtschaft-die-zukunft-eine-frage-von-zeit-und-ort\/","title":{"rendered":"Beitrag in MedienWirtschaft: Die Zukunft \u2013 eine Frage von Zeit und Ort."},"content":{"rendered":"\n<p>\u201eDie Zukunft \u2013 eine Frage von Zeit und Ort.\u201c Mit einem Beitrag, der diesen Titel tr\u00e4gt haben Annika Ehlers und Harald Rau nicht nur auf der wichtigsten deutschsprachigen Tagung f\u00fcr Medien\u00f6konomen in K\u00f6ln \u00fcberzeugt, sondern es auch in die Zeitschrift MedienWirtschaft geschafft. Diese vereinte als Sonderausgabe die besten Beitr\u00e4ge der Tagung. Schriftleiter Prof. Dr. Martin Gl\u00e4ser schreibt im Vorwort: \u201eDiese Ausgabe der MedienWirtschaft ist ein Schwerpunktheft, das sich vertieft mit dem Thema \u201eInnovation in der Medienproduktion und Mediendistribution\u201c befasst. Versammelt sind hier die f\u00fcnf \u201eBest Paper\u201c der Jahrestagung der Fachgruppe Medien\u00f6konomie der Deutschen Gesellschaft f\u00fcr Publizistik- und Kommunikationswissenschaft (DGPuK).\u201c Im Beitrag werden die Bem\u00fchungen von journalistisch arbeitenden Medienunternehmen auf Ans\u00e4tze lokalisierter Berichterstattung analysiert.<\/p>\n\n\n\n<ul><li><a href=\"https:\/\/www.medienwirtschaft-online.de\/\" target=\"_blank\" rel=\"noreferrer noopener\">Link zur Website der Zeitschrift<\/a><\/li><li><a href=\"https:\/\/www.dgpuk.de\/de\/medien%C3%B6konomie.html\" target=\"_blank\" rel=\"noreferrer noopener\">Link zur Website der DGPuK (Medien\u00f6konomie)<\/a><\/li><\/ul>\n","protected":false},"excerpt":{"rendered":"<p>\u201eDie Zukunft \u2013 eine Frage von Zeit und Ort.\u201c Mit einem Beitrag, der diesen Titel tr\u00e4gt haben Annika Ehlers und Harald Rau nicht nur auf der wichtigsten deutschsprachigen Tagung f\u00fcr Medien\u00f6konomen in K\u00f6ln \u00fcberzeugt, sondern es auch in die Zeitschrift MedienWirtschaft geschafft. Diese vereinte als Sonderausgabe die besten Beitr\u00e4ge der Tagung. Schriftleiter Prof. Dr. Martin [&hellip;]<\/p>\n","protected":false},"author":6,"featured_media":2419,"comment_status":"open","ping_status":"open","sticky":false,"template":"","format":"standard","meta":{"_acf_changed":false,"footnotes":""},"categories":[1],"tags":[],"acf":[],"yoast_head":"<title>Beitrag in MedienWirtschaft: Die Zukunft \u2013 eine Frage von Zeit und Ort. - KomMa<\/title>\n<meta name=\"robots\" content=\"index, follow, max-snippet:-1, max-image-preview:large, max-video-preview:-1\" \/>\n<link rel=\"canonical\" href=\"https:\/\/komma.ostfalia.de\/index.php\/beitrag-in-medienwirtschaft-die-zukunft-eine-frage-von-zeit-und-ort\/\" \/>\n<meta property=\"og:locale\" content=\"de_DE\" \/>\n<meta property=\"og:type\" content=\"article\" \/>\n<meta property=\"og:title\" content=\"Beitrag in MedienWirtschaft: Die Zukunft \u2013 eine Frage von Zeit und Ort. - KomMa\" \/>\n<meta property=\"og:description\" content=\"\u201eDie Zukunft \u2013 eine Frage von Zeit und Ort.\u201c Mit einem Beitrag, der diesen Titel tr\u00e4gt haben Annika Ehlers und Harald Rau nicht nur auf der wichtigsten deutschsprachigen Tagung f\u00fcr Medien\u00f6konomen in K\u00f6ln \u00fcberzeugt, sondern es auch in die Zeitschrift MedienWirtschaft geschafft. Diese vereinte als Sonderausgabe die besten Beitr\u00e4ge der Tagung. Schriftleiter Prof. Dr. Martin [&hellip;]\" \/>\n<meta property=\"og:url\" content=\"https:\/\/komma.ostfalia.de\/index.php\/beitrag-in-medienwirtschaft-die-zukunft-eine-frage-von-zeit-und-ort\/\" \/>\n<meta property=\"og:site_name\" content=\"KomMa\" \/>\n<meta property=\"article:published_time\" content=\"2019-12-10T09:13:20+00:00\" \/>\n<meta property=\"article:modified_time\" content=\"2020-09-10T07:22:36+00:00\" \/>\n<meta property=\"og:image\" content=\"https:\/\/komma.ostfalia.de\/wp-content\/uploads\/2020\/02\/medienwirtschaft-titel.jpg\" \/>\n\t<meta property=\"og:image:width\" content=\"1120\" \/>\n\t<meta property=\"og:image:height\" content=\"630\" \/>\n\t<meta property=\"og:image:type\" content=\"image\/jpeg\" \/>\n<meta name=\"author\" content=\"Benjamin\" \/>\n<meta name=\"twitter:card\" content=\"summary_large_image\" \/>\n<meta name=\"twitter:creator\" content=\"@komma_ostfalia\" \/>\n<meta name=\"twitter:site\" content=\"@komma_ostfalia\" \/>\n<meta name=\"twitter:label1\" content=\"Verfasst von\" \/>\n\t<meta name=\"twitter:data1\" content=\"Benjamin\" \/>\n\t<meta name=\"twitter:label2\" content=\"Gesch\u00e4tzte Lesezeit\" \/>\n\t<meta name=\"twitter:data2\" content=\"1\u00a0Minute\" \/>\n<script type=\"application\/ld+json\" class=\"yoast-schema-graph\">{\"@context\":\"https:\/\/schema.org\",\"@graph\":[{\"@type\":\"Article\",\"@id\":\"https:\/\/komma.ostfalia.de\/index.php\/beitrag-in-medienwirtschaft-die-zukunft-eine-frage-von-zeit-und-ort\/#article\",\"isPartOf\":{\"@id\":\"https:\/\/komma.ostfalia.de\/index.php\/beitrag-in-medienwirtschaft-die-zukunft-eine-frage-von-zeit-und-ort\/\"},\"author\":{\"name\":\"Benjamin\",\"@id\":\"https:\/\/komma.ostfalia.de\/#\/schema\/person\/e574b791085f3f761350425ec0a6bb71\"},\"headline\":\"Beitrag in MedienWirtschaft: Die Zukunft \u2013 eine Frage von Zeit und Ort.\",\"datePublished\":\"2019-12-10T09:13:20+00:00\",\"dateModified\":\"2020-09-10T07:22:36+00:00\",\"mainEntityOfPage\":{\"@id\":\"https:\/\/komma.ostfalia.de\/index.php\/beitrag-in-medienwirtschaft-die-zukunft-eine-frage-von-zeit-und-ort\/\"},\"wordCount\":146,\"commentCount\":0,\"publisher\":{\"@id\":\"https:\/\/komma.ostfalia.de\/#organization\"},\"image\":{\"@id\":\"https:\/\/komma.ostfalia.de\/index.php\/beitrag-in-medienwirtschaft-die-zukunft-eine-frage-von-zeit-und-ort\/#primaryimage\"},\"thumbnailUrl\":\"https:\/\/komma.ostfalia.de\/wp-content\/uploads\/2020\/02\/medienwirtschaft-titel.jpg\",\"inLanguage\":\"de\",\"potentialAction\":[{\"@type\":\"CommentAction\",\"name\":\"Comment\",\"target\":[\"https:\/\/komma.ostfalia.de\/index.php\/beitrag-in-medienwirtschaft-die-zukunft-eine-frage-von-zeit-und-ort\/#respond\"]}]},{\"@type\":\"WebPage\",\"@id\":\"https:\/\/komma.ostfalia.de\/index.php\/beitrag-in-medienwirtschaft-die-zukunft-eine-frage-von-zeit-und-ort\/\",\"url\":\"https:\/\/komma.ostfalia.de\/index.php\/beitrag-in-medienwirtschaft-die-zukunft-eine-frage-von-zeit-und-ort\/\",\"name\":\"Beitrag in MedienWirtschaft: Die Zukunft \u2013 eine Frage von Zeit und Ort. - KomMa\",\"isPartOf\":{\"@id\":\"https:\/\/komma.ostfalia.de\/#website\"},\"primaryImageOfPage\":{\"@id\":\"https:\/\/komma.ostfalia.de\/index.php\/beitrag-in-medienwirtschaft-die-zukunft-eine-frage-von-zeit-und-ort\/#primaryimage\"},\"image\":{\"@id\":\"https:\/\/komma.ostfalia.de\/index.php\/beitrag-in-medienwirtschaft-die-zukunft-eine-frage-von-zeit-und-ort\/#primaryimage\"},\"thumbnailUrl\":\"https:\/\/komma.ostfalia.de\/wp-content\/uploads\/2020\/02\/medienwirtschaft-titel.jpg\",\"datePublished\":\"2019-12-10T09:13:20+00:00\",\"dateModified\":\"2020-09-10T07:22:36+00:00\",\"breadcrumb\":{\"@id\":\"https:\/\/komma.ostfalia.de\/index.php\/beitrag-in-medienwirtschaft-die-zukunft-eine-frage-von-zeit-und-ort\/#breadcrumb\"},\"inLanguage\":\"de\",\"potentialAction\":[{\"@type\":\"ReadAction\",\"target\":[\"https:\/\/komma.ostfalia.de\/index.php\/beitrag-in-medienwirtschaft-die-zukunft-eine-frage-von-zeit-und-ort\/\"]}]},{\"@type\":\"ImageObject\",\"inLanguage\":\"de\",\"@id\":\"https:\/\/komma.ostfalia.de\/index.php\/beitrag-in-medienwirtschaft-die-zukunft-eine-frage-von-zeit-und-ort\/#primaryimage\",\"url\":\"https:\/\/komma.ostfalia.de\/wp-content\/uploads\/2020\/02\/medienwirtschaft-titel.jpg\",\"contentUrl\":\"https:\/\/komma.ostfalia.de\/wp-content\/uploads\/2020\/02\/medienwirtschaft-titel.jpg\",\"width\":1120,\"height\":630},{\"@type\":\"BreadcrumbList\",\"@id\":\"https:\/\/komma.ostfalia.de\/index.php\/beitrag-in-medienwirtschaft-die-zukunft-eine-frage-von-zeit-und-ort\/#breadcrumb\",\"itemListElement\":[{\"@type\":\"ListItem\",\"position\":1,\"name\":\"Startseite\",\"item\":\"https:\/\/komma.ostfalia.de\/\"},{\"@type\":\"ListItem\",\"position\":2,\"name\":\"Allgemein\",\"item\":\"https:\/\/komma.ostfalia.de\/index.php\/kategorie\/allgemein\/\"},{\"@type\":\"ListItem\",\"position\":3,\"name\":\"Beitrag in MedienWirtschaft: Die Zukunft \u2013 eine Frage von Zeit und Ort.\"}]},{\"@type\":\"WebSite\",\"@id\":\"https:\/\/komma.ostfalia.de\/#website\",\"url\":\"https:\/\/komma.ostfalia.de\/\",\"name\":\"KomMa\",\"description\":\"Professur f\u00fcr Kommunikationsmanagement\",\"publisher\":{\"@id\":\"https:\/\/komma.ostfalia.de\/#organization\"},\"potentialAction\":[{\"@type\":\"SearchAction\",\"target\":{\"@type\":\"EntryPoint\",\"urlTemplate\":\"https:\/\/komma.ostfalia.de\/?s={search_term_string}\"},\"query-input\":\"required name=search_term_string\"}],\"inLanguage\":\"de\"},{\"@type\":\"Organization\",\"@id\":\"https:\/\/komma.ostfalia.de\/#organization\",\"name\":\"KomMa - Professur f\u00fcr Kommunikationsmanagement\",\"url\":\"https:\/\/komma.ostfalia.de\/\",\"logo\":{\"@type\":\"ImageObject\",\"inLanguage\":\"de\",\"@id\":\"https:\/\/komma.ostfalia.de\/#\/schema\/logo\/image\/\",\"url\":\"https:\/\/komma.ostfalia.de\/wp-content\/uploads\/2020\/05\/komma-signet.png\",\"contentUrl\":\"https:\/\/komma.ostfalia.de\/wp-content\/uploads\/2020\/05\/komma-signet.png\",\"width\":512,\"height\":512,\"caption\":\"KomMa - Professur f\u00fcr Kommunikationsmanagement\"},\"image\":{\"@id\":\"https:\/\/komma.ostfalia.de\/#\/schema\/logo\/image\/\"},\"sameAs\":[\"https:\/\/twitter.com\/komma_ostfalia\"]},{\"@type\":\"Person\",\"@id\":\"https:\/\/komma.ostfalia.de\/#\/schema\/person\/e574b791085f3f761350425ec0a6bb71\",\"name\":\"Benjamin\",\"image\":{\"@type\":\"ImageObject\",\"inLanguage\":\"de\",\"@id\":\"https:\/\/komma.ostfalia.de\/#\/schema\/person\/image\/\",\"url\":\"https:\/\/secure.gravatar.com\/avatar\/8f7d4988d143eeadebdf2a3b4be91af0?s=96&d=mm&r=g\",\"contentUrl\":\"https:\/\/secure.gravatar.com\/avatar\/8f7d4988d143eeadebdf2a3b4be91af0?s=96&d=mm&r=g\",\"caption\":\"Benjamin\"}}]}<\/script>","yoast_head_json":{"title":"Beitrag in MedienWirtschaft: Die Zukunft \u2013 eine Frage von Zeit und Ort. - KomMa","robots":{"index":"index","follow":"follow","max-snippet":"max-snippet:-1","max-image-preview":"max-image-preview:large","max-video-preview":"max-video-preview:-1"},"canonical":"https:\/\/komma.ostfalia.de\/index.php\/beitrag-in-medienwirtschaft-die-zukunft-eine-frage-von-zeit-und-ort\/","og_locale":"de_DE","og_type":"article","og_title":"Beitrag in MedienWirtschaft: Die Zukunft \u2013 eine Frage von Zeit und Ort. - KomMa","og_description":"\u201eDie Zukunft \u2013 eine Frage von Zeit und Ort.\u201c Mit einem Beitrag, der diesen Titel tr\u00e4gt haben Annika Ehlers und Harald Rau nicht nur auf der wichtigsten deutschsprachigen Tagung f\u00fcr Medien\u00f6konomen in K\u00f6ln \u00fcberzeugt, sondern es auch in die Zeitschrift MedienWirtschaft geschafft. Diese vereinte als Sonderausgabe die besten Beitr\u00e4ge der Tagung. Schriftleiter Prof. Dr. Martin [&hellip;]","og_url":"https:\/\/komma.ostfalia.de\/index.php\/beitrag-in-medienwirtschaft-die-zukunft-eine-frage-von-zeit-und-ort\/","og_site_name":"KomMa","article_published_time":"2019-12-10T09:13:20+00:00","article_modified_time":"2020-09-10T07:22:36+00:00","og_image":[{"width":1120,"height":630,"url":"https:\/\/komma.ostfalia.de\/wp-content\/uploads\/2020\/02\/medienwirtschaft-titel.jpg","type":"image\/jpeg"}],"author":"Benjamin","twitter_card":"summary_large_image","twitter_creator":"@komma_ostfalia","twitter_site":"@komma_ostfalia","twitter_misc":{"Verfasst von":"Benjamin","Gesch\u00e4tzte Lesezeit":"1\u00a0Minute"},"schema":{"@context":"https:\/\/schema.org","@graph":[{"@type":"Article","@id":"https:\/\/komma.ostfalia.de\/index.php\/beitrag-in-medienwirtschaft-die-zukunft-eine-frage-von-zeit-und-ort\/#article","isPartOf":{"@id":"https:\/\/komma.ostfalia.de\/index.php\/beitrag-in-medienwirtschaft-die-zukunft-eine-frage-von-zeit-und-ort\/"},"author":{"name":"Benjamin","@id":"https:\/\/komma.ostfalia.de\/#\/schema\/person\/e574b791085f3f761350425ec0a6bb71"},"headline":"Beitrag in MedienWirtschaft: Die Zukunft \u2013 eine Frage von Zeit und Ort.","datePublished":"2019-12-10T09:13:20+00:00","dateModified":"2020-09-10T07:22:36+00:00","mainEntityOfPage":{"@id":"https:\/\/komma.ostfalia.de\/index.php\/beitrag-in-medienwirtschaft-die-zukunft-eine-frage-von-zeit-und-ort\/"},"wordCount":146,"commentCount":0,"publisher":{"@id":"https:\/\/komma.ostfalia.de\/#organization"},"image":{"@id":"https:\/\/komma.ostfalia.de\/index.php\/beitrag-in-medienwirtschaft-die-zukunft-eine-frage-von-zeit-und-ort\/#primaryimage"},"thumbnailUrl":"https:\/\/komma.ostfalia.de\/wp-content\/uploads\/2020\/02\/medienwirtschaft-titel.jpg","inLanguage":"de","potentialAction":[{"@type":"CommentAction","name":"Comment","target":["https:\/\/komma.ostfalia.de\/index.php\/beitrag-in-medienwirtschaft-die-zukunft-eine-frage-von-zeit-und-ort\/#respond"]}]},{"@type":"WebPage","@id":"https:\/\/komma.ostfalia.de\/index.php\/beitrag-in-medienwirtschaft-die-zukunft-eine-frage-von-zeit-und-ort\/","url":"https:\/\/komma.ostfalia.de\/index.php\/beitrag-in-medienwirtschaft-die-zukunft-eine-frage-von-zeit-und-ort\/","name":"Beitrag in MedienWirtschaft: Die Zukunft \u2013 eine Frage von Zeit und Ort. - KomMa","isPartOf":{"@id":"https:\/\/komma.ostfalia.de\/#website"},"primaryImageOfPage":{"@id":"https:\/\/komma.ostfalia.de\/index.php\/beitrag-in-medienwirtschaft-die-zukunft-eine-frage-von-zeit-und-ort\/#primaryimage"},"image":{"@id":"https:\/\/komma.ostfalia.de\/index.php\/beitrag-in-medienwirtschaft-die-zukunft-eine-frage-von-zeit-und-ort\/#primaryimage"},"thumbnailUrl":"https:\/\/komma.ostfalia.de\/wp-content\/uploads\/2020\/02\/medienwirtschaft-titel.jpg","datePublished":"2019-12-10T09:13:20+00:00","dateModified":"2020-09-10T07:22:36+00:00","breadcrumb":{"@id":"https:\/\/komma.ostfalia.de\/index.php\/beitrag-in-medienwirtschaft-die-zukunft-eine-frage-von-zeit-und-ort\/#breadcrumb"},"inLanguage":"de","potentialAction":[{"@type":"ReadAction","target":["https:\/\/komma.ostfalia.de\/index.php\/beitrag-in-medienwirtschaft-die-zukunft-eine-frage-von-zeit-und-ort\/"]}]},{"@type":"ImageObject","inLanguage":"de","@id":"https:\/\/komma.ostfalia.de\/index.php\/beitrag-in-medienwirtschaft-die-zukunft-eine-frage-von-zeit-und-ort\/#primaryimage","url":"https:\/\/komma.ostfalia.de\/wp-content\/uploads\/2020\/02\/medienwirtschaft-titel.jpg","contentUrl":"https:\/\/komma.ostfalia.de\/wp-content\/uploads\/2020\/02\/medienwirtschaft-titel.jpg","width":1120,"height":630},{"@type":"BreadcrumbList","@id":"https:\/\/komma.ostfalia.de\/index.php\/beitrag-in-medienwirtschaft-die-zukunft-eine-frage-von-zeit-und-ort\/#breadcrumb","itemListElement":[{"@type":"ListItem","position":1,"name":"Startseite","item":"https:\/\/komma.ostfalia.de\/"},{"@type":"ListItem","position":2,"name":"Allgemein","item":"https:\/\/komma.ostfalia.de\/index.php\/kategorie\/allgemein\/"},{"@type":"ListItem","position":3,"name":"Beitrag in MedienWirtschaft: Die Zukunft \u2013 eine Frage von Zeit und Ort."}]},{"@type":"WebSite","@id":"https:\/\/komma.ostfalia.de\/#website","url":"https:\/\/komma.ostfalia.de\/","name":"KomMa","description":"Professur f\u00fcr Kommunikationsmanagement","publisher":{"@id":"https:\/\/komma.ostfalia.de\/#organization"},"potentialAction":[{"@type":"SearchAction","target":{"@type":"EntryPoint","urlTemplate":"https:\/\/komma.ostfalia.de\/?s={search_term_string}"},"query-input":"required name=search_term_string"}],"inLanguage":"de"},{"@type":"Organization","@id":"https:\/\/komma.ostfalia.de\/#organization","name":"KomMa - Professur f\u00fcr Kommunikationsmanagement","url":"https:\/\/komma.ostfalia.de\/","logo":{"@type":"ImageObject","inLanguage":"de","@id":"https:\/\/komma.ostfalia.de\/#\/schema\/logo\/image\/","url":"https:\/\/komma.ostfalia.de\/wp-content\/uploads\/2020\/05\/komma-signet.png","contentUrl":"https:\/\/komma.ostfalia.de\/wp-content\/uploads\/2020\/05\/komma-signet.png","width":512,"height":512,"caption":"KomMa - Professur f\u00fcr Kommunikationsmanagement"},"image":{"@id":"https:\/\/komma.ostfalia.de\/#\/schema\/logo\/image\/"},"sameAs":["https:\/\/twitter.com\/komma_ostfalia"]},{"@type":"Person","@id":"https:\/\/komma.ostfalia.de\/#\/schema\/person\/e574b791085f3f761350425ec0a6bb71","name":"Benjamin","image":{"@type":"ImageObject","inLanguage":"de","@id":"https:\/\/komma.ostfalia.de\/#\/schema\/person\/image\/","url":"https:\/\/secure.gravatar.com\/avatar\/8f7d4988d143eeadebdf2a3b4be91af0?s=96&d=mm&r=g","contentUrl":"https:\/\/secure.gravatar.com\/avatar\/8f7d4988d143eeadebdf2a3b4be91af0?s=96&d=mm&r=g","caption":"Benjamin"}}]}},"_links":{"self":[{"href":"https:\/\/komma.ostfalia.de\/index.php\/wp-json\/wp\/v2\/posts\/2418"}],"collection":[{"href":"https:\/\/komma.ostfalia.de\/index.php\/wp-json\/wp\/v2\/posts"}],"about":[{"href":"https:\/\/komma.ostfalia.de\/index.php\/wp-json\/wp\/v2\/types\/post"}],"author":[{"embeddable":true,"href":"https:\/\/komma.ostfalia.de\/index.php\/wp-json\/wp\/v2\/users\/6"}],"replies":[{"embeddable":true,"href":"https:\/\/komma.ostfalia.de\/index.php\/wp-json\/wp\/v2\/comments?post=2418"}],"version-history":[{"count":0,"href":"https:\/\/komma.ostfalia.de\/index.php\/wp-json\/wp\/v2\/posts\/2418\/revisions"}],"wp:featuredmedia":[{"embeddable":true,"href":"https:\/\/komma.ostfalia.de\/index.php\/wp-json\/wp\/v2\/media\/2419"}],"wp:attachment":[{"href":"https:\/\/komma.ostfalia.de\/index.php\/wp-json\/wp\/v2\/media?parent=2418"}],"wp:term":[{"taxonomy":"category","embeddable":true,"href":"https:\/\/komma.ostfalia.de\/index.php\/wp-json\/wp\/v2\/categories?post=2418"},{"taxonomy":"post_tag","embeddable":true,"href":"https:\/\/komma.ostfalia.de\/index.php\/wp-json\/wp\/v2\/tags?post=2418"}],"curies":[{"name":"wp","href":"https:\/\/api.w.org\/{rel}","templated":true}]}}