{"id":2377,"date":"2020-02-18T11:20:00","date_gmt":"2020-02-18T10:20:00","guid":{"rendered":"https:\/\/komma.ostfalia.de\/?p=2377"},"modified":"2020-09-10T09:21:41","modified_gmt":"2020-09-10T07:21:41","slug":"harald-rau-gutachter-wissenschaftsrat","status":"publish","type":"post","link":"https:\/\/komma.ostfalia.de\/index.php\/harald-rau-gutachter-wissenschaftsrat\/","title":{"rendered":"Harald Rau erneut als Gutachter des Wissenschaftsrates ausgew\u00e4hlt"},"content":{"rendered":"\n<p>Der Inhaber der Ostfalia-Professur f\u00fcr Kommunikationsmanagement, Harald Rau, ist wieder Gutachter f\u00fcr den Wissenschaftsrat. Dieser Rat gilt als das bedeutendste deutsche Beratungsgremium der Wissenschaftspolitik, mit Sitz in K\u00f6ln unterst\u00fctzt er Bund und L\u00e4nder in Fragen der inhaltlichen und strukturellen Weiterentwicklung des Hochschulsystems sowie der staatlichen F\u00f6rderung von Forschungseinrichtungen. Zu den besonderen Aufgaben des Wissenschaftsrats z\u00e4hlt es auch, Stellungnahmen zur so genannten \u201eInstitutionellen Akkreditierung\u201c nichtstaatlicher Hochschulen zu erstellen. Rau wurde f\u00fcr die Begutachtung einer privaten Hochschule in Hessen und damit f\u00fcr diesen Bereich der institutionellen Akkreditierung ausgew\u00e4hlt. In den dort angesiedelten Verfahren wird gekl\u00e4rt, ob eine Hochschule Leistungen in Lehre und Forschung erbringen kann, die anerkannten wissenschaftlichen Ma\u00dfst\u00e4ben entsprechen. Das Ziel der Institutionellen Akkreditierung besteht in der Sicherung der wissenschaftlichen Leistungsf\u00e4higkeit einer Hochschuleinrichtung wie auch im Schutz der Studierenden sowie der \u00f6ffentlichen und privaten Arbeitgeber bzw. Arbeitgeberinnen als Abnehmer der Absolventinnen und Absolventen. In der Vergangenheit war Rau bereits mehrfach als Gutachter f\u00fcr den Wissenschaftsrat ausgew\u00e4hlt worden.<\/p>\n\n\n\n<ul><li><a href=\"https:\/\/www.wissenschaftsrat.de\/\" target=\"_blank\" rel=\"noreferrer noopener\">Link zur Website des Wissenschaftsrates<\/a><\/li><\/ul>\n","protected":false},"excerpt":{"rendered":"<p>Der Inhaber der Ostfalia-Professur f\u00fcr Kommunikationsmanagement, Harald Rau, ist wieder Gutachter f\u00fcr den Wissenschaftsrat. Dieser Rat gilt als das bedeutendste deutsche Beratungsgremium der Wissenschaftspolitik, mit Sitz in K\u00f6ln unterst\u00fctzt er Bund und L\u00e4nder in Fragen der inhaltlichen und strukturellen Weiterentwicklung des Hochschulsystems sowie der staatlichen F\u00f6rderung von Forschungseinrichtungen. Zu den besonderen Aufgaben des Wissenschaftsrats z\u00e4hlt [&hellip;]<\/p>\n","protected":false},"author":6,"featured_media":2386,"comment_status":"open","ping_status":"open","sticky":false,"template":"","format":"standard","meta":{"_acf_changed":false,"footnotes":""},"categories":[1],"tags":[],"acf":[],"yoast_head":"<title>Harald Rau erneut als Gutachter des Wissenschaftsrates ausgew\u00e4hlt - KomMa<\/title>\n<meta name=\"robots\" content=\"index, follow, max-snippet:-1, max-image-preview:large, max-video-preview:-1\" \/>\n<link rel=\"canonical\" href=\"https:\/\/komma.ostfalia.de\/index.php\/harald-rau-gutachter-wissenschaftsrat\/\" \/>\n<meta property=\"og:locale\" content=\"de_DE\" \/>\n<meta property=\"og:type\" content=\"article\" \/>\n<meta property=\"og:title\" content=\"Harald Rau erneut als Gutachter des Wissenschaftsrates ausgew\u00e4hlt - KomMa\" \/>\n<meta property=\"og:description\" content=\"Der Inhaber der Ostfalia-Professur f\u00fcr Kommunikationsmanagement, Harald Rau, ist wieder Gutachter f\u00fcr den Wissenschaftsrat. Dieser Rat gilt als das bedeutendste deutsche Beratungsgremium der Wissenschaftspolitik, mit Sitz in K\u00f6ln unterst\u00fctzt er Bund und L\u00e4nder in Fragen der inhaltlichen und strukturellen Weiterentwicklung des Hochschulsystems sowie der staatlichen F\u00f6rderung von Forschungseinrichtungen. Zu den besonderen Aufgaben des Wissenschaftsrats z\u00e4hlt [&hellip;]\" \/>\n<meta property=\"og:url\" content=\"https:\/\/komma.ostfalia.de\/index.php\/harald-rau-gutachter-wissenschaftsrat\/\" \/>\n<meta property=\"og:site_name\" content=\"KomMa\" \/>\n<meta property=\"article:published_time\" content=\"2020-02-18T10:20:00+00:00\" \/>\n<meta property=\"article:modified_time\" content=\"2020-09-10T07:21:41+00:00\" \/>\n<meta property=\"og:image\" content=\"https:\/\/komma.ostfalia.de\/wp-content\/uploads\/2020\/02\/wissenschaftsrat-titel.jpg\" \/>\n\t<meta property=\"og:image:width\" content=\"1120\" \/>\n\t<meta property=\"og:image:height\" content=\"630\" \/>\n\t<meta property=\"og:image:type\" content=\"image\/jpeg\" \/>\n<meta name=\"author\" content=\"Benjamin\" \/>\n<meta name=\"twitter:card\" content=\"summary_large_image\" \/>\n<meta name=\"twitter:creator\" content=\"@komma_ostfalia\" \/>\n<meta name=\"twitter:site\" content=\"@komma_ostfalia\" \/>\n<meta name=\"twitter:label1\" content=\"Verfasst von\" \/>\n\t<meta name=\"twitter:data1\" content=\"Benjamin\" \/>\n\t<meta name=\"twitter:label2\" content=\"Gesch\u00e4tzte Lesezeit\" \/>\n\t<meta name=\"twitter:data2\" content=\"1\u00a0Minute\" \/>\n<script type=\"application\/ld+json\" class=\"yoast-schema-graph\">{\"@context\":\"https:\/\/schema.org\",\"@graph\":[{\"@type\":\"Article\",\"@id\":\"https:\/\/komma.ostfalia.de\/index.php\/harald-rau-gutachter-wissenschaftsrat\/#article\",\"isPartOf\":{\"@id\":\"https:\/\/komma.ostfalia.de\/index.php\/harald-rau-gutachter-wissenschaftsrat\/\"},\"author\":{\"name\":\"Benjamin\",\"@id\":\"https:\/\/komma.ostfalia.de\/#\/schema\/person\/e574b791085f3f761350425ec0a6bb71\"},\"headline\":\"Harald Rau erneut als Gutachter des Wissenschaftsrates ausgew\u00e4hlt\",\"datePublished\":\"2020-02-18T10:20:00+00:00\",\"dateModified\":\"2020-09-10T07:21:41+00:00\",\"mainEntityOfPage\":{\"@id\":\"https:\/\/komma.ostfalia.de\/index.php\/harald-rau-gutachter-wissenschaftsrat\/\"},\"wordCount\":186,\"commentCount\":0,\"publisher\":{\"@id\":\"https:\/\/komma.ostfalia.de\/#organization\"},\"image\":{\"@id\":\"https:\/\/komma.ostfalia.de\/index.php\/harald-rau-gutachter-wissenschaftsrat\/#primaryimage\"},\"thumbnailUrl\":\"https:\/\/komma.ostfalia.de\/wp-content\/uploads\/2020\/02\/wissenschaftsrat-titel.jpg\",\"inLanguage\":\"de\",\"potentialAction\":[{\"@type\":\"CommentAction\",\"name\":\"Comment\",\"target\":[\"https:\/\/komma.ostfalia.de\/index.php\/harald-rau-gutachter-wissenschaftsrat\/#respond\"]}]},{\"@type\":\"WebPage\",\"@id\":\"https:\/\/komma.ostfalia.de\/index.php\/harald-rau-gutachter-wissenschaftsrat\/\",\"url\":\"https:\/\/komma.ostfalia.de\/index.php\/harald-rau-gutachter-wissenschaftsrat\/\",\"name\":\"Harald Rau erneut als Gutachter des Wissenschaftsrates ausgew\u00e4hlt - KomMa\",\"isPartOf\":{\"@id\":\"https:\/\/komma.ostfalia.de\/#website\"},\"primaryImageOfPage\":{\"@id\":\"https:\/\/komma.ostfalia.de\/index.php\/harald-rau-gutachter-wissenschaftsrat\/#primaryimage\"},\"image\":{\"@id\":\"https:\/\/komma.ostfalia.de\/index.php\/harald-rau-gutachter-wissenschaftsrat\/#primaryimage\"},\"thumbnailUrl\":\"https:\/\/komma.ostfalia.de\/wp-content\/uploads\/2020\/02\/wissenschaftsrat-titel.jpg\",\"datePublished\":\"2020-02-18T10:20:00+00:00\",\"dateModified\":\"2020-09-10T07:21:41+00:00\",\"breadcrumb\":{\"@id\":\"https:\/\/komma.ostfalia.de\/index.php\/harald-rau-gutachter-wissenschaftsrat\/#breadcrumb\"},\"inLanguage\":\"de\",\"potentialAction\":[{\"@type\":\"ReadAction\",\"target\":[\"https:\/\/komma.ostfalia.de\/index.php\/harald-rau-gutachter-wissenschaftsrat\/\"]}]},{\"@type\":\"ImageObject\",\"inLanguage\":\"de\",\"@id\":\"https:\/\/komma.ostfalia.de\/index.php\/harald-rau-gutachter-wissenschaftsrat\/#primaryimage\",\"url\":\"https:\/\/komma.ostfalia.de\/wp-content\/uploads\/2020\/02\/wissenschaftsrat-titel.jpg\",\"contentUrl\":\"https:\/\/komma.ostfalia.de\/wp-content\/uploads\/2020\/02\/wissenschaftsrat-titel.jpg\",\"width\":1120,\"height\":630},{\"@type\":\"BreadcrumbList\",\"@id\":\"https:\/\/komma.ostfalia.de\/index.php\/harald-rau-gutachter-wissenschaftsrat\/#breadcrumb\",\"itemListElement\":[{\"@type\":\"ListItem\",\"position\":1,\"name\":\"Startseite\",\"item\":\"https:\/\/komma.ostfalia.de\/\"},{\"@type\":\"ListItem\",\"position\":2,\"name\":\"Allgemein\",\"item\":\"https:\/\/komma.ostfalia.de\/index.php\/kategorie\/allgemein\/\"},{\"@type\":\"ListItem\",\"position\":3,\"name\":\"Harald Rau erneut als Gutachter des Wissenschaftsrates ausgew\u00e4hlt\"}]},{\"@type\":\"WebSite\",\"@id\":\"https:\/\/komma.ostfalia.de\/#website\",\"url\":\"https:\/\/komma.ostfalia.de\/\",\"name\":\"KomMa\",\"description\":\"Professur f\u00fcr Kommunikationsmanagement\",\"publisher\":{\"@id\":\"https:\/\/komma.ostfalia.de\/#organization\"},\"potentialAction\":[{\"@type\":\"SearchAction\",\"target\":{\"@type\":\"EntryPoint\",\"urlTemplate\":\"https:\/\/komma.ostfalia.de\/?s={search_term_string}\"},\"query-input\":\"required name=search_term_string\"}],\"inLanguage\":\"de\"},{\"@type\":\"Organization\",\"@id\":\"https:\/\/komma.ostfalia.de\/#organization\",\"name\":\"KomMa - Professur f\u00fcr Kommunikationsmanagement\",\"url\":\"https:\/\/komma.ostfalia.de\/\",\"logo\":{\"@type\":\"ImageObject\",\"inLanguage\":\"de\",\"@id\":\"https:\/\/komma.ostfalia.de\/#\/schema\/logo\/image\/\",\"url\":\"https:\/\/komma.ostfalia.de\/wp-content\/uploads\/2020\/05\/komma-signet.png\",\"contentUrl\":\"https:\/\/komma.ostfalia.de\/wp-content\/uploads\/2020\/05\/komma-signet.png\",\"width\":512,\"height\":512,\"caption\":\"KomMa - Professur f\u00fcr Kommunikationsmanagement\"},\"image\":{\"@id\":\"https:\/\/komma.ostfalia.de\/#\/schema\/logo\/image\/\"},\"sameAs\":[\"https:\/\/twitter.com\/komma_ostfalia\"]},{\"@type\":\"Person\",\"@id\":\"https:\/\/komma.ostfalia.de\/#\/schema\/person\/e574b791085f3f761350425ec0a6bb71\",\"name\":\"Benjamin\",\"image\":{\"@type\":\"ImageObject\",\"inLanguage\":\"de\",\"@id\":\"https:\/\/komma.ostfalia.de\/#\/schema\/person\/image\/\",\"url\":\"https:\/\/secure.gravatar.com\/avatar\/8f7d4988d143eeadebdf2a3b4be91af0?s=96&d=mm&r=g\",\"contentUrl\":\"https:\/\/secure.gravatar.com\/avatar\/8f7d4988d143eeadebdf2a3b4be91af0?s=96&d=mm&r=g\",\"caption\":\"Benjamin\"}}]}<\/script>","yoast_head_json":{"title":"Harald Rau erneut als Gutachter des Wissenschaftsrates ausgew\u00e4hlt - KomMa","robots":{"index":"index","follow":"follow","max-snippet":"max-snippet:-1","max-image-preview":"max-image-preview:large","max-video-preview":"max-video-preview:-1"},"canonical":"https:\/\/komma.ostfalia.de\/index.php\/harald-rau-gutachter-wissenschaftsrat\/","og_locale":"de_DE","og_type":"article","og_title":"Harald Rau erneut als Gutachter des Wissenschaftsrates ausgew\u00e4hlt - KomMa","og_description":"Der Inhaber der Ostfalia-Professur f\u00fcr Kommunikationsmanagement, Harald Rau, ist wieder Gutachter f\u00fcr den Wissenschaftsrat. Dieser Rat gilt als das bedeutendste deutsche Beratungsgremium der Wissenschaftspolitik, mit Sitz in K\u00f6ln unterst\u00fctzt er Bund und L\u00e4nder in Fragen der inhaltlichen und strukturellen Weiterentwicklung des Hochschulsystems sowie der staatlichen F\u00f6rderung von Forschungseinrichtungen. Zu den besonderen Aufgaben des Wissenschaftsrats z\u00e4hlt [&hellip;]","og_url":"https:\/\/komma.ostfalia.de\/index.php\/harald-rau-gutachter-wissenschaftsrat\/","og_site_name":"KomMa","article_published_time":"2020-02-18T10:20:00+00:00","article_modified_time":"2020-09-10T07:21:41+00:00","og_image":[{"width":1120,"height":630,"url":"https:\/\/komma.ostfalia.de\/wp-content\/uploads\/2020\/02\/wissenschaftsrat-titel.jpg","type":"image\/jpeg"}],"author":"Benjamin","twitter_card":"summary_large_image","twitter_creator":"@komma_ostfalia","twitter_site":"@komma_ostfalia","twitter_misc":{"Verfasst von":"Benjamin","Gesch\u00e4tzte Lesezeit":"1\u00a0Minute"},"schema":{"@context":"https:\/\/schema.org","@graph":[{"@type":"Article","@id":"https:\/\/komma.ostfalia.de\/index.php\/harald-rau-gutachter-wissenschaftsrat\/#article","isPartOf":{"@id":"https:\/\/komma.ostfalia.de\/index.php\/harald-rau-gutachter-wissenschaftsrat\/"},"author":{"name":"Benjamin","@id":"https:\/\/komma.ostfalia.de\/#\/schema\/person\/e574b791085f3f761350425ec0a6bb71"},"headline":"Harald Rau erneut als Gutachter des Wissenschaftsrates ausgew\u00e4hlt","datePublished":"2020-02-18T10:20:00+00:00","dateModified":"2020-09-10T07:21:41+00:00","mainEntityOfPage":{"@id":"https:\/\/komma.ostfalia.de\/index.php\/harald-rau-gutachter-wissenschaftsrat\/"},"wordCount":186,"commentCount":0,"publisher":{"@id":"https:\/\/komma.ostfalia.de\/#organization"},"image":{"@id":"https:\/\/komma.ostfalia.de\/index.php\/harald-rau-gutachter-wissenschaftsrat\/#primaryimage"},"thumbnailUrl":"https:\/\/komma.ostfalia.de\/wp-content\/uploads\/2020\/02\/wissenschaftsrat-titel.jpg","inLanguage":"de","potentialAction":[{"@type":"CommentAction","name":"Comment","target":["https:\/\/komma.ostfalia.de\/index.php\/harald-rau-gutachter-wissenschaftsrat\/#respond"]}]},{"@type":"WebPage","@id":"https:\/\/komma.ostfalia.de\/index.php\/harald-rau-gutachter-wissenschaftsrat\/","url":"https:\/\/komma.ostfalia.de\/index.php\/harald-rau-gutachter-wissenschaftsrat\/","name":"Harald Rau erneut als Gutachter des Wissenschaftsrates ausgew\u00e4hlt - KomMa","isPartOf":{"@id":"https:\/\/komma.ostfalia.de\/#website"},"primaryImageOfPage":{"@id":"https:\/\/komma.ostfalia.de\/index.php\/harald-rau-gutachter-wissenschaftsrat\/#primaryimage"},"image":{"@id":"https:\/\/komma.ostfalia.de\/index.php\/harald-rau-gutachter-wissenschaftsrat\/#primaryimage"},"thumbnailUrl":"https:\/\/komma.ostfalia.de\/wp-content\/uploads\/2020\/02\/wissenschaftsrat-titel.jpg","datePublished":"2020-02-18T10:20:00+00:00","dateModified":"2020-09-10T07:21:41+00:00","breadcrumb":{"@id":"https:\/\/komma.ostfalia.de\/index.php\/harald-rau-gutachter-wissenschaftsrat\/#breadcrumb"},"inLanguage":"de","potentialAction":[{"@type":"ReadAction","target":["https:\/\/komma.ostfalia.de\/index.php\/harald-rau-gutachter-wissenschaftsrat\/"]}]},{"@type":"ImageObject","inLanguage":"de","@id":"https:\/\/komma.ostfalia.de\/index.php\/harald-rau-gutachter-wissenschaftsrat\/#primaryimage","url":"https:\/\/komma.ostfalia.de\/wp-content\/uploads\/2020\/02\/wissenschaftsrat-titel.jpg","contentUrl":"https:\/\/komma.ostfalia.de\/wp-content\/uploads\/2020\/02\/wissenschaftsrat-titel.jpg","width":1120,"height":630},{"@type":"BreadcrumbList","@id":"https:\/\/komma.ostfalia.de\/index.php\/harald-rau-gutachter-wissenschaftsrat\/#breadcrumb","itemListElement":[{"@type":"ListItem","position":1,"name":"Startseite","item":"https:\/\/komma.ostfalia.de\/"},{"@type":"ListItem","position":2,"name":"Allgemein","item":"https:\/\/komma.ostfalia.de\/index.php\/kategorie\/allgemein\/"},{"@type":"ListItem","position":3,"name":"Harald Rau erneut als Gutachter des Wissenschaftsrates ausgew\u00e4hlt"}]},{"@type":"WebSite","@id":"https:\/\/komma.ostfalia.de\/#website","url":"https:\/\/komma.ostfalia.de\/","name":"KomMa","description":"Professur f\u00fcr Kommunikationsmanagement","publisher":{"@id":"https:\/\/komma.ostfalia.de\/#organization"},"potentialAction":[{"@type":"SearchAction","target":{"@type":"EntryPoint","urlTemplate":"https:\/\/komma.ostfalia.de\/?s={search_term_string}"},"query-input":"required name=search_term_string"}],"inLanguage":"de"},{"@type":"Organization","@id":"https:\/\/komma.ostfalia.de\/#organization","name":"KomMa - Professur f\u00fcr Kommunikationsmanagement","url":"https:\/\/komma.ostfalia.de\/","logo":{"@type":"ImageObject","inLanguage":"de","@id":"https:\/\/komma.ostfalia.de\/#\/schema\/logo\/image\/","url":"https:\/\/komma.ostfalia.de\/wp-content\/uploads\/2020\/05\/komma-signet.png","contentUrl":"https:\/\/komma.ostfalia.de\/wp-content\/uploads\/2020\/05\/komma-signet.png","width":512,"height":512,"caption":"KomMa - Professur f\u00fcr Kommunikationsmanagement"},"image":{"@id":"https:\/\/komma.ostfalia.de\/#\/schema\/logo\/image\/"},"sameAs":["https:\/\/twitter.com\/komma_ostfalia"]},{"@type":"Person","@id":"https:\/\/komma.ostfalia.de\/#\/schema\/person\/e574b791085f3f761350425ec0a6bb71","name":"Benjamin","image":{"@type":"ImageObject","inLanguage":"de","@id":"https:\/\/komma.ostfalia.de\/#\/schema\/person\/image\/","url":"https:\/\/secure.gravatar.com\/avatar\/8f7d4988d143eeadebdf2a3b4be91af0?s=96&d=mm&r=g","contentUrl":"https:\/\/secure.gravatar.com\/avatar\/8f7d4988d143eeadebdf2a3b4be91af0?s=96&d=mm&r=g","caption":"Benjamin"}}]}},"_links":{"self":[{"href":"https:\/\/komma.ostfalia.de\/index.php\/wp-json\/wp\/v2\/posts\/2377"}],"collection":[{"href":"https:\/\/komma.ostfalia.de\/index.php\/wp-json\/wp\/v2\/posts"}],"about":[{"href":"https:\/\/komma.ostfalia.de\/index.php\/wp-json\/wp\/v2\/types\/post"}],"author":[{"embeddable":true,"href":"https:\/\/komma.ostfalia.de\/index.php\/wp-json\/wp\/v2\/users\/6"}],"replies":[{"embeddable":true,"href":"https:\/\/komma.ostfalia.de\/index.php\/wp-json\/wp\/v2\/comments?post=2377"}],"version-history":[{"count":0,"href":"https:\/\/komma.ostfalia.de\/index.php\/wp-json\/wp\/v2\/posts\/2377\/revisions"}],"wp:featuredmedia":[{"embeddable":true,"href":"https:\/\/komma.ostfalia.de\/index.php\/wp-json\/wp\/v2\/media\/2386"}],"wp:attachment":[{"href":"https:\/\/komma.ostfalia.de\/index.php\/wp-json\/wp\/v2\/media?parent=2377"}],"wp:term":[{"taxonomy":"category","embeddable":true,"href":"https:\/\/komma.ostfalia.de\/index.php\/wp-json\/wp\/v2\/categories?post=2377"},{"taxonomy":"post_tag","embeddable":true,"href":"https:\/\/komma.ostfalia.de\/index.php\/wp-json\/wp\/v2\/tags?post=2377"}],"curies":[{"name":"wp","href":"https:\/\/api.w.org\/{rel}","templated":true}]}}