{"id":2070,"date":"2019-10-01T12:34:25","date_gmt":"2019-10-01T10:34:25","guid":{"rendered":"https:\/\/komma.ostfalia.de\/?p=2070"},"modified":"2020-05-20T12:40:30","modified_gmt":"2020-05-20T10:40:30","slug":"jahrestagung-medienoekonomie-2019","status":"publish","type":"post","link":"https:\/\/komma.ostfalia.de\/index.php\/jahrestagung-medienoekonomie-2019\/","title":{"rendered":"Jahrestagung DGPuK Fachgruppe Medien\u00f6konomie 2019"},"content":{"rendered":"\t\t<div data-elementor-type=\"wp-post\" data-elementor-id=\"2070\" class=\"elementor elementor-2070\">\n\t\t\t\t\t\t<section class=\"elementor-section elementor-top-section elementor-element elementor-element-63e54524 elementor-section-boxed elementor-section-height-default elementor-section-height-default\" data-id=\"63e54524\" data-element_type=\"section\">\n\t\t\t\t\t\t<div class=\"elementor-container elementor-column-gap-default\">\n\t\t\t\t\t<div class=\"elementor-column elementor-col-33 elementor-top-column elementor-element elementor-element-1eec4961\" data-id=\"1eec4961\" data-element_type=\"column\">\n\t\t\t<div class=\"elementor-widget-wrap\">\n\t\t\t\t\t\t\t<\/div>\n\t\t<\/div>\n\t\t\t\t<div class=\"elementor-column elementor-col-33 elementor-top-column elementor-element elementor-element-2ac5a66\" data-id=\"2ac5a66\" data-element_type=\"column\">\n\t\t\t<div class=\"elementor-widget-wrap elementor-element-populated\">\n\t\t\t\t\t\t<div class=\"elementor-element elementor-element-64805821 elementor-widget elementor-widget-text-editor\" data-id=\"64805821\" data-element_type=\"widget\" data-widget_type=\"text-editor.default\">\n\t\t\t\t<div class=\"elementor-widget-container\">\n\t\t\t\t\t\t\t<p>Wir freuen uns \u00fcber die Teilnahme von Annika Ehlers und Harald Rau an der Jahrestagung der Fachgruppe Medien\u00f6konomie der Deutschen Gesellschaft f\u00fcr Publizistik und Kommunikationswissenschaften (DGPuK).<br \/>Das Team rund um das <a href=\"https:\/\/komma.ostfalia.de\/location-based-services-in-der-regionalen-medienkommunikation\/\">Projekt Location Based Services<\/a> reichte anl\u00e4sslich der Jahrestagung ein Paper zum Thema:<br \/>Innovationsdiffusion von Lokalisierungstechnologien in der Produktion, Distribution und Nutzung mobiler Nachrichten ein und konnte dieses erfolgreich pr\u00e4sentieren.<br \/>Die Tagung fand am 27. und 28. September 2019 an der TH K\u00f6ln statt.<\/p>\t\t\t\t\t\t<\/div>\n\t\t\t\t<\/div>\n\t\t\t\t<div class=\"elementor-element elementor-element-7a23cc9b elementor-icon-list--layout-traditional elementor-list-item-link-full_width elementor-widget elementor-widget-icon-list\" data-id=\"7a23cc9b\" data-element_type=\"widget\" data-widget_type=\"icon-list.default\">\n\t\t\t\t<div class=\"elementor-widget-container\">\n\t\t\t\t\t<ul class=\"elementor-icon-list-items\">\n\t\t\t\t\t\t\t<li class=\"elementor-icon-list-item\">\n\t\t\t\t\t\t\t\t\t\t\t<a href=\"https:\/\/www.dgpuk.de\/de\/r%C3%BCckblick-auf-die-jahrestagung-der-fachgruppe-medien%C3%B6konomie-k%C3%B6ln.html\" target=\"_blank\">\n\n\t\t\t\t\t\t\t\t\t\t\t\t<span class=\"elementor-icon-list-icon\">\n\t\t\t\t\t\t\t<i aria-hidden=\"true\" class=\"fas fa-external-link-alt\"><\/i>\t\t\t\t\t\t<\/span>\n\t\t\t\t\t\t\t\t\t\t<span class=\"elementor-icon-list-text\">R\u00fcckblick auf die Jahrestagung der Fachgruppe Medien\u00f6konomie in K\u00f6ln<\/span>\n\t\t\t\t\t\t\t\t\t\t\t<\/a>\n\t\t\t\t\t\t\t\t\t<\/li>\n\t\t\t\t\t\t<\/ul>\n\t\t\t\t<\/div>\n\t\t\t\t<\/div>\n\t\t\t\t<div class=\"elementor-element elementor-element-db5cf7a elementor-widget elementor-widget-google_maps\" data-id=\"db5cf7a\" data-element_type=\"widget\" data-widget_type=\"google_maps.default\">\n\t\t\t\t<div class=\"elementor-widget-container\">\n\t\t\t\t\t<div class=\"elementor-custom-embed\">\n\t\t\t<iframe loading=\"lazy\"\n\t\t\t\t\tsrc=\"https:\/\/maps.google.com\/maps?q=Claudiusstra%C3%9Fe%201%20%2050678%20K%C3%B6ln&#038;t=m&#038;z=17&#038;output=embed&#038;iwloc=near\"\n\t\t\t\t\ttitle=\"Claudiusstra\u00dfe 1  50678 K\u00f6ln\"\n\t\t\t\t\taria-label=\"Claudiusstra\u00dfe 1  50678 K\u00f6ln\"\n\t\t\t><\/iframe>\n\t\t<\/div>\n\t\t\t\t<\/div>\n\t\t\t\t<\/div>\n\t\t\t\t\t<\/div>\n\t\t<\/div>\n\t\t\t\t<div class=\"elementor-column elementor-col-33 elementor-top-column elementor-element elementor-element-68fd21a8\" data-id=\"68fd21a8\" data-element_type=\"column\">\n\t\t\t<div class=\"elementor-widget-wrap\">\n\t\t\t\t\t\t\t<\/div>\n\t\t<\/div>\n\t\t\t\t\t<\/div>\n\t\t<\/section>\n\t\t\t\t<\/div>\n\t\t","protected":false},"excerpt":{"rendered":"<p>Wir freuen uns \u00fcber die Teilnahme von Annika Ehlers und Harald Rau an der Jahrestagung der Fachgruppe Medien\u00f6konomie der Deutschen Gesellschaft f\u00fcr Publizistik und Kommunikationswissenschaften (DGPuK).Das Team rund um das Projekt Location Based Services reichte anl\u00e4sslich der Jahrestagung ein Paper zum Thema:Innovationsdiffusion von Lokalisierungstechnologien in der Produktion, Distribution und Nutzung mobiler Nachrichten ein und konnte [&hellip;]<\/p>\n","protected":false},"author":3,"featured_media":0,"comment_status":"open","ping_status":"open","sticky":false,"template":"","format":"standard","meta":{"_acf_changed":false,"footnotes":""},"categories":[1,6],"tags":[],"acf":[],"yoast_head":"<title>Jahrestagung DGPuK Fachgruppe Medien\u00f6konomie 2019 - KomMa<\/title>\n<meta name=\"robots\" content=\"index, follow, max-snippet:-1, max-image-preview:large, max-video-preview:-1\" \/>\n<link rel=\"canonical\" href=\"https:\/\/komma.ostfalia.de\/index.php\/jahrestagung-medienoekonomie-2019\/\" \/>\n<meta property=\"og:locale\" content=\"de_DE\" \/>\n<meta property=\"og:type\" content=\"article\" \/>\n<meta property=\"og:title\" content=\"Jahrestagung DGPuK Fachgruppe Medien\u00f6konomie 2019 - KomMa\" \/>\n<meta property=\"og:description\" content=\"Wir freuen uns \u00fcber die Teilnahme von Annika Ehlers und Harald Rau an der Jahrestagung der Fachgruppe Medien\u00f6konomie der Deutschen Gesellschaft f\u00fcr Publizistik und Kommunikationswissenschaften (DGPuK).Das Team rund um das Projekt Location Based Services reichte anl\u00e4sslich der Jahrestagung ein Paper zum Thema:Innovationsdiffusion von Lokalisierungstechnologien in der Produktion, Distribution und Nutzung mobiler Nachrichten ein und konnte [&hellip;]\" \/>\n<meta property=\"og:url\" content=\"https:\/\/komma.ostfalia.de\/index.php\/jahrestagung-medienoekonomie-2019\/\" \/>\n<meta property=\"og:site_name\" content=\"KomMa\" \/>\n<meta property=\"article:published_time\" content=\"2019-10-01T10:34:25+00:00\" \/>\n<meta property=\"article:modified_time\" content=\"2020-05-20T10:40:30+00:00\" \/>\n<meta name=\"author\" content=\"Kathrin Wei\u00df\" \/>\n<meta name=\"twitter:card\" content=\"summary_large_image\" \/>\n<meta name=\"twitter:creator\" content=\"@komma_ostfalia\" \/>\n<meta name=\"twitter:site\" content=\"@komma_ostfalia\" \/>\n<meta name=\"twitter:label1\" content=\"Verfasst von\" \/>\n\t<meta name=\"twitter:data1\" content=\"Kathrin Wei\u00df\" \/>\n<script type=\"application\/ld+json\" class=\"yoast-schema-graph\">{\"@context\":\"https:\/\/schema.org\",\"@graph\":[{\"@type\":\"Article\",\"@id\":\"https:\/\/komma.ostfalia.de\/index.php\/jahrestagung-medienoekonomie-2019\/#article\",\"isPartOf\":{\"@id\":\"https:\/\/komma.ostfalia.de\/index.php\/jahrestagung-medienoekonomie-2019\/\"},\"author\":{\"name\":\"Kathrin Wei\u00df\",\"@id\":\"https:\/\/komma.ostfalia.de\/#\/schema\/person\/ccad61dec33a1a14fad7728467456f4c\"},\"headline\":\"Jahrestagung DGPuK Fachgruppe Medien\u00f6konomie 2019\",\"datePublished\":\"2019-10-01T10:34:25+00:00\",\"dateModified\":\"2020-05-20T10:40:30+00:00\",\"mainEntityOfPage\":{\"@id\":\"https:\/\/komma.ostfalia.de\/index.php\/jahrestagung-medienoekonomie-2019\/\"},\"wordCount\":93,\"commentCount\":0,\"publisher\":{\"@id\":\"https:\/\/komma.ostfalia.de\/#organization\"},\"articleSection\":{\"1\":\"Konferenzen\"},\"inLanguage\":\"de\",\"potentialAction\":[{\"@type\":\"CommentAction\",\"name\":\"Comment\",\"target\":[\"https:\/\/komma.ostfalia.de\/index.php\/jahrestagung-medienoekonomie-2019\/#respond\"]}]},{\"@type\":\"WebPage\",\"@id\":\"https:\/\/komma.ostfalia.de\/index.php\/jahrestagung-medienoekonomie-2019\/\",\"url\":\"https:\/\/komma.ostfalia.de\/index.php\/jahrestagung-medienoekonomie-2019\/\",\"name\":\"Jahrestagung DGPuK Fachgruppe Medien\u00f6konomie 2019 - KomMa\",\"isPartOf\":{\"@id\":\"https:\/\/komma.ostfalia.de\/#website\"},\"datePublished\":\"2019-10-01T10:34:25+00:00\",\"dateModified\":\"2020-05-20T10:40:30+00:00\",\"breadcrumb\":{\"@id\":\"https:\/\/komma.ostfalia.de\/index.php\/jahrestagung-medienoekonomie-2019\/#breadcrumb\"},\"inLanguage\":\"de\",\"potentialAction\":[{\"@type\":\"ReadAction\",\"target\":[\"https:\/\/komma.ostfalia.de\/index.php\/jahrestagung-medienoekonomie-2019\/\"]}]},{\"@type\":\"BreadcrumbList\",\"@id\":\"https:\/\/komma.ostfalia.de\/index.php\/jahrestagung-medienoekonomie-2019\/#breadcrumb\",\"itemListElement\":[{\"@type\":\"ListItem\",\"position\":1,\"name\":\"Startseite\",\"item\":\"https:\/\/komma.ostfalia.de\/\"},{\"@type\":\"ListItem\",\"position\":2,\"name\":\"Konferenzen\",\"item\":\"https:\/\/komma.ostfalia.de\/index.php\/kategorie\/konferenzen\/\"},{\"@type\":\"ListItem\",\"position\":3,\"name\":\"Jahrestagung DGPuK Fachgruppe Medien\u00f6konomie 2019\"}]},{\"@type\":\"WebSite\",\"@id\":\"https:\/\/komma.ostfalia.de\/#website\",\"url\":\"https:\/\/komma.ostfalia.de\/\",\"name\":\"KomMa\",\"description\":\"Professur f\u00fcr Kommunikationsmanagement\",\"publisher\":{\"@id\":\"https:\/\/komma.ostfalia.de\/#organization\"},\"potentialAction\":[{\"@type\":\"SearchAction\",\"target\":{\"@type\":\"EntryPoint\",\"urlTemplate\":\"https:\/\/komma.ostfalia.de\/?s={search_term_string}\"},\"query-input\":\"required name=search_term_string\"}],\"inLanguage\":\"de\"},{\"@type\":\"Organization\",\"@id\":\"https:\/\/komma.ostfalia.de\/#organization\",\"name\":\"KomMa - Professur f\u00fcr Kommunikationsmanagement\",\"url\":\"https:\/\/komma.ostfalia.de\/\",\"logo\":{\"@type\":\"ImageObject\",\"inLanguage\":\"de\",\"@id\":\"https:\/\/komma.ostfalia.de\/#\/schema\/logo\/image\/\",\"url\":\"https:\/\/komma.ostfalia.de\/wp-content\/uploads\/2020\/05\/komma-signet.png\",\"contentUrl\":\"https:\/\/komma.ostfalia.de\/wp-content\/uploads\/2020\/05\/komma-signet.png\",\"width\":512,\"height\":512,\"caption\":\"KomMa - Professur f\u00fcr Kommunikationsmanagement\"},\"image\":{\"@id\":\"https:\/\/komma.ostfalia.de\/#\/schema\/logo\/image\/\"},\"sameAs\":[\"https:\/\/twitter.com\/komma_ostfalia\"]},{\"@type\":\"Person\",\"@id\":\"https:\/\/komma.ostfalia.de\/#\/schema\/person\/ccad61dec33a1a14fad7728467456f4c\",\"name\":\"Kathrin Wei\u00df\",\"image\":{\"@type\":\"ImageObject\",\"inLanguage\":\"de\",\"@id\":\"https:\/\/komma.ostfalia.de\/#\/schema\/person\/image\/\",\"url\":\"https:\/\/secure.gravatar.com\/avatar\/06680296b58a8fc412f1b7bf7c07fcc9?s=96&d=mm&r=g\",\"contentUrl\":\"https:\/\/secure.gravatar.com\/avatar\/06680296b58a8fc412f1b7bf7c07fcc9?s=96&d=mm&r=g\",\"caption\":\"Kathrin Wei\u00df\"}}]}<\/script>","yoast_head_json":{"title":"Jahrestagung DGPuK Fachgruppe Medien\u00f6konomie 2019 - KomMa","robots":{"index":"index","follow":"follow","max-snippet":"max-snippet:-1","max-image-preview":"max-image-preview:large","max-video-preview":"max-video-preview:-1"},"canonical":"https:\/\/komma.ostfalia.de\/index.php\/jahrestagung-medienoekonomie-2019\/","og_locale":"de_DE","og_type":"article","og_title":"Jahrestagung DGPuK Fachgruppe Medien\u00f6konomie 2019 - KomMa","og_description":"Wir freuen uns \u00fcber die Teilnahme von Annika Ehlers und Harald Rau an der Jahrestagung der Fachgruppe Medien\u00f6konomie der Deutschen Gesellschaft f\u00fcr Publizistik und Kommunikationswissenschaften (DGPuK).Das Team rund um das Projekt Location Based Services reichte anl\u00e4sslich der Jahrestagung ein Paper zum Thema:Innovationsdiffusion von Lokalisierungstechnologien in der Produktion, Distribution und Nutzung mobiler Nachrichten ein und konnte [&hellip;]","og_url":"https:\/\/komma.ostfalia.de\/index.php\/jahrestagung-medienoekonomie-2019\/","og_site_name":"KomMa","article_published_time":"2019-10-01T10:34:25+00:00","article_modified_time":"2020-05-20T10:40:30+00:00","author":"Kathrin Wei\u00df","twitter_card":"summary_large_image","twitter_creator":"@komma_ostfalia","twitter_site":"@komma_ostfalia","twitter_misc":{"Verfasst von":"Kathrin Wei\u00df"},"schema":{"@context":"https:\/\/schema.org","@graph":[{"@type":"Article","@id":"https:\/\/komma.ostfalia.de\/index.php\/jahrestagung-medienoekonomie-2019\/#article","isPartOf":{"@id":"https:\/\/komma.ostfalia.de\/index.php\/jahrestagung-medienoekonomie-2019\/"},"author":{"name":"Kathrin Wei\u00df","@id":"https:\/\/komma.ostfalia.de\/#\/schema\/person\/ccad61dec33a1a14fad7728467456f4c"},"headline":"Jahrestagung DGPuK Fachgruppe Medien\u00f6konomie 2019","datePublished":"2019-10-01T10:34:25+00:00","dateModified":"2020-05-20T10:40:30+00:00","mainEntityOfPage":{"@id":"https:\/\/komma.ostfalia.de\/index.php\/jahrestagung-medienoekonomie-2019\/"},"wordCount":93,"commentCount":0,"publisher":{"@id":"https:\/\/komma.ostfalia.de\/#organization"},"articleSection":{"1":"Konferenzen"},"inLanguage":"de","potentialAction":[{"@type":"CommentAction","name":"Comment","target":["https:\/\/komma.ostfalia.de\/index.php\/jahrestagung-medienoekonomie-2019\/#respond"]}]},{"@type":"WebPage","@id":"https:\/\/komma.ostfalia.de\/index.php\/jahrestagung-medienoekonomie-2019\/","url":"https:\/\/komma.ostfalia.de\/index.php\/jahrestagung-medienoekonomie-2019\/","name":"Jahrestagung DGPuK Fachgruppe Medien\u00f6konomie 2019 - KomMa","isPartOf":{"@id":"https:\/\/komma.ostfalia.de\/#website"},"datePublished":"2019-10-01T10:34:25+00:00","dateModified":"2020-05-20T10:40:30+00:00","breadcrumb":{"@id":"https:\/\/komma.ostfalia.de\/index.php\/jahrestagung-medienoekonomie-2019\/#breadcrumb"},"inLanguage":"de","potentialAction":[{"@type":"ReadAction","target":["https:\/\/komma.ostfalia.de\/index.php\/jahrestagung-medienoekonomie-2019\/"]}]},{"@type":"BreadcrumbList","@id":"https:\/\/komma.ostfalia.de\/index.php\/jahrestagung-medienoekonomie-2019\/#breadcrumb","itemListElement":[{"@type":"ListItem","position":1,"name":"Startseite","item":"https:\/\/komma.ostfalia.de\/"},{"@type":"ListItem","position":2,"name":"Konferenzen","item":"https:\/\/komma.ostfalia.de\/index.php\/kategorie\/konferenzen\/"},{"@type":"ListItem","position":3,"name":"Jahrestagung DGPuK Fachgruppe Medien\u00f6konomie 2019"}]},{"@type":"WebSite","@id":"https:\/\/komma.ostfalia.de\/#website","url":"https:\/\/komma.ostfalia.de\/","name":"KomMa","description":"Professur f\u00fcr Kommunikationsmanagement","publisher":{"@id":"https:\/\/komma.ostfalia.de\/#organization"},"potentialAction":[{"@type":"SearchAction","target":{"@type":"EntryPoint","urlTemplate":"https:\/\/komma.ostfalia.de\/?s={search_term_string}"},"query-input":"required name=search_term_string"}],"inLanguage":"de"},{"@type":"Organization","@id":"https:\/\/komma.ostfalia.de\/#organization","name":"KomMa - Professur f\u00fcr Kommunikationsmanagement","url":"https:\/\/komma.ostfalia.de\/","logo":{"@type":"ImageObject","inLanguage":"de","@id":"https:\/\/komma.ostfalia.de\/#\/schema\/logo\/image\/","url":"https:\/\/komma.ostfalia.de\/wp-content\/uploads\/2020\/05\/komma-signet.png","contentUrl":"https:\/\/komma.ostfalia.de\/wp-content\/uploads\/2020\/05\/komma-signet.png","width":512,"height":512,"caption":"KomMa - Professur f\u00fcr Kommunikationsmanagement"},"image":{"@id":"https:\/\/komma.ostfalia.de\/#\/schema\/logo\/image\/"},"sameAs":["https:\/\/twitter.com\/komma_ostfalia"]},{"@type":"Person","@id":"https:\/\/komma.ostfalia.de\/#\/schema\/person\/ccad61dec33a1a14fad7728467456f4c","name":"Kathrin Wei\u00df","image":{"@type":"ImageObject","inLanguage":"de","@id":"https:\/\/komma.ostfalia.de\/#\/schema\/person\/image\/","url":"https:\/\/secure.gravatar.com\/avatar\/06680296b58a8fc412f1b7bf7c07fcc9?s=96&d=mm&r=g","contentUrl":"https:\/\/secure.gravatar.com\/avatar\/06680296b58a8fc412f1b7bf7c07fcc9?s=96&d=mm&r=g","caption":"Kathrin Wei\u00df"}}]}},"_links":{"self":[{"href":"https:\/\/komma.ostfalia.de\/index.php\/wp-json\/wp\/v2\/posts\/2070"}],"collection":[{"href":"https:\/\/komma.ostfalia.de\/index.php\/wp-json\/wp\/v2\/posts"}],"about":[{"href":"https:\/\/komma.ostfalia.de\/index.php\/wp-json\/wp\/v2\/types\/post"}],"author":[{"embeddable":true,"href":"https:\/\/komma.ostfalia.de\/index.php\/wp-json\/wp\/v2\/users\/3"}],"replies":[{"embeddable":true,"href":"https:\/\/komma.ostfalia.de\/index.php\/wp-json\/wp\/v2\/comments?post=2070"}],"version-history":[{"count":0,"href":"https:\/\/komma.ostfalia.de\/index.php\/wp-json\/wp\/v2\/posts\/2070\/revisions"}],"wp:attachment":[{"href":"https:\/\/komma.ostfalia.de\/index.php\/wp-json\/wp\/v2\/media?parent=2070"}],"wp:term":[{"taxonomy":"category","embeddable":true,"href":"https:\/\/komma.ostfalia.de\/index.php\/wp-json\/wp\/v2\/categories?post=2070"},{"taxonomy":"post_tag","embeddable":true,"href":"https:\/\/komma.ostfalia.de\/index.php\/wp-json\/wp\/v2\/tags?post=2070"}],"curies":[{"name":"wp","href":"https:\/\/api.w.org\/{rel}","templated":true}]}}