{"id":1913,"date":"2019-04-17T09:56:06","date_gmt":"2019-04-17T07:56:06","guid":{"rendered":"https:\/\/komma.ostfalia.de\/?p=1913"},"modified":"2020-01-30T09:23:32","modified_gmt":"2020-01-30T08:23:32","slug":"wir-sind-dabei-leibniz-sciencecampus","status":"publish","type":"post","link":"https:\/\/komma.ostfalia.de\/index.php\/wir-sind-dabei-leibniz-sciencecampus\/","title":{"rendered":"Leibniz ScienceCampus"},"content":{"rendered":"\t\t<div data-elementor-type=\"wp-post\" data-elementor-id=\"1913\" class=\"elementor elementor-1913\">\n\t\t\t\t\t\t<section class=\"elementor-section elementor-top-section elementor-element elementor-element-72399fdc elementor-section-boxed elementor-section-height-default elementor-section-height-default\" data-id=\"72399fdc\" data-element_type=\"section\" data-settings=\"{&quot;background_background&quot;:&quot;classic&quot;}\">\n\t\t\t\t\t\t<div class=\"elementor-container elementor-column-gap-default\">\n\t\t\t\t\t<div class=\"elementor-column elementor-col-100 elementor-top-column elementor-element elementor-element-3bbc2516\" data-id=\"3bbc2516\" data-element_type=\"column\">\n\t\t\t<div class=\"elementor-widget-wrap elementor-element-populated\">\n\t\t\t\t\t\t<div class=\"elementor-element elementor-element-7bc9dfe5 elementor-widget elementor-widget-heading\" data-id=\"7bc9dfe5\" data-element_type=\"widget\" data-widget_type=\"heading.default\">\n\t\t\t\t<div class=\"elementor-widget-container\">\n\t\t\t<h2 class=\"elementor-heading-title elementor-size-large\">Leibniz ScienceCampus<\/h2>\t\t<\/div>\n\t\t\t\t<\/div>\n\t\t\t\t\t<\/div>\n\t\t<\/div>\n\t\t\t\t\t<\/div>\n\t\t<\/section>\n\t\t\t\t<section class=\"elementor-section elementor-top-section elementor-element elementor-element-449c0344 elementor-section-content-middle elementor-section-boxed elementor-section-height-default elementor-section-height-default\" data-id=\"449c0344\" data-element_type=\"section\">\n\t\t\t\t\t\t<div class=\"elementor-container elementor-column-gap-no\">\n\t\t\t\t\t<div class=\"elementor-column elementor-col-50 elementor-top-column elementor-element elementor-element-3b82afc5\" data-id=\"3b82afc5\" data-element_type=\"column\" data-settings=\"{&quot;background_background&quot;:&quot;classic&quot;}\">\n\t\t\t<div class=\"elementor-widget-wrap elementor-element-populated\">\n\t\t\t\t\t\t<div class=\"elementor-element elementor-element-78322aa3 elementor-widget elementor-widget-text-editor\" data-id=\"78322aa3\" data-element_type=\"widget\" data-widget_type=\"text-editor.default\">\n\t\t\t\t<div class=\"elementor-widget-container\">\n\t\t\t\t\t\t\t<p>Die Leibniz-Gemeinschaft baut ihre Hochschulkooperationen weiter aus &#8211; und wir sind mit dabei! Anfang April starten sechs neue Leibniz-WissenschaftsCampi, vier bereits bestehende werden f\u00fcr eine zweite F\u00f6rderphase unterst\u00fctzt. Leibniz-WissenschaftsCampi dienen der strategischen Vernetzung von Leibniz-Instituten mit Universit\u00e4ten und weiteren Kooperationspartnern ihrer Region unter einem thematischen Fokus.<\/p><p>Braunschweig: \u201ePostdigital Participation\u201c, Georg-Eckert-Institut &#8211; Leibniz-Institut f\u00fcr Internationale Schulbuchforschung mit Nieders\u00e4chsisches Ministerium f\u00fcr Wissenschaft und Kultur, Ostfalia Hochschule f\u00fcr angewandte Wissenschaften, Deutsches Schifffahrtsmuseum \u2011 Leibniz-Institut f\u00fcr Maritime Geschichte, Haus der Wissenschaft Braunschweig, TU Braunschweig und Leibniz-Institut f\u00fcr Wissensmedien.<\/p><p><a href=\"https:\/\/www.leibniz-gemeinschaft.de\/medien\/presse\/pressemitteilungen\/details\/article\/regionale_schwerpunktsetzung_mit_internationaler_strahlkraft_100003897\/\"><span style=\"font-size: 8pt;\">Quelle<\/span><\/a><\/p>\t\t\t\t\t\t<\/div>\n\t\t\t\t<\/div>\n\t\t\t\t\t<\/div>\n\t\t<\/div>\n\t\t\t\t<div class=\"elementor-column elementor-col-50 elementor-top-column elementor-element elementor-element-5da72db1\" data-id=\"5da72db1\" data-element_type=\"column\">\n\t\t\t<div class=\"elementor-widget-wrap elementor-element-populated\">\n\t\t\t\t\t\t<div class=\"elementor-element elementor-element-0a0ea32 elementor-widget elementor-widget-google_maps\" data-id=\"0a0ea32\" data-element_type=\"widget\" data-widget_type=\"google_maps.default\">\n\t\t\t\t<div class=\"elementor-widget-container\">\n\t\t\t\t\t<div class=\"elementor-custom-embed\">\n\t\t\t<iframe loading=\"lazy\"\n\t\t\t\t\tsrc=\"https:\/\/maps.google.com\/maps?q=karlscharfenbergstr%2055&#038;t=m&#038;z=10&#038;output=embed&#038;iwloc=near\"\n\t\t\t\t\ttitle=\"karlscharfenbergstr 55\"\n\t\t\t\t\taria-label=\"karlscharfenbergstr 55\"\n\t\t\t><\/iframe>\n\t\t<\/div>\n\t\t\t\t<\/div>\n\t\t\t\t<\/div>\n\t\t\t\t\t<\/div>\n\t\t<\/div>\n\t\t\t\t\t<\/div>\n\t\t<\/section>\n\t\t\t\t<section class=\"elementor-section elementor-top-section elementor-element elementor-element-1b37fee elementor-section-boxed elementor-section-height-default elementor-section-height-default\" data-id=\"1b37fee\" data-element_type=\"section\">\n\t\t\t\t\t\t<div class=\"elementor-container elementor-column-gap-default\">\n\t\t\t\t\t<div class=\"elementor-column elementor-col-100 elementor-top-column elementor-element elementor-element-ed6274e\" data-id=\"ed6274e\" data-element_type=\"column\">\n\t\t\t<div class=\"elementor-widget-wrap elementor-element-populated\">\n\t\t\t\t\t\t<div class=\"elementor-element elementor-element-f8ccd42 elementor-widget elementor-widget-image\" data-id=\"f8ccd42\" data-element_type=\"widget\" data-widget_type=\"image.default\">\n\t\t\t\t<div class=\"elementor-widget-container\">\n\t\t\t\t\t\t\t\t\t\t\t\t\t\t<a href=\"https:\/\/www.leibniz-gemeinschaft.de\/medien\/presse\/pressemitteilungen\/details\/article\/regionale_schwerpunktsetzung_mit_internationaler_strahlkraft_100003897\/\" target=\"_blank\">\n\t\t\t\t\t\t\t<img fetchpriority=\"high\" decoding=\"async\" width=\"1024\" height=\"831\" src=\"https:\/\/komma.ostfalia.de\/wp-content\/uploads\/2019\/04\/Leibniz-1024x831.jpg\" class=\"attachment-large size-large wp-image-1931\" alt=\"\" srcset=\"https:\/\/komma.ostfalia.de\/wp-content\/uploads\/2019\/04\/Leibniz-1024x831.jpg 1024w, https:\/\/komma.ostfalia.de\/wp-content\/uploads\/2019\/04\/Leibniz-300x243.jpg 300w, https:\/\/komma.ostfalia.de\/wp-content\/uploads\/2019\/04\/Leibniz-768x623.jpg 768w, https:\/\/komma.ostfalia.de\/wp-content\/uploads\/2019\/04\/Leibniz.jpg 1228w\" sizes=\"(max-width: 1024px) 100vw, 1024px\" \/>\t\t\t\t\t\t\t\t<\/a>\n\t\t\t\t\t\t\t\t\t\t\t\t\t<\/div>\n\t\t\t\t<\/div>\n\t\t\t\t\t<\/div>\n\t\t<\/div>\n\t\t\t\t\t<\/div>\n\t\t<\/section>\n\t\t\t\t<\/div>\n\t\t","protected":false},"excerpt":{"rendered":"<p>Leibniz ScienceCampus Die Leibniz-Gemeinschaft baut ihre Hochschulkooperationen weiter aus &#8211; und wir sind mit dabei! Anfang April starten sechs neue Leibniz-WissenschaftsCampi, vier bereits bestehende werden f\u00fcr eine zweite F\u00f6rderphase unterst\u00fctzt. Leibniz-WissenschaftsCampi dienen der strategischen Vernetzung von Leibniz-Instituten mit Universit\u00e4ten und weiteren Kooperationspartnern ihrer Region unter einem thematischen Fokus. Braunschweig: \u201ePostdigital Participation\u201c, Georg-Eckert-Institut &#8211; Leibniz-Institut f\u00fcr [&hellip;]<\/p>\n","protected":false},"author":3,"featured_media":0,"comment_status":"open","ping_status":"open","sticky":false,"template":"","format":"standard","meta":{"_acf_changed":false,"footnotes":""},"categories":[1],"tags":[],"acf":[],"yoast_head":"<title>Leibniz ScienceCampus - KomMa<\/title>\n<meta name=\"robots\" content=\"index, follow, max-snippet:-1, max-image-preview:large, max-video-preview:-1\" \/>\n<link rel=\"canonical\" href=\"https:\/\/komma.ostfalia.de\/index.php\/wir-sind-dabei-leibniz-sciencecampus\/\" \/>\n<meta property=\"og:locale\" content=\"de_DE\" \/>\n<meta property=\"og:type\" content=\"article\" \/>\n<meta property=\"og:title\" content=\"Leibniz ScienceCampus - KomMa\" \/>\n<meta property=\"og:description\" content=\"Leibniz ScienceCampus Die Leibniz-Gemeinschaft baut ihre Hochschulkooperationen weiter aus &#8211; und wir sind mit dabei! Anfang April starten sechs neue Leibniz-WissenschaftsCampi, vier bereits bestehende werden f\u00fcr eine zweite F\u00f6rderphase unterst\u00fctzt. Leibniz-WissenschaftsCampi dienen der strategischen Vernetzung von Leibniz-Instituten mit Universit\u00e4ten und weiteren Kooperationspartnern ihrer Region unter einem thematischen Fokus. Braunschweig: \u201ePostdigital Participation\u201c, Georg-Eckert-Institut &#8211; Leibniz-Institut f\u00fcr [&hellip;]\" \/>\n<meta property=\"og:url\" content=\"https:\/\/komma.ostfalia.de\/index.php\/wir-sind-dabei-leibniz-sciencecampus\/\" \/>\n<meta property=\"og:site_name\" content=\"KomMa\" \/>\n<meta property=\"article:published_time\" content=\"2019-04-17T07:56:06+00:00\" \/>\n<meta property=\"article:modified_time\" content=\"2020-01-30T08:23:32+00:00\" \/>\n<meta property=\"og:image\" content=\"https:\/\/komma.ostfalia.de\/wp-content\/uploads\/2019\/04\/Leibniz-1024x831.jpg\" \/>\n<meta name=\"author\" content=\"Kathrin Wei\u00df\" \/>\n<meta name=\"twitter:card\" content=\"summary_large_image\" \/>\n<meta name=\"twitter:creator\" content=\"@komma_ostfalia\" \/>\n<meta name=\"twitter:site\" content=\"@komma_ostfalia\" \/>\n<meta name=\"twitter:label1\" content=\"Verfasst von\" \/>\n\t<meta name=\"twitter:data1\" content=\"Kathrin Wei\u00df\" \/>\n<script type=\"application\/ld+json\" class=\"yoast-schema-graph\">{\"@context\":\"https:\/\/schema.org\",\"@graph\":[{\"@type\":\"Article\",\"@id\":\"https:\/\/komma.ostfalia.de\/index.php\/wir-sind-dabei-leibniz-sciencecampus\/#article\",\"isPartOf\":{\"@id\":\"https:\/\/komma.ostfalia.de\/index.php\/wir-sind-dabei-leibniz-sciencecampus\/\"},\"author\":{\"name\":\"Kathrin Wei\u00df\",\"@id\":\"https:\/\/komma.ostfalia.de\/#\/schema\/person\/ccad61dec33a1a14fad7728467456f4c\"},\"headline\":\"Leibniz ScienceCampus\",\"datePublished\":\"2019-04-17T07:56:06+00:00\",\"dateModified\":\"2020-01-30T08:23:32+00:00\",\"mainEntityOfPage\":{\"@id\":\"https:\/\/komma.ostfalia.de\/index.php\/wir-sind-dabei-leibniz-sciencecampus\/\"},\"wordCount\":98,\"commentCount\":0,\"publisher\":{\"@id\":\"https:\/\/komma.ostfalia.de\/#organization\"},\"image\":{\"@id\":\"https:\/\/komma.ostfalia.de\/index.php\/wir-sind-dabei-leibniz-sciencecampus\/#primaryimage\"},\"thumbnailUrl\":\"https:\/\/komma.ostfalia.de\/wp-content\/uploads\/2019\/04\/Leibniz-1024x831.jpg\",\"inLanguage\":\"de\",\"potentialAction\":[{\"@type\":\"CommentAction\",\"name\":\"Comment\",\"target\":[\"https:\/\/komma.ostfalia.de\/index.php\/wir-sind-dabei-leibniz-sciencecampus\/#respond\"]}]},{\"@type\":\"WebPage\",\"@id\":\"https:\/\/komma.ostfalia.de\/index.php\/wir-sind-dabei-leibniz-sciencecampus\/\",\"url\":\"https:\/\/komma.ostfalia.de\/index.php\/wir-sind-dabei-leibniz-sciencecampus\/\",\"name\":\"Leibniz ScienceCampus - KomMa\",\"isPartOf\":{\"@id\":\"https:\/\/komma.ostfalia.de\/#website\"},\"primaryImageOfPage\":{\"@id\":\"https:\/\/komma.ostfalia.de\/index.php\/wir-sind-dabei-leibniz-sciencecampus\/#primaryimage\"},\"image\":{\"@id\":\"https:\/\/komma.ostfalia.de\/index.php\/wir-sind-dabei-leibniz-sciencecampus\/#primaryimage\"},\"thumbnailUrl\":\"https:\/\/komma.ostfalia.de\/wp-content\/uploads\/2019\/04\/Leibniz-1024x831.jpg\",\"datePublished\":\"2019-04-17T07:56:06+00:00\",\"dateModified\":\"2020-01-30T08:23:32+00:00\",\"breadcrumb\":{\"@id\":\"https:\/\/komma.ostfalia.de\/index.php\/wir-sind-dabei-leibniz-sciencecampus\/#breadcrumb\"},\"inLanguage\":\"de\",\"potentialAction\":[{\"@type\":\"ReadAction\",\"target\":[\"https:\/\/komma.ostfalia.de\/index.php\/wir-sind-dabei-leibniz-sciencecampus\/\"]}]},{\"@type\":\"ImageObject\",\"inLanguage\":\"de\",\"@id\":\"https:\/\/komma.ostfalia.de\/index.php\/wir-sind-dabei-leibniz-sciencecampus\/#primaryimage\",\"url\":\"https:\/\/komma.ostfalia.de\/wp-content\/uploads\/2019\/04\/Leibniz.jpg\",\"contentUrl\":\"https:\/\/komma.ostfalia.de\/wp-content\/uploads\/2019\/04\/Leibniz.jpg\",\"width\":1228,\"height\":996},{\"@type\":\"BreadcrumbList\",\"@id\":\"https:\/\/komma.ostfalia.de\/index.php\/wir-sind-dabei-leibniz-sciencecampus\/#breadcrumb\",\"itemListElement\":[{\"@type\":\"ListItem\",\"position\":1,\"name\":\"Startseite\",\"item\":\"https:\/\/komma.ostfalia.de\/\"},{\"@type\":\"ListItem\",\"position\":2,\"name\":\"Allgemein\",\"item\":\"https:\/\/komma.ostfalia.de\/index.php\/kategorie\/allgemein\/\"},{\"@type\":\"ListItem\",\"position\":3,\"name\":\"Leibniz ScienceCampus\"}]},{\"@type\":\"WebSite\",\"@id\":\"https:\/\/komma.ostfalia.de\/#website\",\"url\":\"https:\/\/komma.ostfalia.de\/\",\"name\":\"KomMa\",\"description\":\"Professur f\u00fcr Kommunikationsmanagement\",\"publisher\":{\"@id\":\"https:\/\/komma.ostfalia.de\/#organization\"},\"potentialAction\":[{\"@type\":\"SearchAction\",\"target\":{\"@type\":\"EntryPoint\",\"urlTemplate\":\"https:\/\/komma.ostfalia.de\/?s={search_term_string}\"},\"query-input\":\"required name=search_term_string\"}],\"inLanguage\":\"de\"},{\"@type\":\"Organization\",\"@id\":\"https:\/\/komma.ostfalia.de\/#organization\",\"name\":\"KomMa - Professur f\u00fcr Kommunikationsmanagement\",\"url\":\"https:\/\/komma.ostfalia.de\/\",\"logo\":{\"@type\":\"ImageObject\",\"inLanguage\":\"de\",\"@id\":\"https:\/\/komma.ostfalia.de\/#\/schema\/logo\/image\/\",\"url\":\"https:\/\/komma.ostfalia.de\/wp-content\/uploads\/2020\/05\/komma-signet.png\",\"contentUrl\":\"https:\/\/komma.ostfalia.de\/wp-content\/uploads\/2020\/05\/komma-signet.png\",\"width\":512,\"height\":512,\"caption\":\"KomMa - Professur f\u00fcr Kommunikationsmanagement\"},\"image\":{\"@id\":\"https:\/\/komma.ostfalia.de\/#\/schema\/logo\/image\/\"},\"sameAs\":[\"https:\/\/twitter.com\/komma_ostfalia\"]},{\"@type\":\"Person\",\"@id\":\"https:\/\/komma.ostfalia.de\/#\/schema\/person\/ccad61dec33a1a14fad7728467456f4c\",\"name\":\"Kathrin Wei\u00df\",\"image\":{\"@type\":\"ImageObject\",\"inLanguage\":\"de\",\"@id\":\"https:\/\/komma.ostfalia.de\/#\/schema\/person\/image\/\",\"url\":\"https:\/\/secure.gravatar.com\/avatar\/06680296b58a8fc412f1b7bf7c07fcc9?s=96&d=mm&r=g\",\"contentUrl\":\"https:\/\/secure.gravatar.com\/avatar\/06680296b58a8fc412f1b7bf7c07fcc9?s=96&d=mm&r=g\",\"caption\":\"Kathrin Wei\u00df\"}}]}<\/script>","yoast_head_json":{"title":"Leibniz ScienceCampus - KomMa","robots":{"index":"index","follow":"follow","max-snippet":"max-snippet:-1","max-image-preview":"max-image-preview:large","max-video-preview":"max-video-preview:-1"},"canonical":"https:\/\/komma.ostfalia.de\/index.php\/wir-sind-dabei-leibniz-sciencecampus\/","og_locale":"de_DE","og_type":"article","og_title":"Leibniz ScienceCampus - KomMa","og_description":"Leibniz ScienceCampus Die Leibniz-Gemeinschaft baut ihre Hochschulkooperationen weiter aus &#8211; und wir sind mit dabei! Anfang April starten sechs neue Leibniz-WissenschaftsCampi, vier bereits bestehende werden f\u00fcr eine zweite F\u00f6rderphase unterst\u00fctzt. Leibniz-WissenschaftsCampi dienen der strategischen Vernetzung von Leibniz-Instituten mit Universit\u00e4ten und weiteren Kooperationspartnern ihrer Region unter einem thematischen Fokus. Braunschweig: \u201ePostdigital Participation\u201c, Georg-Eckert-Institut &#8211; Leibniz-Institut f\u00fcr [&hellip;]","og_url":"https:\/\/komma.ostfalia.de\/index.php\/wir-sind-dabei-leibniz-sciencecampus\/","og_site_name":"KomMa","article_published_time":"2019-04-17T07:56:06+00:00","article_modified_time":"2020-01-30T08:23:32+00:00","og_image":[{"url":"https:\/\/komma.ostfalia.de\/wp-content\/uploads\/2019\/04\/Leibniz-1024x831.jpg"}],"author":"Kathrin Wei\u00df","twitter_card":"summary_large_image","twitter_creator":"@komma_ostfalia","twitter_site":"@komma_ostfalia","twitter_misc":{"Verfasst von":"Kathrin Wei\u00df"},"schema":{"@context":"https:\/\/schema.org","@graph":[{"@type":"Article","@id":"https:\/\/komma.ostfalia.de\/index.php\/wir-sind-dabei-leibniz-sciencecampus\/#article","isPartOf":{"@id":"https:\/\/komma.ostfalia.de\/index.php\/wir-sind-dabei-leibniz-sciencecampus\/"},"author":{"name":"Kathrin Wei\u00df","@id":"https:\/\/komma.ostfalia.de\/#\/schema\/person\/ccad61dec33a1a14fad7728467456f4c"},"headline":"Leibniz ScienceCampus","datePublished":"2019-04-17T07:56:06+00:00","dateModified":"2020-01-30T08:23:32+00:00","mainEntityOfPage":{"@id":"https:\/\/komma.ostfalia.de\/index.php\/wir-sind-dabei-leibniz-sciencecampus\/"},"wordCount":98,"commentCount":0,"publisher":{"@id":"https:\/\/komma.ostfalia.de\/#organization"},"image":{"@id":"https:\/\/komma.ostfalia.de\/index.php\/wir-sind-dabei-leibniz-sciencecampus\/#primaryimage"},"thumbnailUrl":"https:\/\/komma.ostfalia.de\/wp-content\/uploads\/2019\/04\/Leibniz-1024x831.jpg","inLanguage":"de","potentialAction":[{"@type":"CommentAction","name":"Comment","target":["https:\/\/komma.ostfalia.de\/index.php\/wir-sind-dabei-leibniz-sciencecampus\/#respond"]}]},{"@type":"WebPage","@id":"https:\/\/komma.ostfalia.de\/index.php\/wir-sind-dabei-leibniz-sciencecampus\/","url":"https:\/\/komma.ostfalia.de\/index.php\/wir-sind-dabei-leibniz-sciencecampus\/","name":"Leibniz ScienceCampus - KomMa","isPartOf":{"@id":"https:\/\/komma.ostfalia.de\/#website"},"primaryImageOfPage":{"@id":"https:\/\/komma.ostfalia.de\/index.php\/wir-sind-dabei-leibniz-sciencecampus\/#primaryimage"},"image":{"@id":"https:\/\/komma.ostfalia.de\/index.php\/wir-sind-dabei-leibniz-sciencecampus\/#primaryimage"},"thumbnailUrl":"https:\/\/komma.ostfalia.de\/wp-content\/uploads\/2019\/04\/Leibniz-1024x831.jpg","datePublished":"2019-04-17T07:56:06+00:00","dateModified":"2020-01-30T08:23:32+00:00","breadcrumb":{"@id":"https:\/\/komma.ostfalia.de\/index.php\/wir-sind-dabei-leibniz-sciencecampus\/#breadcrumb"},"inLanguage":"de","potentialAction":[{"@type":"ReadAction","target":["https:\/\/komma.ostfalia.de\/index.php\/wir-sind-dabei-leibniz-sciencecampus\/"]}]},{"@type":"ImageObject","inLanguage":"de","@id":"https:\/\/komma.ostfalia.de\/index.php\/wir-sind-dabei-leibniz-sciencecampus\/#primaryimage","url":"https:\/\/komma.ostfalia.de\/wp-content\/uploads\/2019\/04\/Leibniz.jpg","contentUrl":"https:\/\/komma.ostfalia.de\/wp-content\/uploads\/2019\/04\/Leibniz.jpg","width":1228,"height":996},{"@type":"BreadcrumbList","@id":"https:\/\/komma.ostfalia.de\/index.php\/wir-sind-dabei-leibniz-sciencecampus\/#breadcrumb","itemListElement":[{"@type":"ListItem","position":1,"name":"Startseite","item":"https:\/\/komma.ostfalia.de\/"},{"@type":"ListItem","position":2,"name":"Allgemein","item":"https:\/\/komma.ostfalia.de\/index.php\/kategorie\/allgemein\/"},{"@type":"ListItem","position":3,"name":"Leibniz ScienceCampus"}]},{"@type":"WebSite","@id":"https:\/\/komma.ostfalia.de\/#website","url":"https:\/\/komma.ostfalia.de\/","name":"KomMa","description":"Professur f\u00fcr Kommunikationsmanagement","publisher":{"@id":"https:\/\/komma.ostfalia.de\/#organization"},"potentialAction":[{"@type":"SearchAction","target":{"@type":"EntryPoint","urlTemplate":"https:\/\/komma.ostfalia.de\/?s={search_term_string}"},"query-input":"required name=search_term_string"}],"inLanguage":"de"},{"@type":"Organization","@id":"https:\/\/komma.ostfalia.de\/#organization","name":"KomMa - Professur f\u00fcr Kommunikationsmanagement","url":"https:\/\/komma.ostfalia.de\/","logo":{"@type":"ImageObject","inLanguage":"de","@id":"https:\/\/komma.ostfalia.de\/#\/schema\/logo\/image\/","url":"https:\/\/komma.ostfalia.de\/wp-content\/uploads\/2020\/05\/komma-signet.png","contentUrl":"https:\/\/komma.ostfalia.de\/wp-content\/uploads\/2020\/05\/komma-signet.png","width":512,"height":512,"caption":"KomMa - Professur f\u00fcr Kommunikationsmanagement"},"image":{"@id":"https:\/\/komma.ostfalia.de\/#\/schema\/logo\/image\/"},"sameAs":["https:\/\/twitter.com\/komma_ostfalia"]},{"@type":"Person","@id":"https:\/\/komma.ostfalia.de\/#\/schema\/person\/ccad61dec33a1a14fad7728467456f4c","name":"Kathrin Wei\u00df","image":{"@type":"ImageObject","inLanguage":"de","@id":"https:\/\/komma.ostfalia.de\/#\/schema\/person\/image\/","url":"https:\/\/secure.gravatar.com\/avatar\/06680296b58a8fc412f1b7bf7c07fcc9?s=96&d=mm&r=g","contentUrl":"https:\/\/secure.gravatar.com\/avatar\/06680296b58a8fc412f1b7bf7c07fcc9?s=96&d=mm&r=g","caption":"Kathrin Wei\u00df"}}]}},"_links":{"self":[{"href":"https:\/\/komma.ostfalia.de\/index.php\/wp-json\/wp\/v2\/posts\/1913"}],"collection":[{"href":"https:\/\/komma.ostfalia.de\/index.php\/wp-json\/wp\/v2\/posts"}],"about":[{"href":"https:\/\/komma.ostfalia.de\/index.php\/wp-json\/wp\/v2\/types\/post"}],"author":[{"embeddable":true,"href":"https:\/\/komma.ostfalia.de\/index.php\/wp-json\/wp\/v2\/users\/3"}],"replies":[{"embeddable":true,"href":"https:\/\/komma.ostfalia.de\/index.php\/wp-json\/wp\/v2\/comments?post=1913"}],"version-history":[{"count":0,"href":"https:\/\/komma.ostfalia.de\/index.php\/wp-json\/wp\/v2\/posts\/1913\/revisions"}],"wp:attachment":[{"href":"https:\/\/komma.ostfalia.de\/index.php\/wp-json\/wp\/v2\/media?parent=1913"}],"wp:term":[{"taxonomy":"category","embeddable":true,"href":"https:\/\/komma.ostfalia.de\/index.php\/wp-json\/wp\/v2\/categories?post=1913"},{"taxonomy":"post_tag","embeddable":true,"href":"https:\/\/komma.ostfalia.de\/index.php\/wp-json\/wp\/v2\/tags?post=1913"}],"curies":[{"name":"wp","href":"https:\/\/api.w.org\/{rel}","templated":true}]}}