{"id":1734,"date":"2018-11-15T10:19:05","date_gmt":"2018-11-15T09:19:05","guid":{"rendered":"https:\/\/komma.ostfalia.de\/?p=1734"},"modified":"2019-06-18T10:17:53","modified_gmt":"2019-06-18T08:17:53","slug":"jahrestagung-medienoekonomie-2018","status":"publish","type":"post","link":"https:\/\/komma.ostfalia.de\/index.php\/jahrestagung-medienoekonomie-2018\/","title":{"rendered":"Jahrestagung Medien\u00f6konomie 2018"},"content":{"rendered":"\t\t<div data-elementor-type=\"wp-post\" data-elementor-id=\"1734\" class=\"elementor elementor-1734 elementor-bc-flex-widget\">\n\t\t\t\t\t\t<section class=\"elementor-section elementor-top-section elementor-element elementor-element-e816131 elementor-section-boxed elementor-section-height-default elementor-section-height-default\" data-id=\"e816131\" data-element_type=\"section\" data-settings=\"{&quot;background_background&quot;:&quot;classic&quot;}\">\n\t\t\t\t\t\t<div class=\"elementor-container elementor-column-gap-default\">\n\t\t\t\t\t<div class=\"elementor-column elementor-col-100 elementor-top-column elementor-element elementor-element-f78aca9\" data-id=\"f78aca9\" data-element_type=\"column\">\n\t\t\t<div class=\"elementor-widget-wrap elementor-element-populated\">\n\t\t\t\t\t\t<div class=\"elementor-element elementor-element-abbcf98 elementor-widget elementor-widget-heading\" data-id=\"abbcf98\" data-element_type=\"widget\" data-widget_type=\"heading.default\">\n\t\t\t\t<div class=\"elementor-widget-container\">\n\t\t\t<h2 class=\"elementor-heading-title elementor-size-medium\">Jahrestagung Medien\u00f6konomie 2018<\/h2>\t\t<\/div>\n\t\t\t\t<\/div>\n\t\t\t\t\t<\/div>\n\t\t<\/div>\n\t\t\t\t\t<\/div>\n\t\t<\/section>\n\t\t\t\t<section class=\"elementor-section elementor-top-section elementor-element elementor-element-4e28242b elementor-section-content-middle elementor-section-boxed elementor-section-height-default elementor-section-height-default\" data-id=\"4e28242b\" data-element_type=\"section\">\n\t\t\t\t\t\t<div class=\"elementor-container elementor-column-gap-no\">\n\t\t\t\t\t<div class=\"elementor-column elementor-col-50 elementor-top-column elementor-element elementor-element-6a006f13\" data-id=\"6a006f13\" data-element_type=\"column\" data-settings=\"{&quot;background_background&quot;:&quot;classic&quot;}\">\n\t\t\t<div class=\"elementor-widget-wrap elementor-element-populated\">\n\t\t\t\t\t\t<div class=\"elementor-element elementor-element-287f50b elementor-widget elementor-widget-text-editor\" data-id=\"287f50b\" data-element_type=\"widget\" data-widget_type=\"text-editor.default\">\n\t\t\t\t<div class=\"elementor-widget-container\">\n\t\t\t\t\t\t\t<p>Beyond Digital &#8211; diesmal mit Keynote aus Salzgitter<\/p><p>Zwischen \u201eData Science\u201c und Clickbaiting &#8211; die Keynotes der Jahrestagung \u00f6ffneten unter dem Titel \u201eBeyond Digital\u201c ein weites Feld. Die Fachgruppe Medien\u00f6konomie tagte auf Einladung von Prof. Dr. J\u00f6rg M\u00fcller-Lietzkow in Paderborn und KomMa lieferte eine von zwei Keynotes. Mit dem Beitrag \u201eClickbaiting &#8211; ein neuer alter, in jedem Falle jedoch konsequent theoriebasierter Zugang\u201c diskutierte Harald Rau aufmerksamkeits\u00f6konomische Zusammeh\u00e4nge aus unterschiedlichen Blickwinkeln. Zwei Tage lang trafen sich die deutschsprachigen Medien\u00f6konomen in Paderborn, diskutierten unterschiedliche Ans\u00e4tze mit Bezug zu Webvideos, Medienmarken in der Online-Mediaplanung oder zur Adoption von \u201eHigh Technologies\u201c in der Medienbranche.\u00a0\u00a0<\/p>\t\t\t\t\t\t<\/div>\n\t\t\t\t<\/div>\n\t\t\t\t\t<\/div>\n\t\t<\/div>\n\t\t\t\t<div class=\"elementor-column elementor-col-50 elementor-top-column elementor-element elementor-element-4b32d4f8\" data-id=\"4b32d4f8\" data-element_type=\"column\" data-settings=\"{&quot;background_background&quot;:&quot;classic&quot;}\">\n\t\t\t<div class=\"elementor-widget-wrap elementor-element-populated\">\n\t\t\t\t\t\t<div class=\"elementor-element elementor-element-207128ce elementor-widget elementor-widget-google_maps\" data-id=\"207128ce\" data-element_type=\"widget\" data-widget_type=\"google_maps.default\">\n\t\t\t\t<div class=\"elementor-widget-container\">\n\t\t\t\t\t<div class=\"elementor-custom-embed\">\n\t\t\t<iframe loading=\"lazy\"\n\t\t\t\t\tsrc=\"https:\/\/maps.google.com\/maps?q=uni%20paderborn&#038;t=m&#038;z=15&#038;output=embed&#038;iwloc=near\"\n\t\t\t\t\ttitle=\"uni paderborn\"\n\t\t\t\t\taria-label=\"uni paderborn\"\n\t\t\t><\/iframe>\n\t\t<\/div>\n\t\t\t\t<\/div>\n\t\t\t\t<\/div>\n\t\t\t\t\t<\/div>\n\t\t<\/div>\n\t\t\t\t\t<\/div>\n\t\t<\/section>\n\t\t\t\t<section class=\"elementor-section elementor-top-section elementor-element elementor-element-2b0bedfe elementor-section-content-middle elementor-reverse-mobile elementor-section-boxed elementor-section-height-default elementor-section-height-default\" data-id=\"2b0bedfe\" data-element_type=\"section\" data-settings=\"{&quot;background_background&quot;:&quot;classic&quot;}\">\n\t\t\t\t\t\t<div class=\"elementor-container elementor-column-gap-no\">\n\t\t\t\t\t<div class=\"elementor-column elementor-col-50 elementor-top-column elementor-element elementor-element-4a393b4b\" data-id=\"4a393b4b\" data-element_type=\"column\">\n\t\t\t<div class=\"elementor-widget-wrap elementor-element-populated\">\n\t\t\t\t\t\t<div class=\"elementor-element elementor-element-4b5bf93f elementor-widget elementor-widget-image-carousel\" data-id=\"4b5bf93f\" data-element_type=\"widget\" data-settings=\"{&quot;slides_to_show&quot;:&quot;1&quot;,&quot;navigation&quot;:&quot;none&quot;,&quot;autoplay&quot;:&quot;yes&quot;,&quot;pause_on_hover&quot;:&quot;yes&quot;,&quot;pause_on_interaction&quot;:&quot;yes&quot;,&quot;autoplay_speed&quot;:5000,&quot;infinite&quot;:&quot;yes&quot;,&quot;effect&quot;:&quot;slide&quot;,&quot;speed&quot;:500}\" data-widget_type=\"image-carousel.default\">\n\t\t\t\t<div class=\"elementor-widget-container\">\n\t\t\t\t\t<div class=\"elementor-image-carousel-wrapper swiper\" dir=\"ltr\">\n\t\t\t<div class=\"elementor-image-carousel swiper-wrapper\" aria-live=\"off\">\n\t\t\t\t\t\t\t\t<div class=\"swiper-slide\" role=\"group\" aria-roledescription=\"slide\" aria-label=\"1 von 1\"><figure class=\"swiper-slide-inner\"><img decoding=\"async\" class=\"swiper-slide-image\" src=\"https:\/\/komma.ostfalia.de\/wp-content\/uploads\/2018\/11\/upbl.jpg\" alt=\"upbl\" \/><\/figure><\/div>\t\t\t<\/div>\n\t\t\t\t\t<\/div>\n\t\t\t\t<\/div>\n\t\t\t\t<\/div>\n\t\t\t\t\t<\/div>\n\t\t<\/div>\n\t\t\t\t<div class=\"elementor-column elementor-col-50 elementor-top-column elementor-element elementor-element-32586ec0\" data-id=\"32586ec0\" data-element_type=\"column\" data-settings=\"{&quot;background_background&quot;:&quot;classic&quot;}\">\n\t\t\t<div class=\"elementor-widget-wrap elementor-element-populated\">\n\t\t\t\t\t\t<div class=\"elementor-element elementor-element-3d52554b elementor-icon-list--layout-traditional elementor-list-item-link-full_width elementor-widget elementor-widget-icon-list\" data-id=\"3d52554b\" data-element_type=\"widget\" data-widget_type=\"icon-list.default\">\n\t\t\t\t<div class=\"elementor-widget-container\">\n\t\t\t\t\t<ul class=\"elementor-icon-list-items\">\n\t\t\t\t\t\t\t<li class=\"elementor-icon-list-item\">\n\t\t\t\t\t\t\t\t\t\t\t<a href=\"http:\/\/medienoekonomie2018.de\" target=\"_blank\">\n\n\t\t\t\t\t\t\t\t\t\t\t\t<span class=\"elementor-icon-list-icon\">\n\t\t\t\t\t\t\t\t\t\t\t\t\t\t\t\t<i class=\"fa fa-external-link\" aria-hidden=\"true\"><\/i>\n\t\t\t\t\t\t\t\t\t\t\t\t\t<\/span>\n\t\t\t\t\t\t\t\t\t\t<span class=\"elementor-icon-list-text\">Hier finden Sie weitere Informationen<\/span>\n\t\t\t\t\t\t\t\t\t\t\t<\/a>\n\t\t\t\t\t\t\t\t\t<\/li>\n\t\t\t\t\t\t<\/ul>\n\t\t\t\t<\/div>\n\t\t\t\t<\/div>\n\t\t\t\t\t<\/div>\n\t\t<\/div>\n\t\t\t\t\t<\/div>\n\t\t<\/section>\n\t\t\t\t<\/div>\n\t\t","protected":false},"excerpt":{"rendered":"<p>Jahrestagung Medien\u00f6konomie 2018 Beyond Digital &#8211; diesmal mit Keynote aus Salzgitter Zwischen \u201eData Science\u201c und Clickbaiting &#8211; die Keynotes der Jahrestagung \u00f6ffneten unter dem Titel \u201eBeyond Digital\u201c ein weites Feld. Die Fachgruppe Medien\u00f6konomie tagte auf Einladung von Prof. Dr. J\u00f6rg M\u00fcller-Lietzkow in Paderborn und KomMa lieferte eine von zwei Keynotes. Mit dem Beitrag \u201eClickbaiting &#8211; [&hellip;]<\/p>\n","protected":false},"author":3,"featured_media":0,"comment_status":"open","ping_status":"open","sticky":false,"template":"","format":"standard","meta":{"_acf_changed":false,"footnotes":""},"categories":[1],"tags":[],"acf":[],"yoast_head":"<title>Jahrestagung Medien\u00f6konomie 2018 - KomMa<\/title>\n<meta name=\"robots\" content=\"index, follow, max-snippet:-1, max-image-preview:large, max-video-preview:-1\" \/>\n<link rel=\"canonical\" href=\"https:\/\/komma.ostfalia.de\/index.php\/jahrestagung-medienoekonomie-2018\/\" \/>\n<meta property=\"og:locale\" content=\"de_DE\" \/>\n<meta property=\"og:type\" content=\"article\" \/>\n<meta property=\"og:title\" content=\"Jahrestagung Medien\u00f6konomie 2018 - KomMa\" \/>\n<meta property=\"og:description\" content=\"Jahrestagung Medien\u00f6konomie 2018 Beyond Digital &#8211; diesmal mit Keynote aus Salzgitter Zwischen \u201eData Science\u201c und Clickbaiting &#8211; die Keynotes der Jahrestagung \u00f6ffneten unter dem Titel \u201eBeyond Digital\u201c ein weites Feld. Die Fachgruppe Medien\u00f6konomie tagte auf Einladung von Prof. Dr. J\u00f6rg M\u00fcller-Lietzkow in Paderborn und KomMa lieferte eine von zwei Keynotes. Mit dem Beitrag \u201eClickbaiting &#8211; [&hellip;]\" \/>\n<meta property=\"og:url\" content=\"https:\/\/komma.ostfalia.de\/index.php\/jahrestagung-medienoekonomie-2018\/\" \/>\n<meta property=\"og:site_name\" content=\"KomMa\" \/>\n<meta property=\"article:published_time\" content=\"2018-11-15T09:19:05+00:00\" \/>\n<meta property=\"article:modified_time\" content=\"2019-06-18T08:17:53+00:00\" \/>\n<meta property=\"og:image\" content=\"https:\/\/komma.ostfalia.de\/wp-content\/uploads\/2018\/11\/upbl.jpg\" \/>\n<meta name=\"author\" content=\"Kathrin Wei\u00df\" \/>\n<meta name=\"twitter:card\" content=\"summary_large_image\" \/>\n<meta name=\"twitter:creator\" content=\"@komma_ostfalia\" \/>\n<meta name=\"twitter:site\" content=\"@komma_ostfalia\" \/>\n<meta name=\"twitter:label1\" content=\"Verfasst von\" \/>\n\t<meta name=\"twitter:data1\" content=\"Kathrin Wei\u00df\" \/>\n\t<meta name=\"twitter:label2\" content=\"Gesch\u00e4tzte Lesezeit\" \/>\n\t<meta name=\"twitter:data2\" content=\"1\u00a0Minute\" \/>\n<script type=\"application\/ld+json\" class=\"yoast-schema-graph\">{\"@context\":\"https:\/\/schema.org\",\"@graph\":[{\"@type\":\"Article\",\"@id\":\"https:\/\/komma.ostfalia.de\/index.php\/jahrestagung-medienoekonomie-2018\/#article\",\"isPartOf\":{\"@id\":\"https:\/\/komma.ostfalia.de\/index.php\/jahrestagung-medienoekonomie-2018\/\"},\"author\":{\"name\":\"Kathrin Wei\u00df\",\"@id\":\"https:\/\/komma.ostfalia.de\/#\/schema\/person\/ccad61dec33a1a14fad7728467456f4c\"},\"headline\":\"Jahrestagung Medien\u00f6konomie 2018\",\"datePublished\":\"2018-11-15T09:19:05+00:00\",\"dateModified\":\"2019-06-18T08:17:53+00:00\",\"mainEntityOfPage\":{\"@id\":\"https:\/\/komma.ostfalia.de\/index.php\/jahrestagung-medienoekonomie-2018\/\"},\"wordCount\":120,\"commentCount\":0,\"publisher\":{\"@id\":\"https:\/\/komma.ostfalia.de\/#organization\"},\"image\":{\"@id\":\"https:\/\/komma.ostfalia.de\/index.php\/jahrestagung-medienoekonomie-2018\/#primaryimage\"},\"thumbnailUrl\":\"https:\/\/komma.ostfalia.de\/wp-content\/uploads\/2018\/11\/upbl.jpg\",\"inLanguage\":\"de\",\"potentialAction\":[{\"@type\":\"CommentAction\",\"name\":\"Comment\",\"target\":[\"https:\/\/komma.ostfalia.de\/index.php\/jahrestagung-medienoekonomie-2018\/#respond\"]}]},{\"@type\":\"WebPage\",\"@id\":\"https:\/\/komma.ostfalia.de\/index.php\/jahrestagung-medienoekonomie-2018\/\",\"url\":\"https:\/\/komma.ostfalia.de\/index.php\/jahrestagung-medienoekonomie-2018\/\",\"name\":\"Jahrestagung Medien\u00f6konomie 2018 - KomMa\",\"isPartOf\":{\"@id\":\"https:\/\/komma.ostfalia.de\/#website\"},\"primaryImageOfPage\":{\"@id\":\"https:\/\/komma.ostfalia.de\/index.php\/jahrestagung-medienoekonomie-2018\/#primaryimage\"},\"image\":{\"@id\":\"https:\/\/komma.ostfalia.de\/index.php\/jahrestagung-medienoekonomie-2018\/#primaryimage\"},\"thumbnailUrl\":\"https:\/\/komma.ostfalia.de\/wp-content\/uploads\/2018\/11\/upbl.jpg\",\"datePublished\":\"2018-11-15T09:19:05+00:00\",\"dateModified\":\"2019-06-18T08:17:53+00:00\",\"breadcrumb\":{\"@id\":\"https:\/\/komma.ostfalia.de\/index.php\/jahrestagung-medienoekonomie-2018\/#breadcrumb\"},\"inLanguage\":\"de\",\"potentialAction\":[{\"@type\":\"ReadAction\",\"target\":[\"https:\/\/komma.ostfalia.de\/index.php\/jahrestagung-medienoekonomie-2018\/\"]}]},{\"@type\":\"ImageObject\",\"inLanguage\":\"de\",\"@id\":\"https:\/\/komma.ostfalia.de\/index.php\/jahrestagung-medienoekonomie-2018\/#primaryimage\",\"url\":\"https:\/\/komma.ostfalia.de\/wp-content\/uploads\/2018\/11\/upbl.jpg\",\"contentUrl\":\"https:\/\/komma.ostfalia.de\/wp-content\/uploads\/2018\/11\/upbl.jpg\",\"width\":800,\"height\":534},{\"@type\":\"BreadcrumbList\",\"@id\":\"https:\/\/komma.ostfalia.de\/index.php\/jahrestagung-medienoekonomie-2018\/#breadcrumb\",\"itemListElement\":[{\"@type\":\"ListItem\",\"position\":1,\"name\":\"Startseite\",\"item\":\"https:\/\/komma.ostfalia.de\/\"},{\"@type\":\"ListItem\",\"position\":2,\"name\":\"Allgemein\",\"item\":\"https:\/\/komma.ostfalia.de\/index.php\/kategorie\/allgemein\/\"},{\"@type\":\"ListItem\",\"position\":3,\"name\":\"Jahrestagung Medien\u00f6konomie 2018\"}]},{\"@type\":\"WebSite\",\"@id\":\"https:\/\/komma.ostfalia.de\/#website\",\"url\":\"https:\/\/komma.ostfalia.de\/\",\"name\":\"KomMa\",\"description\":\"Professur f\u00fcr Kommunikationsmanagement\",\"publisher\":{\"@id\":\"https:\/\/komma.ostfalia.de\/#organization\"},\"potentialAction\":[{\"@type\":\"SearchAction\",\"target\":{\"@type\":\"EntryPoint\",\"urlTemplate\":\"https:\/\/komma.ostfalia.de\/?s={search_term_string}\"},\"query-input\":\"required name=search_term_string\"}],\"inLanguage\":\"de\"},{\"@type\":\"Organization\",\"@id\":\"https:\/\/komma.ostfalia.de\/#organization\",\"name\":\"KomMa - Professur f\u00fcr Kommunikationsmanagement\",\"url\":\"https:\/\/komma.ostfalia.de\/\",\"logo\":{\"@type\":\"ImageObject\",\"inLanguage\":\"de\",\"@id\":\"https:\/\/komma.ostfalia.de\/#\/schema\/logo\/image\/\",\"url\":\"https:\/\/komma.ostfalia.de\/wp-content\/uploads\/2020\/05\/komma-signet.png\",\"contentUrl\":\"https:\/\/komma.ostfalia.de\/wp-content\/uploads\/2020\/05\/komma-signet.png\",\"width\":512,\"height\":512,\"caption\":\"KomMa - Professur f\u00fcr Kommunikationsmanagement\"},\"image\":{\"@id\":\"https:\/\/komma.ostfalia.de\/#\/schema\/logo\/image\/\"},\"sameAs\":[\"https:\/\/twitter.com\/komma_ostfalia\"]},{\"@type\":\"Person\",\"@id\":\"https:\/\/komma.ostfalia.de\/#\/schema\/person\/ccad61dec33a1a14fad7728467456f4c\",\"name\":\"Kathrin Wei\u00df\",\"image\":{\"@type\":\"ImageObject\",\"inLanguage\":\"de\",\"@id\":\"https:\/\/komma.ostfalia.de\/#\/schema\/person\/image\/\",\"url\":\"https:\/\/secure.gravatar.com\/avatar\/06680296b58a8fc412f1b7bf7c07fcc9?s=96&d=mm&r=g\",\"contentUrl\":\"https:\/\/secure.gravatar.com\/avatar\/06680296b58a8fc412f1b7bf7c07fcc9?s=96&d=mm&r=g\",\"caption\":\"Kathrin Wei\u00df\"}}]}<\/script>","yoast_head_json":{"title":"Jahrestagung Medien\u00f6konomie 2018 - KomMa","robots":{"index":"index","follow":"follow","max-snippet":"max-snippet:-1","max-image-preview":"max-image-preview:large","max-video-preview":"max-video-preview:-1"},"canonical":"https:\/\/komma.ostfalia.de\/index.php\/jahrestagung-medienoekonomie-2018\/","og_locale":"de_DE","og_type":"article","og_title":"Jahrestagung Medien\u00f6konomie 2018 - KomMa","og_description":"Jahrestagung Medien\u00f6konomie 2018 Beyond Digital &#8211; diesmal mit Keynote aus Salzgitter Zwischen \u201eData Science\u201c und Clickbaiting &#8211; die Keynotes der Jahrestagung \u00f6ffneten unter dem Titel \u201eBeyond Digital\u201c ein weites Feld. Die Fachgruppe Medien\u00f6konomie tagte auf Einladung von Prof. Dr. J\u00f6rg M\u00fcller-Lietzkow in Paderborn und KomMa lieferte eine von zwei Keynotes. Mit dem Beitrag \u201eClickbaiting &#8211; [&hellip;]","og_url":"https:\/\/komma.ostfalia.de\/index.php\/jahrestagung-medienoekonomie-2018\/","og_site_name":"KomMa","article_published_time":"2018-11-15T09:19:05+00:00","article_modified_time":"2019-06-18T08:17:53+00:00","og_image":[{"url":"https:\/\/komma.ostfalia.de\/wp-content\/uploads\/2018\/11\/upbl.jpg"}],"author":"Kathrin Wei\u00df","twitter_card":"summary_large_image","twitter_creator":"@komma_ostfalia","twitter_site":"@komma_ostfalia","twitter_misc":{"Verfasst von":"Kathrin Wei\u00df","Gesch\u00e4tzte Lesezeit":"1\u00a0Minute"},"schema":{"@context":"https:\/\/schema.org","@graph":[{"@type":"Article","@id":"https:\/\/komma.ostfalia.de\/index.php\/jahrestagung-medienoekonomie-2018\/#article","isPartOf":{"@id":"https:\/\/komma.ostfalia.de\/index.php\/jahrestagung-medienoekonomie-2018\/"},"author":{"name":"Kathrin Wei\u00df","@id":"https:\/\/komma.ostfalia.de\/#\/schema\/person\/ccad61dec33a1a14fad7728467456f4c"},"headline":"Jahrestagung Medien\u00f6konomie 2018","datePublished":"2018-11-15T09:19:05+00:00","dateModified":"2019-06-18T08:17:53+00:00","mainEntityOfPage":{"@id":"https:\/\/komma.ostfalia.de\/index.php\/jahrestagung-medienoekonomie-2018\/"},"wordCount":120,"commentCount":0,"publisher":{"@id":"https:\/\/komma.ostfalia.de\/#organization"},"image":{"@id":"https:\/\/komma.ostfalia.de\/index.php\/jahrestagung-medienoekonomie-2018\/#primaryimage"},"thumbnailUrl":"https:\/\/komma.ostfalia.de\/wp-content\/uploads\/2018\/11\/upbl.jpg","inLanguage":"de","potentialAction":[{"@type":"CommentAction","name":"Comment","target":["https:\/\/komma.ostfalia.de\/index.php\/jahrestagung-medienoekonomie-2018\/#respond"]}]},{"@type":"WebPage","@id":"https:\/\/komma.ostfalia.de\/index.php\/jahrestagung-medienoekonomie-2018\/","url":"https:\/\/komma.ostfalia.de\/index.php\/jahrestagung-medienoekonomie-2018\/","name":"Jahrestagung Medien\u00f6konomie 2018 - KomMa","isPartOf":{"@id":"https:\/\/komma.ostfalia.de\/#website"},"primaryImageOfPage":{"@id":"https:\/\/komma.ostfalia.de\/index.php\/jahrestagung-medienoekonomie-2018\/#primaryimage"},"image":{"@id":"https:\/\/komma.ostfalia.de\/index.php\/jahrestagung-medienoekonomie-2018\/#primaryimage"},"thumbnailUrl":"https:\/\/komma.ostfalia.de\/wp-content\/uploads\/2018\/11\/upbl.jpg","datePublished":"2018-11-15T09:19:05+00:00","dateModified":"2019-06-18T08:17:53+00:00","breadcrumb":{"@id":"https:\/\/komma.ostfalia.de\/index.php\/jahrestagung-medienoekonomie-2018\/#breadcrumb"},"inLanguage":"de","potentialAction":[{"@type":"ReadAction","target":["https:\/\/komma.ostfalia.de\/index.php\/jahrestagung-medienoekonomie-2018\/"]}]},{"@type":"ImageObject","inLanguage":"de","@id":"https:\/\/komma.ostfalia.de\/index.php\/jahrestagung-medienoekonomie-2018\/#primaryimage","url":"https:\/\/komma.ostfalia.de\/wp-content\/uploads\/2018\/11\/upbl.jpg","contentUrl":"https:\/\/komma.ostfalia.de\/wp-content\/uploads\/2018\/11\/upbl.jpg","width":800,"height":534},{"@type":"BreadcrumbList","@id":"https:\/\/komma.ostfalia.de\/index.php\/jahrestagung-medienoekonomie-2018\/#breadcrumb","itemListElement":[{"@type":"ListItem","position":1,"name":"Startseite","item":"https:\/\/komma.ostfalia.de\/"},{"@type":"ListItem","position":2,"name":"Allgemein","item":"https:\/\/komma.ostfalia.de\/index.php\/kategorie\/allgemein\/"},{"@type":"ListItem","position":3,"name":"Jahrestagung Medien\u00f6konomie 2018"}]},{"@type":"WebSite","@id":"https:\/\/komma.ostfalia.de\/#website","url":"https:\/\/komma.ostfalia.de\/","name":"KomMa","description":"Professur f\u00fcr Kommunikationsmanagement","publisher":{"@id":"https:\/\/komma.ostfalia.de\/#organization"},"potentialAction":[{"@type":"SearchAction","target":{"@type":"EntryPoint","urlTemplate":"https:\/\/komma.ostfalia.de\/?s={search_term_string}"},"query-input":"required name=search_term_string"}],"inLanguage":"de"},{"@type":"Organization","@id":"https:\/\/komma.ostfalia.de\/#organization","name":"KomMa - Professur f\u00fcr Kommunikationsmanagement","url":"https:\/\/komma.ostfalia.de\/","logo":{"@type":"ImageObject","inLanguage":"de","@id":"https:\/\/komma.ostfalia.de\/#\/schema\/logo\/image\/","url":"https:\/\/komma.ostfalia.de\/wp-content\/uploads\/2020\/05\/komma-signet.png","contentUrl":"https:\/\/komma.ostfalia.de\/wp-content\/uploads\/2020\/05\/komma-signet.png","width":512,"height":512,"caption":"KomMa - Professur f\u00fcr Kommunikationsmanagement"},"image":{"@id":"https:\/\/komma.ostfalia.de\/#\/schema\/logo\/image\/"},"sameAs":["https:\/\/twitter.com\/komma_ostfalia"]},{"@type":"Person","@id":"https:\/\/komma.ostfalia.de\/#\/schema\/person\/ccad61dec33a1a14fad7728467456f4c","name":"Kathrin Wei\u00df","image":{"@type":"ImageObject","inLanguage":"de","@id":"https:\/\/komma.ostfalia.de\/#\/schema\/person\/image\/","url":"https:\/\/secure.gravatar.com\/avatar\/06680296b58a8fc412f1b7bf7c07fcc9?s=96&d=mm&r=g","contentUrl":"https:\/\/secure.gravatar.com\/avatar\/06680296b58a8fc412f1b7bf7c07fcc9?s=96&d=mm&r=g","caption":"Kathrin Wei\u00df"}}]}},"_links":{"self":[{"href":"https:\/\/komma.ostfalia.de\/index.php\/wp-json\/wp\/v2\/posts\/1734"}],"collection":[{"href":"https:\/\/komma.ostfalia.de\/index.php\/wp-json\/wp\/v2\/posts"}],"about":[{"href":"https:\/\/komma.ostfalia.de\/index.php\/wp-json\/wp\/v2\/types\/post"}],"author":[{"embeddable":true,"href":"https:\/\/komma.ostfalia.de\/index.php\/wp-json\/wp\/v2\/users\/3"}],"replies":[{"embeddable":true,"href":"https:\/\/komma.ostfalia.de\/index.php\/wp-json\/wp\/v2\/comments?post=1734"}],"version-history":[{"count":0,"href":"https:\/\/komma.ostfalia.de\/index.php\/wp-json\/wp\/v2\/posts\/1734\/revisions"}],"wp:attachment":[{"href":"https:\/\/komma.ostfalia.de\/index.php\/wp-json\/wp\/v2\/media?parent=1734"}],"wp:term":[{"taxonomy":"category","embeddable":true,"href":"https:\/\/komma.ostfalia.de\/index.php\/wp-json\/wp\/v2\/categories?post=1734"},{"taxonomy":"post_tag","embeddable":true,"href":"https:\/\/komma.ostfalia.de\/index.php\/wp-json\/wp\/v2\/tags?post=1734"}],"curies":[{"name":"wp","href":"https:\/\/api.w.org\/{rel}","templated":true}]}}