{"id":1679,"date":"2018-11-14T16:30:44","date_gmt":"2018-11-14T15:30:44","guid":{"rendered":"https:\/\/komma.ostfalia.de\/?p=1679"},"modified":"2020-01-30T09:33:58","modified_gmt":"2020-01-30T08:33:58","slug":"ganzohr2018-wissenschaft-auf-die-ohren","status":"publish","type":"post","link":"https:\/\/komma.ostfalia.de\/index.php\/ganzohr2018-wissenschaft-auf-die-ohren\/","title":{"rendered":"#GANZOHR2018: Wissenschaft auf die Ohren!"},"content":{"rendered":"\t\t<div data-elementor-type=\"wp-post\" data-elementor-id=\"1679\" class=\"elementor elementor-1679\">\n\t\t\t\t\t\t<section class=\"elementor-section elementor-top-section elementor-element elementor-element-681252d0 elementor-section-boxed elementor-section-height-default elementor-section-height-default\" data-id=\"681252d0\" data-element_type=\"section\" data-settings=\"{&quot;background_background&quot;:&quot;classic&quot;}\">\n\t\t\t\t\t\t<div class=\"elementor-container elementor-column-gap-default\">\n\t\t\t\t\t<div class=\"elementor-column elementor-col-100 elementor-top-column elementor-element elementor-element-aa60e47\" data-id=\"aa60e47\" data-element_type=\"column\">\n\t\t\t<div class=\"elementor-widget-wrap elementor-element-populated\">\n\t\t\t\t\t\t<div class=\"elementor-element elementor-element-3ffc2c17 elementor-widget elementor-widget-heading\" data-id=\"3ffc2c17\" data-element_type=\"widget\" data-widget_type=\"heading.default\">\n\t\t\t\t<div class=\"elementor-widget-container\">\n\t\t\t<h2 class=\"elementor-heading-title elementor-size-large\">#GANZOHR2018: WISSENSCHAFT AUF DIE OHREN<\/h2>\t\t<\/div>\n\t\t\t\t<\/div>\n\t\t\t\t\t<\/div>\n\t\t<\/div>\n\t\t\t\t\t<\/div>\n\t\t<\/section>\n\t\t\t\t<section class=\"elementor-section elementor-top-section elementor-element elementor-element-508d096e elementor-section-content-middle elementor-section-boxed elementor-section-height-default elementor-section-height-default\" data-id=\"508d096e\" data-element_type=\"section\">\n\t\t\t\t\t\t<div class=\"elementor-container elementor-column-gap-no\">\n\t\t\t\t\t<div class=\"elementor-column elementor-col-50 elementor-top-column elementor-element elementor-element-377da507\" data-id=\"377da507\" data-element_type=\"column\" data-settings=\"{&quot;background_background&quot;:&quot;classic&quot;}\">\n\t\t\t<div class=\"elementor-widget-wrap elementor-element-populated\">\n\t\t\t\t\t\t<div class=\"elementor-element elementor-element-589f1dfa elementor-widget elementor-widget-text-editor\" data-id=\"589f1dfa\" data-element_type=\"widget\" data-widget_type=\"text-editor.default\">\n\t\t\t\t<div class=\"elementor-widget-container\">\n\t\t\t\t\t\t\t<div class=\"\">Unter dem Logo #ganzohr2018 trafen sich in Wien rund 100 Podcast-Begeisterte &#8211; und KomMa in der ersten Reihe mit dabei. Harald Rau pr\u00e4sentierte das neue, vom Europ\u00e4ischen Sozialfonds gef\u00f6rderte Drittmittelprojekt der Professur zur \u00d6ffnung von Hochschulen: Die Audio-Uni. Eine zentrale Rolle spielen in diesem zukunftsweisenden Projekt Podcasts!<\/div><div class=\"\">Daneben gab es eine Einladung: \u00a0<\/div><div class=\"\"><div class=\"\">Wie interviewt man Wissenschaftler, damit sie auch verstanden werden? Dazu brachte Harald Rau f\u00fcnf Thesen mit nach Wien.<\/div><\/div>\t\t\t\t\t\t<\/div>\n\t\t\t\t<\/div>\n\t\t\t\t\t<\/div>\n\t\t<\/div>\n\t\t\t\t<div class=\"elementor-column elementor-col-50 elementor-top-column elementor-element elementor-element-292e765a\" data-id=\"292e765a\" data-element_type=\"column\">\n\t\t\t<div class=\"elementor-widget-wrap elementor-element-populated\">\n\t\t\t\t\t\t<div class=\"elementor-element elementor-element-7b705d95 elementor-widget elementor-widget-image-carousel\" data-id=\"7b705d95\" data-element_type=\"widget\" data-settings=\"{&quot;slides_to_show&quot;:&quot;1&quot;,&quot;navigation&quot;:&quot;none&quot;,&quot;autoplay&quot;:&quot;yes&quot;,&quot;pause_on_hover&quot;:&quot;yes&quot;,&quot;pause_on_interaction&quot;:&quot;yes&quot;,&quot;autoplay_speed&quot;:5000,&quot;infinite&quot;:&quot;yes&quot;,&quot;effect&quot;:&quot;slide&quot;,&quot;speed&quot;:500}\" data-widget_type=\"image-carousel.default\">\n\t\t\t\t<div class=\"elementor-widget-container\">\n\t\t\t\t\t<div class=\"elementor-image-carousel-wrapper swiper\" dir=\"ltr\">\n\t\t\t<div class=\"elementor-image-carousel swiper-wrapper\" aria-live=\"off\">\n\t\t\t\t\t\t\t\t<div class=\"swiper-slide\" role=\"group\" aria-roledescription=\"slide\" aria-label=\"1 von 4\"><figure class=\"swiper-slide-inner\"><img decoding=\"async\" class=\"swiper-slide-image\" src=\"https:\/\/komma.ostfalia.de\/wp-content\/uploads\/elementor\/thumbs\/Bild1-pkjm5smahelldnp6l68e296dvybgzg3731x2566lgo.jpg\" alt=\"Bild1\" \/><\/figure><\/div><div class=\"swiper-slide\" role=\"group\" aria-roledescription=\"slide\" aria-label=\"2 von 4\"><figure class=\"swiper-slide-inner\"><img decoding=\"async\" class=\"swiper-slide-image\" src=\"https:\/\/komma.ostfalia.de\/wp-content\/uploads\/elementor\/thumbs\/Bild2-pkjm5smahelldnp6l68e296dvybgzg3731x2566lgo.jpg\" alt=\"Bild2\" \/><\/figure><\/div><div class=\"swiper-slide\" role=\"group\" aria-roledescription=\"slide\" aria-label=\"3 von 4\"><figure class=\"swiper-slide-inner\"><img decoding=\"async\" class=\"swiper-slide-image\" src=\"https:\/\/komma.ostfalia.de\/wp-content\/uploads\/elementor\/thumbs\/Bild3-pkjm5smahelldnp6l68e296dvybgzg3731x2566lgo.jpg\" alt=\"Bild3\" \/><\/figure><\/div><div class=\"swiper-slide\" role=\"group\" aria-roledescription=\"slide\" aria-label=\"4 von 4\"><figure class=\"swiper-slide-inner\"><img decoding=\"async\" class=\"swiper-slide-image\" src=\"https:\/\/komma.ostfalia.de\/wp-content\/uploads\/elementor\/thumbs\/Bild4-pkjm5smahelldnp6l68e296dvybgzg3731x2566lgo.jpg\" alt=\"Bild4\" \/><\/figure><\/div>\t\t\t<\/div>\n\t\t\t\t\t\t\t\n\t\t\t\t\t\t\t\t\t<\/div>\n\t\t\t\t<\/div>\n\t\t\t\t<\/div>\n\t\t\t\t\t<\/div>\n\t\t<\/div>\n\t\t\t\t\t<\/div>\n\t\t<\/section>\n\t\t\t\t<section class=\"elementor-section elementor-top-section elementor-element elementor-element-15752e4 elementor-section-content-middle elementor-reverse-mobile elementor-section-boxed elementor-section-height-default elementor-section-height-default\" data-id=\"15752e4\" data-element_type=\"section\" data-settings=\"{&quot;background_background&quot;:&quot;classic&quot;}\">\n\t\t\t\t\t\t<div class=\"elementor-container elementor-column-gap-no\">\n\t\t\t\t\t<div class=\"elementor-column elementor-col-50 elementor-top-column elementor-element elementor-element-1ea8b26a\" data-id=\"1ea8b26a\" data-element_type=\"column\" data-settings=\"{&quot;background_background&quot;:&quot;classic&quot;}\">\n\t\t\t<div class=\"elementor-widget-wrap elementor-element-populated\">\n\t\t\t\t\t\t<div class=\"elementor-element elementor-element-7f6c86cc elementor-widget elementor-widget-google_maps\" data-id=\"7f6c86cc\" data-element_type=\"widget\" data-widget_type=\"google_maps.default\">\n\t\t\t\t<div class=\"elementor-widget-container\">\n\t\t\t\t\t<div class=\"elementor-custom-embed\">\n\t\t\t<iframe loading=\"lazy\"\n\t\t\t\t\tsrc=\"https:\/\/maps.google.com\/maps?q=Dr.%20Ignaz%20Seipel-Platz%202%201010%20Wien%20%C3%96sterreich&#038;t=m&#038;z=15&#038;output=embed&#038;iwloc=near\"\n\t\t\t\t\ttitle=\"Dr. Ignaz Seipel-Platz 2 1010 Wien \u00d6sterreich\"\n\t\t\t\t\taria-label=\"Dr. Ignaz Seipel-Platz 2 1010 Wien \u00d6sterreich\"\n\t\t\t><\/iframe>\n\t\t<\/div>\n\t\t\t\t<\/div>\n\t\t\t\t<\/div>\n\t\t\t\t\t<\/div>\n\t\t<\/div>\n\t\t\t\t<div class=\"elementor-column elementor-col-50 elementor-top-column elementor-element elementor-element-64a40836\" data-id=\"64a40836\" data-element_type=\"column\" data-settings=\"{&quot;background_background&quot;:&quot;classic&quot;}\">\n\t\t\t<div class=\"elementor-widget-wrap elementor-element-populated\">\n\t\t\t\t\t\t<div class=\"elementor-element elementor-element-4927d329 elementor-widget elementor-widget-heading\" data-id=\"4927d329\" data-element_type=\"widget\" data-widget_type=\"heading.default\">\n\t\t\t\t<div class=\"elementor-widget-container\">\n\t\t\t<p class=\"elementor-heading-title elementor-size-large\">Weitere Informationen finden Sie hier:<\/p>\t\t<\/div>\n\t\t\t\t<\/div>\n\t\t\t\t<div class=\"elementor-element elementor-element-51b185cd elementor-icon-list--layout-traditional elementor-list-item-link-full_width elementor-widget elementor-widget-icon-list\" data-id=\"51b185cd\" data-element_type=\"widget\" data-widget_type=\"icon-list.default\">\n\t\t\t\t<div class=\"elementor-widget-container\">\n\t\t\t\t\t<ul class=\"elementor-icon-list-items\">\n\t\t\t\t\t\t\t<li class=\"elementor-icon-list-item\">\n\t\t\t\t\t\t\t\t\t\t\t<a href=\"https:\/\/www.oeaw.ac.at\/cmc\/events\/detail\/article\/ganzohr2018-wissenschaft-auf-die-ohren\/\">\n\n\t\t\t\t\t\t\t\t\t\t\t\t<span class=\"elementor-icon-list-icon\">\n\t\t\t\t\t\t\t\t\t\t\t\t\t\t\t\t<i class=\"fa fa-external-link\" aria-hidden=\"true\"><\/i>\n\t\t\t\t\t\t\t\t\t\t\t\t\t<\/span>\n\t\t\t\t\t\t\t\t\t\t<span class=\"elementor-icon-list-text\">Link zur Website der Austrian Academy of Sciences<\/span>\n\t\t\t\t\t\t\t\t\t\t\t<\/a>\n\t\t\t\t\t\t\t\t\t<\/li>\n\t\t\t\t\t\t<\/ul>\n\t\t\t\t<\/div>\n\t\t\t\t<\/div>\n\t\t\t\t\t<\/div>\n\t\t<\/div>\n\t\t\t\t\t<\/div>\n\t\t<\/section>\n\t\t\t\t<section class=\"elementor-section elementor-top-section elementor-element elementor-element-7e8f196 elementor-section-boxed elementor-section-height-default elementor-section-height-default\" data-id=\"7e8f196\" data-element_type=\"section\">\n\t\t\t\t\t\t<div class=\"elementor-container elementor-column-gap-default\">\n\t\t\t\t\t<div class=\"elementor-column elementor-col-100 elementor-top-column elementor-element elementor-element-365e3f8\" data-id=\"365e3f8\" data-element_type=\"column\">\n\t\t\t<div class=\"elementor-widget-wrap elementor-element-populated\">\n\t\t\t\t\t\t<div class=\"elementor-element elementor-element-eb9c98e elementor-widget-divider--view-line elementor-widget elementor-widget-divider\" data-id=\"eb9c98e\" data-element_type=\"widget\" data-widget_type=\"divider.default\">\n\t\t\t\t<div class=\"elementor-widget-container\">\n\t\t\t\t\t<div class=\"elementor-divider\">\n\t\t\t<span class=\"elementor-divider-separator\">\n\t\t\t\t\t\t<\/span>\n\t\t<\/div>\n\t\t\t\t<\/div>\n\t\t\t\t<\/div>\n\t\t\t\t\t<\/div>\n\t\t<\/div>\n\t\t\t\t\t<\/div>\n\t\t<\/section>\n\t\t\t\t<section class=\"elementor-section elementor-top-section elementor-element elementor-element-2a20b85 elementor-section-boxed elementor-section-height-default elementor-section-height-default\" data-id=\"2a20b85\" data-element_type=\"section\">\n\t\t\t\t\t\t<div class=\"elementor-container elementor-column-gap-default\">\n\t\t\t\t\t<div class=\"elementor-column elementor-col-50 elementor-top-column elementor-element elementor-element-0dbcc42\" data-id=\"0dbcc42\" data-element_type=\"column\" data-settings=\"{&quot;background_background&quot;:&quot;classic&quot;}\">\n\t\t\t<div class=\"elementor-widget-wrap elementor-element-populated\">\n\t\t\t\t\t\t<div class=\"elementor-element elementor-element-11db948 elementor-widget elementor-widget-text-editor\" data-id=\"11db948\" data-element_type=\"widget\" data-widget_type=\"text-editor.default\">\n\t\t\t\t<div class=\"elementor-widget-container\">\n\t\t\t\t\t\t\t<div class=\"\"><p>Die \u00d61-Sendung Dimensionen des ORF, nahm die #ganzohr2018 auch unter die Lupe &#8211; und lud Harald Rau zum Interview, einen Ausschnitt der Sendung gibt es hier:\u00a0<\/p><!--[if lt IE 9]><script>document.createElement('audio');<\/script><![endif]-->\n<audio class=\"wp-audio-shortcode\" id=\"audio-1679-1\" preload=\"none\" style=\"width: 100%;\" controls=\"controls\"><source type=\"audio\/mpeg\" src=\"https:\/\/komma.ostfalia.de\/wp-content\/uploads\/2018\/11\/Dimensionen_kleiner.mp3?_=1\" \/><a href=\"https:\/\/komma.ostfalia.de\/wp-content\/uploads\/2018\/11\/Dimensionen_kleiner.mp3\">https:\/\/komma.ostfalia.de\/wp-content\/uploads\/2018\/11\/Dimensionen_kleiner.mp3<\/a><\/audio><p>\u00a0<\/p><\/div><div class=\"\">Bei den Ausf\u00fchrungen zur Rolle von Podcasts als unterst\u00fctzendes Element eines partizipativen Demokratieverst\u00e4ndnisses bezieht sich Harald Rau im Interview auf den bemerkenswerten Beitrag der #ganzohr2018 von Maren Beaufort und Josef Seethaler von der \u00d6sterreichischen Akademie der Wissenschaften. Die Wissenschaftler entwickelten ihr Konzept aus einem Vergleich repr\u00e4sentativer, deliberativer und eben partizipativer Ans\u00e4tze zu einem demokratischen Verst\u00e4ndigungsprozess.<\/div>\t\t\t\t\t\t<\/div>\n\t\t\t\t<\/div>\n\t\t\t\t\t<\/div>\n\t\t<\/div>\n\t\t\t\t<div class=\"elementor-column elementor-col-50 elementor-top-column elementor-element elementor-element-12b554b\" data-id=\"12b554b\" data-element_type=\"column\">\n\t\t\t<div class=\"elementor-widget-wrap elementor-element-populated\">\n\t\t\t\t\t\t<div class=\"elementor-element elementor-element-665a729 elementor-widget elementor-widget-image\" data-id=\"665a729\" data-element_type=\"widget\" data-widget_type=\"image.default\">\n\t\t\t\t<div class=\"elementor-widget-container\">\n\t\t\t\t\t\t\t\t\t\t\t\t\t<img fetchpriority=\"high\" decoding=\"async\" width=\"816\" height=\"1024\" src=\"https:\/\/komma.ostfalia.de\/wp-content\/uploads\/2018\/11\/Screenshot_OE1_Radiosendung-816x1024.png\" class=\"attachment-large size-large wp-image-1688\" alt=\"\" srcset=\"https:\/\/komma.ostfalia.de\/wp-content\/uploads\/2018\/11\/Screenshot_OE1_Radiosendung-816x1024.png 816w, https:\/\/komma.ostfalia.de\/wp-content\/uploads\/2018\/11\/Screenshot_OE1_Radiosendung-239x300.png 239w, https:\/\/komma.ostfalia.de\/wp-content\/uploads\/2018\/11\/Screenshot_OE1_Radiosendung-768x964.png 768w, https:\/\/komma.ostfalia.de\/wp-content\/uploads\/2018\/11\/Screenshot_OE1_Radiosendung.png 919w\" sizes=\"(max-width: 816px) 100vw, 816px\" \/>\t\t\t\t\t\t\t\t\t\t\t\t\t<\/div>\n\t\t\t\t<\/div>\n\t\t\t\t\t<\/div>\n\t\t<\/div>\n\t\t\t\t\t<\/div>\n\t\t<\/section>\n\t\t\t\t<section class=\"elementor-section elementor-top-section elementor-element elementor-element-e6f5ef0 elementor-section-boxed elementor-section-height-default elementor-section-height-default\" data-id=\"e6f5ef0\" data-element_type=\"section\">\n\t\t\t\t\t\t<div class=\"elementor-container elementor-column-gap-default\">\n\t\t\t\t\t<div class=\"elementor-column elementor-col-100 elementor-top-column elementor-element elementor-element-77ffd5e\" data-id=\"77ffd5e\" data-element_type=\"column\">\n\t\t\t<div class=\"elementor-widget-wrap\">\n\t\t\t\t\t\t\t<\/div>\n\t\t<\/div>\n\t\t\t\t\t<\/div>\n\t\t<\/section>\n\t\t\t\t<section class=\"elementor-section elementor-top-section elementor-element elementor-element-6b18d438 elementor-section-content-middle elementor-section-boxed elementor-section-height-default elementor-section-height-default\" data-id=\"6b18d438\" data-element_type=\"section\">\n\t\t\t\t\t\t<div class=\"elementor-container elementor-column-gap-no\">\n\t\t\t\t\t<div class=\"elementor-column elementor-col-50 elementor-top-column elementor-element elementor-element-8d53ba6\" data-id=\"8d53ba6\" data-element_type=\"column\">\n\t\t\t<div class=\"elementor-widget-wrap elementor-element-populated\">\n\t\t\t\t\t\t<div class=\"elementor-element elementor-element-f6fef96 elementor-widget elementor-widget-text-editor\" data-id=\"f6fef96\" data-element_type=\"widget\" data-widget_type=\"text-editor.default\">\n\t\t\t\t<div class=\"elementor-widget-container\">\n\t\t\t\t\t\t\t<div class=\"\">Den kompletten MarkoMikro-Podcast gibt es <a href=\"https:\/\/www.oeaw.ac.at\/podcast\/\" target=\"_blank\" rel=\"noopener\">hier<\/a>.&nbsp;<\/div>\n<div>&nbsp;<\/div>\n<div class=\"\">Einen Videomitschnitt der gesamten Veranstaltung gibt es <a href=\"https:\/\/www.youtube.com\/watch?v=3qKUFep473U&amp;feature=youtu.be\" target=\"_blank\" rel=\"noopener\">hier<\/a>.<\/div>\t\t\t\t\t\t<\/div>\n\t\t\t\t<\/div>\n\t\t\t\t\t<\/div>\n\t\t<\/div>\n\t\t\t\t<div class=\"elementor-column elementor-col-50 elementor-top-column elementor-element elementor-element-4c904073\" data-id=\"4c904073\" data-element_type=\"column\">\n\t\t\t<div class=\"elementor-widget-wrap elementor-element-populated\">\n\t\t\t\t\t\t<div class=\"elementor-element elementor-element-4b1aae68 elementor-widget elementor-widget-text-editor\" data-id=\"4b1aae68\" data-element_type=\"widget\" data-widget_type=\"text-editor.default\">\n\t\t\t\t<div class=\"elementor-widget-container\">\n\t\t\t\t\t\t\t<p>Zus\u00e4tzlich hat die \u00d6sterreichische Akademie der Wissenschaften selbst eine Ausgabe ihres Wissenschaftspodcasts \u201eMakro Mikro\u201c von der #ganzohr produziert, er wird von Julia Gillmeister gestaltet.<\/p><p>Dr. Helga Schwarzwald, ist Gesch\u00e4ftsf\u00fchrerin des Verbandes Freier Radios \u00d6sterreich und bezieht sich in ihrer Antwort auf die f\u00fcnf Thesen aus dem Vortrag zur Frage, wie man Wissenschaftler interviewt, damit diese auch verstanden werden.\u00a0<\/p>\t\t\t\t\t\t<\/div>\n\t\t\t\t<\/div>\n\t\t\t\t\t<\/div>\n\t\t<\/div>\n\t\t\t\t\t<\/div>\n\t\t<\/section>\n\t\t\t\t<\/div>\n\t\t","protected":false},"excerpt":{"rendered":"<p>#GANZOHR2018: WISSENSCHAFT AUF DIE OHREN Unter dem Logo #ganzohr2018 trafen sich in Wien rund 100 Podcast-Begeisterte &#8211; und KomMa in der ersten Reihe mit dabei. Harald Rau pr\u00e4sentierte das neue, vom Europ\u00e4ischen Sozialfonds gef\u00f6rderte Drittmittelprojekt der Professur zur \u00d6ffnung von Hochschulen: Die Audio-Uni. Eine zentrale Rolle spielen in diesem zukunftsweisenden Projekt Podcasts!Daneben gab es eine [&hellip;]<\/p>\n","protected":false},"author":3,"featured_media":0,"comment_status":"open","ping_status":"open","sticky":false,"template":"","format":"standard","meta":{"_acf_changed":false,"footnotes":""},"categories":[1],"tags":[],"acf":[],"yoast_head":"<title>#GANZOHR2018: Wissenschaft auf die Ohren! - KomMa<\/title>\n<meta name=\"robots\" content=\"index, follow, max-snippet:-1, max-image-preview:large, max-video-preview:-1\" \/>\n<link rel=\"canonical\" href=\"https:\/\/komma.ostfalia.de\/index.php\/ganzohr2018-wissenschaft-auf-die-ohren\/\" \/>\n<meta property=\"og:locale\" content=\"de_DE\" \/>\n<meta property=\"og:type\" content=\"article\" \/>\n<meta property=\"og:title\" content=\"#GANZOHR2018: Wissenschaft auf die Ohren! - KomMa\" \/>\n<meta property=\"og:description\" content=\"#GANZOHR2018: WISSENSCHAFT AUF DIE OHREN Unter dem Logo #ganzohr2018 trafen sich in Wien rund 100 Podcast-Begeisterte &#8211; und KomMa in der ersten Reihe mit dabei. Harald Rau pr\u00e4sentierte das neue, vom Europ\u00e4ischen Sozialfonds gef\u00f6rderte Drittmittelprojekt der Professur zur \u00d6ffnung von Hochschulen: Die Audio-Uni. Eine zentrale Rolle spielen in diesem zukunftsweisenden Projekt Podcasts!Daneben gab es eine [&hellip;]\" \/>\n<meta property=\"og:url\" content=\"https:\/\/komma.ostfalia.de\/index.php\/ganzohr2018-wissenschaft-auf-die-ohren\/\" \/>\n<meta property=\"og:site_name\" content=\"KomMa\" \/>\n<meta property=\"article:published_time\" content=\"2018-11-14T15:30:44+00:00\" \/>\n<meta property=\"article:modified_time\" content=\"2020-01-30T08:33:58+00:00\" \/>\n<meta property=\"og:image\" content=\"https:\/\/komma.ostfalia.de\/wp-content\/uploads\/elementor\/thumbs\/Bild1-nz2cz66cecowpzwz1he3v6y43jiehr4j21ttcshtm0.jpg\" \/>\n<meta name=\"author\" content=\"Kathrin Wei\u00df\" \/>\n<meta name=\"twitter:card\" content=\"summary_large_image\" \/>\n<meta name=\"twitter:creator\" content=\"@komma_ostfalia\" \/>\n<meta name=\"twitter:site\" content=\"@komma_ostfalia\" \/>\n<meta name=\"twitter:label1\" content=\"Verfasst von\" \/>\n\t<meta name=\"twitter:data1\" content=\"Kathrin Wei\u00df\" \/>\n\t<meta name=\"twitter:label2\" content=\"Gesch\u00e4tzte Lesezeit\" \/>\n\t<meta name=\"twitter:data2\" content=\"1\u00a0Minute\" \/>\n<script type=\"application\/ld+json\" class=\"yoast-schema-graph\">{\"@context\":\"https:\/\/schema.org\",\"@graph\":[{\"@type\":\"Article\",\"@id\":\"https:\/\/komma.ostfalia.de\/index.php\/ganzohr2018-wissenschaft-auf-die-ohren\/#article\",\"isPartOf\":{\"@id\":\"https:\/\/komma.ostfalia.de\/index.php\/ganzohr2018-wissenschaft-auf-die-ohren\/\"},\"author\":{\"name\":\"Kathrin Wei\u00df\",\"@id\":\"https:\/\/komma.ostfalia.de\/#\/schema\/person\/ccad61dec33a1a14fad7728467456f4c\"},\"headline\":\"#GANZOHR2018: Wissenschaft auf die Ohren!\",\"datePublished\":\"2018-11-14T15:30:44+00:00\",\"dateModified\":\"2020-01-30T08:33:58+00:00\",\"mainEntityOfPage\":{\"@id\":\"https:\/\/komma.ostfalia.de\/index.php\/ganzohr2018-wissenschaft-auf-die-ohren\/\"},\"wordCount\":276,\"commentCount\":0,\"publisher\":{\"@id\":\"https:\/\/komma.ostfalia.de\/#organization\"},\"image\":{\"@id\":\"https:\/\/komma.ostfalia.de\/index.php\/ganzohr2018-wissenschaft-auf-die-ohren\/#primaryimage\"},\"thumbnailUrl\":\"https:\/\/komma.ostfalia.de\/wp-content\/uploads\/elementor\/thumbs\/Bild1-nz2cz66cecowpzwz1he3v6y43jiehr4j21ttcshtm0.jpg\",\"inLanguage\":\"de\",\"potentialAction\":[{\"@type\":\"CommentAction\",\"name\":\"Comment\",\"target\":[\"https:\/\/komma.ostfalia.de\/index.php\/ganzohr2018-wissenschaft-auf-die-ohren\/#respond\"]}]},{\"@type\":\"WebPage\",\"@id\":\"https:\/\/komma.ostfalia.de\/index.php\/ganzohr2018-wissenschaft-auf-die-ohren\/\",\"url\":\"https:\/\/komma.ostfalia.de\/index.php\/ganzohr2018-wissenschaft-auf-die-ohren\/\",\"name\":\"#GANZOHR2018: Wissenschaft auf die Ohren! - KomMa\",\"isPartOf\":{\"@id\":\"https:\/\/komma.ostfalia.de\/#website\"},\"primaryImageOfPage\":{\"@id\":\"https:\/\/komma.ostfalia.de\/index.php\/ganzohr2018-wissenschaft-auf-die-ohren\/#primaryimage\"},\"image\":{\"@id\":\"https:\/\/komma.ostfalia.de\/index.php\/ganzohr2018-wissenschaft-auf-die-ohren\/#primaryimage\"},\"thumbnailUrl\":\"https:\/\/komma.ostfalia.de\/wp-content\/uploads\/elementor\/thumbs\/Bild1-nz2cz66cecowpzwz1he3v6y43jiehr4j21ttcshtm0.jpg\",\"datePublished\":\"2018-11-14T15:30:44+00:00\",\"dateModified\":\"2020-01-30T08:33:58+00:00\",\"breadcrumb\":{\"@id\":\"https:\/\/komma.ostfalia.de\/index.php\/ganzohr2018-wissenschaft-auf-die-ohren\/#breadcrumb\"},\"inLanguage\":\"de\",\"potentialAction\":[{\"@type\":\"ReadAction\",\"target\":[\"https:\/\/komma.ostfalia.de\/index.php\/ganzohr2018-wissenschaft-auf-die-ohren\/\"]}]},{\"@type\":\"ImageObject\",\"inLanguage\":\"de\",\"@id\":\"https:\/\/komma.ostfalia.de\/index.php\/ganzohr2018-wissenschaft-auf-die-ohren\/#primaryimage\",\"url\":\"https:\/\/komma.ostfalia.de\/wp-content\/uploads\/elementor\/thumbs\/Bild1-nz2cz66cecowpzwz1he3v6y43jiehr4j21ttcshtm0.jpg\",\"contentUrl\":\"https:\/\/komma.ostfalia.de\/wp-content\/uploads\/elementor\/thumbs\/Bild1-nz2cz66cecowpzwz1he3v6y43jiehr4j21ttcshtm0.jpg\"},{\"@type\":\"BreadcrumbList\",\"@id\":\"https:\/\/komma.ostfalia.de\/index.php\/ganzohr2018-wissenschaft-auf-die-ohren\/#breadcrumb\",\"itemListElement\":[{\"@type\":\"ListItem\",\"position\":1,\"name\":\"Startseite\",\"item\":\"https:\/\/komma.ostfalia.de\/\"},{\"@type\":\"ListItem\",\"position\":2,\"name\":\"Allgemein\",\"item\":\"https:\/\/komma.ostfalia.de\/index.php\/kategorie\/allgemein\/\"},{\"@type\":\"ListItem\",\"position\":3,\"name\":\"#GANZOHR2018: Wissenschaft auf die Ohren!\"}]},{\"@type\":\"WebSite\",\"@id\":\"https:\/\/komma.ostfalia.de\/#website\",\"url\":\"https:\/\/komma.ostfalia.de\/\",\"name\":\"KomMa\",\"description\":\"Professur f\u00fcr Kommunikationsmanagement\",\"publisher\":{\"@id\":\"https:\/\/komma.ostfalia.de\/#organization\"},\"potentialAction\":[{\"@type\":\"SearchAction\",\"target\":{\"@type\":\"EntryPoint\",\"urlTemplate\":\"https:\/\/komma.ostfalia.de\/?s={search_term_string}\"},\"query-input\":\"required name=search_term_string\"}],\"inLanguage\":\"de\"},{\"@type\":\"Organization\",\"@id\":\"https:\/\/komma.ostfalia.de\/#organization\",\"name\":\"KomMa - Professur f\u00fcr Kommunikationsmanagement\",\"url\":\"https:\/\/komma.ostfalia.de\/\",\"logo\":{\"@type\":\"ImageObject\",\"inLanguage\":\"de\",\"@id\":\"https:\/\/komma.ostfalia.de\/#\/schema\/logo\/image\/\",\"url\":\"https:\/\/komma.ostfalia.de\/wp-content\/uploads\/2020\/05\/komma-signet.png\",\"contentUrl\":\"https:\/\/komma.ostfalia.de\/wp-content\/uploads\/2020\/05\/komma-signet.png\",\"width\":512,\"height\":512,\"caption\":\"KomMa - Professur f\u00fcr Kommunikationsmanagement\"},\"image\":{\"@id\":\"https:\/\/komma.ostfalia.de\/#\/schema\/logo\/image\/\"},\"sameAs\":[\"https:\/\/twitter.com\/komma_ostfalia\"]},{\"@type\":\"Person\",\"@id\":\"https:\/\/komma.ostfalia.de\/#\/schema\/person\/ccad61dec33a1a14fad7728467456f4c\",\"name\":\"Kathrin Wei\u00df\",\"image\":{\"@type\":\"ImageObject\",\"inLanguage\":\"de\",\"@id\":\"https:\/\/komma.ostfalia.de\/#\/schema\/person\/image\/\",\"url\":\"https:\/\/secure.gravatar.com\/avatar\/06680296b58a8fc412f1b7bf7c07fcc9?s=96&d=mm&r=g\",\"contentUrl\":\"https:\/\/secure.gravatar.com\/avatar\/06680296b58a8fc412f1b7bf7c07fcc9?s=96&d=mm&r=g\",\"caption\":\"Kathrin Wei\u00df\"}}]}<\/script>","yoast_head_json":{"title":"#GANZOHR2018: Wissenschaft auf die Ohren! - KomMa","robots":{"index":"index","follow":"follow","max-snippet":"max-snippet:-1","max-image-preview":"max-image-preview:large","max-video-preview":"max-video-preview:-1"},"canonical":"https:\/\/komma.ostfalia.de\/index.php\/ganzohr2018-wissenschaft-auf-die-ohren\/","og_locale":"de_DE","og_type":"article","og_title":"#GANZOHR2018: Wissenschaft auf die Ohren! - KomMa","og_description":"#GANZOHR2018: WISSENSCHAFT AUF DIE OHREN Unter dem Logo #ganzohr2018 trafen sich in Wien rund 100 Podcast-Begeisterte &#8211; und KomMa in der ersten Reihe mit dabei. Harald Rau pr\u00e4sentierte das neue, vom Europ\u00e4ischen Sozialfonds gef\u00f6rderte Drittmittelprojekt der Professur zur \u00d6ffnung von Hochschulen: Die Audio-Uni. Eine zentrale Rolle spielen in diesem zukunftsweisenden Projekt Podcasts!Daneben gab es eine [&hellip;]","og_url":"https:\/\/komma.ostfalia.de\/index.php\/ganzohr2018-wissenschaft-auf-die-ohren\/","og_site_name":"KomMa","article_published_time":"2018-11-14T15:30:44+00:00","article_modified_time":"2020-01-30T08:33:58+00:00","og_image":[{"url":"https:\/\/komma.ostfalia.de\/wp-content\/uploads\/elementor\/thumbs\/Bild1-nz2cz66cecowpzwz1he3v6y43jiehr4j21ttcshtm0.jpg"}],"author":"Kathrin Wei\u00df","twitter_card":"summary_large_image","twitter_creator":"@komma_ostfalia","twitter_site":"@komma_ostfalia","twitter_misc":{"Verfasst von":"Kathrin Wei\u00df","Gesch\u00e4tzte Lesezeit":"1\u00a0Minute"},"schema":{"@context":"https:\/\/schema.org","@graph":[{"@type":"Article","@id":"https:\/\/komma.ostfalia.de\/index.php\/ganzohr2018-wissenschaft-auf-die-ohren\/#article","isPartOf":{"@id":"https:\/\/komma.ostfalia.de\/index.php\/ganzohr2018-wissenschaft-auf-die-ohren\/"},"author":{"name":"Kathrin Wei\u00df","@id":"https:\/\/komma.ostfalia.de\/#\/schema\/person\/ccad61dec33a1a14fad7728467456f4c"},"headline":"#GANZOHR2018: Wissenschaft auf die Ohren!","datePublished":"2018-11-14T15:30:44+00:00","dateModified":"2020-01-30T08:33:58+00:00","mainEntityOfPage":{"@id":"https:\/\/komma.ostfalia.de\/index.php\/ganzohr2018-wissenschaft-auf-die-ohren\/"},"wordCount":276,"commentCount":0,"publisher":{"@id":"https:\/\/komma.ostfalia.de\/#organization"},"image":{"@id":"https:\/\/komma.ostfalia.de\/index.php\/ganzohr2018-wissenschaft-auf-die-ohren\/#primaryimage"},"thumbnailUrl":"https:\/\/komma.ostfalia.de\/wp-content\/uploads\/elementor\/thumbs\/Bild1-nz2cz66cecowpzwz1he3v6y43jiehr4j21ttcshtm0.jpg","inLanguage":"de","potentialAction":[{"@type":"CommentAction","name":"Comment","target":["https:\/\/komma.ostfalia.de\/index.php\/ganzohr2018-wissenschaft-auf-die-ohren\/#respond"]}]},{"@type":"WebPage","@id":"https:\/\/komma.ostfalia.de\/index.php\/ganzohr2018-wissenschaft-auf-die-ohren\/","url":"https:\/\/komma.ostfalia.de\/index.php\/ganzohr2018-wissenschaft-auf-die-ohren\/","name":"#GANZOHR2018: Wissenschaft auf die Ohren! - KomMa","isPartOf":{"@id":"https:\/\/komma.ostfalia.de\/#website"},"primaryImageOfPage":{"@id":"https:\/\/komma.ostfalia.de\/index.php\/ganzohr2018-wissenschaft-auf-die-ohren\/#primaryimage"},"image":{"@id":"https:\/\/komma.ostfalia.de\/index.php\/ganzohr2018-wissenschaft-auf-die-ohren\/#primaryimage"},"thumbnailUrl":"https:\/\/komma.ostfalia.de\/wp-content\/uploads\/elementor\/thumbs\/Bild1-nz2cz66cecowpzwz1he3v6y43jiehr4j21ttcshtm0.jpg","datePublished":"2018-11-14T15:30:44+00:00","dateModified":"2020-01-30T08:33:58+00:00","breadcrumb":{"@id":"https:\/\/komma.ostfalia.de\/index.php\/ganzohr2018-wissenschaft-auf-die-ohren\/#breadcrumb"},"inLanguage":"de","potentialAction":[{"@type":"ReadAction","target":["https:\/\/komma.ostfalia.de\/index.php\/ganzohr2018-wissenschaft-auf-die-ohren\/"]}]},{"@type":"ImageObject","inLanguage":"de","@id":"https:\/\/komma.ostfalia.de\/index.php\/ganzohr2018-wissenschaft-auf-die-ohren\/#primaryimage","url":"https:\/\/komma.ostfalia.de\/wp-content\/uploads\/elementor\/thumbs\/Bild1-nz2cz66cecowpzwz1he3v6y43jiehr4j21ttcshtm0.jpg","contentUrl":"https:\/\/komma.ostfalia.de\/wp-content\/uploads\/elementor\/thumbs\/Bild1-nz2cz66cecowpzwz1he3v6y43jiehr4j21ttcshtm0.jpg"},{"@type":"BreadcrumbList","@id":"https:\/\/komma.ostfalia.de\/index.php\/ganzohr2018-wissenschaft-auf-die-ohren\/#breadcrumb","itemListElement":[{"@type":"ListItem","position":1,"name":"Startseite","item":"https:\/\/komma.ostfalia.de\/"},{"@type":"ListItem","position":2,"name":"Allgemein","item":"https:\/\/komma.ostfalia.de\/index.php\/kategorie\/allgemein\/"},{"@type":"ListItem","position":3,"name":"#GANZOHR2018: Wissenschaft auf die Ohren!"}]},{"@type":"WebSite","@id":"https:\/\/komma.ostfalia.de\/#website","url":"https:\/\/komma.ostfalia.de\/","name":"KomMa","description":"Professur f\u00fcr Kommunikationsmanagement","publisher":{"@id":"https:\/\/komma.ostfalia.de\/#organization"},"potentialAction":[{"@type":"SearchAction","target":{"@type":"EntryPoint","urlTemplate":"https:\/\/komma.ostfalia.de\/?s={search_term_string}"},"query-input":"required name=search_term_string"}],"inLanguage":"de"},{"@type":"Organization","@id":"https:\/\/komma.ostfalia.de\/#organization","name":"KomMa - Professur f\u00fcr Kommunikationsmanagement","url":"https:\/\/komma.ostfalia.de\/","logo":{"@type":"ImageObject","inLanguage":"de","@id":"https:\/\/komma.ostfalia.de\/#\/schema\/logo\/image\/","url":"https:\/\/komma.ostfalia.de\/wp-content\/uploads\/2020\/05\/komma-signet.png","contentUrl":"https:\/\/komma.ostfalia.de\/wp-content\/uploads\/2020\/05\/komma-signet.png","width":512,"height":512,"caption":"KomMa - Professur f\u00fcr Kommunikationsmanagement"},"image":{"@id":"https:\/\/komma.ostfalia.de\/#\/schema\/logo\/image\/"},"sameAs":["https:\/\/twitter.com\/komma_ostfalia"]},{"@type":"Person","@id":"https:\/\/komma.ostfalia.de\/#\/schema\/person\/ccad61dec33a1a14fad7728467456f4c","name":"Kathrin Wei\u00df","image":{"@type":"ImageObject","inLanguage":"de","@id":"https:\/\/komma.ostfalia.de\/#\/schema\/person\/image\/","url":"https:\/\/secure.gravatar.com\/avatar\/06680296b58a8fc412f1b7bf7c07fcc9?s=96&d=mm&r=g","contentUrl":"https:\/\/secure.gravatar.com\/avatar\/06680296b58a8fc412f1b7bf7c07fcc9?s=96&d=mm&r=g","caption":"Kathrin Wei\u00df"}}]}},"_links":{"self":[{"href":"https:\/\/komma.ostfalia.de\/index.php\/wp-json\/wp\/v2\/posts\/1679"}],"collection":[{"href":"https:\/\/komma.ostfalia.de\/index.php\/wp-json\/wp\/v2\/posts"}],"about":[{"href":"https:\/\/komma.ostfalia.de\/index.php\/wp-json\/wp\/v2\/types\/post"}],"author":[{"embeddable":true,"href":"https:\/\/komma.ostfalia.de\/index.php\/wp-json\/wp\/v2\/users\/3"}],"replies":[{"embeddable":true,"href":"https:\/\/komma.ostfalia.de\/index.php\/wp-json\/wp\/v2\/comments?post=1679"}],"version-history":[{"count":0,"href":"https:\/\/komma.ostfalia.de\/index.php\/wp-json\/wp\/v2\/posts\/1679\/revisions"}],"wp:attachment":[{"href":"https:\/\/komma.ostfalia.de\/index.php\/wp-json\/wp\/v2\/media?parent=1679"}],"wp:term":[{"taxonomy":"category","embeddable":true,"href":"https:\/\/komma.ostfalia.de\/index.php\/wp-json\/wp\/v2\/categories?post=1679"},{"taxonomy":"post_tag","embeddable":true,"href":"https:\/\/komma.ostfalia.de\/index.php\/wp-json\/wp\/v2\/tags?post=1679"}],"curies":[{"name":"wp","href":"https:\/\/api.w.org\/{rel}","templated":true}]}}