{"id":1442,"date":"2018-06-27T08:24:50","date_gmt":"2018-06-27T06:24:50","guid":{"rendered":"https:\/\/komma.ostfalia.de\/?p=1442"},"modified":"2021-03-01T12:52:16","modified_gmt":"2021-03-01T11:52:16","slug":"emma-konferenz-2018","status":"publish","type":"post","link":"https:\/\/komma.ostfalia.de\/index.php\/emma-konferenz-2018\/","title":{"rendered":"European Media Management Association 2018 in Warschau"},"content":{"rendered":"\n<p>Annika Ehlers und <a href=\"https:\/\/komma.ostfalia.de\/team\/harald-rau\/\">Harald Rau<\/a>&nbsp;pr\u00e4sentierten auf der Jahreskonferenz 2018 der European Media Management Association, kurz EMMA, gleich drei Arbeitspapiere und damit eine ganze Reihe von KomMa-Forschungsbeitr\u00e4gen. Titel der Konferenz im polnischen Warschau: &#8220;Media Management in the Age of Big Data and Hightech&#8221;. Die von Michal Glowacki und seinem Team hervorragend organisierte Konferenz begann mit einer au\u00dfergew\u00f6hnlichen &#8220;Unconference&#8221; zu &#8220;Creative Cultures for Media Progression&#8221; \u00fcber innovative Kulturen, Werte und Praktiken fortschrittlicher Medienunternehmen und endete mit einer spannenden Stadt-Rallye durch Warschau. &nbsp;Die Professur KomMa freut sich \u00fcber den Erfolg bei der Bewerbung um Vortragspl\u00e4tze:&nbsp;In insgesamt drei Beitr\u00e4gen konnten aktuelle Forschungsergebnisse pr\u00e4sentiert werden:<\/p>\n\n\n\n<ul><li>Harald Rau: \u201cNot to Be Thrown on the Scrap Heap: The Hypothesis of Adaptation and&nbsp;Commercialized Content as a Question for Media Management\u201d<\/li><li>Annika Ehlers: \u201cContext Related Information in Mobile News. A Study on the Adoption of Localization Technology by Legacy Media Organizations\u201d<\/li><li>Gemeinsamer Vortrag: \u201cHow to Deal with Fake News? Spotlight on the German Media Policy\u201d<\/li><\/ul>\n\n\n\n<p>Zudem leitete Harald Rau das Panel \u00fcber Media Funding.<\/p>\n\n\n\n<figure class=\"wp-block-gallery columns-2 is-cropped wp-block-gallery-1 is-layout-flex wp-block-gallery-is-layout-flex\"><ul class=\"blocks-gallery-grid\"><li class=\"blocks-gallery-item\"><figure><img fetchpriority=\"high\" decoding=\"async\" width=\"768\" height=\"1024\" src=\"https:\/\/komma.ostfalia.de\/wp-content\/uploads\/2018\/06\/Foto3_web-768x1024.jpg\" alt=\"\" data-id=\"1450\" data-full-url=\"https:\/\/komma.ostfalia.de\/wp-content\/uploads\/2018\/06\/Foto3_web.jpg\" data-link=\"https:\/\/komma.ostfalia.de\/foto3_web\/\" class=\"wp-image-1450\" srcset=\"https:\/\/komma.ostfalia.de\/wp-content\/uploads\/2018\/06\/Foto3_web-768x1024.jpg 768w, https:\/\/komma.ostfalia.de\/wp-content\/uploads\/2018\/06\/Foto3_web-225x300.jpg 225w, https:\/\/komma.ostfalia.de\/wp-content\/uploads\/2018\/06\/Foto3_web.jpg 1786w\" sizes=\"(max-width: 768px) 100vw, 768px\" \/><\/figure><\/li><li class=\"blocks-gallery-item\"><figure><img decoding=\"async\" width=\"768\" height=\"1024\" src=\"https:\/\/komma.ostfalia.de\/wp-content\/uploads\/2018\/06\/Foto2_web-768x1024.jpg\" alt=\"\" data-id=\"1449\" data-full-url=\"https:\/\/komma.ostfalia.de\/wp-content\/uploads\/2018\/06\/Foto2_web.jpg\" data-link=\"https:\/\/komma.ostfalia.de\/foto2_web\/\" class=\"wp-image-1449\" srcset=\"https:\/\/komma.ostfalia.de\/wp-content\/uploads\/2018\/06\/Foto2_web-768x1024.jpg 768w, https:\/\/komma.ostfalia.de\/wp-content\/uploads\/2018\/06\/Foto2_web-225x300.jpg 225w, https:\/\/komma.ostfalia.de\/wp-content\/uploads\/2018\/06\/Foto2_web.jpg 1786w\" sizes=\"(max-width: 768px) 100vw, 768px\" \/><\/figure><\/li><\/ul><\/figure>\n","protected":false},"excerpt":{"rendered":"<p>Annika Ehlers und Harald Rau&nbsp;pr\u00e4sentierten auf der Jahreskonferenz 2018 der European Media Management Association, kurz EMMA, gleich drei Arbeitspapiere und damit eine ganze Reihe von KomMa-Forschungsbeitr\u00e4gen. Titel der Konferenz im polnischen Warschau: &#8220;Media Management in the Age of Big Data and Hightech&#8221;. Die von Michal Glowacki und seinem Team hervorragend organisierte Konferenz begann mit einer [&hellip;]<\/p>\n","protected":false},"author":3,"featured_media":4812,"comment_status":"open","ping_status":"open","sticky":false,"template":"","format":"standard","meta":{"_acf_changed":false,"footnotes":""},"categories":[6],"tags":[15,10,16,17],"acf":[],"yoast_head":"<title>European Media Management Association 2018 in Warschau<\/title>\n<meta name=\"description\" content=\"Die Emma Konferenz 2018 stand unter dem Titel: \u201eMedia Management in the Age of Big Data and Hightech\u201c und fand vom 14. bis 15. Juni in Warschau statt.\" \/>\n<meta name=\"robots\" content=\"index, follow, max-snippet:-1, max-image-preview:large, max-video-preview:-1\" \/>\n<link rel=\"canonical\" href=\"https:\/\/komma.ostfalia.de\/index.php\/emma-konferenz-2018\/\" \/>\n<meta property=\"og:locale\" content=\"de_DE\" \/>\n<meta property=\"og:type\" content=\"article\" \/>\n<meta property=\"og:title\" content=\"European Media Management Association 2018 in Warschau\" \/>\n<meta property=\"og:description\" content=\"Die Emma Konferenz 2018 stand unter dem Titel: \u201eMedia Management in the Age of Big Data and Hightech\u201c und fand vom 14. bis 15. Juni in Warschau statt.\" \/>\n<meta property=\"og:url\" content=\"https:\/\/komma.ostfalia.de\/index.php\/emma-konferenz-2018\/\" \/>\n<meta property=\"og:site_name\" content=\"KomMa\" \/>\n<meta property=\"article:published_time\" content=\"2018-06-27T06:24:50+00:00\" \/>\n<meta property=\"article:modified_time\" content=\"2021-03-01T11:52:16+00:00\" \/>\n<meta property=\"og:image\" content=\"https:\/\/komma.ostfalia.de\/wp-content\/uploads\/2018\/06\/emma-2018-harald-rau-annika-ehlers.jpg\" \/>\n\t<meta property=\"og:image:width\" content=\"1120\" \/>\n\t<meta property=\"og:image:height\" content=\"630\" \/>\n\t<meta property=\"og:image:type\" content=\"image\/jpeg\" \/>\n<meta name=\"author\" content=\"Kathrin Wei\u00df\" \/>\n<meta name=\"twitter:card\" content=\"summary_large_image\" \/>\n<meta name=\"twitter:creator\" content=\"@komma_ostfalia\" \/>\n<meta name=\"twitter:site\" content=\"@komma_ostfalia\" \/>\n<meta name=\"twitter:label1\" content=\"Verfasst von\" \/>\n\t<meta name=\"twitter:data1\" content=\"Kathrin Wei\u00df\" \/>\n\t<meta name=\"twitter:label2\" content=\"Gesch\u00e4tzte Lesezeit\" \/>\n\t<meta name=\"twitter:data2\" content=\"1\u00a0Minute\" \/>\n<script type=\"application\/ld+json\" class=\"yoast-schema-graph\">{\"@context\":\"https:\/\/schema.org\",\"@graph\":[{\"@type\":\"Article\",\"@id\":\"https:\/\/komma.ostfalia.de\/index.php\/emma-konferenz-2018\/#article\",\"isPartOf\":{\"@id\":\"https:\/\/komma.ostfalia.de\/index.php\/emma-konferenz-2018\/\"},\"author\":{\"name\":\"Kathrin Wei\u00df\",\"@id\":\"https:\/\/komma.ostfalia.de\/#\/schema\/person\/ccad61dec33a1a14fad7728467456f4c\"},\"headline\":\"European Media Management Association 2018 in Warschau\",\"datePublished\":\"2018-06-27T06:24:50+00:00\",\"dateModified\":\"2021-03-01T11:52:16+00:00\",\"mainEntityOfPage\":{\"@id\":\"https:\/\/komma.ostfalia.de\/index.php\/emma-konferenz-2018\/\"},\"wordCount\":184,\"commentCount\":0,\"publisher\":{\"@id\":\"https:\/\/komma.ostfalia.de\/#organization\"},\"image\":{\"@id\":\"https:\/\/komma.ostfalia.de\/index.php\/emma-konferenz-2018\/#primaryimage\"},\"thumbnailUrl\":\"https:\/\/komma.ostfalia.de\/wp-content\/uploads\/2018\/06\/emma-2018-harald-rau-annika-ehlers.jpg\",\"keywords\":[\"Emma\",\"Konferenz\",\"Paper\",\"Warschau\"],\"articleSection\":[\"Konferenzen\"],\"inLanguage\":\"de\",\"potentialAction\":[{\"@type\":\"CommentAction\",\"name\":\"Comment\",\"target\":[\"https:\/\/komma.ostfalia.de\/index.php\/emma-konferenz-2018\/#respond\"]}]},{\"@type\":\"WebPage\",\"@id\":\"https:\/\/komma.ostfalia.de\/index.php\/emma-konferenz-2018\/\",\"url\":\"https:\/\/komma.ostfalia.de\/index.php\/emma-konferenz-2018\/\",\"name\":\"European Media Management Association 2018 in Warschau\",\"isPartOf\":{\"@id\":\"https:\/\/komma.ostfalia.de\/#website\"},\"primaryImageOfPage\":{\"@id\":\"https:\/\/komma.ostfalia.de\/index.php\/emma-konferenz-2018\/#primaryimage\"},\"image\":{\"@id\":\"https:\/\/komma.ostfalia.de\/index.php\/emma-konferenz-2018\/#primaryimage\"},\"thumbnailUrl\":\"https:\/\/komma.ostfalia.de\/wp-content\/uploads\/2018\/06\/emma-2018-harald-rau-annika-ehlers.jpg\",\"datePublished\":\"2018-06-27T06:24:50+00:00\",\"dateModified\":\"2021-03-01T11:52:16+00:00\",\"description\":\"Die Emma Konferenz 2018 stand unter dem Titel: \u201eMedia Management in the Age of Big Data and Hightech\u201c und fand vom 14. bis 15. Juni in Warschau statt.\",\"breadcrumb\":{\"@id\":\"https:\/\/komma.ostfalia.de\/index.php\/emma-konferenz-2018\/#breadcrumb\"},\"inLanguage\":\"de\",\"potentialAction\":[{\"@type\":\"ReadAction\",\"target\":[\"https:\/\/komma.ostfalia.de\/index.php\/emma-konferenz-2018\/\"]}]},{\"@type\":\"ImageObject\",\"inLanguage\":\"de\",\"@id\":\"https:\/\/komma.ostfalia.de\/index.php\/emma-konferenz-2018\/#primaryimage\",\"url\":\"https:\/\/komma.ostfalia.de\/wp-content\/uploads\/2018\/06\/emma-2018-harald-rau-annika-ehlers.jpg\",\"contentUrl\":\"https:\/\/komma.ostfalia.de\/wp-content\/uploads\/2018\/06\/emma-2018-harald-rau-annika-ehlers.jpg\",\"width\":1120,\"height\":630},{\"@type\":\"BreadcrumbList\",\"@id\":\"https:\/\/komma.ostfalia.de\/index.php\/emma-konferenz-2018\/#breadcrumb\",\"itemListElement\":[{\"@type\":\"ListItem\",\"position\":1,\"name\":\"Startseite\",\"item\":\"https:\/\/komma.ostfalia.de\/\"},{\"@type\":\"ListItem\",\"position\":2,\"name\":\"Konferenzen\",\"item\":\"https:\/\/komma.ostfalia.de\/index.php\/kategorie\/konferenzen\/\"},{\"@type\":\"ListItem\",\"position\":3,\"name\":\"European Media Management Association 2018 in Warschau\"}]},{\"@type\":\"WebSite\",\"@id\":\"https:\/\/komma.ostfalia.de\/#website\",\"url\":\"https:\/\/komma.ostfalia.de\/\",\"name\":\"KomMa\",\"description\":\"Professur f\u00fcr Kommunikationsmanagement\",\"publisher\":{\"@id\":\"https:\/\/komma.ostfalia.de\/#organization\"},\"potentialAction\":[{\"@type\":\"SearchAction\",\"target\":{\"@type\":\"EntryPoint\",\"urlTemplate\":\"https:\/\/komma.ostfalia.de\/?s={search_term_string}\"},\"query-input\":\"required name=search_term_string\"}],\"inLanguage\":\"de\"},{\"@type\":\"Organization\",\"@id\":\"https:\/\/komma.ostfalia.de\/#organization\",\"name\":\"KomMa - Professur f\u00fcr Kommunikationsmanagement\",\"url\":\"https:\/\/komma.ostfalia.de\/\",\"logo\":{\"@type\":\"ImageObject\",\"inLanguage\":\"de\",\"@id\":\"https:\/\/komma.ostfalia.de\/#\/schema\/logo\/image\/\",\"url\":\"https:\/\/komma.ostfalia.de\/wp-content\/uploads\/2020\/05\/komma-signet.png\",\"contentUrl\":\"https:\/\/komma.ostfalia.de\/wp-content\/uploads\/2020\/05\/komma-signet.png\",\"width\":512,\"height\":512,\"caption\":\"KomMa - Professur f\u00fcr Kommunikationsmanagement\"},\"image\":{\"@id\":\"https:\/\/komma.ostfalia.de\/#\/schema\/logo\/image\/\"},\"sameAs\":[\"https:\/\/twitter.com\/komma_ostfalia\"]},{\"@type\":\"Person\",\"@id\":\"https:\/\/komma.ostfalia.de\/#\/schema\/person\/ccad61dec33a1a14fad7728467456f4c\",\"name\":\"Kathrin Wei\u00df\",\"image\":{\"@type\":\"ImageObject\",\"inLanguage\":\"de\",\"@id\":\"https:\/\/komma.ostfalia.de\/#\/schema\/person\/image\/\",\"url\":\"https:\/\/secure.gravatar.com\/avatar\/06680296b58a8fc412f1b7bf7c07fcc9?s=96&d=mm&r=g\",\"contentUrl\":\"https:\/\/secure.gravatar.com\/avatar\/06680296b58a8fc412f1b7bf7c07fcc9?s=96&d=mm&r=g\",\"caption\":\"Kathrin Wei\u00df\"}}]}<\/script>","yoast_head_json":{"title":"European Media Management Association 2018 in Warschau","description":"Die Emma Konferenz 2018 stand unter dem Titel: \u201eMedia Management in the Age of Big Data and Hightech\u201c und fand vom 14. bis 15. Juni in Warschau statt.","robots":{"index":"index","follow":"follow","max-snippet":"max-snippet:-1","max-image-preview":"max-image-preview:large","max-video-preview":"max-video-preview:-1"},"canonical":"https:\/\/komma.ostfalia.de\/index.php\/emma-konferenz-2018\/","og_locale":"de_DE","og_type":"article","og_title":"European Media Management Association 2018 in Warschau","og_description":"Die Emma Konferenz 2018 stand unter dem Titel: \u201eMedia Management in the Age of Big Data and Hightech\u201c und fand vom 14. bis 15. Juni in Warschau statt.","og_url":"https:\/\/komma.ostfalia.de\/index.php\/emma-konferenz-2018\/","og_site_name":"KomMa","article_published_time":"2018-06-27T06:24:50+00:00","article_modified_time":"2021-03-01T11:52:16+00:00","og_image":[{"width":1120,"height":630,"url":"https:\/\/komma.ostfalia.de\/wp-content\/uploads\/2018\/06\/emma-2018-harald-rau-annika-ehlers.jpg","type":"image\/jpeg"}],"author":"Kathrin Wei\u00df","twitter_card":"summary_large_image","twitter_creator":"@komma_ostfalia","twitter_site":"@komma_ostfalia","twitter_misc":{"Verfasst von":"Kathrin Wei\u00df","Gesch\u00e4tzte Lesezeit":"1\u00a0Minute"},"schema":{"@context":"https:\/\/schema.org","@graph":[{"@type":"Article","@id":"https:\/\/komma.ostfalia.de\/index.php\/emma-konferenz-2018\/#article","isPartOf":{"@id":"https:\/\/komma.ostfalia.de\/index.php\/emma-konferenz-2018\/"},"author":{"name":"Kathrin Wei\u00df","@id":"https:\/\/komma.ostfalia.de\/#\/schema\/person\/ccad61dec33a1a14fad7728467456f4c"},"headline":"European Media Management Association 2018 in Warschau","datePublished":"2018-06-27T06:24:50+00:00","dateModified":"2021-03-01T11:52:16+00:00","mainEntityOfPage":{"@id":"https:\/\/komma.ostfalia.de\/index.php\/emma-konferenz-2018\/"},"wordCount":184,"commentCount":0,"publisher":{"@id":"https:\/\/komma.ostfalia.de\/#organization"},"image":{"@id":"https:\/\/komma.ostfalia.de\/index.php\/emma-konferenz-2018\/#primaryimage"},"thumbnailUrl":"https:\/\/komma.ostfalia.de\/wp-content\/uploads\/2018\/06\/emma-2018-harald-rau-annika-ehlers.jpg","keywords":["Emma","Konferenz","Paper","Warschau"],"articleSection":["Konferenzen"],"inLanguage":"de","potentialAction":[{"@type":"CommentAction","name":"Comment","target":["https:\/\/komma.ostfalia.de\/index.php\/emma-konferenz-2018\/#respond"]}]},{"@type":"WebPage","@id":"https:\/\/komma.ostfalia.de\/index.php\/emma-konferenz-2018\/","url":"https:\/\/komma.ostfalia.de\/index.php\/emma-konferenz-2018\/","name":"European Media Management Association 2018 in Warschau","isPartOf":{"@id":"https:\/\/komma.ostfalia.de\/#website"},"primaryImageOfPage":{"@id":"https:\/\/komma.ostfalia.de\/index.php\/emma-konferenz-2018\/#primaryimage"},"image":{"@id":"https:\/\/komma.ostfalia.de\/index.php\/emma-konferenz-2018\/#primaryimage"},"thumbnailUrl":"https:\/\/komma.ostfalia.de\/wp-content\/uploads\/2018\/06\/emma-2018-harald-rau-annika-ehlers.jpg","datePublished":"2018-06-27T06:24:50+00:00","dateModified":"2021-03-01T11:52:16+00:00","description":"Die Emma Konferenz 2018 stand unter dem Titel: \u201eMedia Management in the Age of Big Data and Hightech\u201c und fand vom 14. bis 15. Juni in Warschau statt.","breadcrumb":{"@id":"https:\/\/komma.ostfalia.de\/index.php\/emma-konferenz-2018\/#breadcrumb"},"inLanguage":"de","potentialAction":[{"@type":"ReadAction","target":["https:\/\/komma.ostfalia.de\/index.php\/emma-konferenz-2018\/"]}]},{"@type":"ImageObject","inLanguage":"de","@id":"https:\/\/komma.ostfalia.de\/index.php\/emma-konferenz-2018\/#primaryimage","url":"https:\/\/komma.ostfalia.de\/wp-content\/uploads\/2018\/06\/emma-2018-harald-rau-annika-ehlers.jpg","contentUrl":"https:\/\/komma.ostfalia.de\/wp-content\/uploads\/2018\/06\/emma-2018-harald-rau-annika-ehlers.jpg","width":1120,"height":630},{"@type":"BreadcrumbList","@id":"https:\/\/komma.ostfalia.de\/index.php\/emma-konferenz-2018\/#breadcrumb","itemListElement":[{"@type":"ListItem","position":1,"name":"Startseite","item":"https:\/\/komma.ostfalia.de\/"},{"@type":"ListItem","position":2,"name":"Konferenzen","item":"https:\/\/komma.ostfalia.de\/index.php\/kategorie\/konferenzen\/"},{"@type":"ListItem","position":3,"name":"European Media Management Association 2018 in Warschau"}]},{"@type":"WebSite","@id":"https:\/\/komma.ostfalia.de\/#website","url":"https:\/\/komma.ostfalia.de\/","name":"KomMa","description":"Professur f\u00fcr Kommunikationsmanagement","publisher":{"@id":"https:\/\/komma.ostfalia.de\/#organization"},"potentialAction":[{"@type":"SearchAction","target":{"@type":"EntryPoint","urlTemplate":"https:\/\/komma.ostfalia.de\/?s={search_term_string}"},"query-input":"required name=search_term_string"}],"inLanguage":"de"},{"@type":"Organization","@id":"https:\/\/komma.ostfalia.de\/#organization","name":"KomMa - Professur f\u00fcr Kommunikationsmanagement","url":"https:\/\/komma.ostfalia.de\/","logo":{"@type":"ImageObject","inLanguage":"de","@id":"https:\/\/komma.ostfalia.de\/#\/schema\/logo\/image\/","url":"https:\/\/komma.ostfalia.de\/wp-content\/uploads\/2020\/05\/komma-signet.png","contentUrl":"https:\/\/komma.ostfalia.de\/wp-content\/uploads\/2020\/05\/komma-signet.png","width":512,"height":512,"caption":"KomMa - Professur f\u00fcr Kommunikationsmanagement"},"image":{"@id":"https:\/\/komma.ostfalia.de\/#\/schema\/logo\/image\/"},"sameAs":["https:\/\/twitter.com\/komma_ostfalia"]},{"@type":"Person","@id":"https:\/\/komma.ostfalia.de\/#\/schema\/person\/ccad61dec33a1a14fad7728467456f4c","name":"Kathrin Wei\u00df","image":{"@type":"ImageObject","inLanguage":"de","@id":"https:\/\/komma.ostfalia.de\/#\/schema\/person\/image\/","url":"https:\/\/secure.gravatar.com\/avatar\/06680296b58a8fc412f1b7bf7c07fcc9?s=96&d=mm&r=g","contentUrl":"https:\/\/secure.gravatar.com\/avatar\/06680296b58a8fc412f1b7bf7c07fcc9?s=96&d=mm&r=g","caption":"Kathrin Wei\u00df"}}]}},"_links":{"self":[{"href":"https:\/\/komma.ostfalia.de\/index.php\/wp-json\/wp\/v2\/posts\/1442"}],"collection":[{"href":"https:\/\/komma.ostfalia.de\/index.php\/wp-json\/wp\/v2\/posts"}],"about":[{"href":"https:\/\/komma.ostfalia.de\/index.php\/wp-json\/wp\/v2\/types\/post"}],"author":[{"embeddable":true,"href":"https:\/\/komma.ostfalia.de\/index.php\/wp-json\/wp\/v2\/users\/3"}],"replies":[{"embeddable":true,"href":"https:\/\/komma.ostfalia.de\/index.php\/wp-json\/wp\/v2\/comments?post=1442"}],"version-history":[{"count":0,"href":"https:\/\/komma.ostfalia.de\/index.php\/wp-json\/wp\/v2\/posts\/1442\/revisions"}],"wp:featuredmedia":[{"embeddable":true,"href":"https:\/\/komma.ostfalia.de\/index.php\/wp-json\/wp\/v2\/media\/4812"}],"wp:attachment":[{"href":"https:\/\/komma.ostfalia.de\/index.php\/wp-json\/wp\/v2\/media?parent=1442"}],"wp:term":[{"taxonomy":"category","embeddable":true,"href":"https:\/\/komma.ostfalia.de\/index.php\/wp-json\/wp\/v2\/categories?post=1442"},{"taxonomy":"post_tag","embeddable":true,"href":"https:\/\/komma.ostfalia.de\/index.php\/wp-json\/wp\/v2\/tags?post=1442"}],"curies":[{"name":"wp","href":"https:\/\/api.w.org\/{rel}","templated":true}]}}