{"id":12323,"date":"2023-06-30T12:36:13","date_gmt":"2023-06-30T10:36:13","guid":{"rendered":"https:\/\/komma.ostfalia.de\/?p=12323"},"modified":"2023-06-30T12:47:38","modified_gmt":"2023-06-30T10:47:38","slug":"arbeitsalltag-als-wissenschaftlicher-mitarbeiter-und-doktorand","status":"publish","type":"post","link":"https:\/\/komma.ostfalia.de\/index.php\/arbeitsalltag-als-wissenschaftlicher-mitarbeiter-und-doktorand\/","title":{"rendered":"Arbeitsalltag als Wissenschaftlicher Mitarbeiter und Doktorand"},"content":{"rendered":"\t\t<div data-elementor-type=\"wp-post\" data-elementor-id=\"12323\" class=\"elementor elementor-12323\">\n\t\t\t\t<div class=\"elementor-element elementor-element-2a46748 e-flex e-con-boxed e-con e-parent\" data-id=\"2a46748\" data-element_type=\"container\" data-core-v316-plus=\"true\">\n\t\t\t\t\t<div class=\"e-con-inner\">\n\t\t\t\t<div class=\"elementor-element elementor-element-1a87635 elementor-widget elementor-widget-heading\" data-id=\"1a87635\" data-element_type=\"widget\" data-widget_type=\"heading.default\">\n\t\t\t\t<div class=\"elementor-widget-container\">\n\t\t\t<h3 class=\"elementor-heading-title elementor-size-default\">KomMa-Doktorand und KM-Absolvent Per Ole Uphaus im Interview mit dem Ostfalia Career Service<\/h3>\t\t<\/div>\n\t\t\t\t<\/div>\n\t\t\t\t\t<\/div>\n\t\t\t\t<\/div>\n\t\t<div class=\"elementor-element elementor-element-495d4ff e-flex e-con-boxed e-con e-parent\" data-id=\"495d4ff\" data-element_type=\"container\" data-core-v316-plus=\"true\">\n\t\t\t\t\t<div class=\"e-con-inner\">\n\t\t\t\t<div class=\"elementor-element elementor-element-dced21c elementor-widget elementor-widget-text-editor\" data-id=\"dced21c\" data-element_type=\"widget\" data-widget_type=\"text-editor.default\">\n\t\t\t\t<div class=\"elementor-widget-container\">\n\t\t\t\t\t\t\t<p data-pm-slice=\"1 1 []\">Bereits seit 2018 ist <a href=\"https:\/\/komma.ostfalia.de\/index.php\/per-ole-uphaus\/\">Per Ole<\/a> nun schon Teil des KomMa-Teams als Wissenschaftlicher Mitarbeiter. Dabei war dieses Berufsfeld nicht immer geplant: \u201eDen Spa\u00df am wissenschaftlichen Arbeiten habe ich beim Schreiben meiner Bachelorarbeit gefunden. Geplant war das damals noch nicht, aber mit der M\u00f6glichkeit, zu der Thematik mein erstes Paper f\u00fcr eine Fachtagung zu verfassen und vor einem internationalen Publikum zu pr\u00e4sentieren, wusste ich sofort, dass ich in diesem Arbeitsumfeld mit seinen vielseitigen M\u00f6glichkeiten bleiben m\u00f6chte.\u201c<\/p><p>Nach dem Bachelorstudium Medienmanagement bot sich so f\u00fcr ihn nicht nur die M\u00f6glichkeit, dort weiterzuarbeiten, wo er zuvor studierte \u2013 auch lie\u00df sich die wissenschaftliche Mitarbeit perfekt mit dem anschlie\u00dfenden Masterstudium Kommunikationsmanagement an der Ostfalia kombinieren. Seit 2021 promoviert Per Ole nun am\u201a <a href=\"https:\/\/www.postdigitalparticipation.org\/projekte\/default-fa87ba3794\">Leibniz\u00a0 WissenschaftsCampus Postdigitale Partizipation<\/a>\u2018.<\/p><p>Hieraus ergeben sich f\u00fcr Per Ole verschiedenste Aufgaben: Forschung, Verfassen von Publikationen, internationale Konferenzbesuche, Betreuung von Abschlussarbeiten, Lehre und vieles mehr \u2013 Einblicke in diese T\u00e4tigkeiten und wie ihn die Studienzeit darauf vorbereitet hat, gibt es im neuen Interview mit dem Ostfalia CareerService. Das Interview gibt es hier in voller L\u00e4nge: <a href=\"https:\/\/youtu.be\/cLPPRXgpXF4\">https:\/\/youtu.be\/cLPPRXgpXF4<\/a><\/p>\t\t\t\t\t\t<\/div>\n\t\t\t\t<\/div>\n\t\t\t\t\t<\/div>\n\t\t\t\t<\/div>\n\t\t\t\t<\/div>\n\t\t","protected":false},"excerpt":{"rendered":"<p>KomMa-Doktorand und KM-Absolvent Per Ole Uphaus im Interview mit dem Ostfalia Career Service Bereits seit 2018 ist Per Ole nun schon Teil des KomMa-Teams als Wissenschaftlicher Mitarbeiter. Dabei war dieses Berufsfeld nicht immer geplant: \u201eDen Spa\u00df am wissenschaftlichen Arbeiten habe ich beim Schreiben meiner Bachelorarbeit gefunden. Geplant war das damals noch nicht, aber mit der [&hellip;]<\/p>\n","protected":false},"author":30,"featured_media":12324,"comment_status":"open","ping_status":"open","sticky":false,"template":"","format":"standard","meta":{"_acf_changed":false,"footnotes":""},"categories":[1],"tags":[],"acf":[],"yoast_head":"<title>Arbeitsalltag als Wissenschaftlicher Mitarbeiter und Doktorand - KomMa<\/title>\n<meta name=\"robots\" content=\"index, follow, max-snippet:-1, max-image-preview:large, max-video-preview:-1\" \/>\n<link rel=\"canonical\" href=\"https:\/\/komma.ostfalia.de\/index.php\/arbeitsalltag-als-wissenschaftlicher-mitarbeiter-und-doktorand\/\" \/>\n<meta property=\"og:locale\" content=\"de_DE\" \/>\n<meta property=\"og:type\" content=\"article\" \/>\n<meta property=\"og:title\" content=\"Arbeitsalltag als Wissenschaftlicher Mitarbeiter und Doktorand - KomMa\" \/>\n<meta property=\"og:description\" content=\"KomMa-Doktorand und KM-Absolvent Per Ole Uphaus im Interview mit dem Ostfalia Career Service Bereits seit 2018 ist Per Ole nun schon Teil des KomMa-Teams als Wissenschaftlicher Mitarbeiter. Dabei war dieses Berufsfeld nicht immer geplant: \u201eDen Spa\u00df am wissenschaftlichen Arbeiten habe ich beim Schreiben meiner Bachelorarbeit gefunden. Geplant war das damals noch nicht, aber mit der [&hellip;]\" \/>\n<meta property=\"og:url\" content=\"https:\/\/komma.ostfalia.de\/index.php\/arbeitsalltag-als-wissenschaftlicher-mitarbeiter-und-doktorand\/\" \/>\n<meta property=\"og:site_name\" content=\"KomMa\" \/>\n<meta property=\"article:published_time\" content=\"2023-06-30T10:36:13+00:00\" \/>\n<meta property=\"article:modified_time\" content=\"2023-06-30T10:47:38+00:00\" \/>\n<meta property=\"og:image\" content=\"https:\/\/komma.ostfalia.de\/wp-content\/uploads\/2023\/06\/Unbenannt5.jpg\" \/>\n\t<meta property=\"og:image:width\" content=\"1920\" \/>\n\t<meta property=\"og:image:height\" content=\"1082\" \/>\n\t<meta property=\"og:image:type\" content=\"image\/jpeg\" \/>\n<meta name=\"author\" content=\"Niklas Wils\" \/>\n<meta name=\"twitter:card\" content=\"summary_large_image\" \/>\n<meta name=\"twitter:creator\" content=\"@komma_ostfalia\" \/>\n<meta name=\"twitter:site\" content=\"@komma_ostfalia\" \/>\n<meta name=\"twitter:label1\" content=\"Verfasst von\" \/>\n\t<meta name=\"twitter:data1\" content=\"Niklas Wils\" \/>\n\t<meta name=\"twitter:label2\" content=\"Gesch\u00e4tzte Lesezeit\" \/>\n\t<meta name=\"twitter:data2\" content=\"1\u00a0Minute\" \/>\n<script type=\"application\/ld+json\" class=\"yoast-schema-graph\">{\"@context\":\"https:\/\/schema.org\",\"@graph\":[{\"@type\":\"Article\",\"@id\":\"https:\/\/komma.ostfalia.de\/index.php\/arbeitsalltag-als-wissenschaftlicher-mitarbeiter-und-doktorand\/#article\",\"isPartOf\":{\"@id\":\"https:\/\/komma.ostfalia.de\/index.php\/arbeitsalltag-als-wissenschaftlicher-mitarbeiter-und-doktorand\/\"},\"author\":{\"name\":\"Niklas Wils\",\"@id\":\"https:\/\/komma.ostfalia.de\/#\/schema\/person\/2c0769382a6abb3eb8dc4fd5909f70cc\"},\"headline\":\"Arbeitsalltag als Wissenschaftlicher Mitarbeiter und Doktorand\",\"datePublished\":\"2023-06-30T10:36:13+00:00\",\"dateModified\":\"2023-06-30T10:47:38+00:00\",\"mainEntityOfPage\":{\"@id\":\"https:\/\/komma.ostfalia.de\/index.php\/arbeitsalltag-als-wissenschaftlicher-mitarbeiter-und-doktorand\/\"},\"wordCount\":203,\"commentCount\":0,\"publisher\":{\"@id\":\"https:\/\/komma.ostfalia.de\/#organization\"},\"image\":{\"@id\":\"https:\/\/komma.ostfalia.de\/index.php\/arbeitsalltag-als-wissenschaftlicher-mitarbeiter-und-doktorand\/#primaryimage\"},\"thumbnailUrl\":\"https:\/\/komma.ostfalia.de\/wp-content\/uploads\/2023\/06\/Unbenannt5.jpg\",\"inLanguage\":\"de\",\"potentialAction\":[{\"@type\":\"CommentAction\",\"name\":\"Comment\",\"target\":[\"https:\/\/komma.ostfalia.de\/index.php\/arbeitsalltag-als-wissenschaftlicher-mitarbeiter-und-doktorand\/#respond\"]}]},{\"@type\":\"WebPage\",\"@id\":\"https:\/\/komma.ostfalia.de\/index.php\/arbeitsalltag-als-wissenschaftlicher-mitarbeiter-und-doktorand\/\",\"url\":\"https:\/\/komma.ostfalia.de\/index.php\/arbeitsalltag-als-wissenschaftlicher-mitarbeiter-und-doktorand\/\",\"name\":\"Arbeitsalltag als Wissenschaftlicher Mitarbeiter und Doktorand - KomMa\",\"isPartOf\":{\"@id\":\"https:\/\/komma.ostfalia.de\/#website\"},\"primaryImageOfPage\":{\"@id\":\"https:\/\/komma.ostfalia.de\/index.php\/arbeitsalltag-als-wissenschaftlicher-mitarbeiter-und-doktorand\/#primaryimage\"},\"image\":{\"@id\":\"https:\/\/komma.ostfalia.de\/index.php\/arbeitsalltag-als-wissenschaftlicher-mitarbeiter-und-doktorand\/#primaryimage\"},\"thumbnailUrl\":\"https:\/\/komma.ostfalia.de\/wp-content\/uploads\/2023\/06\/Unbenannt5.jpg\",\"datePublished\":\"2023-06-30T10:36:13+00:00\",\"dateModified\":\"2023-06-30T10:47:38+00:00\",\"breadcrumb\":{\"@id\":\"https:\/\/komma.ostfalia.de\/index.php\/arbeitsalltag-als-wissenschaftlicher-mitarbeiter-und-doktorand\/#breadcrumb\"},\"inLanguage\":\"de\",\"potentialAction\":[{\"@type\":\"ReadAction\",\"target\":[\"https:\/\/komma.ostfalia.de\/index.php\/arbeitsalltag-als-wissenschaftlicher-mitarbeiter-und-doktorand\/\"]}]},{\"@type\":\"ImageObject\",\"inLanguage\":\"de\",\"@id\":\"https:\/\/komma.ostfalia.de\/index.php\/arbeitsalltag-als-wissenschaftlicher-mitarbeiter-und-doktorand\/#primaryimage\",\"url\":\"https:\/\/komma.ostfalia.de\/wp-content\/uploads\/2023\/06\/Unbenannt5.jpg\",\"contentUrl\":\"https:\/\/komma.ostfalia.de\/wp-content\/uploads\/2023\/06\/Unbenannt5.jpg\",\"width\":1920,\"height\":1082},{\"@type\":\"BreadcrumbList\",\"@id\":\"https:\/\/komma.ostfalia.de\/index.php\/arbeitsalltag-als-wissenschaftlicher-mitarbeiter-und-doktorand\/#breadcrumb\",\"itemListElement\":[{\"@type\":\"ListItem\",\"position\":1,\"name\":\"Startseite\",\"item\":\"https:\/\/komma.ostfalia.de\/\"},{\"@type\":\"ListItem\",\"position\":2,\"name\":\"Allgemein\",\"item\":\"https:\/\/komma.ostfalia.de\/index.php\/kategorie\/allgemein\/\"},{\"@type\":\"ListItem\",\"position\":3,\"name\":\"Arbeitsalltag als Wissenschaftlicher Mitarbeiter und Doktorand\"}]},{\"@type\":\"WebSite\",\"@id\":\"https:\/\/komma.ostfalia.de\/#website\",\"url\":\"https:\/\/komma.ostfalia.de\/\",\"name\":\"KomMa\",\"description\":\"Professur f\u00fcr Kommunikationsmanagement\",\"publisher\":{\"@id\":\"https:\/\/komma.ostfalia.de\/#organization\"},\"potentialAction\":[{\"@type\":\"SearchAction\",\"target\":{\"@type\":\"EntryPoint\",\"urlTemplate\":\"https:\/\/komma.ostfalia.de\/?s={search_term_string}\"},\"query-input\":\"required name=search_term_string\"}],\"inLanguage\":\"de\"},{\"@type\":\"Organization\",\"@id\":\"https:\/\/komma.ostfalia.de\/#organization\",\"name\":\"KomMa - Professur f\u00fcr Kommunikationsmanagement\",\"url\":\"https:\/\/komma.ostfalia.de\/\",\"logo\":{\"@type\":\"ImageObject\",\"inLanguage\":\"de\",\"@id\":\"https:\/\/komma.ostfalia.de\/#\/schema\/logo\/image\/\",\"url\":\"https:\/\/komma.ostfalia.de\/wp-content\/uploads\/2020\/05\/komma-signet.png\",\"contentUrl\":\"https:\/\/komma.ostfalia.de\/wp-content\/uploads\/2020\/05\/komma-signet.png\",\"width\":512,\"height\":512,\"caption\":\"KomMa - Professur f\u00fcr Kommunikationsmanagement\"},\"image\":{\"@id\":\"https:\/\/komma.ostfalia.de\/#\/schema\/logo\/image\/\"},\"sameAs\":[\"https:\/\/twitter.com\/komma_ostfalia\"]},{\"@type\":\"Person\",\"@id\":\"https:\/\/komma.ostfalia.de\/#\/schema\/person\/2c0769382a6abb3eb8dc4fd5909f70cc\",\"name\":\"Niklas Wils\",\"image\":{\"@type\":\"ImageObject\",\"inLanguage\":\"de\",\"@id\":\"https:\/\/komma.ostfalia.de\/#\/schema\/person\/image\/\",\"url\":\"https:\/\/secure.gravatar.com\/avatar\/d732e66c1e5fabb7e2628b1d44cd70d7?s=96&d=mm&r=g\",\"contentUrl\":\"https:\/\/secure.gravatar.com\/avatar\/d732e66c1e5fabb7e2628b1d44cd70d7?s=96&d=mm&r=g\",\"caption\":\"Niklas Wils\"}}]}<\/script>","yoast_head_json":{"title":"Arbeitsalltag als Wissenschaftlicher Mitarbeiter und Doktorand - KomMa","robots":{"index":"index","follow":"follow","max-snippet":"max-snippet:-1","max-image-preview":"max-image-preview:large","max-video-preview":"max-video-preview:-1"},"canonical":"https:\/\/komma.ostfalia.de\/index.php\/arbeitsalltag-als-wissenschaftlicher-mitarbeiter-und-doktorand\/","og_locale":"de_DE","og_type":"article","og_title":"Arbeitsalltag als Wissenschaftlicher Mitarbeiter und Doktorand - KomMa","og_description":"KomMa-Doktorand und KM-Absolvent Per Ole Uphaus im Interview mit dem Ostfalia Career Service Bereits seit 2018 ist Per Ole nun schon Teil des KomMa-Teams als Wissenschaftlicher Mitarbeiter. Dabei war dieses Berufsfeld nicht immer geplant: \u201eDen Spa\u00df am wissenschaftlichen Arbeiten habe ich beim Schreiben meiner Bachelorarbeit gefunden. Geplant war das damals noch nicht, aber mit der [&hellip;]","og_url":"https:\/\/komma.ostfalia.de\/index.php\/arbeitsalltag-als-wissenschaftlicher-mitarbeiter-und-doktorand\/","og_site_name":"KomMa","article_published_time":"2023-06-30T10:36:13+00:00","article_modified_time":"2023-06-30T10:47:38+00:00","og_image":[{"width":1920,"height":1082,"url":"https:\/\/komma.ostfalia.de\/wp-content\/uploads\/2023\/06\/Unbenannt5.jpg","type":"image\/jpeg"}],"author":"Niklas Wils","twitter_card":"summary_large_image","twitter_creator":"@komma_ostfalia","twitter_site":"@komma_ostfalia","twitter_misc":{"Verfasst von":"Niklas Wils","Gesch\u00e4tzte Lesezeit":"1\u00a0Minute"},"schema":{"@context":"https:\/\/schema.org","@graph":[{"@type":"Article","@id":"https:\/\/komma.ostfalia.de\/index.php\/arbeitsalltag-als-wissenschaftlicher-mitarbeiter-und-doktorand\/#article","isPartOf":{"@id":"https:\/\/komma.ostfalia.de\/index.php\/arbeitsalltag-als-wissenschaftlicher-mitarbeiter-und-doktorand\/"},"author":{"name":"Niklas Wils","@id":"https:\/\/komma.ostfalia.de\/#\/schema\/person\/2c0769382a6abb3eb8dc4fd5909f70cc"},"headline":"Arbeitsalltag als Wissenschaftlicher Mitarbeiter und Doktorand","datePublished":"2023-06-30T10:36:13+00:00","dateModified":"2023-06-30T10:47:38+00:00","mainEntityOfPage":{"@id":"https:\/\/komma.ostfalia.de\/index.php\/arbeitsalltag-als-wissenschaftlicher-mitarbeiter-und-doktorand\/"},"wordCount":203,"commentCount":0,"publisher":{"@id":"https:\/\/komma.ostfalia.de\/#organization"},"image":{"@id":"https:\/\/komma.ostfalia.de\/index.php\/arbeitsalltag-als-wissenschaftlicher-mitarbeiter-und-doktorand\/#primaryimage"},"thumbnailUrl":"https:\/\/komma.ostfalia.de\/wp-content\/uploads\/2023\/06\/Unbenannt5.jpg","inLanguage":"de","potentialAction":[{"@type":"CommentAction","name":"Comment","target":["https:\/\/komma.ostfalia.de\/index.php\/arbeitsalltag-als-wissenschaftlicher-mitarbeiter-und-doktorand\/#respond"]}]},{"@type":"WebPage","@id":"https:\/\/komma.ostfalia.de\/index.php\/arbeitsalltag-als-wissenschaftlicher-mitarbeiter-und-doktorand\/","url":"https:\/\/komma.ostfalia.de\/index.php\/arbeitsalltag-als-wissenschaftlicher-mitarbeiter-und-doktorand\/","name":"Arbeitsalltag als Wissenschaftlicher Mitarbeiter und Doktorand - KomMa","isPartOf":{"@id":"https:\/\/komma.ostfalia.de\/#website"},"primaryImageOfPage":{"@id":"https:\/\/komma.ostfalia.de\/index.php\/arbeitsalltag-als-wissenschaftlicher-mitarbeiter-und-doktorand\/#primaryimage"},"image":{"@id":"https:\/\/komma.ostfalia.de\/index.php\/arbeitsalltag-als-wissenschaftlicher-mitarbeiter-und-doktorand\/#primaryimage"},"thumbnailUrl":"https:\/\/komma.ostfalia.de\/wp-content\/uploads\/2023\/06\/Unbenannt5.jpg","datePublished":"2023-06-30T10:36:13+00:00","dateModified":"2023-06-30T10:47:38+00:00","breadcrumb":{"@id":"https:\/\/komma.ostfalia.de\/index.php\/arbeitsalltag-als-wissenschaftlicher-mitarbeiter-und-doktorand\/#breadcrumb"},"inLanguage":"de","potentialAction":[{"@type":"ReadAction","target":["https:\/\/komma.ostfalia.de\/index.php\/arbeitsalltag-als-wissenschaftlicher-mitarbeiter-und-doktorand\/"]}]},{"@type":"ImageObject","inLanguage":"de","@id":"https:\/\/komma.ostfalia.de\/index.php\/arbeitsalltag-als-wissenschaftlicher-mitarbeiter-und-doktorand\/#primaryimage","url":"https:\/\/komma.ostfalia.de\/wp-content\/uploads\/2023\/06\/Unbenannt5.jpg","contentUrl":"https:\/\/komma.ostfalia.de\/wp-content\/uploads\/2023\/06\/Unbenannt5.jpg","width":1920,"height":1082},{"@type":"BreadcrumbList","@id":"https:\/\/komma.ostfalia.de\/index.php\/arbeitsalltag-als-wissenschaftlicher-mitarbeiter-und-doktorand\/#breadcrumb","itemListElement":[{"@type":"ListItem","position":1,"name":"Startseite","item":"https:\/\/komma.ostfalia.de\/"},{"@type":"ListItem","position":2,"name":"Allgemein","item":"https:\/\/komma.ostfalia.de\/index.php\/kategorie\/allgemein\/"},{"@type":"ListItem","position":3,"name":"Arbeitsalltag als Wissenschaftlicher Mitarbeiter und Doktorand"}]},{"@type":"WebSite","@id":"https:\/\/komma.ostfalia.de\/#website","url":"https:\/\/komma.ostfalia.de\/","name":"KomMa","description":"Professur f\u00fcr Kommunikationsmanagement","publisher":{"@id":"https:\/\/komma.ostfalia.de\/#organization"},"potentialAction":[{"@type":"SearchAction","target":{"@type":"EntryPoint","urlTemplate":"https:\/\/komma.ostfalia.de\/?s={search_term_string}"},"query-input":"required name=search_term_string"}],"inLanguage":"de"},{"@type":"Organization","@id":"https:\/\/komma.ostfalia.de\/#organization","name":"KomMa - Professur f\u00fcr Kommunikationsmanagement","url":"https:\/\/komma.ostfalia.de\/","logo":{"@type":"ImageObject","inLanguage":"de","@id":"https:\/\/komma.ostfalia.de\/#\/schema\/logo\/image\/","url":"https:\/\/komma.ostfalia.de\/wp-content\/uploads\/2020\/05\/komma-signet.png","contentUrl":"https:\/\/komma.ostfalia.de\/wp-content\/uploads\/2020\/05\/komma-signet.png","width":512,"height":512,"caption":"KomMa - Professur f\u00fcr Kommunikationsmanagement"},"image":{"@id":"https:\/\/komma.ostfalia.de\/#\/schema\/logo\/image\/"},"sameAs":["https:\/\/twitter.com\/komma_ostfalia"]},{"@type":"Person","@id":"https:\/\/komma.ostfalia.de\/#\/schema\/person\/2c0769382a6abb3eb8dc4fd5909f70cc","name":"Niklas Wils","image":{"@type":"ImageObject","inLanguage":"de","@id":"https:\/\/komma.ostfalia.de\/#\/schema\/person\/image\/","url":"https:\/\/secure.gravatar.com\/avatar\/d732e66c1e5fabb7e2628b1d44cd70d7?s=96&d=mm&r=g","contentUrl":"https:\/\/secure.gravatar.com\/avatar\/d732e66c1e5fabb7e2628b1d44cd70d7?s=96&d=mm&r=g","caption":"Niklas Wils"}}]}},"_links":{"self":[{"href":"https:\/\/komma.ostfalia.de\/index.php\/wp-json\/wp\/v2\/posts\/12323"}],"collection":[{"href":"https:\/\/komma.ostfalia.de\/index.php\/wp-json\/wp\/v2\/posts"}],"about":[{"href":"https:\/\/komma.ostfalia.de\/index.php\/wp-json\/wp\/v2\/types\/post"}],"author":[{"embeddable":true,"href":"https:\/\/komma.ostfalia.de\/index.php\/wp-json\/wp\/v2\/users\/30"}],"replies":[{"embeddable":true,"href":"https:\/\/komma.ostfalia.de\/index.php\/wp-json\/wp\/v2\/comments?post=12323"}],"version-history":[{"count":8,"href":"https:\/\/komma.ostfalia.de\/index.php\/wp-json\/wp\/v2\/posts\/12323\/revisions"}],"predecessor-version":[{"id":12332,"href":"https:\/\/komma.ostfalia.de\/index.php\/wp-json\/wp\/v2\/posts\/12323\/revisions\/12332"}],"wp:featuredmedia":[{"embeddable":true,"href":"https:\/\/komma.ostfalia.de\/index.php\/wp-json\/wp\/v2\/media\/12324"}],"wp:attachment":[{"href":"https:\/\/komma.ostfalia.de\/index.php\/wp-json\/wp\/v2\/media?parent=12323"}],"wp:term":[{"taxonomy":"category","embeddable":true,"href":"https:\/\/komma.ostfalia.de\/index.php\/wp-json\/wp\/v2\/categories?post=12323"},{"taxonomy":"post_tag","embeddable":true,"href":"https:\/\/komma.ostfalia.de\/index.php\/wp-json\/wp\/v2\/tags?post=12323"}],"curies":[{"name":"wp","href":"https:\/\/api.w.org\/{rel}","templated":true}]}}