{"id":12257,"date":"2023-06-06T10:59:48","date_gmt":"2023-06-06T08:59:48","guid":{"rendered":"https:\/\/komma.ostfalia.de\/?p=12257"},"modified":"2023-06-06T13:07:08","modified_gmt":"2023-06-06T11:07:08","slug":"machen-wir-heute-podcasts","status":"publish","type":"post","link":"https:\/\/komma.ostfalia.de\/index.php\/machen-wir-heute-podcasts\/","title":{"rendered":"\u201eMachen wir heute Podcasts?!\u201c"},"content":{"rendered":"\t\t<div data-elementor-type=\"wp-post\" data-elementor-id=\"12257\" class=\"elementor elementor-12257\">\n\t\t\t\t<div class=\"elementor-element elementor-element-483ba4b e-flex e-con-boxed e-con e-parent\" data-id=\"483ba4b\" data-element_type=\"container\" data-core-v316-plus=\"true\">\n\t\t\t\t\t<div class=\"e-con-inner\">\n\t\t\t\t<div class=\"elementor-element elementor-element-9c3167e elementor-widget elementor-widget-text-editor\" data-id=\"9c3167e\" data-element_type=\"widget\" data-widget_type=\"text-editor.default\">\n\t\t\t\t<div class=\"elementor-widget-container\">\n\t\t\t\t\t\t\t<p data-pm-slice=\"1 1 []\"><em><strong>Unterrichtseinheiten zum Thema \u201eMythos oder Wahrheit\u201c werden von Sch\u00fclerinnen und Sch\u00fclern der Dr. Klaus-Schmidt-Hauptschule \u00e4u\u00dferst positiv angenommen<\/strong><\/em><\/p>\n<p data-pm-slice=\"1 1 []\">\n<\/p><p data-pm-slice=\"1 1 []\">Seit einem Monat sind wir mit unserem Projekt \u201eMythos oder Wahrheit in der Sieben\u201c jeden Donnerstag an der Dr. Klaus-Schmidt-Hauptschule zu Gast. Gemeinsam mit der dreiz\u00fcgigen Klassenstufe 7 besch\u00e4ftigen wir uns im ersten Schritt mit Erz\u00e4hlungen und Mythen und deren narrativen Elementen. Die Sch\u00fclerinnen und Sch\u00fcler haben bisher nicht nur Einblicke in Anf\u00e4nge der griechischen Mythologie erhalten, sie konnten sich auch in eigene Fantasieerz\u00e4hlungen hineindenken und ihnen selbst (zumeist seit der Kindheit) bekannte Mythen des eigenen Kulturkreises in einem Podcastformat nacherz\u00e4hlen \u2013 und das hat den Medientechnik-Interessierten gro\u00dfe Freude bereitet.<\/p>\n<p>Dieser niedrigschwellige Einstieg soll die Sch\u00fclerinnen und Sch\u00fcler aus Salzgitter im n\u00e4chsten Schritt dazu bef\u00e4higen, die typischen Muster von Verschw\u00f6rungsmythen und ihren Kernerz\u00e4hlungen zu erkennen.<\/p>\n<p>Ein herzliches Dankesch\u00f6n geht an die Schulleiterin, Nadja Koszudowski, und die Klassenleitungen der Siebten Klassen, die unser Projekt nicht nur voll unterst\u00fctzen, sondern auch positiv bereichern.<\/p>\t\t\t\t\t\t<\/div>\n\t\t\t\t<\/div>\n\t\t\t\t\t<\/div>\n\t\t\t\t<\/div>\n\t\t<div class=\"elementor-element elementor-element-3422bda e-flex e-con-boxed e-con e-parent\" data-id=\"3422bda\" data-element_type=\"container\" data-core-v316-plus=\"true\">\n\t\t\t\t\t<div class=\"e-con-inner\">\n\t\t\t\t<div class=\"elementor-element elementor-element-fb2c875 elementor-arrows-position-inside elementor-pagination-position-outside elementor-widget elementor-widget-image-carousel\" data-id=\"fb2c875\" data-element_type=\"widget\" data-settings=\"{&quot;navigation&quot;:&quot;both&quot;,&quot;autoplay&quot;:&quot;yes&quot;,&quot;pause_on_hover&quot;:&quot;yes&quot;,&quot;pause_on_interaction&quot;:&quot;yes&quot;,&quot;autoplay_speed&quot;:5000,&quot;infinite&quot;:&quot;yes&quot;,&quot;speed&quot;:500}\" data-widget_type=\"image-carousel.default\">\n\t\t\t\t<div class=\"elementor-widget-container\">\n\t\t\t\t\t<div class=\"elementor-image-carousel-wrapper swiper\" dir=\"ltr\">\n\t\t\t<div class=\"elementor-image-carousel swiper-wrapper\" aria-live=\"off\">\n\t\t\t\t\t\t\t\t<div class=\"swiper-slide\" role=\"group\" aria-roledescription=\"slide\" aria-label=\"1 von 3\"><figure class=\"swiper-slide-inner\"><img decoding=\"async\" class=\"swiper-slide-image\" src=\"https:\/\/komma.ostfalia.de\/wp-content\/uploads\/2023\/06\/WhatsApp_Image_2023-06-03_at_20.46.30.jpeg-169x300.jpg\" alt=\"WhatsApp_Image_2023-06-03_at_20.46.30.jpeg\" \/><\/figure><\/div><div class=\"swiper-slide\" role=\"group\" aria-roledescription=\"slide\" aria-label=\"2 von 3\"><figure class=\"swiper-slide-inner\"><img decoding=\"async\" class=\"swiper-slide-image\" src=\"https:\/\/komma.ostfalia.de\/wp-content\/uploads\/2023\/06\/WhatsApp_Image_2023-06-03_at_20.46.38-225x300.jpeg\" alt=\"WhatsApp_Image_2023-06-03_at_20.46.38\" \/><\/figure><\/div><div class=\"swiper-slide\" role=\"group\" aria-roledescription=\"slide\" aria-label=\"3 von 3\"><figure class=\"swiper-slide-inner\"><img decoding=\"async\" class=\"swiper-slide-image\" src=\"https:\/\/komma.ostfalia.de\/wp-content\/uploads\/2023\/06\/WhatsApp_Image_2023-06-03_at_20.46.38_1-225x300.jpeg\" alt=\"WhatsApp_Image_2023-06-03_at_20.46.38_(1)\" \/><\/figure><\/div>\t\t\t<\/div>\n\t\t\t\t\t\t\t\t\t\t\t\t<div class=\"elementor-swiper-button elementor-swiper-button-prev\" role=\"button\" tabindex=\"0\">\n\t\t\t\t\t\t<i aria-hidden=\"true\" class=\"eicon-chevron-left\"><\/i>\t\t\t\t\t<\/div>\n\t\t\t\t\t<div class=\"elementor-swiper-button elementor-swiper-button-next\" role=\"button\" tabindex=\"0\">\n\t\t\t\t\t\t<i aria-hidden=\"true\" class=\"eicon-chevron-right\"><\/i>\t\t\t\t\t<\/div>\n\t\t\t\t\n\t\t\t\t\t\t\t\t\t<div class=\"swiper-pagination\"><\/div>\n\t\t\t\t\t\t\t\t\t<\/div>\n\t\t\t\t<\/div>\n\t\t\t\t<\/div>\n\t\t\t\t\t<\/div>\n\t\t\t\t<\/div>\n\t\t\t\t<\/div>\n\t\t","protected":false},"excerpt":{"rendered":"<p>Unterrichtseinheiten zum Thema \u201eMythos oder Wahrheit\u201c werden von Sch\u00fclerinnen und Sch\u00fclern der Dr. Klaus-Schmidt-Hauptschule \u00e4u\u00dferst positiv angenommen Seit einem Monat sind wir mit unserem Projekt \u201eMythos oder Wahrheit in der Sieben\u201c jeden Donnerstag an der Dr. Klaus-Schmidt-Hauptschule zu Gast. Gemeinsam mit der dreiz\u00fcgigen Klassenstufe 7 besch\u00e4ftigen wir uns im ersten Schritt mit Erz\u00e4hlungen und Mythen [&hellip;]<\/p>\n","protected":false},"author":30,"featured_media":12269,"comment_status":"open","ping_status":"open","sticky":false,"template":"","format":"standard","meta":{"_acf_changed":false,"footnotes":""},"categories":[1],"tags":[],"acf":[],"yoast_head":"<title>\u201eMachen wir heute Podcasts?!\u201c - KomMa<\/title>\n<meta name=\"robots\" content=\"index, follow, max-snippet:-1, max-image-preview:large, max-video-preview:-1\" \/>\n<link rel=\"canonical\" href=\"https:\/\/komma.ostfalia.de\/index.php\/machen-wir-heute-podcasts\/\" \/>\n<meta property=\"og:locale\" content=\"de_DE\" \/>\n<meta property=\"og:type\" content=\"article\" \/>\n<meta property=\"og:title\" content=\"\u201eMachen wir heute Podcasts?!\u201c - KomMa\" \/>\n<meta property=\"og:description\" content=\"Unterrichtseinheiten zum Thema \u201eMythos oder Wahrheit\u201c werden von Sch\u00fclerinnen und Sch\u00fclern der Dr. Klaus-Schmidt-Hauptschule \u00e4u\u00dferst positiv angenommen Seit einem Monat sind wir mit unserem Projekt \u201eMythos oder Wahrheit in der Sieben\u201c jeden Donnerstag an der Dr. Klaus-Schmidt-Hauptschule zu Gast. Gemeinsam mit der dreiz\u00fcgigen Klassenstufe 7 besch\u00e4ftigen wir uns im ersten Schritt mit Erz\u00e4hlungen und Mythen [&hellip;]\" \/>\n<meta property=\"og:url\" content=\"https:\/\/komma.ostfalia.de\/index.php\/machen-wir-heute-podcasts\/\" \/>\n<meta property=\"og:site_name\" content=\"KomMa\" \/>\n<meta property=\"article:published_time\" content=\"2023-06-06T08:59:48+00:00\" \/>\n<meta property=\"article:modified_time\" content=\"2023-06-06T11:07:08+00:00\" \/>\n<meta property=\"og:image\" content=\"https:\/\/komma.ostfalia.de\/wp-content\/uploads\/2023\/06\/Titelbild_Beitrag_2_uberarbeitet.jpg\" \/>\n\t<meta property=\"og:image:width\" content=\"1111\" \/>\n\t<meta property=\"og:image:height\" content=\"625\" \/>\n\t<meta property=\"og:image:type\" content=\"image\/jpeg\" \/>\n<meta name=\"author\" content=\"Niklas Wils\" \/>\n<meta name=\"twitter:card\" content=\"summary_large_image\" \/>\n<meta name=\"twitter:creator\" content=\"@komma_ostfalia\" \/>\n<meta name=\"twitter:site\" content=\"@komma_ostfalia\" \/>\n<meta name=\"twitter:label1\" content=\"Verfasst von\" \/>\n\t<meta name=\"twitter:data1\" content=\"Niklas Wils\" \/>\n\t<meta name=\"twitter:label2\" content=\"Gesch\u00e4tzte Lesezeit\" \/>\n\t<meta name=\"twitter:data2\" content=\"1\u00a0Minute\" \/>\n<script type=\"application\/ld+json\" class=\"yoast-schema-graph\">{\"@context\":\"https:\/\/schema.org\",\"@graph\":[{\"@type\":\"Article\",\"@id\":\"https:\/\/komma.ostfalia.de\/index.php\/machen-wir-heute-podcasts\/#article\",\"isPartOf\":{\"@id\":\"https:\/\/komma.ostfalia.de\/index.php\/machen-wir-heute-podcasts\/\"},\"author\":{\"name\":\"Niklas Wils\",\"@id\":\"https:\/\/komma.ostfalia.de\/#\/schema\/person\/2c0769382a6abb3eb8dc4fd5909f70cc\"},\"headline\":\"\u201eMachen wir heute Podcasts?!\u201c\",\"datePublished\":\"2023-06-06T08:59:48+00:00\",\"dateModified\":\"2023-06-06T11:07:08+00:00\",\"mainEntityOfPage\":{\"@id\":\"https:\/\/komma.ostfalia.de\/index.php\/machen-wir-heute-podcasts\/\"},\"wordCount\":184,\"commentCount\":0,\"publisher\":{\"@id\":\"https:\/\/komma.ostfalia.de\/#organization\"},\"image\":{\"@id\":\"https:\/\/komma.ostfalia.de\/index.php\/machen-wir-heute-podcasts\/#primaryimage\"},\"thumbnailUrl\":\"https:\/\/komma.ostfalia.de\/wp-content\/uploads\/2023\/06\/Titelbild_Beitrag_2_uberarbeitet.jpg\",\"inLanguage\":\"de\",\"potentialAction\":[{\"@type\":\"CommentAction\",\"name\":\"Comment\",\"target\":[\"https:\/\/komma.ostfalia.de\/index.php\/machen-wir-heute-podcasts\/#respond\"]}]},{\"@type\":\"WebPage\",\"@id\":\"https:\/\/komma.ostfalia.de\/index.php\/machen-wir-heute-podcasts\/\",\"url\":\"https:\/\/komma.ostfalia.de\/index.php\/machen-wir-heute-podcasts\/\",\"name\":\"\u201eMachen wir heute Podcasts?!\u201c - KomMa\",\"isPartOf\":{\"@id\":\"https:\/\/komma.ostfalia.de\/#website\"},\"primaryImageOfPage\":{\"@id\":\"https:\/\/komma.ostfalia.de\/index.php\/machen-wir-heute-podcasts\/#primaryimage\"},\"image\":{\"@id\":\"https:\/\/komma.ostfalia.de\/index.php\/machen-wir-heute-podcasts\/#primaryimage\"},\"thumbnailUrl\":\"https:\/\/komma.ostfalia.de\/wp-content\/uploads\/2023\/06\/Titelbild_Beitrag_2_uberarbeitet.jpg\",\"datePublished\":\"2023-06-06T08:59:48+00:00\",\"dateModified\":\"2023-06-06T11:07:08+00:00\",\"breadcrumb\":{\"@id\":\"https:\/\/komma.ostfalia.de\/index.php\/machen-wir-heute-podcasts\/#breadcrumb\"},\"inLanguage\":\"de\",\"potentialAction\":[{\"@type\":\"ReadAction\",\"target\":[\"https:\/\/komma.ostfalia.de\/index.php\/machen-wir-heute-podcasts\/\"]}]},{\"@type\":\"ImageObject\",\"inLanguage\":\"de\",\"@id\":\"https:\/\/komma.ostfalia.de\/index.php\/machen-wir-heute-podcasts\/#primaryimage\",\"url\":\"https:\/\/komma.ostfalia.de\/wp-content\/uploads\/2023\/06\/Titelbild_Beitrag_2_uberarbeitet.jpg\",\"contentUrl\":\"https:\/\/komma.ostfalia.de\/wp-content\/uploads\/2023\/06\/Titelbild_Beitrag_2_uberarbeitet.jpg\",\"width\":1111,\"height\":625},{\"@type\":\"BreadcrumbList\",\"@id\":\"https:\/\/komma.ostfalia.de\/index.php\/machen-wir-heute-podcasts\/#breadcrumb\",\"itemListElement\":[{\"@type\":\"ListItem\",\"position\":1,\"name\":\"Startseite\",\"item\":\"https:\/\/komma.ostfalia.de\/\"},{\"@type\":\"ListItem\",\"position\":2,\"name\":\"Allgemein\",\"item\":\"https:\/\/komma.ostfalia.de\/index.php\/kategorie\/allgemein\/\"},{\"@type\":\"ListItem\",\"position\":3,\"name\":\"\u201eMachen wir heute Podcasts?!\u201c\"}]},{\"@type\":\"WebSite\",\"@id\":\"https:\/\/komma.ostfalia.de\/#website\",\"url\":\"https:\/\/komma.ostfalia.de\/\",\"name\":\"KomMa\",\"description\":\"Professur f\u00fcr Kommunikationsmanagement\",\"publisher\":{\"@id\":\"https:\/\/komma.ostfalia.de\/#organization\"},\"potentialAction\":[{\"@type\":\"SearchAction\",\"target\":{\"@type\":\"EntryPoint\",\"urlTemplate\":\"https:\/\/komma.ostfalia.de\/?s={search_term_string}\"},\"query-input\":\"required name=search_term_string\"}],\"inLanguage\":\"de\"},{\"@type\":\"Organization\",\"@id\":\"https:\/\/komma.ostfalia.de\/#organization\",\"name\":\"KomMa - Professur f\u00fcr Kommunikationsmanagement\",\"url\":\"https:\/\/komma.ostfalia.de\/\",\"logo\":{\"@type\":\"ImageObject\",\"inLanguage\":\"de\",\"@id\":\"https:\/\/komma.ostfalia.de\/#\/schema\/logo\/image\/\",\"url\":\"https:\/\/komma.ostfalia.de\/wp-content\/uploads\/2020\/05\/komma-signet.png\",\"contentUrl\":\"https:\/\/komma.ostfalia.de\/wp-content\/uploads\/2020\/05\/komma-signet.png\",\"width\":512,\"height\":512,\"caption\":\"KomMa - Professur f\u00fcr Kommunikationsmanagement\"},\"image\":{\"@id\":\"https:\/\/komma.ostfalia.de\/#\/schema\/logo\/image\/\"},\"sameAs\":[\"https:\/\/twitter.com\/komma_ostfalia\"]},{\"@type\":\"Person\",\"@id\":\"https:\/\/komma.ostfalia.de\/#\/schema\/person\/2c0769382a6abb3eb8dc4fd5909f70cc\",\"name\":\"Niklas Wils\",\"image\":{\"@type\":\"ImageObject\",\"inLanguage\":\"de\",\"@id\":\"https:\/\/komma.ostfalia.de\/#\/schema\/person\/image\/\",\"url\":\"https:\/\/secure.gravatar.com\/avatar\/d732e66c1e5fabb7e2628b1d44cd70d7?s=96&d=mm&r=g\",\"contentUrl\":\"https:\/\/secure.gravatar.com\/avatar\/d732e66c1e5fabb7e2628b1d44cd70d7?s=96&d=mm&r=g\",\"caption\":\"Niklas Wils\"}}]}<\/script>","yoast_head_json":{"title":"\u201eMachen wir heute Podcasts?!\u201c - KomMa","robots":{"index":"index","follow":"follow","max-snippet":"max-snippet:-1","max-image-preview":"max-image-preview:large","max-video-preview":"max-video-preview:-1"},"canonical":"https:\/\/komma.ostfalia.de\/index.php\/machen-wir-heute-podcasts\/","og_locale":"de_DE","og_type":"article","og_title":"\u201eMachen wir heute Podcasts?!\u201c - KomMa","og_description":"Unterrichtseinheiten zum Thema \u201eMythos oder Wahrheit\u201c werden von Sch\u00fclerinnen und Sch\u00fclern der Dr. Klaus-Schmidt-Hauptschule \u00e4u\u00dferst positiv angenommen Seit einem Monat sind wir mit unserem Projekt \u201eMythos oder Wahrheit in der Sieben\u201c jeden Donnerstag an der Dr. Klaus-Schmidt-Hauptschule zu Gast. Gemeinsam mit der dreiz\u00fcgigen Klassenstufe 7 besch\u00e4ftigen wir uns im ersten Schritt mit Erz\u00e4hlungen und Mythen [&hellip;]","og_url":"https:\/\/komma.ostfalia.de\/index.php\/machen-wir-heute-podcasts\/","og_site_name":"KomMa","article_published_time":"2023-06-06T08:59:48+00:00","article_modified_time":"2023-06-06T11:07:08+00:00","og_image":[{"width":1111,"height":625,"url":"https:\/\/komma.ostfalia.de\/wp-content\/uploads\/2023\/06\/Titelbild_Beitrag_2_uberarbeitet.jpg","type":"image\/jpeg"}],"author":"Niklas Wils","twitter_card":"summary_large_image","twitter_creator":"@komma_ostfalia","twitter_site":"@komma_ostfalia","twitter_misc":{"Verfasst von":"Niklas Wils","Gesch\u00e4tzte Lesezeit":"1\u00a0Minute"},"schema":{"@context":"https:\/\/schema.org","@graph":[{"@type":"Article","@id":"https:\/\/komma.ostfalia.de\/index.php\/machen-wir-heute-podcasts\/#article","isPartOf":{"@id":"https:\/\/komma.ostfalia.de\/index.php\/machen-wir-heute-podcasts\/"},"author":{"name":"Niklas Wils","@id":"https:\/\/komma.ostfalia.de\/#\/schema\/person\/2c0769382a6abb3eb8dc4fd5909f70cc"},"headline":"\u201eMachen wir heute Podcasts?!\u201c","datePublished":"2023-06-06T08:59:48+00:00","dateModified":"2023-06-06T11:07:08+00:00","mainEntityOfPage":{"@id":"https:\/\/komma.ostfalia.de\/index.php\/machen-wir-heute-podcasts\/"},"wordCount":184,"commentCount":0,"publisher":{"@id":"https:\/\/komma.ostfalia.de\/#organization"},"image":{"@id":"https:\/\/komma.ostfalia.de\/index.php\/machen-wir-heute-podcasts\/#primaryimage"},"thumbnailUrl":"https:\/\/komma.ostfalia.de\/wp-content\/uploads\/2023\/06\/Titelbild_Beitrag_2_uberarbeitet.jpg","inLanguage":"de","potentialAction":[{"@type":"CommentAction","name":"Comment","target":["https:\/\/komma.ostfalia.de\/index.php\/machen-wir-heute-podcasts\/#respond"]}]},{"@type":"WebPage","@id":"https:\/\/komma.ostfalia.de\/index.php\/machen-wir-heute-podcasts\/","url":"https:\/\/komma.ostfalia.de\/index.php\/machen-wir-heute-podcasts\/","name":"\u201eMachen wir heute Podcasts?!\u201c - KomMa","isPartOf":{"@id":"https:\/\/komma.ostfalia.de\/#website"},"primaryImageOfPage":{"@id":"https:\/\/komma.ostfalia.de\/index.php\/machen-wir-heute-podcasts\/#primaryimage"},"image":{"@id":"https:\/\/komma.ostfalia.de\/index.php\/machen-wir-heute-podcasts\/#primaryimage"},"thumbnailUrl":"https:\/\/komma.ostfalia.de\/wp-content\/uploads\/2023\/06\/Titelbild_Beitrag_2_uberarbeitet.jpg","datePublished":"2023-06-06T08:59:48+00:00","dateModified":"2023-06-06T11:07:08+00:00","breadcrumb":{"@id":"https:\/\/komma.ostfalia.de\/index.php\/machen-wir-heute-podcasts\/#breadcrumb"},"inLanguage":"de","potentialAction":[{"@type":"ReadAction","target":["https:\/\/komma.ostfalia.de\/index.php\/machen-wir-heute-podcasts\/"]}]},{"@type":"ImageObject","inLanguage":"de","@id":"https:\/\/komma.ostfalia.de\/index.php\/machen-wir-heute-podcasts\/#primaryimage","url":"https:\/\/komma.ostfalia.de\/wp-content\/uploads\/2023\/06\/Titelbild_Beitrag_2_uberarbeitet.jpg","contentUrl":"https:\/\/komma.ostfalia.de\/wp-content\/uploads\/2023\/06\/Titelbild_Beitrag_2_uberarbeitet.jpg","width":1111,"height":625},{"@type":"BreadcrumbList","@id":"https:\/\/komma.ostfalia.de\/index.php\/machen-wir-heute-podcasts\/#breadcrumb","itemListElement":[{"@type":"ListItem","position":1,"name":"Startseite","item":"https:\/\/komma.ostfalia.de\/"},{"@type":"ListItem","position":2,"name":"Allgemein","item":"https:\/\/komma.ostfalia.de\/index.php\/kategorie\/allgemein\/"},{"@type":"ListItem","position":3,"name":"\u201eMachen wir heute Podcasts?!\u201c"}]},{"@type":"WebSite","@id":"https:\/\/komma.ostfalia.de\/#website","url":"https:\/\/komma.ostfalia.de\/","name":"KomMa","description":"Professur f\u00fcr Kommunikationsmanagement","publisher":{"@id":"https:\/\/komma.ostfalia.de\/#organization"},"potentialAction":[{"@type":"SearchAction","target":{"@type":"EntryPoint","urlTemplate":"https:\/\/komma.ostfalia.de\/?s={search_term_string}"},"query-input":"required name=search_term_string"}],"inLanguage":"de"},{"@type":"Organization","@id":"https:\/\/komma.ostfalia.de\/#organization","name":"KomMa - Professur f\u00fcr Kommunikationsmanagement","url":"https:\/\/komma.ostfalia.de\/","logo":{"@type":"ImageObject","inLanguage":"de","@id":"https:\/\/komma.ostfalia.de\/#\/schema\/logo\/image\/","url":"https:\/\/komma.ostfalia.de\/wp-content\/uploads\/2020\/05\/komma-signet.png","contentUrl":"https:\/\/komma.ostfalia.de\/wp-content\/uploads\/2020\/05\/komma-signet.png","width":512,"height":512,"caption":"KomMa - Professur f\u00fcr Kommunikationsmanagement"},"image":{"@id":"https:\/\/komma.ostfalia.de\/#\/schema\/logo\/image\/"},"sameAs":["https:\/\/twitter.com\/komma_ostfalia"]},{"@type":"Person","@id":"https:\/\/komma.ostfalia.de\/#\/schema\/person\/2c0769382a6abb3eb8dc4fd5909f70cc","name":"Niklas Wils","image":{"@type":"ImageObject","inLanguage":"de","@id":"https:\/\/komma.ostfalia.de\/#\/schema\/person\/image\/","url":"https:\/\/secure.gravatar.com\/avatar\/d732e66c1e5fabb7e2628b1d44cd70d7?s=96&d=mm&r=g","contentUrl":"https:\/\/secure.gravatar.com\/avatar\/d732e66c1e5fabb7e2628b1d44cd70d7?s=96&d=mm&r=g","caption":"Niklas Wils"}}]}},"_links":{"self":[{"href":"https:\/\/komma.ostfalia.de\/index.php\/wp-json\/wp\/v2\/posts\/12257"}],"collection":[{"href":"https:\/\/komma.ostfalia.de\/index.php\/wp-json\/wp\/v2\/posts"}],"about":[{"href":"https:\/\/komma.ostfalia.de\/index.php\/wp-json\/wp\/v2\/types\/post"}],"author":[{"embeddable":true,"href":"https:\/\/komma.ostfalia.de\/index.php\/wp-json\/wp\/v2\/users\/30"}],"replies":[{"embeddable":true,"href":"https:\/\/komma.ostfalia.de\/index.php\/wp-json\/wp\/v2\/comments?post=12257"}],"version-history":[{"count":8,"href":"https:\/\/komma.ostfalia.de\/index.php\/wp-json\/wp\/v2\/posts\/12257\/revisions"}],"predecessor-version":[{"id":12270,"href":"https:\/\/komma.ostfalia.de\/index.php\/wp-json\/wp\/v2\/posts\/12257\/revisions\/12270"}],"wp:featuredmedia":[{"embeddable":true,"href":"https:\/\/komma.ostfalia.de\/index.php\/wp-json\/wp\/v2\/media\/12269"}],"wp:attachment":[{"href":"https:\/\/komma.ostfalia.de\/index.php\/wp-json\/wp\/v2\/media?parent=12257"}],"wp:term":[{"taxonomy":"category","embeddable":true,"href":"https:\/\/komma.ostfalia.de\/index.php\/wp-json\/wp\/v2\/categories?post=12257"},{"taxonomy":"post_tag","embeddable":true,"href":"https:\/\/komma.ostfalia.de\/index.php\/wp-json\/wp\/v2\/tags?post=12257"}],"curies":[{"name":"wp","href":"https:\/\/api.w.org\/{rel}","templated":true}]}}