{"id":12164,"date":"2023-05-22T14:25:50","date_gmt":"2023-05-22T12:25:50","guid":{"rendered":"https:\/\/komma.ostfalia.de\/?p=12164"},"modified":"2023-05-22T14:46:55","modified_gmt":"2023-05-22T12:46:55","slug":"mythos-oder-wahrheit-in-der-sieben-ist-gestartet","status":"publish","type":"post","link":"https:\/\/komma.ostfalia.de\/index.php\/mythos-oder-wahrheit-in-der-sieben-ist-gestartet\/","title":{"rendered":"&#8220;Mythos oder Wahrheit in der Sieben\u201c ist gestartet!"},"content":{"rendered":"\t\t<div data-elementor-type=\"wp-post\" data-elementor-id=\"12164\" class=\"elementor elementor-12164\">\n\t\t\t\t<div class=\"elementor-element elementor-element-23bf254 e-flex e-con-boxed e-con e-parent\" data-id=\"23bf254\" data-element_type=\"container\" data-core-v316-plus=\"true\">\n\t\t\t\t\t<div class=\"e-con-inner\">\n\t\t\t\t<div class=\"elementor-element elementor-element-246b7b7 elementor-widget elementor-widget-text-editor\" data-id=\"246b7b7\" data-element_type=\"widget\" data-widget_type=\"text-editor.default\">\n\t\t\t\t<div class=\"elementor-widget-container\">\n\t\t\t\t\t\t\t<p data-pm-slice=\"1 1 []\"><strong>Was?<\/strong>\u00a0<\/p><p data-pm-slice=\"1 1 []\">Wir unterst\u00fctzen junge Menschen dabei, Verschw\u00f6rungserz\u00e4hlungen und Desinformationen zu entlarven und dagegen selbstbewusst Stellung zu beziehen \u2013 f\u00fcr ein inklusives und solidarisches Miteinander, f\u00fcr den eigenen Wertekompass im Netz und die St\u00e4rkung von Pers\u00f6nlichkeit und Selbstwirksamkeit.<\/p><p><strong>Wer?<\/strong>\u00a0<\/p><p>\u201eMythos oder Wahrheit in der Sieben\u201c ist ein Projekt der Ostfalia Hochschule im Innovationsfonds des Bundesprogrammes \u201eDemokratie leben!\u201c (Bundesministerium f\u00fcr Familie, Senioren, Frauen und Jugend). Im Projekt, unter Leitung von <a href=\"https:\/\/komma.ostfalia.de\/index.php\/harald-rau-2\/\">Harald Rau<\/a>, kooperiert die Hochschule mit der Dr.-Klaus-Schmidt-Hauptschule in Salzgitter-Bad.<\/p><p><strong>Wann?<\/strong>\u00a0<\/p><p>Das Projekt ist im Fr\u00fchjahr 2023 angelaufen und endet im Dezember 2024.<\/p><p><strong>Wo?<\/strong>\u00a0<\/p><p>Das Projekt adressiert gezielt den l\u00e4ndlichen und kleinst\u00e4dtischen Raum, um eine maximal diverse Zielgruppe zu erreichen, die aus Hauptsch\u00fcler:innen, einem hohen Anteil an Migrant:innen sowie Kindern und Jugendlichen politikferner Schichten besteht.<\/p><p><strong>Warum?<\/strong>\u00a0<\/p><p>Die Lebensrealit\u00e4t junger Menschen spielt sich auf Social-Media-Plattformen ab, allen voran TikTok. Tagt\u00e4glich sind immer neue Internettrends, sexualisierte Inhalte, Gewaltdarstellungen, falsche Informationen, Deepfakes uvm. st\u00e4ndige Bestandteile der realen Lebenswelt Minderj\u00e4hriger. Eine solche Realit\u00e4t kann mit negativen Gef\u00fchle, Sorgen und \u00c4ngsten verbunden sein. Sie ist schwer handhabbar, ein Entkommen scheint unm\u00f6glich \u2013 ist eine Anf\u00e4lligkeit f\u00fcr gef\u00fchlte Wahrheiten die logische Konsequenz? Verschw\u00f6rungsmythen verbreiten sich einfach und schnell, oftmals bleiben sie im Austausch unter Peers unwidersprochen. Lehrkr\u00e4ften und Eltern fehlt h\u00e4ufig der direkte Einblick in die digitalen Kommunikationsdynamiken ihrer Sch\u00fclerinnen und Sch\u00fcler und Kinder.<\/p><p><strong>Wie?<\/strong>\u00a0<\/p><p>9 Unterrichtseinheiten im Sommerschulhalbjahr 2023 setzen im analogen Raum an der digitalen Lebenswelt der Sch\u00fclerinnen und Sch\u00fcler an. Gemeinsam mit den Siebten Klassen der Dr.-Klaus-Schmidt-Hauptschule entwickelt das Projektteam in einem partizipativen Prozess Lernmodule, die Handlungskompetenzen f\u00f6rdern und junge Menschen zum selbstbewussten, selbstkritischen und eigenverantwortlichen Handeln anregen. So werden zum Beispiel narrative Muster von Fantasieerz\u00e4hlungen aus der eigenen Kindheit mit systematischen Erz\u00e4hlstrukturen von Verschw\u00f6rungsmythen verglichen. Innerhalb von Rollenspielen und Gedankenexperimenten kann Perspektiv\u00fcbernahme und Selbstreflexion ge\u00fcbt werden. Die Sch\u00fclerinnen und Sch\u00fcler lernen weiterhin Recherchetechniken von Faktenchecks kennen und wenden sie an. Als Ergebnis der Zusammenarbeit entsteht ein digitales Lehr-, Lernwerkzeug, das Schulen mit \u00e4hnlichen Herausforderungen frei zur Verf\u00fcgung steht.<\/p><p>Mehr zu diesem Projekt gibt es schon bald. Ansprechpartnerin ist Projektkoordinatorin:<a href=\"https:\/\/komma.ostfalia.de\/index.php\/maja-bahrke\/\"> Maja Bahrke<\/a>. Au\u00dferdem sind Teil des Projektteams: Jennifer O\u2019Brien, Svenja Marquardt, Carolin Gaus, Myrta Knauf.<\/p>\t\t\t\t\t\t<\/div>\n\t\t\t\t<\/div>\n\t\t\t\t\t<\/div>\n\t\t\t\t<\/div>\n\t\t\t\t<\/div>\n\t\t","protected":false},"excerpt":{"rendered":"<p>Was?\u00a0 Wir unterst\u00fctzen junge Menschen dabei, Verschw\u00f6rungserz\u00e4hlungen und Desinformationen zu entlarven und dagegen selbstbewusst Stellung zu beziehen \u2013 f\u00fcr ein inklusives und solidarisches Miteinander, f\u00fcr den eigenen Wertekompass im Netz und die St\u00e4rkung von Pers\u00f6nlichkeit und Selbstwirksamkeit. Wer?\u00a0 \u201eMythos oder Wahrheit in der Sieben\u201c ist ein Projekt der Ostfalia Hochschule im Innovationsfonds des Bundesprogrammes \u201eDemokratie [&hellip;]<\/p>\n","protected":false},"author":30,"featured_media":12165,"comment_status":"open","ping_status":"open","sticky":false,"template":"","format":"standard","meta":{"_acf_changed":false,"footnotes":""},"categories":[1],"tags":[],"acf":[],"yoast_head":"<title>&quot;Mythos oder Wahrheit in der Sieben\u201c ist gestartet! - KomMa<\/title>\n<meta name=\"robots\" content=\"index, follow, max-snippet:-1, max-image-preview:large, max-video-preview:-1\" \/>\n<link rel=\"canonical\" href=\"https:\/\/komma.ostfalia.de\/index.php\/mythos-oder-wahrheit-in-der-sieben-ist-gestartet\/\" \/>\n<meta property=\"og:locale\" content=\"de_DE\" \/>\n<meta property=\"og:type\" content=\"article\" \/>\n<meta property=\"og:title\" content=\"&quot;Mythos oder Wahrheit in der Sieben\u201c ist gestartet! - KomMa\" \/>\n<meta property=\"og:description\" content=\"Was?\u00a0 Wir unterst\u00fctzen junge Menschen dabei, Verschw\u00f6rungserz\u00e4hlungen und Desinformationen zu entlarven und dagegen selbstbewusst Stellung zu beziehen \u2013 f\u00fcr ein inklusives und solidarisches Miteinander, f\u00fcr den eigenen Wertekompass im Netz und die St\u00e4rkung von Pers\u00f6nlichkeit und Selbstwirksamkeit. Wer?\u00a0 \u201eMythos oder Wahrheit in der Sieben\u201c ist ein Projekt der Ostfalia Hochschule im Innovationsfonds des Bundesprogrammes \u201eDemokratie [&hellip;]\" \/>\n<meta property=\"og:url\" content=\"https:\/\/komma.ostfalia.de\/index.php\/mythos-oder-wahrheit-in-der-sieben-ist-gestartet\/\" \/>\n<meta property=\"og:site_name\" content=\"KomMa\" \/>\n<meta property=\"article:published_time\" content=\"2023-05-22T12:25:50+00:00\" \/>\n<meta property=\"article:modified_time\" content=\"2023-05-22T12:46:55+00:00\" \/>\n<meta property=\"og:image\" content=\"https:\/\/komma.ostfalia.de\/wp-content\/uploads\/2023\/05\/Titelbild_Beitrag_1.png\" \/>\n\t<meta property=\"og:image:width\" content=\"1041\" \/>\n\t<meta property=\"og:image:height\" content=\"586\" \/>\n\t<meta property=\"og:image:type\" content=\"image\/png\" \/>\n<meta name=\"author\" content=\"Niklas Wils\" \/>\n<meta name=\"twitter:card\" content=\"summary_large_image\" \/>\n<meta name=\"twitter:creator\" content=\"@komma_ostfalia\" \/>\n<meta name=\"twitter:site\" content=\"@komma_ostfalia\" \/>\n<meta name=\"twitter:label1\" content=\"Verfasst von\" \/>\n\t<meta name=\"twitter:data1\" content=\"Niklas Wils\" \/>\n\t<meta name=\"twitter:label2\" content=\"Gesch\u00e4tzte Lesezeit\" \/>\n\t<meta name=\"twitter:data2\" content=\"2\u00a0Minuten\" \/>\n<script type=\"application\/ld+json\" class=\"yoast-schema-graph\">{\"@context\":\"https:\/\/schema.org\",\"@graph\":[{\"@type\":\"Article\",\"@id\":\"https:\/\/komma.ostfalia.de\/index.php\/mythos-oder-wahrheit-in-der-sieben-ist-gestartet\/#article\",\"isPartOf\":{\"@id\":\"https:\/\/komma.ostfalia.de\/index.php\/mythos-oder-wahrheit-in-der-sieben-ist-gestartet\/\"},\"author\":{\"name\":\"Niklas Wils\",\"@id\":\"https:\/\/komma.ostfalia.de\/#\/schema\/person\/2c0769382a6abb3eb8dc4fd5909f70cc\"},\"headline\":\"&#8220;Mythos oder Wahrheit in der Sieben\u201c ist gestartet!\",\"datePublished\":\"2023-05-22T12:25:50+00:00\",\"dateModified\":\"2023-05-22T12:46:55+00:00\",\"mainEntityOfPage\":{\"@id\":\"https:\/\/komma.ostfalia.de\/index.php\/mythos-oder-wahrheit-in-der-sieben-ist-gestartet\/\"},\"wordCount\":396,\"commentCount\":0,\"publisher\":{\"@id\":\"https:\/\/komma.ostfalia.de\/#organization\"},\"image\":{\"@id\":\"https:\/\/komma.ostfalia.de\/index.php\/mythos-oder-wahrheit-in-der-sieben-ist-gestartet\/#primaryimage\"},\"thumbnailUrl\":\"https:\/\/komma.ostfalia.de\/wp-content\/uploads\/2023\/05\/Titelbild_Beitrag_1.png\",\"inLanguage\":\"de\",\"potentialAction\":[{\"@type\":\"CommentAction\",\"name\":\"Comment\",\"target\":[\"https:\/\/komma.ostfalia.de\/index.php\/mythos-oder-wahrheit-in-der-sieben-ist-gestartet\/#respond\"]}]},{\"@type\":\"WebPage\",\"@id\":\"https:\/\/komma.ostfalia.de\/index.php\/mythos-oder-wahrheit-in-der-sieben-ist-gestartet\/\",\"url\":\"https:\/\/komma.ostfalia.de\/index.php\/mythos-oder-wahrheit-in-der-sieben-ist-gestartet\/\",\"name\":\"\\\"Mythos oder Wahrheit in der Sieben\u201c ist gestartet! - KomMa\",\"isPartOf\":{\"@id\":\"https:\/\/komma.ostfalia.de\/#website\"},\"primaryImageOfPage\":{\"@id\":\"https:\/\/komma.ostfalia.de\/index.php\/mythos-oder-wahrheit-in-der-sieben-ist-gestartet\/#primaryimage\"},\"image\":{\"@id\":\"https:\/\/komma.ostfalia.de\/index.php\/mythos-oder-wahrheit-in-der-sieben-ist-gestartet\/#primaryimage\"},\"thumbnailUrl\":\"https:\/\/komma.ostfalia.de\/wp-content\/uploads\/2023\/05\/Titelbild_Beitrag_1.png\",\"datePublished\":\"2023-05-22T12:25:50+00:00\",\"dateModified\":\"2023-05-22T12:46:55+00:00\",\"breadcrumb\":{\"@id\":\"https:\/\/komma.ostfalia.de\/index.php\/mythos-oder-wahrheit-in-der-sieben-ist-gestartet\/#breadcrumb\"},\"inLanguage\":\"de\",\"potentialAction\":[{\"@type\":\"ReadAction\",\"target\":[\"https:\/\/komma.ostfalia.de\/index.php\/mythos-oder-wahrheit-in-der-sieben-ist-gestartet\/\"]}]},{\"@type\":\"ImageObject\",\"inLanguage\":\"de\",\"@id\":\"https:\/\/komma.ostfalia.de\/index.php\/mythos-oder-wahrheit-in-der-sieben-ist-gestartet\/#primaryimage\",\"url\":\"https:\/\/komma.ostfalia.de\/wp-content\/uploads\/2023\/05\/Titelbild_Beitrag_1.png\",\"contentUrl\":\"https:\/\/komma.ostfalia.de\/wp-content\/uploads\/2023\/05\/Titelbild_Beitrag_1.png\",\"width\":1041,\"height\":586},{\"@type\":\"BreadcrumbList\",\"@id\":\"https:\/\/komma.ostfalia.de\/index.php\/mythos-oder-wahrheit-in-der-sieben-ist-gestartet\/#breadcrumb\",\"itemListElement\":[{\"@type\":\"ListItem\",\"position\":1,\"name\":\"Startseite\",\"item\":\"https:\/\/komma.ostfalia.de\/\"},{\"@type\":\"ListItem\",\"position\":2,\"name\":\"Allgemein\",\"item\":\"https:\/\/komma.ostfalia.de\/index.php\/kategorie\/allgemein\/\"},{\"@type\":\"ListItem\",\"position\":3,\"name\":\"&#8222;Mythos oder Wahrheit in der Sieben\u201c ist gestartet!\"}]},{\"@type\":\"WebSite\",\"@id\":\"https:\/\/komma.ostfalia.de\/#website\",\"url\":\"https:\/\/komma.ostfalia.de\/\",\"name\":\"KomMa\",\"description\":\"Professur f\u00fcr Kommunikationsmanagement\",\"publisher\":{\"@id\":\"https:\/\/komma.ostfalia.de\/#organization\"},\"potentialAction\":[{\"@type\":\"SearchAction\",\"target\":{\"@type\":\"EntryPoint\",\"urlTemplate\":\"https:\/\/komma.ostfalia.de\/?s={search_term_string}\"},\"query-input\":\"required name=search_term_string\"}],\"inLanguage\":\"de\"},{\"@type\":\"Organization\",\"@id\":\"https:\/\/komma.ostfalia.de\/#organization\",\"name\":\"KomMa - Professur f\u00fcr Kommunikationsmanagement\",\"url\":\"https:\/\/komma.ostfalia.de\/\",\"logo\":{\"@type\":\"ImageObject\",\"inLanguage\":\"de\",\"@id\":\"https:\/\/komma.ostfalia.de\/#\/schema\/logo\/image\/\",\"url\":\"https:\/\/komma.ostfalia.de\/wp-content\/uploads\/2020\/05\/komma-signet.png\",\"contentUrl\":\"https:\/\/komma.ostfalia.de\/wp-content\/uploads\/2020\/05\/komma-signet.png\",\"width\":512,\"height\":512,\"caption\":\"KomMa - Professur f\u00fcr Kommunikationsmanagement\"},\"image\":{\"@id\":\"https:\/\/komma.ostfalia.de\/#\/schema\/logo\/image\/\"},\"sameAs\":[\"https:\/\/twitter.com\/komma_ostfalia\"]},{\"@type\":\"Person\",\"@id\":\"https:\/\/komma.ostfalia.de\/#\/schema\/person\/2c0769382a6abb3eb8dc4fd5909f70cc\",\"name\":\"Niklas Wils\",\"image\":{\"@type\":\"ImageObject\",\"inLanguage\":\"de\",\"@id\":\"https:\/\/komma.ostfalia.de\/#\/schema\/person\/image\/\",\"url\":\"https:\/\/secure.gravatar.com\/avatar\/d732e66c1e5fabb7e2628b1d44cd70d7?s=96&d=mm&r=g\",\"contentUrl\":\"https:\/\/secure.gravatar.com\/avatar\/d732e66c1e5fabb7e2628b1d44cd70d7?s=96&d=mm&r=g\",\"caption\":\"Niklas Wils\"}}]}<\/script>","yoast_head_json":{"title":"\"Mythos oder Wahrheit in der Sieben\u201c ist gestartet! - KomMa","robots":{"index":"index","follow":"follow","max-snippet":"max-snippet:-1","max-image-preview":"max-image-preview:large","max-video-preview":"max-video-preview:-1"},"canonical":"https:\/\/komma.ostfalia.de\/index.php\/mythos-oder-wahrheit-in-der-sieben-ist-gestartet\/","og_locale":"de_DE","og_type":"article","og_title":"\"Mythos oder Wahrheit in der Sieben\u201c ist gestartet! - KomMa","og_description":"Was?\u00a0 Wir unterst\u00fctzen junge Menschen dabei, Verschw\u00f6rungserz\u00e4hlungen und Desinformationen zu entlarven und dagegen selbstbewusst Stellung zu beziehen \u2013 f\u00fcr ein inklusives und solidarisches Miteinander, f\u00fcr den eigenen Wertekompass im Netz und die St\u00e4rkung von Pers\u00f6nlichkeit und Selbstwirksamkeit. Wer?\u00a0 \u201eMythos oder Wahrheit in der Sieben\u201c ist ein Projekt der Ostfalia Hochschule im Innovationsfonds des Bundesprogrammes \u201eDemokratie [&hellip;]","og_url":"https:\/\/komma.ostfalia.de\/index.php\/mythos-oder-wahrheit-in-der-sieben-ist-gestartet\/","og_site_name":"KomMa","article_published_time":"2023-05-22T12:25:50+00:00","article_modified_time":"2023-05-22T12:46:55+00:00","og_image":[{"width":1041,"height":586,"url":"https:\/\/komma.ostfalia.de\/wp-content\/uploads\/2023\/05\/Titelbild_Beitrag_1.png","type":"image\/png"}],"author":"Niklas Wils","twitter_card":"summary_large_image","twitter_creator":"@komma_ostfalia","twitter_site":"@komma_ostfalia","twitter_misc":{"Verfasst von":"Niklas Wils","Gesch\u00e4tzte Lesezeit":"2\u00a0Minuten"},"schema":{"@context":"https:\/\/schema.org","@graph":[{"@type":"Article","@id":"https:\/\/komma.ostfalia.de\/index.php\/mythos-oder-wahrheit-in-der-sieben-ist-gestartet\/#article","isPartOf":{"@id":"https:\/\/komma.ostfalia.de\/index.php\/mythos-oder-wahrheit-in-der-sieben-ist-gestartet\/"},"author":{"name":"Niklas Wils","@id":"https:\/\/komma.ostfalia.de\/#\/schema\/person\/2c0769382a6abb3eb8dc4fd5909f70cc"},"headline":"&#8220;Mythos oder Wahrheit in der Sieben\u201c ist gestartet!","datePublished":"2023-05-22T12:25:50+00:00","dateModified":"2023-05-22T12:46:55+00:00","mainEntityOfPage":{"@id":"https:\/\/komma.ostfalia.de\/index.php\/mythos-oder-wahrheit-in-der-sieben-ist-gestartet\/"},"wordCount":396,"commentCount":0,"publisher":{"@id":"https:\/\/komma.ostfalia.de\/#organization"},"image":{"@id":"https:\/\/komma.ostfalia.de\/index.php\/mythos-oder-wahrheit-in-der-sieben-ist-gestartet\/#primaryimage"},"thumbnailUrl":"https:\/\/komma.ostfalia.de\/wp-content\/uploads\/2023\/05\/Titelbild_Beitrag_1.png","inLanguage":"de","potentialAction":[{"@type":"CommentAction","name":"Comment","target":["https:\/\/komma.ostfalia.de\/index.php\/mythos-oder-wahrheit-in-der-sieben-ist-gestartet\/#respond"]}]},{"@type":"WebPage","@id":"https:\/\/komma.ostfalia.de\/index.php\/mythos-oder-wahrheit-in-der-sieben-ist-gestartet\/","url":"https:\/\/komma.ostfalia.de\/index.php\/mythos-oder-wahrheit-in-der-sieben-ist-gestartet\/","name":"\"Mythos oder Wahrheit in der Sieben\u201c ist gestartet! - KomMa","isPartOf":{"@id":"https:\/\/komma.ostfalia.de\/#website"},"primaryImageOfPage":{"@id":"https:\/\/komma.ostfalia.de\/index.php\/mythos-oder-wahrheit-in-der-sieben-ist-gestartet\/#primaryimage"},"image":{"@id":"https:\/\/komma.ostfalia.de\/index.php\/mythos-oder-wahrheit-in-der-sieben-ist-gestartet\/#primaryimage"},"thumbnailUrl":"https:\/\/komma.ostfalia.de\/wp-content\/uploads\/2023\/05\/Titelbild_Beitrag_1.png","datePublished":"2023-05-22T12:25:50+00:00","dateModified":"2023-05-22T12:46:55+00:00","breadcrumb":{"@id":"https:\/\/komma.ostfalia.de\/index.php\/mythos-oder-wahrheit-in-der-sieben-ist-gestartet\/#breadcrumb"},"inLanguage":"de","potentialAction":[{"@type":"ReadAction","target":["https:\/\/komma.ostfalia.de\/index.php\/mythos-oder-wahrheit-in-der-sieben-ist-gestartet\/"]}]},{"@type":"ImageObject","inLanguage":"de","@id":"https:\/\/komma.ostfalia.de\/index.php\/mythos-oder-wahrheit-in-der-sieben-ist-gestartet\/#primaryimage","url":"https:\/\/komma.ostfalia.de\/wp-content\/uploads\/2023\/05\/Titelbild_Beitrag_1.png","contentUrl":"https:\/\/komma.ostfalia.de\/wp-content\/uploads\/2023\/05\/Titelbild_Beitrag_1.png","width":1041,"height":586},{"@type":"BreadcrumbList","@id":"https:\/\/komma.ostfalia.de\/index.php\/mythos-oder-wahrheit-in-der-sieben-ist-gestartet\/#breadcrumb","itemListElement":[{"@type":"ListItem","position":1,"name":"Startseite","item":"https:\/\/komma.ostfalia.de\/"},{"@type":"ListItem","position":2,"name":"Allgemein","item":"https:\/\/komma.ostfalia.de\/index.php\/kategorie\/allgemein\/"},{"@type":"ListItem","position":3,"name":"&#8222;Mythos oder Wahrheit in der Sieben\u201c ist gestartet!"}]},{"@type":"WebSite","@id":"https:\/\/komma.ostfalia.de\/#website","url":"https:\/\/komma.ostfalia.de\/","name":"KomMa","description":"Professur f\u00fcr Kommunikationsmanagement","publisher":{"@id":"https:\/\/komma.ostfalia.de\/#organization"},"potentialAction":[{"@type":"SearchAction","target":{"@type":"EntryPoint","urlTemplate":"https:\/\/komma.ostfalia.de\/?s={search_term_string}"},"query-input":"required name=search_term_string"}],"inLanguage":"de"},{"@type":"Organization","@id":"https:\/\/komma.ostfalia.de\/#organization","name":"KomMa - Professur f\u00fcr Kommunikationsmanagement","url":"https:\/\/komma.ostfalia.de\/","logo":{"@type":"ImageObject","inLanguage":"de","@id":"https:\/\/komma.ostfalia.de\/#\/schema\/logo\/image\/","url":"https:\/\/komma.ostfalia.de\/wp-content\/uploads\/2020\/05\/komma-signet.png","contentUrl":"https:\/\/komma.ostfalia.de\/wp-content\/uploads\/2020\/05\/komma-signet.png","width":512,"height":512,"caption":"KomMa - Professur f\u00fcr Kommunikationsmanagement"},"image":{"@id":"https:\/\/komma.ostfalia.de\/#\/schema\/logo\/image\/"},"sameAs":["https:\/\/twitter.com\/komma_ostfalia"]},{"@type":"Person","@id":"https:\/\/komma.ostfalia.de\/#\/schema\/person\/2c0769382a6abb3eb8dc4fd5909f70cc","name":"Niklas Wils","image":{"@type":"ImageObject","inLanguage":"de","@id":"https:\/\/komma.ostfalia.de\/#\/schema\/person\/image\/","url":"https:\/\/secure.gravatar.com\/avatar\/d732e66c1e5fabb7e2628b1d44cd70d7?s=96&d=mm&r=g","contentUrl":"https:\/\/secure.gravatar.com\/avatar\/d732e66c1e5fabb7e2628b1d44cd70d7?s=96&d=mm&r=g","caption":"Niklas Wils"}}]}},"_links":{"self":[{"href":"https:\/\/komma.ostfalia.de\/index.php\/wp-json\/wp\/v2\/posts\/12164"}],"collection":[{"href":"https:\/\/komma.ostfalia.de\/index.php\/wp-json\/wp\/v2\/posts"}],"about":[{"href":"https:\/\/komma.ostfalia.de\/index.php\/wp-json\/wp\/v2\/types\/post"}],"author":[{"embeddable":true,"href":"https:\/\/komma.ostfalia.de\/index.php\/wp-json\/wp\/v2\/users\/30"}],"replies":[{"embeddable":true,"href":"https:\/\/komma.ostfalia.de\/index.php\/wp-json\/wp\/v2\/comments?post=12164"}],"version-history":[{"count":7,"href":"https:\/\/komma.ostfalia.de\/index.php\/wp-json\/wp\/v2\/posts\/12164\/revisions"}],"predecessor-version":[{"id":12172,"href":"https:\/\/komma.ostfalia.de\/index.php\/wp-json\/wp\/v2\/posts\/12164\/revisions\/12172"}],"wp:featuredmedia":[{"embeddable":true,"href":"https:\/\/komma.ostfalia.de\/index.php\/wp-json\/wp\/v2\/media\/12165"}],"wp:attachment":[{"href":"https:\/\/komma.ostfalia.de\/index.php\/wp-json\/wp\/v2\/media?parent=12164"}],"wp:term":[{"taxonomy":"category","embeddable":true,"href":"https:\/\/komma.ostfalia.de\/index.php\/wp-json\/wp\/v2\/categories?post=12164"},{"taxonomy":"post_tag","embeddable":true,"href":"https:\/\/komma.ostfalia.de\/index.php\/wp-json\/wp\/v2\/tags?post=12164"}],"curies":[{"name":"wp","href":"https:\/\/api.w.org\/{rel}","templated":true}]}}