{"id":12153,"date":"2023-05-19T11:30:21","date_gmt":"2023-05-19T09:30:21","guid":{"rendered":"https:\/\/komma.ostfalia.de\/?p=12153"},"modified":"2023-05-19T11:32:23","modified_gmt":"2023-05-19T09:32:23","slug":"locative-news-lightning-talk-im-rahmen-der-konferenz-participation-and-the-postdigital","status":"publish","type":"post","link":"https:\/\/komma.ostfalia.de\/index.php\/locative-news-lightning-talk-im-rahmen-der-konferenz-participation-and-the-postdigital\/","title":{"rendered":"\u201aLocative News\u2018: Lightning Talk im Rahmen der Konferenz \u201eParticipation and the Postdigital\u201c"},"content":{"rendered":"\t\t<div data-elementor-type=\"wp-post\" data-elementor-id=\"12153\" class=\"elementor elementor-12153\">\n\t\t\t\t<div class=\"elementor-element elementor-element-3b79974 e-flex e-con-boxed e-con e-parent\" data-id=\"3b79974\" data-element_type=\"container\" data-core-v316-plus=\"true\">\n\t\t\t\t\t<div class=\"e-con-inner\">\n\t\t\t\t<div class=\"elementor-element elementor-element-806d2a8 elementor-widget elementor-widget-text-editor\" data-id=\"806d2a8\" data-element_type=\"widget\" data-widget_type=\"text-editor.default\">\n\t\t\t\t<div class=\"elementor-widget-container\">\n\t\t\t\t\t\t\t<p data-pm-slice=\"1 1 []\">Am 4. und 5. Mai fand in Braunschweig die internationale Konferenz <a href=\"https:\/\/www.postdigitalparticipation.org\/ausblick\/konferenz\">\u201eParticipation and the Postdigital: Contemporary Technologies and Practices in Education and Urban Life\u201c<\/a> statt \u2013 organisiert vom <a href=\"https:\/\/www.postdigitalparticipation.org\/\">Leibniz WissenschaftsCampus Postdigitale Partizipation<\/a>. W\u00e4hrend des zweit\u00e4gigen Events erwarteten die Teilnehmer spannende Vortr\u00e4ge zu den Themen Postdigitalit\u00e4t und Partizipation aus verschiedensten Perspektiven und Forschungsfeldern, darunter Kommunikation, Urbanisierung, Kunst und Bildung. Neben l\u00e4nger angelegten \u201aOpen-Panel\u2018-Sessions bediente sich die Konferenz vor allem des \u201aLightning-Talk\u2018-Formats \u2013 kurzer 7-min\u00fctiger Pr\u00e4sentationen mit anschlie\u00dfenden Diskussionen.<br>Den Auftakt zu diesen Lightning Talks im Bereich \u201aUrbanism &amp; Communication\u2018 machten <a href=\"https:\/\/komma.ostfalia.de\/index.php\/per-ole-uphaus\/\">Per Ole Uphaus<\/a> und <a href=\"https:\/\/komma.ostfalia.de\/index.php\/harald-rau-2\/\">Harald Rau<\/a> mit ihrem Vortrag zum Thema \u201aNutzerpartizipation in standortbasierten Nachrichtendiensten\u2018, in dem der aktuelle Forschungsstand des Promotionsprojekts <a href=\"https:\/\/www.postdigitalparticipation.org\/projekte\/default-fa87ba3794\">\u201aLocative News\u2018<\/a> vorgestellt, sowie relevante daraus resultierende Fragestellungen diskutiert wurden.<br>Als Veranstaltungsort dienten am ersten Tag sowohl das Georg-Eckert-Institut als auch das Haus der Wissenschaft und am zweiten Tag das SpACE Lab. Dar\u00fcber hinaus rundete eine Flo\u00dffahrt \u00fcber die Oker die Konferenz ab, w\u00e4hrend der wichtige Fragen zum Thema postdigitaler Partizipation unter freiem Himmel thematisiert werden konnten.<\/p>\t\t\t\t\t\t<\/div>\n\t\t\t\t<\/div>\n\t\t\t\t\t<\/div>\n\t\t\t\t<\/div>\n\t\t\t\t<\/div>\n\t\t","protected":false},"excerpt":{"rendered":"<p>Am 4. und 5. Mai fand in Braunschweig die internationale Konferenz \u201eParticipation and the Postdigital: Contemporary Technologies and Practices in Education and Urban Life\u201c statt \u2013 organisiert vom Leibniz WissenschaftsCampus Postdigitale Partizipation. W\u00e4hrend des zweit\u00e4gigen Events erwarteten die Teilnehmer spannende Vortr\u00e4ge zu den Themen Postdigitalit\u00e4t und Partizipation aus verschiedensten Perspektiven und Forschungsfeldern, darunter Kommunikation, Urbanisierung, [&hellip;]<\/p>\n","protected":false},"author":30,"featured_media":12157,"comment_status":"open","ping_status":"open","sticky":false,"template":"","format":"standard","meta":{"_acf_changed":false,"footnotes":""},"categories":[1],"tags":[],"acf":[],"yoast_head":"<title>\u201aLocative News\u2018: Lightning Talk im Rahmen der Konferenz \u201eParticipation and the Postdigital\u201c - KomMa<\/title>\n<meta name=\"robots\" content=\"index, follow, max-snippet:-1, max-image-preview:large, max-video-preview:-1\" \/>\n<link rel=\"canonical\" href=\"https:\/\/komma.ostfalia.de\/index.php\/locative-news-lightning-talk-im-rahmen-der-konferenz-participation-and-the-postdigital\/\" \/>\n<meta property=\"og:locale\" content=\"de_DE\" \/>\n<meta property=\"og:type\" content=\"article\" \/>\n<meta property=\"og:title\" content=\"\u201aLocative News\u2018: Lightning Talk im Rahmen der Konferenz \u201eParticipation and the Postdigital\u201c - KomMa\" \/>\n<meta property=\"og:description\" content=\"Am 4. und 5. Mai fand in Braunschweig die internationale Konferenz \u201eParticipation and the Postdigital: Contemporary Technologies and Practices in Education and Urban Life\u201c statt \u2013 organisiert vom Leibniz WissenschaftsCampus Postdigitale Partizipation. W\u00e4hrend des zweit\u00e4gigen Events erwarteten die Teilnehmer spannende Vortr\u00e4ge zu den Themen Postdigitalit\u00e4t und Partizipation aus verschiedensten Perspektiven und Forschungsfeldern, darunter Kommunikation, Urbanisierung, [&hellip;]\" \/>\n<meta property=\"og:url\" content=\"https:\/\/komma.ostfalia.de\/index.php\/locative-news-lightning-talk-im-rahmen-der-konferenz-participation-and-the-postdigital\/\" \/>\n<meta property=\"og:site_name\" content=\"KomMa\" \/>\n<meta property=\"article:published_time\" content=\"2023-05-19T09:30:21+00:00\" \/>\n<meta property=\"article:modified_time\" content=\"2023-05-19T09:32:23+00:00\" \/>\n<meta property=\"og:image\" content=\"https:\/\/komma.ostfalia.de\/wp-content\/uploads\/2023\/05\/IMG_2519.jpeg\" \/>\n\t<meta property=\"og:image:width\" content=\"2284\" \/>\n\t<meta property=\"og:image:height\" content=\"1285\" \/>\n\t<meta property=\"og:image:type\" content=\"image\/jpeg\" \/>\n<meta name=\"author\" content=\"Niklas Wils\" \/>\n<meta name=\"twitter:card\" content=\"summary_large_image\" \/>\n<meta name=\"twitter:creator\" content=\"@komma_ostfalia\" \/>\n<meta name=\"twitter:site\" content=\"@komma_ostfalia\" \/>\n<meta name=\"twitter:label1\" content=\"Verfasst von\" \/>\n\t<meta name=\"twitter:data1\" content=\"Niklas Wils\" \/>\n\t<meta name=\"twitter:label2\" content=\"Gesch\u00e4tzte Lesezeit\" \/>\n\t<meta name=\"twitter:data2\" content=\"1\u00a0Minute\" \/>\n<script type=\"application\/ld+json\" class=\"yoast-schema-graph\">{\"@context\":\"https:\/\/schema.org\",\"@graph\":[{\"@type\":\"Article\",\"@id\":\"https:\/\/komma.ostfalia.de\/index.php\/locative-news-lightning-talk-im-rahmen-der-konferenz-participation-and-the-postdigital\/#article\",\"isPartOf\":{\"@id\":\"https:\/\/komma.ostfalia.de\/index.php\/locative-news-lightning-talk-im-rahmen-der-konferenz-participation-and-the-postdigital\/\"},\"author\":{\"name\":\"Niklas Wils\",\"@id\":\"https:\/\/komma.ostfalia.de\/#\/schema\/person\/2c0769382a6abb3eb8dc4fd5909f70cc\"},\"headline\":\"\u201aLocative News\u2018: Lightning Talk im Rahmen der Konferenz \u201eParticipation and the Postdigital\u201c\",\"datePublished\":\"2023-05-19T09:30:21+00:00\",\"dateModified\":\"2023-05-19T09:32:23+00:00\",\"mainEntityOfPage\":{\"@id\":\"https:\/\/komma.ostfalia.de\/index.php\/locative-news-lightning-talk-im-rahmen-der-konferenz-participation-and-the-postdigital\/\"},\"wordCount\":189,\"commentCount\":0,\"publisher\":{\"@id\":\"https:\/\/komma.ostfalia.de\/#organization\"},\"image\":{\"@id\":\"https:\/\/komma.ostfalia.de\/index.php\/locative-news-lightning-talk-im-rahmen-der-konferenz-participation-and-the-postdigital\/#primaryimage\"},\"thumbnailUrl\":\"https:\/\/komma.ostfalia.de\/wp-content\/uploads\/2023\/05\/IMG_2519.jpeg\",\"inLanguage\":\"de\",\"potentialAction\":[{\"@type\":\"CommentAction\",\"name\":\"Comment\",\"target\":[\"https:\/\/komma.ostfalia.de\/index.php\/locative-news-lightning-talk-im-rahmen-der-konferenz-participation-and-the-postdigital\/#respond\"]}]},{\"@type\":\"WebPage\",\"@id\":\"https:\/\/komma.ostfalia.de\/index.php\/locative-news-lightning-talk-im-rahmen-der-konferenz-participation-and-the-postdigital\/\",\"url\":\"https:\/\/komma.ostfalia.de\/index.php\/locative-news-lightning-talk-im-rahmen-der-konferenz-participation-and-the-postdigital\/\",\"name\":\"\u201aLocative News\u2018: Lightning Talk im Rahmen der Konferenz \u201eParticipation and the Postdigital\u201c - KomMa\",\"isPartOf\":{\"@id\":\"https:\/\/komma.ostfalia.de\/#website\"},\"primaryImageOfPage\":{\"@id\":\"https:\/\/komma.ostfalia.de\/index.php\/locative-news-lightning-talk-im-rahmen-der-konferenz-participation-and-the-postdigital\/#primaryimage\"},\"image\":{\"@id\":\"https:\/\/komma.ostfalia.de\/index.php\/locative-news-lightning-talk-im-rahmen-der-konferenz-participation-and-the-postdigital\/#primaryimage\"},\"thumbnailUrl\":\"https:\/\/komma.ostfalia.de\/wp-content\/uploads\/2023\/05\/IMG_2519.jpeg\",\"datePublished\":\"2023-05-19T09:30:21+00:00\",\"dateModified\":\"2023-05-19T09:32:23+00:00\",\"breadcrumb\":{\"@id\":\"https:\/\/komma.ostfalia.de\/index.php\/locative-news-lightning-talk-im-rahmen-der-konferenz-participation-and-the-postdigital\/#breadcrumb\"},\"inLanguage\":\"de\",\"potentialAction\":[{\"@type\":\"ReadAction\",\"target\":[\"https:\/\/komma.ostfalia.de\/index.php\/locative-news-lightning-talk-im-rahmen-der-konferenz-participation-and-the-postdigital\/\"]}]},{\"@type\":\"ImageObject\",\"inLanguage\":\"de\",\"@id\":\"https:\/\/komma.ostfalia.de\/index.php\/locative-news-lightning-talk-im-rahmen-der-konferenz-participation-and-the-postdigital\/#primaryimage\",\"url\":\"https:\/\/komma.ostfalia.de\/wp-content\/uploads\/2023\/05\/IMG_2519.jpeg\",\"contentUrl\":\"https:\/\/komma.ostfalia.de\/wp-content\/uploads\/2023\/05\/IMG_2519.jpeg\",\"width\":2284,\"height\":1285},{\"@type\":\"BreadcrumbList\",\"@id\":\"https:\/\/komma.ostfalia.de\/index.php\/locative-news-lightning-talk-im-rahmen-der-konferenz-participation-and-the-postdigital\/#breadcrumb\",\"itemListElement\":[{\"@type\":\"ListItem\",\"position\":1,\"name\":\"Startseite\",\"item\":\"https:\/\/komma.ostfalia.de\/\"},{\"@type\":\"ListItem\",\"position\":2,\"name\":\"Allgemein\",\"item\":\"https:\/\/komma.ostfalia.de\/index.php\/kategorie\/allgemein\/\"},{\"@type\":\"ListItem\",\"position\":3,\"name\":\"\u201aLocative News\u2018: Lightning Talk im Rahmen der Konferenz \u201eParticipation and the Postdigital\u201c\"}]},{\"@type\":\"WebSite\",\"@id\":\"https:\/\/komma.ostfalia.de\/#website\",\"url\":\"https:\/\/komma.ostfalia.de\/\",\"name\":\"KomMa\",\"description\":\"Professur f\u00fcr Kommunikationsmanagement\",\"publisher\":{\"@id\":\"https:\/\/komma.ostfalia.de\/#organization\"},\"potentialAction\":[{\"@type\":\"SearchAction\",\"target\":{\"@type\":\"EntryPoint\",\"urlTemplate\":\"https:\/\/komma.ostfalia.de\/?s={search_term_string}\"},\"query-input\":\"required name=search_term_string\"}],\"inLanguage\":\"de\"},{\"@type\":\"Organization\",\"@id\":\"https:\/\/komma.ostfalia.de\/#organization\",\"name\":\"KomMa - Professur f\u00fcr Kommunikationsmanagement\",\"url\":\"https:\/\/komma.ostfalia.de\/\",\"logo\":{\"@type\":\"ImageObject\",\"inLanguage\":\"de\",\"@id\":\"https:\/\/komma.ostfalia.de\/#\/schema\/logo\/image\/\",\"url\":\"https:\/\/komma.ostfalia.de\/wp-content\/uploads\/2020\/05\/komma-signet.png\",\"contentUrl\":\"https:\/\/komma.ostfalia.de\/wp-content\/uploads\/2020\/05\/komma-signet.png\",\"width\":512,\"height\":512,\"caption\":\"KomMa - Professur f\u00fcr Kommunikationsmanagement\"},\"image\":{\"@id\":\"https:\/\/komma.ostfalia.de\/#\/schema\/logo\/image\/\"},\"sameAs\":[\"https:\/\/twitter.com\/komma_ostfalia\"]},{\"@type\":\"Person\",\"@id\":\"https:\/\/komma.ostfalia.de\/#\/schema\/person\/2c0769382a6abb3eb8dc4fd5909f70cc\",\"name\":\"Niklas Wils\",\"image\":{\"@type\":\"ImageObject\",\"inLanguage\":\"de\",\"@id\":\"https:\/\/komma.ostfalia.de\/#\/schema\/person\/image\/\",\"url\":\"https:\/\/secure.gravatar.com\/avatar\/d732e66c1e5fabb7e2628b1d44cd70d7?s=96&d=mm&r=g\",\"contentUrl\":\"https:\/\/secure.gravatar.com\/avatar\/d732e66c1e5fabb7e2628b1d44cd70d7?s=96&d=mm&r=g\",\"caption\":\"Niklas Wils\"}}]}<\/script>","yoast_head_json":{"title":"\u201aLocative News\u2018: Lightning Talk im Rahmen der Konferenz \u201eParticipation and the Postdigital\u201c - KomMa","robots":{"index":"index","follow":"follow","max-snippet":"max-snippet:-1","max-image-preview":"max-image-preview:large","max-video-preview":"max-video-preview:-1"},"canonical":"https:\/\/komma.ostfalia.de\/index.php\/locative-news-lightning-talk-im-rahmen-der-konferenz-participation-and-the-postdigital\/","og_locale":"de_DE","og_type":"article","og_title":"\u201aLocative News\u2018: Lightning Talk im Rahmen der Konferenz \u201eParticipation and the Postdigital\u201c - KomMa","og_description":"Am 4. und 5. Mai fand in Braunschweig die internationale Konferenz \u201eParticipation and the Postdigital: Contemporary Technologies and Practices in Education and Urban Life\u201c statt \u2013 organisiert vom Leibniz WissenschaftsCampus Postdigitale Partizipation. W\u00e4hrend des zweit\u00e4gigen Events erwarteten die Teilnehmer spannende Vortr\u00e4ge zu den Themen Postdigitalit\u00e4t und Partizipation aus verschiedensten Perspektiven und Forschungsfeldern, darunter Kommunikation, Urbanisierung, [&hellip;]","og_url":"https:\/\/komma.ostfalia.de\/index.php\/locative-news-lightning-talk-im-rahmen-der-konferenz-participation-and-the-postdigital\/","og_site_name":"KomMa","article_published_time":"2023-05-19T09:30:21+00:00","article_modified_time":"2023-05-19T09:32:23+00:00","og_image":[{"width":2284,"height":1285,"url":"https:\/\/komma.ostfalia.de\/wp-content\/uploads\/2023\/05\/IMG_2519.jpeg","type":"image\/jpeg"}],"author":"Niklas Wils","twitter_card":"summary_large_image","twitter_creator":"@komma_ostfalia","twitter_site":"@komma_ostfalia","twitter_misc":{"Verfasst von":"Niklas Wils","Gesch\u00e4tzte Lesezeit":"1\u00a0Minute"},"schema":{"@context":"https:\/\/schema.org","@graph":[{"@type":"Article","@id":"https:\/\/komma.ostfalia.de\/index.php\/locative-news-lightning-talk-im-rahmen-der-konferenz-participation-and-the-postdigital\/#article","isPartOf":{"@id":"https:\/\/komma.ostfalia.de\/index.php\/locative-news-lightning-talk-im-rahmen-der-konferenz-participation-and-the-postdigital\/"},"author":{"name":"Niklas Wils","@id":"https:\/\/komma.ostfalia.de\/#\/schema\/person\/2c0769382a6abb3eb8dc4fd5909f70cc"},"headline":"\u201aLocative News\u2018: Lightning Talk im Rahmen der Konferenz \u201eParticipation and the Postdigital\u201c","datePublished":"2023-05-19T09:30:21+00:00","dateModified":"2023-05-19T09:32:23+00:00","mainEntityOfPage":{"@id":"https:\/\/komma.ostfalia.de\/index.php\/locative-news-lightning-talk-im-rahmen-der-konferenz-participation-and-the-postdigital\/"},"wordCount":189,"commentCount":0,"publisher":{"@id":"https:\/\/komma.ostfalia.de\/#organization"},"image":{"@id":"https:\/\/komma.ostfalia.de\/index.php\/locative-news-lightning-talk-im-rahmen-der-konferenz-participation-and-the-postdigital\/#primaryimage"},"thumbnailUrl":"https:\/\/komma.ostfalia.de\/wp-content\/uploads\/2023\/05\/IMG_2519.jpeg","inLanguage":"de","potentialAction":[{"@type":"CommentAction","name":"Comment","target":["https:\/\/komma.ostfalia.de\/index.php\/locative-news-lightning-talk-im-rahmen-der-konferenz-participation-and-the-postdigital\/#respond"]}]},{"@type":"WebPage","@id":"https:\/\/komma.ostfalia.de\/index.php\/locative-news-lightning-talk-im-rahmen-der-konferenz-participation-and-the-postdigital\/","url":"https:\/\/komma.ostfalia.de\/index.php\/locative-news-lightning-talk-im-rahmen-der-konferenz-participation-and-the-postdigital\/","name":"\u201aLocative News\u2018: Lightning Talk im Rahmen der Konferenz \u201eParticipation and the Postdigital\u201c - KomMa","isPartOf":{"@id":"https:\/\/komma.ostfalia.de\/#website"},"primaryImageOfPage":{"@id":"https:\/\/komma.ostfalia.de\/index.php\/locative-news-lightning-talk-im-rahmen-der-konferenz-participation-and-the-postdigital\/#primaryimage"},"image":{"@id":"https:\/\/komma.ostfalia.de\/index.php\/locative-news-lightning-talk-im-rahmen-der-konferenz-participation-and-the-postdigital\/#primaryimage"},"thumbnailUrl":"https:\/\/komma.ostfalia.de\/wp-content\/uploads\/2023\/05\/IMG_2519.jpeg","datePublished":"2023-05-19T09:30:21+00:00","dateModified":"2023-05-19T09:32:23+00:00","breadcrumb":{"@id":"https:\/\/komma.ostfalia.de\/index.php\/locative-news-lightning-talk-im-rahmen-der-konferenz-participation-and-the-postdigital\/#breadcrumb"},"inLanguage":"de","potentialAction":[{"@type":"ReadAction","target":["https:\/\/komma.ostfalia.de\/index.php\/locative-news-lightning-talk-im-rahmen-der-konferenz-participation-and-the-postdigital\/"]}]},{"@type":"ImageObject","inLanguage":"de","@id":"https:\/\/komma.ostfalia.de\/index.php\/locative-news-lightning-talk-im-rahmen-der-konferenz-participation-and-the-postdigital\/#primaryimage","url":"https:\/\/komma.ostfalia.de\/wp-content\/uploads\/2023\/05\/IMG_2519.jpeg","contentUrl":"https:\/\/komma.ostfalia.de\/wp-content\/uploads\/2023\/05\/IMG_2519.jpeg","width":2284,"height":1285},{"@type":"BreadcrumbList","@id":"https:\/\/komma.ostfalia.de\/index.php\/locative-news-lightning-talk-im-rahmen-der-konferenz-participation-and-the-postdigital\/#breadcrumb","itemListElement":[{"@type":"ListItem","position":1,"name":"Startseite","item":"https:\/\/komma.ostfalia.de\/"},{"@type":"ListItem","position":2,"name":"Allgemein","item":"https:\/\/komma.ostfalia.de\/index.php\/kategorie\/allgemein\/"},{"@type":"ListItem","position":3,"name":"\u201aLocative News\u2018: Lightning Talk im Rahmen der Konferenz \u201eParticipation and the Postdigital\u201c"}]},{"@type":"WebSite","@id":"https:\/\/komma.ostfalia.de\/#website","url":"https:\/\/komma.ostfalia.de\/","name":"KomMa","description":"Professur f\u00fcr Kommunikationsmanagement","publisher":{"@id":"https:\/\/komma.ostfalia.de\/#organization"},"potentialAction":[{"@type":"SearchAction","target":{"@type":"EntryPoint","urlTemplate":"https:\/\/komma.ostfalia.de\/?s={search_term_string}"},"query-input":"required name=search_term_string"}],"inLanguage":"de"},{"@type":"Organization","@id":"https:\/\/komma.ostfalia.de\/#organization","name":"KomMa - Professur f\u00fcr Kommunikationsmanagement","url":"https:\/\/komma.ostfalia.de\/","logo":{"@type":"ImageObject","inLanguage":"de","@id":"https:\/\/komma.ostfalia.de\/#\/schema\/logo\/image\/","url":"https:\/\/komma.ostfalia.de\/wp-content\/uploads\/2020\/05\/komma-signet.png","contentUrl":"https:\/\/komma.ostfalia.de\/wp-content\/uploads\/2020\/05\/komma-signet.png","width":512,"height":512,"caption":"KomMa - Professur f\u00fcr Kommunikationsmanagement"},"image":{"@id":"https:\/\/komma.ostfalia.de\/#\/schema\/logo\/image\/"},"sameAs":["https:\/\/twitter.com\/komma_ostfalia"]},{"@type":"Person","@id":"https:\/\/komma.ostfalia.de\/#\/schema\/person\/2c0769382a6abb3eb8dc4fd5909f70cc","name":"Niklas Wils","image":{"@type":"ImageObject","inLanguage":"de","@id":"https:\/\/komma.ostfalia.de\/#\/schema\/person\/image\/","url":"https:\/\/secure.gravatar.com\/avatar\/d732e66c1e5fabb7e2628b1d44cd70d7?s=96&d=mm&r=g","contentUrl":"https:\/\/secure.gravatar.com\/avatar\/d732e66c1e5fabb7e2628b1d44cd70d7?s=96&d=mm&r=g","caption":"Niklas Wils"}}]}},"_links":{"self":[{"href":"https:\/\/komma.ostfalia.de\/index.php\/wp-json\/wp\/v2\/posts\/12153"}],"collection":[{"href":"https:\/\/komma.ostfalia.de\/index.php\/wp-json\/wp\/v2\/posts"}],"about":[{"href":"https:\/\/komma.ostfalia.de\/index.php\/wp-json\/wp\/v2\/types\/post"}],"author":[{"embeddable":true,"href":"https:\/\/komma.ostfalia.de\/index.php\/wp-json\/wp\/v2\/users\/30"}],"replies":[{"embeddable":true,"href":"https:\/\/komma.ostfalia.de\/index.php\/wp-json\/wp\/v2\/comments?post=12153"}],"version-history":[{"count":4,"href":"https:\/\/komma.ostfalia.de\/index.php\/wp-json\/wp\/v2\/posts\/12153\/revisions"}],"predecessor-version":[{"id":12158,"href":"https:\/\/komma.ostfalia.de\/index.php\/wp-json\/wp\/v2\/posts\/12153\/revisions\/12158"}],"wp:featuredmedia":[{"embeddable":true,"href":"https:\/\/komma.ostfalia.de\/index.php\/wp-json\/wp\/v2\/media\/12157"}],"wp:attachment":[{"href":"https:\/\/komma.ostfalia.de\/index.php\/wp-json\/wp\/v2\/media?parent=12153"}],"wp:term":[{"taxonomy":"category","embeddable":true,"href":"https:\/\/komma.ostfalia.de\/index.php\/wp-json\/wp\/v2\/categories?post=12153"},{"taxonomy":"post_tag","embeddable":true,"href":"https:\/\/komma.ostfalia.de\/index.php\/wp-json\/wp\/v2\/tags?post=12153"}],"curies":[{"name":"wp","href":"https:\/\/api.w.org\/{rel}","templated":true}]}}