{"id":1215,"date":"2018-05-23T13:43:44","date_gmt":"2018-05-23T11:43:44","guid":{"rendered":"https:\/\/komma.ostfalia.de\/?p=1215"},"modified":"2020-05-16T09:34:20","modified_gmt":"2020-05-16T07:34:20","slug":"world-media-economics-and-management-conference-2018-in-kapstadt","status":"publish","type":"post","link":"https:\/\/komma.ostfalia.de\/index.php\/world-media-economics-and-management-conference-2018-in-kapstadt\/","title":{"rendered":"World Media Economics and Management Conference 2018 in Kapstadt"},"content":{"rendered":"\t\t<div data-elementor-type=\"wp-post\" data-elementor-id=\"1215\" class=\"elementor elementor-1215 elementor-bc-flex-widget\">\n\t\t\t\t\t\t<section class=\"elementor-section elementor-top-section elementor-element elementor-element-64eb832b elementor-section-boxed elementor-section-height-default elementor-section-height-default\" data-id=\"64eb832b\" data-element_type=\"section\" data-settings=\"{&quot;background_background&quot;:&quot;classic&quot;}\">\n\t\t\t\t\t\t<div class=\"elementor-container elementor-column-gap-default\">\n\t\t\t\t\t<div class=\"elementor-column elementor-col-100 elementor-top-column elementor-element elementor-element-2b75e19c\" data-id=\"2b75e19c\" data-element_type=\"column\">\n\t\t\t<div class=\"elementor-widget-wrap elementor-element-populated\">\n\t\t\t\t\t\t<div class=\"elementor-element elementor-element-3a6c03dc elementor-widget elementor-widget-heading\" data-id=\"3a6c03dc\" data-element_type=\"widget\" data-widget_type=\"heading.default\">\n\t\t\t\t<div class=\"elementor-widget-container\">\n\t\t\t<h2 class=\"elementor-heading-title elementor-size-small\">World Media Economics and Management Conference 2018<\/h2>\t\t<\/div>\n\t\t\t\t<\/div>\n\t\t\t\t\t<\/div>\n\t\t<\/div>\n\t\t\t\t\t<\/div>\n\t\t<\/section>\n\t\t\t\t<section class=\"elementor-section elementor-top-section elementor-element elementor-element-2033f6b5 elementor-section-boxed elementor-section-height-default elementor-section-height-default\" data-id=\"2033f6b5\" data-element_type=\"section\">\n\t\t\t\t\t\t<div class=\"elementor-container elementor-column-gap-no\">\n\t\t\t\t\t<div class=\"elementor-column elementor-col-50 elementor-top-column elementor-element elementor-element-682afabf\" data-id=\"682afabf\" data-element_type=\"column\" data-settings=\"{&quot;background_background&quot;:&quot;classic&quot;}\">\n\t\t\t<div class=\"elementor-widget-wrap elementor-element-populated\">\n\t\t\t\t\t\t<div class=\"elementor-element elementor-element-1fba95ce elementor-widget elementor-widget-text-editor\" data-id=\"1fba95ce\" data-element_type=\"widget\" data-widget_type=\"text-editor.default\">\n\t\t\t\t<div class=\"elementor-widget-container\">\n\t\t\t\t\t\t\t<div class=\"elementor-element-overlay\"><p><span style=\"font-size: 12pt;\">Die &#8220;World Media Economics and Management Conference&#8221;, die alle zwei Jahre die wichtigsten Forscher des Feldes vereint, war 2018 f\u00fcr die Professur Kommunikationsmanagement ein voller Erfolg.<\/span><\/p><p><span style=\"font-size: 12pt;\">Harald Rau pr\u00e4sentierte in Kapstadt (S\u00fcdafrika) \u00a0zwei Beitr\u00e4ge, die f\u00fcr die international wichtigste Medien\u00f6konomie-Konferenz als &#8220;Full Paper&#8221; ausgearbeitet wurden: &#8220;Strategic Management &#8211; or: a denial of transparency! Broadcasters and Producers in Public Service Broadcasting&#8221; und &#8220;The theory behind clickbaits&#8230; Commercialized Journalism in today&#8217;s view&#8221;. Er verarbeitete aktuelle Forschungsergebnisse aus den KomMa-Projekten.<\/span><\/p><\/div>\t\t\t\t\t\t<\/div>\n\t\t\t\t<\/div>\n\t\t\t\t\t<\/div>\n\t\t<\/div>\n\t\t\t\t<div class=\"elementor-column elementor-col-50 elementor-top-column elementor-element elementor-element-669b758c\" data-id=\"669b758c\" data-element_type=\"column\">\n\t\t\t<div class=\"elementor-widget-wrap elementor-element-populated\">\n\t\t\t\t\t\t<div class=\"elementor-element elementor-element-63c6b4ef elementor-widget elementor-widget-image-carousel\" data-id=\"63c6b4ef\" data-element_type=\"widget\" data-settings=\"{&quot;slides_to_show&quot;:&quot;1&quot;,&quot;navigation&quot;:&quot;none&quot;,&quot;autoplay&quot;:&quot;yes&quot;,&quot;pause_on_hover&quot;:&quot;yes&quot;,&quot;pause_on_interaction&quot;:&quot;yes&quot;,&quot;autoplay_speed&quot;:5000,&quot;infinite&quot;:&quot;yes&quot;,&quot;effect&quot;:&quot;slide&quot;,&quot;speed&quot;:500}\" data-widget_type=\"image-carousel.default\">\n\t\t\t\t<div class=\"elementor-widget-container\">\n\t\t\t\t\t<div class=\"elementor-image-carousel-wrapper swiper\" dir=\"ltr\">\n\t\t\t<div class=\"elementor-image-carousel swiper-wrapper\" aria-live=\"off\">\n\t\t\t\t\t\t\t\t<div class=\"swiper-slide\" role=\"group\" aria-roledescription=\"slide\" aria-label=\"1 von 4\"><figure class=\"swiper-slide-inner\"><img decoding=\"async\" class=\"swiper-slide-image\" src=\"https:\/\/komma.ostfalia.de\/wp-content\/uploads\/elementor\/thumbs\/Kapstadt8_web-pkjm5sm6a3rwbjjsux8urs61b4sclvzysd37xc16cu.jpg\" alt=\"Kapstadt8_web\" \/><\/figure><\/div><div class=\"swiper-slide\" role=\"group\" aria-roledescription=\"slide\" aria-label=\"2 von 4\"><figure class=\"swiper-slide-inner\"><img decoding=\"async\" class=\"swiper-slide-image\" src=\"https:\/\/komma.ostfalia.de\/wp-content\/uploads\/elementor\/thumbs\/Kapstadt6_web-pkjm5sm6a3rwbjjsux8urs61b4sclvzysd37xc16cu.jpg\" alt=\"Kapstadt6_web\" \/><\/figure><\/div><div class=\"swiper-slide\" role=\"group\" aria-roledescription=\"slide\" aria-label=\"3 von 4\"><figure class=\"swiper-slide-inner\"><img decoding=\"async\" class=\"swiper-slide-image\" src=\"https:\/\/komma.ostfalia.de\/wp-content\/uploads\/elementor\/thumbs\/Kapstadt2_web-pkjm5sm6a3rwbjjsux8urs61b4sclvzysd37xc16cu.jpg\" alt=\"Kapstadt2_web\" \/><\/figure><\/div><div class=\"swiper-slide\" role=\"group\" aria-roledescription=\"slide\" aria-label=\"4 von 4\"><figure class=\"swiper-slide-inner\"><img decoding=\"async\" class=\"swiper-slide-image\" src=\"https:\/\/komma.ostfalia.de\/wp-content\/uploads\/elementor\/thumbs\/Kapstadt1_web-pkjm5sm6a3rwbjjsux8urs61b4sclvzysd37xc16cu.jpg\" alt=\"Kapstadt1_web\" \/><\/figure><\/div>\t\t\t<\/div>\n\t\t\t\t\t\t\t\n\t\t\t\t\t\t\t\t\t<\/div>\n\t\t\t\t<\/div>\n\t\t\t\t<\/div>\n\t\t\t\t\t<\/div>\n\t\t<\/div>\n\t\t\t\t\t<\/div>\n\t\t<\/section>\n\t\t\t\t<section class=\"elementor-section elementor-top-section elementor-element elementor-element-58023d4b elementor-section-full_width elementor-reverse-mobile elementor-section-height-default elementor-section-height-default\" data-id=\"58023d4b\" data-element_type=\"section\" data-settings=\"{&quot;background_background&quot;:&quot;classic&quot;}\">\n\t\t\t\t\t\t<div class=\"elementor-container elementor-column-gap-no\">\n\t\t\t\t\t<div class=\"elementor-column elementor-col-50 elementor-top-column elementor-element elementor-element-5f6de503\" data-id=\"5f6de503\" data-element_type=\"column\" data-settings=\"{&quot;background_background&quot;:&quot;classic&quot;}\">\n\t\t\t<div class=\"elementor-widget-wrap elementor-element-populated\">\n\t\t\t\t\t\t<div class=\"elementor-element elementor-element-5b29e40a elementor-widget elementor-widget-google_maps\" data-id=\"5b29e40a\" data-element_type=\"widget\" data-widget_type=\"google_maps.default\">\n\t\t\t\t<div class=\"elementor-widget-container\">\n\t\t\t\t\t<div class=\"elementor-custom-embed\">\n\t\t\t<iframe loading=\"lazy\"\n\t\t\t\t\tsrc=\"https:\/\/maps.google.com\/maps?q=Capetown&#038;t=m&#038;z=5&#038;output=embed&#038;iwloc=near\"\n\t\t\t\t\ttitle=\"Capetown\"\n\t\t\t\t\taria-label=\"Capetown\"\n\t\t\t><\/iframe>\n\t\t<\/div>\n\t\t\t\t<\/div>\n\t\t\t\t<\/div>\n\t\t\t\t\t<\/div>\n\t\t<\/div>\n\t\t\t\t<div class=\"elementor-column elementor-col-50 elementor-top-column elementor-element elementor-element-460a803e\" data-id=\"460a803e\" data-element_type=\"column\" data-settings=\"{&quot;background_background&quot;:&quot;classic&quot;}\">\n\t\t\t<div class=\"elementor-widget-wrap elementor-element-populated\">\n\t\t\t\t\t\t<div class=\"elementor-element elementor-element-0750916 elementor-icon-list--layout-traditional elementor-list-item-link-full_width elementor-widget elementor-widget-icon-list\" data-id=\"0750916\" data-element_type=\"widget\" data-widget_type=\"icon-list.default\">\n\t\t\t\t<div class=\"elementor-widget-container\">\n\t\t\t\t\t<ul class=\"elementor-icon-list-items\">\n\t\t\t\t\t\t\t<li class=\"elementor-icon-list-item\">\n\t\t\t\t\t\t\t\t\t\t\t<a href=\"http:\/\/spi.ru.ac.za\/\" target=\"_blank\">\n\n\t\t\t\t\t\t\t\t\t\t\t\t<span class=\"elementor-icon-list-icon\">\n\t\t\t\t\t\t\t\t\t\t\t\t\t\t\t\t<i class=\"fa fa-external-link\" aria-hidden=\"true\"><\/i>\n\t\t\t\t\t\t\t\t\t\t\t\t\t<\/span>\n\t\t\t\t\t\t\t\t\t\t<span class=\"elementor-icon-list-text\">Link zur offiziellen Seite der WMEMC 2018<\/span>\n\t\t\t\t\t\t\t\t\t\t\t<\/a>\n\t\t\t\t\t\t\t\t\t<\/li>\n\t\t\t\t\t\t<\/ul>\n\t\t\t\t<\/div>\n\t\t\t\t<\/div>\n\t\t\t\t<div class=\"elementor-element elementor-element-bd74fcb elementor-widget elementor-widget-text-editor\" data-id=\"bd74fcb\" data-element_type=\"widget\" data-widget_type=\"text-editor.default\">\n\t\t\t\t<div class=\"elementor-widget-container\">\n\t\t\t\t\t\t\t<p>Pr\u00e4sentationen f\u00fcr die WMEMC 2018:<\/p><p><a href=\"https:\/\/komma.ostfalia.de\/wp-content\/uploads\/2018\/05\/20180504_PSB.pdf\">Strategic Management &#8211; or: a denial of transparency! Broadcasters and Producers in &#8220;Public Service Broadcasting&#8221;<\/a><\/p><p><a href=\"https:\/\/komma.ostfalia.de\/wp-content\/uploads\/2018\/05\/20180504_Adaptation.pdf\">The theory behind clickbaits\u2026 Commercialized Journalism in today\u2019s view<\/a><\/p>\t\t\t\t\t\t<\/div>\n\t\t\t\t<\/div>\n\t\t\t\t\t<\/div>\n\t\t<\/div>\n\t\t\t\t\t<\/div>\n\t\t<\/section>\n\t\t\t\t<\/div>\n\t\t","protected":false},"excerpt":{"rendered":"<p>World Media Economics and Management Conference 2018 Die &#8220;World Media Economics and Management Conference&#8221;, die alle zwei Jahre die wichtigsten Forscher des Feldes vereint, war 2018 f\u00fcr die Professur Kommunikationsmanagement ein voller Erfolg. Harald Rau pr\u00e4sentierte in Kapstadt (S\u00fcdafrika) \u00a0zwei Beitr\u00e4ge, die f\u00fcr die international wichtigste Medien\u00f6konomie-Konferenz als &#8220;Full Paper&#8221; ausgearbeitet wurden: &#8220;Strategic Management &#8211; [&hellip;]<\/p>\n","protected":false},"author":3,"featured_media":0,"comment_status":"open","ping_status":"open","sticky":false,"template":"","format":"standard","meta":{"_acf_changed":false,"footnotes":""},"categories":[6],"tags":[9,10,11],"acf":[],"yoast_head":"<title>World Media Economics and Management Conference 2018 in Kapstadt - KomMa<\/title>\n<meta name=\"robots\" content=\"index, follow, max-snippet:-1, max-image-preview:large, max-video-preview:-1\" \/>\n<link rel=\"canonical\" href=\"https:\/\/komma.ostfalia.de\/index.php\/world-media-economics-and-management-conference-2018-in-kapstadt\/\" \/>\n<meta property=\"og:locale\" content=\"de_DE\" \/>\n<meta property=\"og:type\" content=\"article\" \/>\n<meta property=\"og:title\" content=\"World Media Economics and Management Conference 2018 in Kapstadt - KomMa\" \/>\n<meta property=\"og:description\" content=\"World Media Economics and Management Conference 2018 Die &#8220;World Media Economics and Management Conference&#8221;, die alle zwei Jahre die wichtigsten Forscher des Feldes vereint, war 2018 f\u00fcr die Professur Kommunikationsmanagement ein voller Erfolg. Harald Rau pr\u00e4sentierte in Kapstadt (S\u00fcdafrika) \u00a0zwei Beitr\u00e4ge, die f\u00fcr die international wichtigste Medien\u00f6konomie-Konferenz als &#8220;Full Paper&#8221; ausgearbeitet wurden: &#8220;Strategic Management &#8211; [&hellip;]\" \/>\n<meta property=\"og:url\" content=\"https:\/\/komma.ostfalia.de\/index.php\/world-media-economics-and-management-conference-2018-in-kapstadt\/\" \/>\n<meta property=\"og:site_name\" content=\"KomMa\" \/>\n<meta property=\"article:published_time\" content=\"2018-05-23T11:43:44+00:00\" \/>\n<meta property=\"article:modified_time\" content=\"2020-05-16T07:34:20+00:00\" \/>\n<meta property=\"og:image\" content=\"https:\/\/komma.ostfalia.de\/wp-content\/uploads\/elementor\/thumbs\/Kapstadt8_web-nqmx5os6fo0pau79t0tm1dk00c23o535vjeg6b4ui6.jpg\" \/>\n<meta name=\"author\" content=\"Kathrin Wei\u00df\" \/>\n<meta name=\"twitter:card\" content=\"summary_large_image\" \/>\n<meta name=\"twitter:creator\" content=\"@komma_ostfalia\" \/>\n<meta name=\"twitter:site\" content=\"@komma_ostfalia\" \/>\n<meta name=\"twitter:label1\" content=\"Verfasst von\" \/>\n\t<meta name=\"twitter:data1\" content=\"Kathrin Wei\u00df\" \/>\n\t<meta name=\"twitter:label2\" content=\"Gesch\u00e4tzte Lesezeit\" \/>\n\t<meta name=\"twitter:data2\" content=\"1\u00a0Minute\" \/>\n<script type=\"application\/ld+json\" class=\"yoast-schema-graph\">{\"@context\":\"https:\/\/schema.org\",\"@graph\":[{\"@type\":\"Article\",\"@id\":\"https:\/\/komma.ostfalia.de\/index.php\/world-media-economics-and-management-conference-2018-in-kapstadt\/#article\",\"isPartOf\":{\"@id\":\"https:\/\/komma.ostfalia.de\/index.php\/world-media-economics-and-management-conference-2018-in-kapstadt\/\"},\"author\":{\"name\":\"Kathrin Wei\u00df\",\"@id\":\"https:\/\/komma.ostfalia.de\/#\/schema\/person\/ccad61dec33a1a14fad7728467456f4c\"},\"headline\":\"World Media Economics and Management Conference 2018 in Kapstadt\",\"datePublished\":\"2018-05-23T11:43:44+00:00\",\"dateModified\":\"2020-05-16T07:34:20+00:00\",\"mainEntityOfPage\":{\"@id\":\"https:\/\/komma.ostfalia.de\/index.php\/world-media-economics-and-management-conference-2018-in-kapstadt\/\"},\"wordCount\":134,\"commentCount\":0,\"publisher\":{\"@id\":\"https:\/\/komma.ostfalia.de\/#organization\"},\"image\":{\"@id\":\"https:\/\/komma.ostfalia.de\/index.php\/world-media-economics-and-management-conference-2018-in-kapstadt\/#primaryimage\"},\"thumbnailUrl\":\"https:\/\/komma.ostfalia.de\/wp-content\/uploads\/elementor\/thumbs\/Kapstadt8_web-nqmx5os6fo0pau79t0tm1dk00c23o535vjeg6b4ui6.jpg\",\"keywords\":[\"Kapstadt\",\"Konferenz\",\"WMEMC\"],\"articleSection\":[\"Konferenzen\"],\"inLanguage\":\"de\",\"potentialAction\":[{\"@type\":\"CommentAction\",\"name\":\"Comment\",\"target\":[\"https:\/\/komma.ostfalia.de\/index.php\/world-media-economics-and-management-conference-2018-in-kapstadt\/#respond\"]}]},{\"@type\":\"WebPage\",\"@id\":\"https:\/\/komma.ostfalia.de\/index.php\/world-media-economics-and-management-conference-2018-in-kapstadt\/\",\"url\":\"https:\/\/komma.ostfalia.de\/index.php\/world-media-economics-and-management-conference-2018-in-kapstadt\/\",\"name\":\"World Media Economics and Management Conference 2018 in Kapstadt - KomMa\",\"isPartOf\":{\"@id\":\"https:\/\/komma.ostfalia.de\/#website\"},\"primaryImageOfPage\":{\"@id\":\"https:\/\/komma.ostfalia.de\/index.php\/world-media-economics-and-management-conference-2018-in-kapstadt\/#primaryimage\"},\"image\":{\"@id\":\"https:\/\/komma.ostfalia.de\/index.php\/world-media-economics-and-management-conference-2018-in-kapstadt\/#primaryimage\"},\"thumbnailUrl\":\"https:\/\/komma.ostfalia.de\/wp-content\/uploads\/elementor\/thumbs\/Kapstadt8_web-nqmx5os6fo0pau79t0tm1dk00c23o535vjeg6b4ui6.jpg\",\"datePublished\":\"2018-05-23T11:43:44+00:00\",\"dateModified\":\"2020-05-16T07:34:20+00:00\",\"breadcrumb\":{\"@id\":\"https:\/\/komma.ostfalia.de\/index.php\/world-media-economics-and-management-conference-2018-in-kapstadt\/#breadcrumb\"},\"inLanguage\":\"de\",\"potentialAction\":[{\"@type\":\"ReadAction\",\"target\":[\"https:\/\/komma.ostfalia.de\/index.php\/world-media-economics-and-management-conference-2018-in-kapstadt\/\"]}]},{\"@type\":\"ImageObject\",\"inLanguage\":\"de\",\"@id\":\"https:\/\/komma.ostfalia.de\/index.php\/world-media-economics-and-management-conference-2018-in-kapstadt\/#primaryimage\",\"url\":\"https:\/\/komma.ostfalia.de\/wp-content\/uploads\/elementor\/thumbs\/Kapstadt8_web-nqmx5os6fo0pau79t0tm1dk00c23o535vjeg6b4ui6.jpg\",\"contentUrl\":\"https:\/\/komma.ostfalia.de\/wp-content\/uploads\/elementor\/thumbs\/Kapstadt8_web-nqmx5os6fo0pau79t0tm1dk00c23o535vjeg6b4ui6.jpg\"},{\"@type\":\"BreadcrumbList\",\"@id\":\"https:\/\/komma.ostfalia.de\/index.php\/world-media-economics-and-management-conference-2018-in-kapstadt\/#breadcrumb\",\"itemListElement\":[{\"@type\":\"ListItem\",\"position\":1,\"name\":\"Startseite\",\"item\":\"https:\/\/komma.ostfalia.de\/\"},{\"@type\":\"ListItem\",\"position\":2,\"name\":\"Konferenzen\",\"item\":\"https:\/\/komma.ostfalia.de\/index.php\/kategorie\/konferenzen\/\"},{\"@type\":\"ListItem\",\"position\":3,\"name\":\"World Media Economics and Management Conference 2018 in Kapstadt\"}]},{\"@type\":\"WebSite\",\"@id\":\"https:\/\/komma.ostfalia.de\/#website\",\"url\":\"https:\/\/komma.ostfalia.de\/\",\"name\":\"KomMa\",\"description\":\"Professur f\u00fcr Kommunikationsmanagement\",\"publisher\":{\"@id\":\"https:\/\/komma.ostfalia.de\/#organization\"},\"potentialAction\":[{\"@type\":\"SearchAction\",\"target\":{\"@type\":\"EntryPoint\",\"urlTemplate\":\"https:\/\/komma.ostfalia.de\/?s={search_term_string}\"},\"query-input\":\"required name=search_term_string\"}],\"inLanguage\":\"de\"},{\"@type\":\"Organization\",\"@id\":\"https:\/\/komma.ostfalia.de\/#organization\",\"name\":\"KomMa - Professur f\u00fcr Kommunikationsmanagement\",\"url\":\"https:\/\/komma.ostfalia.de\/\",\"logo\":{\"@type\":\"ImageObject\",\"inLanguage\":\"de\",\"@id\":\"https:\/\/komma.ostfalia.de\/#\/schema\/logo\/image\/\",\"url\":\"https:\/\/komma.ostfalia.de\/wp-content\/uploads\/2020\/05\/komma-signet.png\",\"contentUrl\":\"https:\/\/komma.ostfalia.de\/wp-content\/uploads\/2020\/05\/komma-signet.png\",\"width\":512,\"height\":512,\"caption\":\"KomMa - Professur f\u00fcr Kommunikationsmanagement\"},\"image\":{\"@id\":\"https:\/\/komma.ostfalia.de\/#\/schema\/logo\/image\/\"},\"sameAs\":[\"https:\/\/twitter.com\/komma_ostfalia\"]},{\"@type\":\"Person\",\"@id\":\"https:\/\/komma.ostfalia.de\/#\/schema\/person\/ccad61dec33a1a14fad7728467456f4c\",\"name\":\"Kathrin Wei\u00df\",\"image\":{\"@type\":\"ImageObject\",\"inLanguage\":\"de\",\"@id\":\"https:\/\/komma.ostfalia.de\/#\/schema\/person\/image\/\",\"url\":\"https:\/\/secure.gravatar.com\/avatar\/06680296b58a8fc412f1b7bf7c07fcc9?s=96&d=mm&r=g\",\"contentUrl\":\"https:\/\/secure.gravatar.com\/avatar\/06680296b58a8fc412f1b7bf7c07fcc9?s=96&d=mm&r=g\",\"caption\":\"Kathrin Wei\u00df\"}}]}<\/script>","yoast_head_json":{"title":"World Media Economics and Management Conference 2018 in Kapstadt - KomMa","robots":{"index":"index","follow":"follow","max-snippet":"max-snippet:-1","max-image-preview":"max-image-preview:large","max-video-preview":"max-video-preview:-1"},"canonical":"https:\/\/komma.ostfalia.de\/index.php\/world-media-economics-and-management-conference-2018-in-kapstadt\/","og_locale":"de_DE","og_type":"article","og_title":"World Media Economics and Management Conference 2018 in Kapstadt - KomMa","og_description":"World Media Economics and Management Conference 2018 Die &#8220;World Media Economics and Management Conference&#8221;, die alle zwei Jahre die wichtigsten Forscher des Feldes vereint, war 2018 f\u00fcr die Professur Kommunikationsmanagement ein voller Erfolg. Harald Rau pr\u00e4sentierte in Kapstadt (S\u00fcdafrika) \u00a0zwei Beitr\u00e4ge, die f\u00fcr die international wichtigste Medien\u00f6konomie-Konferenz als &#8220;Full Paper&#8221; ausgearbeitet wurden: &#8220;Strategic Management &#8211; [&hellip;]","og_url":"https:\/\/komma.ostfalia.de\/index.php\/world-media-economics-and-management-conference-2018-in-kapstadt\/","og_site_name":"KomMa","article_published_time":"2018-05-23T11:43:44+00:00","article_modified_time":"2020-05-16T07:34:20+00:00","og_image":[{"url":"https:\/\/komma.ostfalia.de\/wp-content\/uploads\/elementor\/thumbs\/Kapstadt8_web-nqmx5os6fo0pau79t0tm1dk00c23o535vjeg6b4ui6.jpg"}],"author":"Kathrin Wei\u00df","twitter_card":"summary_large_image","twitter_creator":"@komma_ostfalia","twitter_site":"@komma_ostfalia","twitter_misc":{"Verfasst von":"Kathrin Wei\u00df","Gesch\u00e4tzte Lesezeit":"1\u00a0Minute"},"schema":{"@context":"https:\/\/schema.org","@graph":[{"@type":"Article","@id":"https:\/\/komma.ostfalia.de\/index.php\/world-media-economics-and-management-conference-2018-in-kapstadt\/#article","isPartOf":{"@id":"https:\/\/komma.ostfalia.de\/index.php\/world-media-economics-and-management-conference-2018-in-kapstadt\/"},"author":{"name":"Kathrin Wei\u00df","@id":"https:\/\/komma.ostfalia.de\/#\/schema\/person\/ccad61dec33a1a14fad7728467456f4c"},"headline":"World Media Economics and Management Conference 2018 in Kapstadt","datePublished":"2018-05-23T11:43:44+00:00","dateModified":"2020-05-16T07:34:20+00:00","mainEntityOfPage":{"@id":"https:\/\/komma.ostfalia.de\/index.php\/world-media-economics-and-management-conference-2018-in-kapstadt\/"},"wordCount":134,"commentCount":0,"publisher":{"@id":"https:\/\/komma.ostfalia.de\/#organization"},"image":{"@id":"https:\/\/komma.ostfalia.de\/index.php\/world-media-economics-and-management-conference-2018-in-kapstadt\/#primaryimage"},"thumbnailUrl":"https:\/\/komma.ostfalia.de\/wp-content\/uploads\/elementor\/thumbs\/Kapstadt8_web-nqmx5os6fo0pau79t0tm1dk00c23o535vjeg6b4ui6.jpg","keywords":["Kapstadt","Konferenz","WMEMC"],"articleSection":["Konferenzen"],"inLanguage":"de","potentialAction":[{"@type":"CommentAction","name":"Comment","target":["https:\/\/komma.ostfalia.de\/index.php\/world-media-economics-and-management-conference-2018-in-kapstadt\/#respond"]}]},{"@type":"WebPage","@id":"https:\/\/komma.ostfalia.de\/index.php\/world-media-economics-and-management-conference-2018-in-kapstadt\/","url":"https:\/\/komma.ostfalia.de\/index.php\/world-media-economics-and-management-conference-2018-in-kapstadt\/","name":"World Media Economics and Management Conference 2018 in Kapstadt - KomMa","isPartOf":{"@id":"https:\/\/komma.ostfalia.de\/#website"},"primaryImageOfPage":{"@id":"https:\/\/komma.ostfalia.de\/index.php\/world-media-economics-and-management-conference-2018-in-kapstadt\/#primaryimage"},"image":{"@id":"https:\/\/komma.ostfalia.de\/index.php\/world-media-economics-and-management-conference-2018-in-kapstadt\/#primaryimage"},"thumbnailUrl":"https:\/\/komma.ostfalia.de\/wp-content\/uploads\/elementor\/thumbs\/Kapstadt8_web-nqmx5os6fo0pau79t0tm1dk00c23o535vjeg6b4ui6.jpg","datePublished":"2018-05-23T11:43:44+00:00","dateModified":"2020-05-16T07:34:20+00:00","breadcrumb":{"@id":"https:\/\/komma.ostfalia.de\/index.php\/world-media-economics-and-management-conference-2018-in-kapstadt\/#breadcrumb"},"inLanguage":"de","potentialAction":[{"@type":"ReadAction","target":["https:\/\/komma.ostfalia.de\/index.php\/world-media-economics-and-management-conference-2018-in-kapstadt\/"]}]},{"@type":"ImageObject","inLanguage":"de","@id":"https:\/\/komma.ostfalia.de\/index.php\/world-media-economics-and-management-conference-2018-in-kapstadt\/#primaryimage","url":"https:\/\/komma.ostfalia.de\/wp-content\/uploads\/elementor\/thumbs\/Kapstadt8_web-nqmx5os6fo0pau79t0tm1dk00c23o535vjeg6b4ui6.jpg","contentUrl":"https:\/\/komma.ostfalia.de\/wp-content\/uploads\/elementor\/thumbs\/Kapstadt8_web-nqmx5os6fo0pau79t0tm1dk00c23o535vjeg6b4ui6.jpg"},{"@type":"BreadcrumbList","@id":"https:\/\/komma.ostfalia.de\/index.php\/world-media-economics-and-management-conference-2018-in-kapstadt\/#breadcrumb","itemListElement":[{"@type":"ListItem","position":1,"name":"Startseite","item":"https:\/\/komma.ostfalia.de\/"},{"@type":"ListItem","position":2,"name":"Konferenzen","item":"https:\/\/komma.ostfalia.de\/index.php\/kategorie\/konferenzen\/"},{"@type":"ListItem","position":3,"name":"World Media Economics and Management Conference 2018 in Kapstadt"}]},{"@type":"WebSite","@id":"https:\/\/komma.ostfalia.de\/#website","url":"https:\/\/komma.ostfalia.de\/","name":"KomMa","description":"Professur f\u00fcr Kommunikationsmanagement","publisher":{"@id":"https:\/\/komma.ostfalia.de\/#organization"},"potentialAction":[{"@type":"SearchAction","target":{"@type":"EntryPoint","urlTemplate":"https:\/\/komma.ostfalia.de\/?s={search_term_string}"},"query-input":"required name=search_term_string"}],"inLanguage":"de"},{"@type":"Organization","@id":"https:\/\/komma.ostfalia.de\/#organization","name":"KomMa - Professur f\u00fcr Kommunikationsmanagement","url":"https:\/\/komma.ostfalia.de\/","logo":{"@type":"ImageObject","inLanguage":"de","@id":"https:\/\/komma.ostfalia.de\/#\/schema\/logo\/image\/","url":"https:\/\/komma.ostfalia.de\/wp-content\/uploads\/2020\/05\/komma-signet.png","contentUrl":"https:\/\/komma.ostfalia.de\/wp-content\/uploads\/2020\/05\/komma-signet.png","width":512,"height":512,"caption":"KomMa - Professur f\u00fcr Kommunikationsmanagement"},"image":{"@id":"https:\/\/komma.ostfalia.de\/#\/schema\/logo\/image\/"},"sameAs":["https:\/\/twitter.com\/komma_ostfalia"]},{"@type":"Person","@id":"https:\/\/komma.ostfalia.de\/#\/schema\/person\/ccad61dec33a1a14fad7728467456f4c","name":"Kathrin Wei\u00df","image":{"@type":"ImageObject","inLanguage":"de","@id":"https:\/\/komma.ostfalia.de\/#\/schema\/person\/image\/","url":"https:\/\/secure.gravatar.com\/avatar\/06680296b58a8fc412f1b7bf7c07fcc9?s=96&d=mm&r=g","contentUrl":"https:\/\/secure.gravatar.com\/avatar\/06680296b58a8fc412f1b7bf7c07fcc9?s=96&d=mm&r=g","caption":"Kathrin Wei\u00df"}}]}},"_links":{"self":[{"href":"https:\/\/komma.ostfalia.de\/index.php\/wp-json\/wp\/v2\/posts\/1215"}],"collection":[{"href":"https:\/\/komma.ostfalia.de\/index.php\/wp-json\/wp\/v2\/posts"}],"about":[{"href":"https:\/\/komma.ostfalia.de\/index.php\/wp-json\/wp\/v2\/types\/post"}],"author":[{"embeddable":true,"href":"https:\/\/komma.ostfalia.de\/index.php\/wp-json\/wp\/v2\/users\/3"}],"replies":[{"embeddable":true,"href":"https:\/\/komma.ostfalia.de\/index.php\/wp-json\/wp\/v2\/comments?post=1215"}],"version-history":[{"count":0,"href":"https:\/\/komma.ostfalia.de\/index.php\/wp-json\/wp\/v2\/posts\/1215\/revisions"}],"wp:attachment":[{"href":"https:\/\/komma.ostfalia.de\/index.php\/wp-json\/wp\/v2\/media?parent=1215"}],"wp:term":[{"taxonomy":"category","embeddable":true,"href":"https:\/\/komma.ostfalia.de\/index.php\/wp-json\/wp\/v2\/categories?post=1215"},{"taxonomy":"post_tag","embeddable":true,"href":"https:\/\/komma.ostfalia.de\/index.php\/wp-json\/wp\/v2\/tags?post=1215"}],"curies":[{"name":"wp","href":"https:\/\/api.w.org\/{rel}","templated":true}]}}