{"id":12095,"date":"2023-02-21T09:02:09","date_gmt":"2023-02-21T08:02:09","guid":{"rendered":"https:\/\/komma.ostfalia.de\/?p=12095"},"modified":"2023-02-21T09:05:13","modified_gmt":"2023-02-21T08:05:13","slug":"mediengueter-und-wie-wir-kuenftig-damit-umgehen","status":"publish","type":"post","link":"https:\/\/komma.ostfalia.de\/index.php\/mediengueter-und-wie-wir-kuenftig-damit-umgehen\/","title":{"rendered":"Medieng\u00fcter und wie wir k\u00fcnftig damit umgehen"},"content":{"rendered":"\t\t<div data-elementor-type=\"wp-post\" data-elementor-id=\"12095\" class=\"elementor elementor-12095\">\n\t\t\t\t\t\t<section class=\"elementor-section elementor-top-section elementor-element elementor-element-fa9ac66 elementor-section-boxed elementor-section-height-default elementor-section-height-default\" data-id=\"fa9ac66\" data-element_type=\"section\">\n\t\t\t\t\t\t<div class=\"elementor-container elementor-column-gap-default\">\n\t\t\t\t\t<div class=\"elementor-column elementor-col-100 elementor-top-column elementor-element elementor-element-c25a1f4\" data-id=\"c25a1f4\" data-element_type=\"column\">\n\t\t\t<div class=\"elementor-widget-wrap elementor-element-populated\">\n\t\t\t\t\t\t<div class=\"elementor-element elementor-element-bae59e1 elementor-widget elementor-widget-text-editor\" data-id=\"bae59e1\" data-element_type=\"widget\" data-widget_type=\"text-editor.default\">\n\t\t\t\t<div class=\"elementor-widget-container\">\n\t\t\t\t\t\t\t<p data-pm-slice=\"1 1 []\">Nachlese &#8211; \u201cMedia Work, Creative Products, and Intangible Asset for Sale\u201d &#8211; Medien\u00f6konomie pur: Wie sieht die Zukunft immaterieller Verm\u00f6gensg\u00fcter und die Vermarktung von Ergebnissen kreativer Schaffensprozesse aus, ganz unabh\u00e4ngig von Format und Kanal? Welche Entwicklungen lassen sich global beobachten, und auf was m\u00fcssen sich angehende Medienmanager vorbereiten? Spannende Fragen f\u00fcr eine Plenarsitzung bei der IMMAA-Jahrestagung in Portugal, der internationalen akademischen Vereinigung f\u00fcr Medienmanagement. Auf der Jahrestagung in Porto diskutierte KomMa-Professor an der Seite der neuen IMMAA-Pr\u00e4sidentin Ilhem Allagui (Northwestern University in Quatar) die Rolle von Hollywood-Blockbustern, europ\u00e4ischen Produktionen und kreativen Medieninnovationen (Bild 1). Neben den beiden mit auf dem Podium (Bild 2, von rechts):<\/p><ul class=\"ak-ul\"><li><p>Terry Flew, Sydney University<\/p><\/li><li><p>Ingrid M. Tolstad, Oslo Metropolitan University<\/p><\/li><li><p>Steve Wildman, Michigan State University<\/p><\/li><li><p>Mario Augusto, RTP \u2013 Journalist\/Radio Television of Portugal (Mitte)<\/p><\/li><li><p>Mercedes Medina, University of Navarra (dritte von links).<\/p><\/li><\/ul><p>\u00a0<\/p>\t\t\t\t\t\t<\/div>\n\t\t\t\t<\/div>\n\t\t\t\t\t<\/div>\n\t\t<\/div>\n\t\t\t\t\t<\/div>\n\t\t<\/section>\n\t\t\t\t<section class=\"elementor-section elementor-top-section elementor-element elementor-element-90d0be7 elementor-section-boxed elementor-section-height-default elementor-section-height-default\" data-id=\"90d0be7\" data-element_type=\"section\">\n\t\t\t\t\t\t<div class=\"elementor-container elementor-column-gap-default\">\n\t\t\t\t\t<div class=\"elementor-column elementor-col-100 elementor-top-column elementor-element elementor-element-9bd3eb6\" data-id=\"9bd3eb6\" data-element_type=\"column\">\n\t\t\t<div class=\"elementor-widget-wrap elementor-element-populated\">\n\t\t\t\t\t\t<div class=\"elementor-element elementor-element-87267aa elementor-widget elementor-widget-image\" data-id=\"87267aa\" data-element_type=\"widget\" data-widget_type=\"image.default\">\n\t\t\t\t<div class=\"elementor-widget-container\">\n\t\t\t\t\t\t\t\t\t\t\t\t\t<img fetchpriority=\"high\" decoding=\"async\" width=\"768\" height=\"512\" src=\"https:\/\/komma.ostfalia.de\/wp-content\/uploads\/2023\/02\/Mediengueter-und-wie-wir-kuenftig-damit-umgehen2-768x512.jpg\" class=\"attachment-medium_large size-medium_large wp-image-12098\" alt=\"\" srcset=\"https:\/\/komma.ostfalia.de\/wp-content\/uploads\/2023\/02\/Mediengueter-und-wie-wir-kuenftig-damit-umgehen2-768x512.jpg 768w, https:\/\/komma.ostfalia.de\/wp-content\/uploads\/2023\/02\/Mediengueter-und-wie-wir-kuenftig-damit-umgehen2-300x200.jpg 300w, https:\/\/komma.ostfalia.de\/wp-content\/uploads\/2023\/02\/Mediengueter-und-wie-wir-kuenftig-damit-umgehen2-1024x683.jpg 1024w, https:\/\/komma.ostfalia.de\/wp-content\/uploads\/2023\/02\/Mediengueter-und-wie-wir-kuenftig-damit-umgehen2-1536x1024.jpg 1536w, https:\/\/komma.ostfalia.de\/wp-content\/uploads\/2023\/02\/Mediengueter-und-wie-wir-kuenftig-damit-umgehen2-2048x1365.jpg 2048w\" sizes=\"(max-width: 768px) 100vw, 768px\" \/>\t\t\t\t\t\t\t\t\t\t\t\t\t<\/div>\n\t\t\t\t<\/div>\n\t\t\t\t<div class=\"elementor-element elementor-element-8d0af50 elementor-align-center elementor-widget elementor-widget-button\" data-id=\"8d0af50\" data-element_type=\"widget\" data-widget_type=\"button.default\">\n\t\t\t\t<div class=\"elementor-widget-container\">\n\t\t\t\t\t<div class=\"elementor-button-wrapper\">\n\t\t\t<a class=\"elementor-button elementor-button-link elementor-size-sm\" href=\"https:\/\/komma.ostfalia.de\/wp-content\/uploads\/2023\/02\/Program_IMMAA_2022_ConferencePorto.Final_.pdf\" target=\"_blank\">\n\t\t\t\t\t\t<span class=\"elementor-button-content-wrapper\">\n\t\t\t\t\t\t<span class=\"elementor-button-text\">Programm IMMA<\/span>\n\t\t<\/span>\n\t\t\t\t\t<\/a>\n\t\t<\/div>\n\t\t\t\t<\/div>\n\t\t\t\t<\/div>\n\t\t\t\t\t<\/div>\n\t\t<\/div>\n\t\t\t\t\t<\/div>\n\t\t<\/section>\n\t\t\t\t<\/div>\n\t\t","protected":false},"excerpt":{"rendered":"<p>Nachlese &#8211; \u201cMedia Work, Creative Products, and Intangible Asset for Sale\u201d &#8211; Medien\u00f6konomie pur: Wie sieht die Zukunft immaterieller Verm\u00f6gensg\u00fcter und die Vermarktung von Ergebnissen kreativer Schaffensprozesse aus, ganz unabh\u00e4ngig von Format und Kanal? Welche Entwicklungen lassen sich global beobachten, und auf was m\u00fcssen sich angehende Medienmanager vorbereiten? Spannende Fragen f\u00fcr eine Plenarsitzung bei der [&hellip;]<\/p>\n","protected":false},"author":30,"featured_media":12096,"comment_status":"open","ping_status":"open","sticky":false,"template":"","format":"standard","meta":{"_acf_changed":false,"footnotes":""},"categories":[1],"tags":[],"acf":[],"yoast_head":"<title>Medieng\u00fcter und wie wir k\u00fcnftig damit umgehen - KomMa<\/title>\n<meta name=\"robots\" content=\"index, follow, max-snippet:-1, max-image-preview:large, max-video-preview:-1\" \/>\n<link rel=\"canonical\" href=\"https:\/\/komma.ostfalia.de\/index.php\/mediengueter-und-wie-wir-kuenftig-damit-umgehen\/\" \/>\n<meta property=\"og:locale\" content=\"de_DE\" \/>\n<meta property=\"og:type\" content=\"article\" \/>\n<meta property=\"og:title\" content=\"Medieng\u00fcter und wie wir k\u00fcnftig damit umgehen - KomMa\" \/>\n<meta property=\"og:description\" content=\"Nachlese &#8211; \u201cMedia Work, Creative Products, and Intangible Asset for Sale\u201d &#8211; Medien\u00f6konomie pur: Wie sieht die Zukunft immaterieller Verm\u00f6gensg\u00fcter und die Vermarktung von Ergebnissen kreativer Schaffensprozesse aus, ganz unabh\u00e4ngig von Format und Kanal? Welche Entwicklungen lassen sich global beobachten, und auf was m\u00fcssen sich angehende Medienmanager vorbereiten? Spannende Fragen f\u00fcr eine Plenarsitzung bei der [&hellip;]\" \/>\n<meta property=\"og:url\" content=\"https:\/\/komma.ostfalia.de\/index.php\/mediengueter-und-wie-wir-kuenftig-damit-umgehen\/\" \/>\n<meta property=\"og:site_name\" content=\"KomMa\" \/>\n<meta property=\"article:published_time\" content=\"2023-02-21T08:02:09+00:00\" \/>\n<meta property=\"article:modified_time\" content=\"2023-02-21T08:05:13+00:00\" \/>\n<meta property=\"og:image\" content=\"https:\/\/komma.ostfalia.de\/wp-content\/uploads\/2023\/02\/Mediengueter-und-wie-wir-kuenftig-damit-umgehen-scaled.jpg\" \/>\n\t<meta property=\"og:image:width\" content=\"2560\" \/>\n\t<meta property=\"og:image:height\" content=\"1707\" \/>\n\t<meta property=\"og:image:type\" content=\"image\/jpeg\" \/>\n<meta name=\"author\" content=\"Niklas Wils\" \/>\n<meta name=\"twitter:card\" content=\"summary_large_image\" \/>\n<meta name=\"twitter:creator\" content=\"@komma_ostfalia\" \/>\n<meta name=\"twitter:site\" content=\"@komma_ostfalia\" \/>\n<meta name=\"twitter:label1\" content=\"Verfasst von\" \/>\n\t<meta name=\"twitter:data1\" content=\"Niklas Wils\" \/>\n\t<meta name=\"twitter:label2\" content=\"Gesch\u00e4tzte Lesezeit\" \/>\n\t<meta name=\"twitter:data2\" content=\"1\u00a0Minute\" \/>\n<script type=\"application\/ld+json\" class=\"yoast-schema-graph\">{\"@context\":\"https:\/\/schema.org\",\"@graph\":[{\"@type\":\"Article\",\"@id\":\"https:\/\/komma.ostfalia.de\/index.php\/mediengueter-und-wie-wir-kuenftig-damit-umgehen\/#article\",\"isPartOf\":{\"@id\":\"https:\/\/komma.ostfalia.de\/index.php\/mediengueter-und-wie-wir-kuenftig-damit-umgehen\/\"},\"author\":{\"name\":\"Niklas Wils\",\"@id\":\"https:\/\/komma.ostfalia.de\/#\/schema\/person\/2c0769382a6abb3eb8dc4fd5909f70cc\"},\"headline\":\"Medieng\u00fcter und wie wir k\u00fcnftig damit umgehen\",\"datePublished\":\"2023-02-21T08:02:09+00:00\",\"dateModified\":\"2023-02-21T08:05:13+00:00\",\"mainEntityOfPage\":{\"@id\":\"https:\/\/komma.ostfalia.de\/index.php\/mediengueter-und-wie-wir-kuenftig-damit-umgehen\/\"},\"wordCount\":155,\"commentCount\":0,\"publisher\":{\"@id\":\"https:\/\/komma.ostfalia.de\/#organization\"},\"image\":{\"@id\":\"https:\/\/komma.ostfalia.de\/index.php\/mediengueter-und-wie-wir-kuenftig-damit-umgehen\/#primaryimage\"},\"thumbnailUrl\":\"https:\/\/komma.ostfalia.de\/wp-content\/uploads\/2023\/02\/Mediengueter-und-wie-wir-kuenftig-damit-umgehen-scaled.jpg\",\"inLanguage\":\"de\",\"potentialAction\":[{\"@type\":\"CommentAction\",\"name\":\"Comment\",\"target\":[\"https:\/\/komma.ostfalia.de\/index.php\/mediengueter-und-wie-wir-kuenftig-damit-umgehen\/#respond\"]}]},{\"@type\":\"WebPage\",\"@id\":\"https:\/\/komma.ostfalia.de\/index.php\/mediengueter-und-wie-wir-kuenftig-damit-umgehen\/\",\"url\":\"https:\/\/komma.ostfalia.de\/index.php\/mediengueter-und-wie-wir-kuenftig-damit-umgehen\/\",\"name\":\"Medieng\u00fcter und wie wir k\u00fcnftig damit umgehen - KomMa\",\"isPartOf\":{\"@id\":\"https:\/\/komma.ostfalia.de\/#website\"},\"primaryImageOfPage\":{\"@id\":\"https:\/\/komma.ostfalia.de\/index.php\/mediengueter-und-wie-wir-kuenftig-damit-umgehen\/#primaryimage\"},\"image\":{\"@id\":\"https:\/\/komma.ostfalia.de\/index.php\/mediengueter-und-wie-wir-kuenftig-damit-umgehen\/#primaryimage\"},\"thumbnailUrl\":\"https:\/\/komma.ostfalia.de\/wp-content\/uploads\/2023\/02\/Mediengueter-und-wie-wir-kuenftig-damit-umgehen-scaled.jpg\",\"datePublished\":\"2023-02-21T08:02:09+00:00\",\"dateModified\":\"2023-02-21T08:05:13+00:00\",\"breadcrumb\":{\"@id\":\"https:\/\/komma.ostfalia.de\/index.php\/mediengueter-und-wie-wir-kuenftig-damit-umgehen\/#breadcrumb\"},\"inLanguage\":\"de\",\"potentialAction\":[{\"@type\":\"ReadAction\",\"target\":[\"https:\/\/komma.ostfalia.de\/index.php\/mediengueter-und-wie-wir-kuenftig-damit-umgehen\/\"]}]},{\"@type\":\"ImageObject\",\"inLanguage\":\"de\",\"@id\":\"https:\/\/komma.ostfalia.de\/index.php\/mediengueter-und-wie-wir-kuenftig-damit-umgehen\/#primaryimage\",\"url\":\"https:\/\/komma.ostfalia.de\/wp-content\/uploads\/2023\/02\/Mediengueter-und-wie-wir-kuenftig-damit-umgehen-scaled.jpg\",\"contentUrl\":\"https:\/\/komma.ostfalia.de\/wp-content\/uploads\/2023\/02\/Mediengueter-und-wie-wir-kuenftig-damit-umgehen-scaled.jpg\",\"width\":2560,\"height\":1707},{\"@type\":\"BreadcrumbList\",\"@id\":\"https:\/\/komma.ostfalia.de\/index.php\/mediengueter-und-wie-wir-kuenftig-damit-umgehen\/#breadcrumb\",\"itemListElement\":[{\"@type\":\"ListItem\",\"position\":1,\"name\":\"Startseite\",\"item\":\"https:\/\/komma.ostfalia.de\/\"},{\"@type\":\"ListItem\",\"position\":2,\"name\":\"Allgemein\",\"item\":\"https:\/\/komma.ostfalia.de\/index.php\/kategorie\/allgemein\/\"},{\"@type\":\"ListItem\",\"position\":3,\"name\":\"Medieng\u00fcter und wie wir k\u00fcnftig damit umgehen\"}]},{\"@type\":\"WebSite\",\"@id\":\"https:\/\/komma.ostfalia.de\/#website\",\"url\":\"https:\/\/komma.ostfalia.de\/\",\"name\":\"KomMa\",\"description\":\"Professur f\u00fcr Kommunikationsmanagement\",\"publisher\":{\"@id\":\"https:\/\/komma.ostfalia.de\/#organization\"},\"potentialAction\":[{\"@type\":\"SearchAction\",\"target\":{\"@type\":\"EntryPoint\",\"urlTemplate\":\"https:\/\/komma.ostfalia.de\/?s={search_term_string}\"},\"query-input\":\"required name=search_term_string\"}],\"inLanguage\":\"de\"},{\"@type\":\"Organization\",\"@id\":\"https:\/\/komma.ostfalia.de\/#organization\",\"name\":\"KomMa - Professur f\u00fcr Kommunikationsmanagement\",\"url\":\"https:\/\/komma.ostfalia.de\/\",\"logo\":{\"@type\":\"ImageObject\",\"inLanguage\":\"de\",\"@id\":\"https:\/\/komma.ostfalia.de\/#\/schema\/logo\/image\/\",\"url\":\"https:\/\/komma.ostfalia.de\/wp-content\/uploads\/2020\/05\/komma-signet.png\",\"contentUrl\":\"https:\/\/komma.ostfalia.de\/wp-content\/uploads\/2020\/05\/komma-signet.png\",\"width\":512,\"height\":512,\"caption\":\"KomMa - Professur f\u00fcr Kommunikationsmanagement\"},\"image\":{\"@id\":\"https:\/\/komma.ostfalia.de\/#\/schema\/logo\/image\/\"},\"sameAs\":[\"https:\/\/twitter.com\/komma_ostfalia\"]},{\"@type\":\"Person\",\"@id\":\"https:\/\/komma.ostfalia.de\/#\/schema\/person\/2c0769382a6abb3eb8dc4fd5909f70cc\",\"name\":\"Niklas Wils\",\"image\":{\"@type\":\"ImageObject\",\"inLanguage\":\"de\",\"@id\":\"https:\/\/komma.ostfalia.de\/#\/schema\/person\/image\/\",\"url\":\"https:\/\/secure.gravatar.com\/avatar\/d732e66c1e5fabb7e2628b1d44cd70d7?s=96&d=mm&r=g\",\"contentUrl\":\"https:\/\/secure.gravatar.com\/avatar\/d732e66c1e5fabb7e2628b1d44cd70d7?s=96&d=mm&r=g\",\"caption\":\"Niklas Wils\"}}]}<\/script>","yoast_head_json":{"title":"Medieng\u00fcter und wie wir k\u00fcnftig damit umgehen - KomMa","robots":{"index":"index","follow":"follow","max-snippet":"max-snippet:-1","max-image-preview":"max-image-preview:large","max-video-preview":"max-video-preview:-1"},"canonical":"https:\/\/komma.ostfalia.de\/index.php\/mediengueter-und-wie-wir-kuenftig-damit-umgehen\/","og_locale":"de_DE","og_type":"article","og_title":"Medieng\u00fcter und wie wir k\u00fcnftig damit umgehen - KomMa","og_description":"Nachlese &#8211; \u201cMedia Work, Creative Products, and Intangible Asset for Sale\u201d &#8211; Medien\u00f6konomie pur: Wie sieht die Zukunft immaterieller Verm\u00f6gensg\u00fcter und die Vermarktung von Ergebnissen kreativer Schaffensprozesse aus, ganz unabh\u00e4ngig von Format und Kanal? Welche Entwicklungen lassen sich global beobachten, und auf was m\u00fcssen sich angehende Medienmanager vorbereiten? Spannende Fragen f\u00fcr eine Plenarsitzung bei der [&hellip;]","og_url":"https:\/\/komma.ostfalia.de\/index.php\/mediengueter-und-wie-wir-kuenftig-damit-umgehen\/","og_site_name":"KomMa","article_published_time":"2023-02-21T08:02:09+00:00","article_modified_time":"2023-02-21T08:05:13+00:00","og_image":[{"width":2560,"height":1707,"url":"https:\/\/komma.ostfalia.de\/wp-content\/uploads\/2023\/02\/Mediengueter-und-wie-wir-kuenftig-damit-umgehen-scaled.jpg","type":"image\/jpeg"}],"author":"Niklas Wils","twitter_card":"summary_large_image","twitter_creator":"@komma_ostfalia","twitter_site":"@komma_ostfalia","twitter_misc":{"Verfasst von":"Niklas Wils","Gesch\u00e4tzte Lesezeit":"1\u00a0Minute"},"schema":{"@context":"https:\/\/schema.org","@graph":[{"@type":"Article","@id":"https:\/\/komma.ostfalia.de\/index.php\/mediengueter-und-wie-wir-kuenftig-damit-umgehen\/#article","isPartOf":{"@id":"https:\/\/komma.ostfalia.de\/index.php\/mediengueter-und-wie-wir-kuenftig-damit-umgehen\/"},"author":{"name":"Niklas Wils","@id":"https:\/\/komma.ostfalia.de\/#\/schema\/person\/2c0769382a6abb3eb8dc4fd5909f70cc"},"headline":"Medieng\u00fcter und wie wir k\u00fcnftig damit umgehen","datePublished":"2023-02-21T08:02:09+00:00","dateModified":"2023-02-21T08:05:13+00:00","mainEntityOfPage":{"@id":"https:\/\/komma.ostfalia.de\/index.php\/mediengueter-und-wie-wir-kuenftig-damit-umgehen\/"},"wordCount":155,"commentCount":0,"publisher":{"@id":"https:\/\/komma.ostfalia.de\/#organization"},"image":{"@id":"https:\/\/komma.ostfalia.de\/index.php\/mediengueter-und-wie-wir-kuenftig-damit-umgehen\/#primaryimage"},"thumbnailUrl":"https:\/\/komma.ostfalia.de\/wp-content\/uploads\/2023\/02\/Mediengueter-und-wie-wir-kuenftig-damit-umgehen-scaled.jpg","inLanguage":"de","potentialAction":[{"@type":"CommentAction","name":"Comment","target":["https:\/\/komma.ostfalia.de\/index.php\/mediengueter-und-wie-wir-kuenftig-damit-umgehen\/#respond"]}]},{"@type":"WebPage","@id":"https:\/\/komma.ostfalia.de\/index.php\/mediengueter-und-wie-wir-kuenftig-damit-umgehen\/","url":"https:\/\/komma.ostfalia.de\/index.php\/mediengueter-und-wie-wir-kuenftig-damit-umgehen\/","name":"Medieng\u00fcter und wie wir k\u00fcnftig damit umgehen - KomMa","isPartOf":{"@id":"https:\/\/komma.ostfalia.de\/#website"},"primaryImageOfPage":{"@id":"https:\/\/komma.ostfalia.de\/index.php\/mediengueter-und-wie-wir-kuenftig-damit-umgehen\/#primaryimage"},"image":{"@id":"https:\/\/komma.ostfalia.de\/index.php\/mediengueter-und-wie-wir-kuenftig-damit-umgehen\/#primaryimage"},"thumbnailUrl":"https:\/\/komma.ostfalia.de\/wp-content\/uploads\/2023\/02\/Mediengueter-und-wie-wir-kuenftig-damit-umgehen-scaled.jpg","datePublished":"2023-02-21T08:02:09+00:00","dateModified":"2023-02-21T08:05:13+00:00","breadcrumb":{"@id":"https:\/\/komma.ostfalia.de\/index.php\/mediengueter-und-wie-wir-kuenftig-damit-umgehen\/#breadcrumb"},"inLanguage":"de","potentialAction":[{"@type":"ReadAction","target":["https:\/\/komma.ostfalia.de\/index.php\/mediengueter-und-wie-wir-kuenftig-damit-umgehen\/"]}]},{"@type":"ImageObject","inLanguage":"de","@id":"https:\/\/komma.ostfalia.de\/index.php\/mediengueter-und-wie-wir-kuenftig-damit-umgehen\/#primaryimage","url":"https:\/\/komma.ostfalia.de\/wp-content\/uploads\/2023\/02\/Mediengueter-und-wie-wir-kuenftig-damit-umgehen-scaled.jpg","contentUrl":"https:\/\/komma.ostfalia.de\/wp-content\/uploads\/2023\/02\/Mediengueter-und-wie-wir-kuenftig-damit-umgehen-scaled.jpg","width":2560,"height":1707},{"@type":"BreadcrumbList","@id":"https:\/\/komma.ostfalia.de\/index.php\/mediengueter-und-wie-wir-kuenftig-damit-umgehen\/#breadcrumb","itemListElement":[{"@type":"ListItem","position":1,"name":"Startseite","item":"https:\/\/komma.ostfalia.de\/"},{"@type":"ListItem","position":2,"name":"Allgemein","item":"https:\/\/komma.ostfalia.de\/index.php\/kategorie\/allgemein\/"},{"@type":"ListItem","position":3,"name":"Medieng\u00fcter und wie wir k\u00fcnftig damit umgehen"}]},{"@type":"WebSite","@id":"https:\/\/komma.ostfalia.de\/#website","url":"https:\/\/komma.ostfalia.de\/","name":"KomMa","description":"Professur f\u00fcr Kommunikationsmanagement","publisher":{"@id":"https:\/\/komma.ostfalia.de\/#organization"},"potentialAction":[{"@type":"SearchAction","target":{"@type":"EntryPoint","urlTemplate":"https:\/\/komma.ostfalia.de\/?s={search_term_string}"},"query-input":"required name=search_term_string"}],"inLanguage":"de"},{"@type":"Organization","@id":"https:\/\/komma.ostfalia.de\/#organization","name":"KomMa - Professur f\u00fcr Kommunikationsmanagement","url":"https:\/\/komma.ostfalia.de\/","logo":{"@type":"ImageObject","inLanguage":"de","@id":"https:\/\/komma.ostfalia.de\/#\/schema\/logo\/image\/","url":"https:\/\/komma.ostfalia.de\/wp-content\/uploads\/2020\/05\/komma-signet.png","contentUrl":"https:\/\/komma.ostfalia.de\/wp-content\/uploads\/2020\/05\/komma-signet.png","width":512,"height":512,"caption":"KomMa - Professur f\u00fcr Kommunikationsmanagement"},"image":{"@id":"https:\/\/komma.ostfalia.de\/#\/schema\/logo\/image\/"},"sameAs":["https:\/\/twitter.com\/komma_ostfalia"]},{"@type":"Person","@id":"https:\/\/komma.ostfalia.de\/#\/schema\/person\/2c0769382a6abb3eb8dc4fd5909f70cc","name":"Niklas Wils","image":{"@type":"ImageObject","inLanguage":"de","@id":"https:\/\/komma.ostfalia.de\/#\/schema\/person\/image\/","url":"https:\/\/secure.gravatar.com\/avatar\/d732e66c1e5fabb7e2628b1d44cd70d7?s=96&d=mm&r=g","contentUrl":"https:\/\/secure.gravatar.com\/avatar\/d732e66c1e5fabb7e2628b1d44cd70d7?s=96&d=mm&r=g","caption":"Niklas Wils"}}]}},"_links":{"self":[{"href":"https:\/\/komma.ostfalia.de\/index.php\/wp-json\/wp\/v2\/posts\/12095"}],"collection":[{"href":"https:\/\/komma.ostfalia.de\/index.php\/wp-json\/wp\/v2\/posts"}],"about":[{"href":"https:\/\/komma.ostfalia.de\/index.php\/wp-json\/wp\/v2\/types\/post"}],"author":[{"embeddable":true,"href":"https:\/\/komma.ostfalia.de\/index.php\/wp-json\/wp\/v2\/users\/30"}],"replies":[{"embeddable":true,"href":"https:\/\/komma.ostfalia.de\/index.php\/wp-json\/wp\/v2\/comments?post=12095"}],"version-history":[{"count":8,"href":"https:\/\/komma.ostfalia.de\/index.php\/wp-json\/wp\/v2\/posts\/12095\/revisions"}],"predecessor-version":[{"id":12107,"href":"https:\/\/komma.ostfalia.de\/index.php\/wp-json\/wp\/v2\/posts\/12095\/revisions\/12107"}],"wp:featuredmedia":[{"embeddable":true,"href":"https:\/\/komma.ostfalia.de\/index.php\/wp-json\/wp\/v2\/media\/12096"}],"wp:attachment":[{"href":"https:\/\/komma.ostfalia.de\/index.php\/wp-json\/wp\/v2\/media?parent=12095"}],"wp:term":[{"taxonomy":"category","embeddable":true,"href":"https:\/\/komma.ostfalia.de\/index.php\/wp-json\/wp\/v2\/categories?post=12095"},{"taxonomy":"post_tag","embeddable":true,"href":"https:\/\/komma.ostfalia.de\/index.php\/wp-json\/wp\/v2\/tags?post=12095"}],"curies":[{"name":"wp","href":"https:\/\/api.w.org\/{rel}","templated":true}]}}