{"id":12040,"date":"2023-01-30T15:25:07","date_gmt":"2023-01-30T14:25:07","guid":{"rendered":"https:\/\/komma.ostfalia.de\/?p=12040"},"modified":"2023-01-30T15:26:37","modified_gmt":"2023-01-30T14:26:37","slug":"komma-auf-der-masternmore-in-hannover","status":"publish","type":"post","link":"https:\/\/komma.ostfalia.de\/index.php\/komma-auf-der-masternmore-in-hannover\/","title":{"rendered":"KomMa auf der Master&#8217;n&#8217;More in Hannover"},"content":{"rendered":"\t\t<div data-elementor-type=\"wp-post\" data-elementor-id=\"12040\" class=\"elementor elementor-12040\">\n\t\t\t\t\t\t<section class=\"elementor-section elementor-top-section elementor-element elementor-element-e5fee2f elementor-section-boxed elementor-section-height-default elementor-section-height-default\" data-id=\"e5fee2f\" data-element_type=\"section\">\n\t\t\t\t\t\t<div class=\"elementor-container elementor-column-gap-default\">\n\t\t\t\t\t<div class=\"elementor-column elementor-col-100 elementor-top-column elementor-element elementor-element-140c173\" data-id=\"140c173\" data-element_type=\"column\">\n\t\t\t<div class=\"elementor-widget-wrap elementor-element-populated\">\n\t\t\t\t\t\t<div class=\"elementor-element elementor-element-5139482 elementor-widget elementor-widget-text-editor\" data-id=\"5139482\" data-element_type=\"widget\" data-widget_type=\"text-editor.default\">\n\t\t\t\t<div class=\"elementor-widget-container\">\n\t\t\t\t\t\t\t<p data-pm-slice=\"1 1 []\">\u201eIrgendwas mit Medien\u201c steht bei den Studis nach wie vor hoch im Kurs. Die Masterstudieng\u00e4nge Kommunikationsmanagement (KM) und Mediendesign (MD) jedenfalls wurden auf der Messe Master\u2019n\u2019More in Hannover vielfach nachgefragt. In der Niedersachsenhalle am Congress-Centrum in Hannover gab es einen Tag lang die volle Auswahl. Studieng\u00e4nge aus ganz Niedersachsen waren am Start, stellten sich vor und warben f\u00fcr ihr Programm. K\u00fcnftige Masterandinnen und Masteranden interessierten sich auf der Messe am Stand des Standortes Salzgitter der Ostfalia Hochschule f\u00fcr angewandte Wissenschaften vor allem f\u00fcr die Ausstattung, das Lehrangebot und die ganz konkreten Erfahrungen im Studium. Wer h\u00e4tte da f\u00fcr den KM-Master besser Rede und Antwort stehen k\u00f6nnen als Naomi Nowak, selbst Absolventin des Studienganges und wissenschaftliche Mitarbeiterin in den KomMa-Projekten. Es zeigte sich in Hannover: Nicht nur die Studieng\u00e4nge am Standort Salzgitter sto\u00dfen auf Interesse \u2013 auch das Studienangebot an den anderen Ostfalia-Standorten Suderburg, Wolfsburg und Wolfenb\u00fcttel scheint attraktiv f\u00fcr junge BA-Absolventen. Entsprechend hoch die Nachfrage auch in den Bereichen Soziale Arbeit, Wirtschaft oder Bio- und Umwelttechnik. Einen ganzen Tag lang berieten vier Mitarbeiterinnen aus Salzgitter eine F\u00fclle von Besuchern \u00fcber den Aufbau und Verlauf der verschiedenen Masterstudieng\u00e4nge, \u00fcber sp\u00e4tere Berufsm\u00f6glichkeiten und gute Alumni-Geschichten sowie die Vorz\u00fcge am Standort Salzgitter. Das w\u00e4ren: kleine Arbeitsgruppen von 20 bis 25 Studierenden, eine famili\u00e4re Atmosph\u00e4re, extrem hochwertige Technikausstattung und viel Raum f\u00fcr Individualit\u00e4t. So ist es im KM-Master beispielsweise m\u00f6glich, sich sein Studium ab dem zweiten Semester nach den individuellen St\u00e4rken und Vorlieben aus vier verschiedenen Vertiefungsrichtungen (Kommunikationstheorie, Kommunikationspraxis, Mediensystem, Marketing\/ Management) selbst zusammenzustellen.<\/p><p>In Hannover wurden nat\u00fcrlich auch die Masterstudieng\u00e4nge vorgestellt, die man berufsbegleitend als Weiterbildungsangebote studieren kann. Besonders gefragt sind aktuell die Studieng\u00e4nge \u201eManagement Gesellschaftlicher Innovationen\u201c, \u201eSustainable Business Development\u201c oder auch \u201eAlternative Antriebe\u201c. Neben dem Beratungsangebot an den einzelnen Messest\u00e4nden der Hochschulen, gab es f\u00fcr interessierte Besucher zudem die M\u00f6glichkeit, einem der vielen Vortr\u00e4ge in den H\u00f6rs\u00e4len per Kopfh\u00f6rer zu lauschen.<\/p><p>Wer sich f\u00fcr die Masterstudieng\u00e4nge an der Fakult\u00e4t Karl-Scharfenberg (Verkehr \u2013 Sport \u2013 Tourismus \u2013 Medien) interessiert, der findet unter den folgenden Links weiterf\u00fchrende Informationen:<\/p><p><a href=\"https:\/\/www.ostfalia.de\/cms\/de\/imm\/studium\/ma-kommunikationsmanagement\/\" data-inline-card=\"\" data-card-data=\"\">https:\/\/www.ostfalia.de\/cms\/de\/imm\/studium\/ma-kommunikationsmanagement\/<\/a><\/p><p><a href=\"https:\/\/komma.ostfalia.de\/\" data-inline-card=\"\" data-card-data=\"\">https:\/\/komma.ostfalia.de\/<\/a><\/p><p><a href=\"http:\/\/mediendesign-studium.ostfalia.de\/\" data-inline-card=\"\" data-card-data=\"\">http:\/\/mediendesign-studium.ostfalia.de\/<\/a><\/p><p><a href=\"https:\/\/www.ostfalia.de\/cms\/de\/k\/fdu\/\" data-inline-card=\"\" data-card-data=\"\">https:\/\/www.ostfalia.de\/cms\/de\/k\/fdu\/<\/a><\/p><p><a href=\"https:\/\/www.ostfalia.de\/cms\/de\/k\/mvl\/\" data-inline-card=\"\" data-card-data=\"\">https:\/\/www.ostfalia.de\/cms\/de\/k\/mvl\/<\/a><\/p><p><a href=\"https:\/\/www.tww.de\/de\/startseite\/masterstudiengaenge\/\" data-inline-card=\"\" data-card-data=\"\">https:\/\/www.tww.de\/de\/startseite\/masterstudiengaenge\/<\/a><\/p>\t\t\t\t\t\t<\/div>\n\t\t\t\t<\/div>\n\t\t\t\t\t<\/div>\n\t\t<\/div>\n\t\t\t\t\t<\/div>\n\t\t<\/section>\n\t\t\t\t<section class=\"elementor-section elementor-top-section elementor-element elementor-element-b00390b elementor-section-boxed elementor-section-height-default elementor-section-height-default\" data-id=\"b00390b\" data-element_type=\"section\">\n\t\t\t\t\t\t<div class=\"elementor-container elementor-column-gap-default\">\n\t\t\t\t\t<div class=\"elementor-column elementor-col-100 elementor-top-column elementor-element elementor-element-7a25733\" data-id=\"7a25733\" data-element_type=\"column\">\n\t\t\t<div class=\"elementor-widget-wrap elementor-element-populated\">\n\t\t\t\t\t\t<div class=\"elementor-element elementor-element-8de6b14 elementor-pagination-position-outside elementor-widget elementor-widget-image-carousel\" data-id=\"8de6b14\" data-element_type=\"widget\" data-settings=\"{&quot;navigation&quot;:&quot;dots&quot;,&quot;autoplay&quot;:&quot;yes&quot;,&quot;pause_on_hover&quot;:&quot;yes&quot;,&quot;pause_on_interaction&quot;:&quot;yes&quot;,&quot;autoplay_speed&quot;:5000,&quot;infinite&quot;:&quot;yes&quot;,&quot;speed&quot;:500}\" data-widget_type=\"image-carousel.default\">\n\t\t\t\t<div class=\"elementor-widget-container\">\n\t\t\t\t\t<div class=\"elementor-image-carousel-wrapper swiper\" dir=\"ltr\">\n\t\t\t<div class=\"elementor-image-carousel swiper-wrapper\" aria-live=\"off\">\n\t\t\t\t\t\t\t\t<div class=\"swiper-slide\" role=\"group\" aria-roledescription=\"slide\" aria-label=\"1 von 5\"><figure class=\"swiper-slide-inner\"><img decoding=\"async\" class=\"swiper-slide-image\" src=\"https:\/\/komma.ostfalia.de\/wp-content\/uploads\/2023\/01\/WhatsApp_Image_2023-01-26_at_17.10.32.jpeg-150x150.jpg\" alt=\"WhatsApp_Image_2023-01-26_at_17.10.32.jpeg\" \/><\/figure><\/div><div class=\"swiper-slide\" role=\"group\" aria-roledescription=\"slide\" aria-label=\"2 von 5\"><figure class=\"swiper-slide-inner\"><img decoding=\"async\" class=\"swiper-slide-image\" src=\"https:\/\/komma.ostfalia.de\/wp-content\/uploads\/2023\/01\/WhatsApp_Image_2023-01-26_at_12.53.43-150x150.jpeg\" alt=\"WhatsApp_Image_2023-01-26_at_12.53.43\" \/><\/figure><\/div><div class=\"swiper-slide\" role=\"group\" aria-roledescription=\"slide\" aria-label=\"3 von 5\"><figure class=\"swiper-slide-inner\"><img decoding=\"async\" class=\"swiper-slide-image\" src=\"https:\/\/komma.ostfalia.de\/wp-content\/uploads\/2023\/01\/WhatsApp_Image_2023-01-26_at_12.53.49-150x150.jpeg\" alt=\"WhatsApp_Image_2023-01-26_at_12.53.49\" \/><\/figure><\/div><div class=\"swiper-slide\" role=\"group\" aria-roledescription=\"slide\" aria-label=\"4 von 5\"><figure class=\"swiper-slide-inner\"><img decoding=\"async\" class=\"swiper-slide-image\" src=\"https:\/\/komma.ostfalia.de\/wp-content\/uploads\/2023\/01\/WhatsApp_Image_2023-01-26_at_12.53.50-150x150.jpeg\" alt=\"WhatsApp_Image_2023-01-26_at_12.53.50\" \/><\/figure><\/div><div class=\"swiper-slide\" role=\"group\" aria-roledescription=\"slide\" aria-label=\"5 von 5\"><figure class=\"swiper-slide-inner\"><img decoding=\"async\" class=\"swiper-slide-image\" src=\"https:\/\/komma.ostfalia.de\/wp-content\/uploads\/2023\/01\/WhatsApp_Image_2023-01-26_at_13.54.31-150x150.jpeg\" alt=\"WhatsApp_Image_2023-01-26_at_13.54.31\" \/><\/figure><\/div>\t\t\t<\/div>\n\t\t\t\t\t\t\t\n\t\t\t\t\t\t\t\t\t<div class=\"swiper-pagination\"><\/div>\n\t\t\t\t\t\t\t\t\t<\/div>\n\t\t\t\t<\/div>\n\t\t\t\t<\/div>\n\t\t\t\t\t<\/div>\n\t\t<\/div>\n\t\t\t\t\t<\/div>\n\t\t<\/section>\n\t\t\t\t<\/div>\n\t\t","protected":false},"excerpt":{"rendered":"<p>\u201eIrgendwas mit Medien\u201c steht bei den Studis nach wie vor hoch im Kurs. Die Masterstudieng\u00e4nge Kommunikationsmanagement (KM) und Mediendesign (MD) jedenfalls wurden auf der Messe Master\u2019n\u2019More in Hannover vielfach nachgefragt. In der Niedersachsenhalle am Congress-Centrum in Hannover gab es einen Tag lang die volle Auswahl. Studieng\u00e4nge aus ganz Niedersachsen waren am Start, stellten sich vor [&hellip;]<\/p>\n","protected":false},"author":30,"featured_media":12046,"comment_status":"open","ping_status":"open","sticky":false,"template":"","format":"standard","meta":{"_acf_changed":false,"footnotes":""},"categories":[1],"tags":[],"acf":[],"yoast_head":"<title>KomMa auf der Master&#039;n&#039;More in Hannover - KomMa<\/title>\n<meta name=\"robots\" content=\"index, follow, max-snippet:-1, max-image-preview:large, max-video-preview:-1\" \/>\n<link rel=\"canonical\" href=\"https:\/\/komma.ostfalia.de\/index.php\/komma-auf-der-masternmore-in-hannover\/\" \/>\n<meta property=\"og:locale\" content=\"de_DE\" \/>\n<meta property=\"og:type\" content=\"article\" \/>\n<meta property=\"og:title\" content=\"KomMa auf der Master&#039;n&#039;More in Hannover - KomMa\" \/>\n<meta property=\"og:description\" content=\"\u201eIrgendwas mit Medien\u201c steht bei den Studis nach wie vor hoch im Kurs. Die Masterstudieng\u00e4nge Kommunikationsmanagement (KM) und Mediendesign (MD) jedenfalls wurden auf der Messe Master\u2019n\u2019More in Hannover vielfach nachgefragt. In der Niedersachsenhalle am Congress-Centrum in Hannover gab es einen Tag lang die volle Auswahl. Studieng\u00e4nge aus ganz Niedersachsen waren am Start, stellten sich vor [&hellip;]\" \/>\n<meta property=\"og:url\" content=\"https:\/\/komma.ostfalia.de\/index.php\/komma-auf-der-masternmore-in-hannover\/\" \/>\n<meta property=\"og:site_name\" content=\"KomMa\" \/>\n<meta property=\"article:published_time\" content=\"2023-01-30T14:25:07+00:00\" \/>\n<meta property=\"article:modified_time\" content=\"2023-01-30T14:26:37+00:00\" \/>\n<meta property=\"og:image\" content=\"https:\/\/komma.ostfalia.de\/wp-content\/uploads\/2023\/01\/WhatsApp_Image_2023-01-26_at_17.17.43.jpeg\" \/>\n\t<meta property=\"og:image:width\" content=\"2048\" \/>\n\t<meta property=\"og:image:height\" content=\"1536\" \/>\n\t<meta property=\"og:image:type\" content=\"image\/jpeg\" \/>\n<meta name=\"author\" content=\"Niklas Wils\" \/>\n<meta name=\"twitter:card\" content=\"summary_large_image\" \/>\n<meta name=\"twitter:creator\" content=\"@komma_ostfalia\" \/>\n<meta name=\"twitter:site\" content=\"@komma_ostfalia\" \/>\n<meta name=\"twitter:label1\" content=\"Verfasst von\" \/>\n\t<meta name=\"twitter:data1\" content=\"Niklas Wils\" \/>\n\t<meta name=\"twitter:label2\" content=\"Gesch\u00e4tzte Lesezeit\" \/>\n\t<meta name=\"twitter:data2\" content=\"2\u00a0Minuten\" \/>\n<script type=\"application\/ld+json\" class=\"yoast-schema-graph\">{\"@context\":\"https:\/\/schema.org\",\"@graph\":[{\"@type\":\"Article\",\"@id\":\"https:\/\/komma.ostfalia.de\/index.php\/komma-auf-der-masternmore-in-hannover\/#article\",\"isPartOf\":{\"@id\":\"https:\/\/komma.ostfalia.de\/index.php\/komma-auf-der-masternmore-in-hannover\/\"},\"author\":{\"name\":\"Niklas Wils\",\"@id\":\"https:\/\/komma.ostfalia.de\/#\/schema\/person\/2c0769382a6abb3eb8dc4fd5909f70cc\"},\"headline\":\"KomMa auf der Master&#8217;n&#8217;More in Hannover\",\"datePublished\":\"2023-01-30T14:25:07+00:00\",\"dateModified\":\"2023-01-30T14:26:37+00:00\",\"mainEntityOfPage\":{\"@id\":\"https:\/\/komma.ostfalia.de\/index.php\/komma-auf-der-masternmore-in-hannover\/\"},\"wordCount\":417,\"commentCount\":0,\"publisher\":{\"@id\":\"https:\/\/komma.ostfalia.de\/#organization\"},\"image\":{\"@id\":\"https:\/\/komma.ostfalia.de\/index.php\/komma-auf-der-masternmore-in-hannover\/#primaryimage\"},\"thumbnailUrl\":\"https:\/\/komma.ostfalia.de\/wp-content\/uploads\/2023\/01\/WhatsApp_Image_2023-01-26_at_17.17.43.jpeg\",\"inLanguage\":\"de\",\"potentialAction\":[{\"@type\":\"CommentAction\",\"name\":\"Comment\",\"target\":[\"https:\/\/komma.ostfalia.de\/index.php\/komma-auf-der-masternmore-in-hannover\/#respond\"]}]},{\"@type\":\"WebPage\",\"@id\":\"https:\/\/komma.ostfalia.de\/index.php\/komma-auf-der-masternmore-in-hannover\/\",\"url\":\"https:\/\/komma.ostfalia.de\/index.php\/komma-auf-der-masternmore-in-hannover\/\",\"name\":\"KomMa auf der Master'n'More in Hannover - KomMa\",\"isPartOf\":{\"@id\":\"https:\/\/komma.ostfalia.de\/#website\"},\"primaryImageOfPage\":{\"@id\":\"https:\/\/komma.ostfalia.de\/index.php\/komma-auf-der-masternmore-in-hannover\/#primaryimage\"},\"image\":{\"@id\":\"https:\/\/komma.ostfalia.de\/index.php\/komma-auf-der-masternmore-in-hannover\/#primaryimage\"},\"thumbnailUrl\":\"https:\/\/komma.ostfalia.de\/wp-content\/uploads\/2023\/01\/WhatsApp_Image_2023-01-26_at_17.17.43.jpeg\",\"datePublished\":\"2023-01-30T14:25:07+00:00\",\"dateModified\":\"2023-01-30T14:26:37+00:00\",\"breadcrumb\":{\"@id\":\"https:\/\/komma.ostfalia.de\/index.php\/komma-auf-der-masternmore-in-hannover\/#breadcrumb\"},\"inLanguage\":\"de\",\"potentialAction\":[{\"@type\":\"ReadAction\",\"target\":[\"https:\/\/komma.ostfalia.de\/index.php\/komma-auf-der-masternmore-in-hannover\/\"]}]},{\"@type\":\"ImageObject\",\"inLanguage\":\"de\",\"@id\":\"https:\/\/komma.ostfalia.de\/index.php\/komma-auf-der-masternmore-in-hannover\/#primaryimage\",\"url\":\"https:\/\/komma.ostfalia.de\/wp-content\/uploads\/2023\/01\/WhatsApp_Image_2023-01-26_at_17.17.43.jpeg\",\"contentUrl\":\"https:\/\/komma.ostfalia.de\/wp-content\/uploads\/2023\/01\/WhatsApp_Image_2023-01-26_at_17.17.43.jpeg\",\"width\":2048,\"height\":1536},{\"@type\":\"BreadcrumbList\",\"@id\":\"https:\/\/komma.ostfalia.de\/index.php\/komma-auf-der-masternmore-in-hannover\/#breadcrumb\",\"itemListElement\":[{\"@type\":\"ListItem\",\"position\":1,\"name\":\"Startseite\",\"item\":\"https:\/\/komma.ostfalia.de\/\"},{\"@type\":\"ListItem\",\"position\":2,\"name\":\"Allgemein\",\"item\":\"https:\/\/komma.ostfalia.de\/index.php\/kategorie\/allgemein\/\"},{\"@type\":\"ListItem\",\"position\":3,\"name\":\"KomMa auf der Master&#8217;n&#8217;More in Hannover\"}]},{\"@type\":\"WebSite\",\"@id\":\"https:\/\/komma.ostfalia.de\/#website\",\"url\":\"https:\/\/komma.ostfalia.de\/\",\"name\":\"KomMa\",\"description\":\"Professur f\u00fcr Kommunikationsmanagement\",\"publisher\":{\"@id\":\"https:\/\/komma.ostfalia.de\/#organization\"},\"potentialAction\":[{\"@type\":\"SearchAction\",\"target\":{\"@type\":\"EntryPoint\",\"urlTemplate\":\"https:\/\/komma.ostfalia.de\/?s={search_term_string}\"},\"query-input\":\"required name=search_term_string\"}],\"inLanguage\":\"de\"},{\"@type\":\"Organization\",\"@id\":\"https:\/\/komma.ostfalia.de\/#organization\",\"name\":\"KomMa - Professur f\u00fcr Kommunikationsmanagement\",\"url\":\"https:\/\/komma.ostfalia.de\/\",\"logo\":{\"@type\":\"ImageObject\",\"inLanguage\":\"de\",\"@id\":\"https:\/\/komma.ostfalia.de\/#\/schema\/logo\/image\/\",\"url\":\"https:\/\/komma.ostfalia.de\/wp-content\/uploads\/2020\/05\/komma-signet.png\",\"contentUrl\":\"https:\/\/komma.ostfalia.de\/wp-content\/uploads\/2020\/05\/komma-signet.png\",\"width\":512,\"height\":512,\"caption\":\"KomMa - Professur f\u00fcr Kommunikationsmanagement\"},\"image\":{\"@id\":\"https:\/\/komma.ostfalia.de\/#\/schema\/logo\/image\/\"},\"sameAs\":[\"https:\/\/twitter.com\/komma_ostfalia\"]},{\"@type\":\"Person\",\"@id\":\"https:\/\/komma.ostfalia.de\/#\/schema\/person\/2c0769382a6abb3eb8dc4fd5909f70cc\",\"name\":\"Niklas Wils\",\"image\":{\"@type\":\"ImageObject\",\"inLanguage\":\"de\",\"@id\":\"https:\/\/komma.ostfalia.de\/#\/schema\/person\/image\/\",\"url\":\"https:\/\/secure.gravatar.com\/avatar\/d732e66c1e5fabb7e2628b1d44cd70d7?s=96&d=mm&r=g\",\"contentUrl\":\"https:\/\/secure.gravatar.com\/avatar\/d732e66c1e5fabb7e2628b1d44cd70d7?s=96&d=mm&r=g\",\"caption\":\"Niklas Wils\"}}]}<\/script>","yoast_head_json":{"title":"KomMa auf der Master'n'More in Hannover - KomMa","robots":{"index":"index","follow":"follow","max-snippet":"max-snippet:-1","max-image-preview":"max-image-preview:large","max-video-preview":"max-video-preview:-1"},"canonical":"https:\/\/komma.ostfalia.de\/index.php\/komma-auf-der-masternmore-in-hannover\/","og_locale":"de_DE","og_type":"article","og_title":"KomMa auf der Master'n'More in Hannover - KomMa","og_description":"\u201eIrgendwas mit Medien\u201c steht bei den Studis nach wie vor hoch im Kurs. Die Masterstudieng\u00e4nge Kommunikationsmanagement (KM) und Mediendesign (MD) jedenfalls wurden auf der Messe Master\u2019n\u2019More in Hannover vielfach nachgefragt. In der Niedersachsenhalle am Congress-Centrum in Hannover gab es einen Tag lang die volle Auswahl. Studieng\u00e4nge aus ganz Niedersachsen waren am Start, stellten sich vor [&hellip;]","og_url":"https:\/\/komma.ostfalia.de\/index.php\/komma-auf-der-masternmore-in-hannover\/","og_site_name":"KomMa","article_published_time":"2023-01-30T14:25:07+00:00","article_modified_time":"2023-01-30T14:26:37+00:00","og_image":[{"width":2048,"height":1536,"url":"https:\/\/komma.ostfalia.de\/wp-content\/uploads\/2023\/01\/WhatsApp_Image_2023-01-26_at_17.17.43.jpeg","type":"image\/jpeg"}],"author":"Niklas Wils","twitter_card":"summary_large_image","twitter_creator":"@komma_ostfalia","twitter_site":"@komma_ostfalia","twitter_misc":{"Verfasst von":"Niklas Wils","Gesch\u00e4tzte Lesezeit":"2\u00a0Minuten"},"schema":{"@context":"https:\/\/schema.org","@graph":[{"@type":"Article","@id":"https:\/\/komma.ostfalia.de\/index.php\/komma-auf-der-masternmore-in-hannover\/#article","isPartOf":{"@id":"https:\/\/komma.ostfalia.de\/index.php\/komma-auf-der-masternmore-in-hannover\/"},"author":{"name":"Niklas Wils","@id":"https:\/\/komma.ostfalia.de\/#\/schema\/person\/2c0769382a6abb3eb8dc4fd5909f70cc"},"headline":"KomMa auf der Master&#8217;n&#8217;More in Hannover","datePublished":"2023-01-30T14:25:07+00:00","dateModified":"2023-01-30T14:26:37+00:00","mainEntityOfPage":{"@id":"https:\/\/komma.ostfalia.de\/index.php\/komma-auf-der-masternmore-in-hannover\/"},"wordCount":417,"commentCount":0,"publisher":{"@id":"https:\/\/komma.ostfalia.de\/#organization"},"image":{"@id":"https:\/\/komma.ostfalia.de\/index.php\/komma-auf-der-masternmore-in-hannover\/#primaryimage"},"thumbnailUrl":"https:\/\/komma.ostfalia.de\/wp-content\/uploads\/2023\/01\/WhatsApp_Image_2023-01-26_at_17.17.43.jpeg","inLanguage":"de","potentialAction":[{"@type":"CommentAction","name":"Comment","target":["https:\/\/komma.ostfalia.de\/index.php\/komma-auf-der-masternmore-in-hannover\/#respond"]}]},{"@type":"WebPage","@id":"https:\/\/komma.ostfalia.de\/index.php\/komma-auf-der-masternmore-in-hannover\/","url":"https:\/\/komma.ostfalia.de\/index.php\/komma-auf-der-masternmore-in-hannover\/","name":"KomMa auf der Master'n'More in Hannover - KomMa","isPartOf":{"@id":"https:\/\/komma.ostfalia.de\/#website"},"primaryImageOfPage":{"@id":"https:\/\/komma.ostfalia.de\/index.php\/komma-auf-der-masternmore-in-hannover\/#primaryimage"},"image":{"@id":"https:\/\/komma.ostfalia.de\/index.php\/komma-auf-der-masternmore-in-hannover\/#primaryimage"},"thumbnailUrl":"https:\/\/komma.ostfalia.de\/wp-content\/uploads\/2023\/01\/WhatsApp_Image_2023-01-26_at_17.17.43.jpeg","datePublished":"2023-01-30T14:25:07+00:00","dateModified":"2023-01-30T14:26:37+00:00","breadcrumb":{"@id":"https:\/\/komma.ostfalia.de\/index.php\/komma-auf-der-masternmore-in-hannover\/#breadcrumb"},"inLanguage":"de","potentialAction":[{"@type":"ReadAction","target":["https:\/\/komma.ostfalia.de\/index.php\/komma-auf-der-masternmore-in-hannover\/"]}]},{"@type":"ImageObject","inLanguage":"de","@id":"https:\/\/komma.ostfalia.de\/index.php\/komma-auf-der-masternmore-in-hannover\/#primaryimage","url":"https:\/\/komma.ostfalia.de\/wp-content\/uploads\/2023\/01\/WhatsApp_Image_2023-01-26_at_17.17.43.jpeg","contentUrl":"https:\/\/komma.ostfalia.de\/wp-content\/uploads\/2023\/01\/WhatsApp_Image_2023-01-26_at_17.17.43.jpeg","width":2048,"height":1536},{"@type":"BreadcrumbList","@id":"https:\/\/komma.ostfalia.de\/index.php\/komma-auf-der-masternmore-in-hannover\/#breadcrumb","itemListElement":[{"@type":"ListItem","position":1,"name":"Startseite","item":"https:\/\/komma.ostfalia.de\/"},{"@type":"ListItem","position":2,"name":"Allgemein","item":"https:\/\/komma.ostfalia.de\/index.php\/kategorie\/allgemein\/"},{"@type":"ListItem","position":3,"name":"KomMa auf der Master&#8217;n&#8217;More in Hannover"}]},{"@type":"WebSite","@id":"https:\/\/komma.ostfalia.de\/#website","url":"https:\/\/komma.ostfalia.de\/","name":"KomMa","description":"Professur f\u00fcr Kommunikationsmanagement","publisher":{"@id":"https:\/\/komma.ostfalia.de\/#organization"},"potentialAction":[{"@type":"SearchAction","target":{"@type":"EntryPoint","urlTemplate":"https:\/\/komma.ostfalia.de\/?s={search_term_string}"},"query-input":"required name=search_term_string"}],"inLanguage":"de"},{"@type":"Organization","@id":"https:\/\/komma.ostfalia.de\/#organization","name":"KomMa - Professur f\u00fcr Kommunikationsmanagement","url":"https:\/\/komma.ostfalia.de\/","logo":{"@type":"ImageObject","inLanguage":"de","@id":"https:\/\/komma.ostfalia.de\/#\/schema\/logo\/image\/","url":"https:\/\/komma.ostfalia.de\/wp-content\/uploads\/2020\/05\/komma-signet.png","contentUrl":"https:\/\/komma.ostfalia.de\/wp-content\/uploads\/2020\/05\/komma-signet.png","width":512,"height":512,"caption":"KomMa - Professur f\u00fcr Kommunikationsmanagement"},"image":{"@id":"https:\/\/komma.ostfalia.de\/#\/schema\/logo\/image\/"},"sameAs":["https:\/\/twitter.com\/komma_ostfalia"]},{"@type":"Person","@id":"https:\/\/komma.ostfalia.de\/#\/schema\/person\/2c0769382a6abb3eb8dc4fd5909f70cc","name":"Niklas Wils","image":{"@type":"ImageObject","inLanguage":"de","@id":"https:\/\/komma.ostfalia.de\/#\/schema\/person\/image\/","url":"https:\/\/secure.gravatar.com\/avatar\/d732e66c1e5fabb7e2628b1d44cd70d7?s=96&d=mm&r=g","contentUrl":"https:\/\/secure.gravatar.com\/avatar\/d732e66c1e5fabb7e2628b1d44cd70d7?s=96&d=mm&r=g","caption":"Niklas Wils"}}]}},"_links":{"self":[{"href":"https:\/\/komma.ostfalia.de\/index.php\/wp-json\/wp\/v2\/posts\/12040"}],"collection":[{"href":"https:\/\/komma.ostfalia.de\/index.php\/wp-json\/wp\/v2\/posts"}],"about":[{"href":"https:\/\/komma.ostfalia.de\/index.php\/wp-json\/wp\/v2\/types\/post"}],"author":[{"embeddable":true,"href":"https:\/\/komma.ostfalia.de\/index.php\/wp-json\/wp\/v2\/users\/30"}],"replies":[{"embeddable":true,"href":"https:\/\/komma.ostfalia.de\/index.php\/wp-json\/wp\/v2\/comments?post=12040"}],"version-history":[{"count":5,"href":"https:\/\/komma.ostfalia.de\/index.php\/wp-json\/wp\/v2\/posts\/12040\/revisions"}],"predecessor-version":[{"id":12051,"href":"https:\/\/komma.ostfalia.de\/index.php\/wp-json\/wp\/v2\/posts\/12040\/revisions\/12051"}],"wp:featuredmedia":[{"embeddable":true,"href":"https:\/\/komma.ostfalia.de\/index.php\/wp-json\/wp\/v2\/media\/12046"}],"wp:attachment":[{"href":"https:\/\/komma.ostfalia.de\/index.php\/wp-json\/wp\/v2\/media?parent=12040"}],"wp:term":[{"taxonomy":"category","embeddable":true,"href":"https:\/\/komma.ostfalia.de\/index.php\/wp-json\/wp\/v2\/categories?post=12040"},{"taxonomy":"post_tag","embeddable":true,"href":"https:\/\/komma.ostfalia.de\/index.php\/wp-json\/wp\/v2\/tags?post=12040"}],"curies":[{"name":"wp","href":"https:\/\/api.w.org\/{rel}","templated":true}]}}