{"id":12018,"date":"2023-01-12T17:01:31","date_gmt":"2023-01-12T16:01:31","guid":{"rendered":"https:\/\/komma.ostfalia.de\/?p=12018"},"modified":"2023-01-12T17:02:18","modified_gmt":"2023-01-12T16:02:18","slug":"wissenschaftsrat-beruft-erneut-harald-rau-als-gutachter","status":"publish","type":"post","link":"https:\/\/komma.ostfalia.de\/index.php\/wissenschaftsrat-beruft-erneut-harald-rau-als-gutachter\/","title":{"rendered":"Wissenschaftsrat beruft erneut Harald Rau als Gutachter"},"content":{"rendered":"\t\t<div data-elementor-type=\"wp-post\" data-elementor-id=\"12018\" class=\"elementor elementor-12018\">\n\t\t\t\t\t\t<section class=\"elementor-section elementor-top-section elementor-element elementor-element-f1fa669 elementor-section-boxed elementor-section-height-default elementor-section-height-default\" data-id=\"f1fa669\" data-element_type=\"section\">\n\t\t\t\t\t\t<div class=\"elementor-container elementor-column-gap-default\">\n\t\t\t\t\t<div class=\"elementor-column elementor-col-100 elementor-top-column elementor-element elementor-element-ff35c7b\" data-id=\"ff35c7b\" data-element_type=\"column\">\n\t\t\t<div class=\"elementor-widget-wrap elementor-element-populated\">\n\t\t\t\t\t\t<div class=\"elementor-element elementor-element-ca96bf5 elementor-widget elementor-widget-text-editor\" data-id=\"ca96bf5\" data-element_type=\"widget\" data-widget_type=\"text-editor.default\">\n\t\t\t\t<div class=\"elementor-widget-container\">\n\t\t\t\t\t\t\t<p>Der Inhaber der Ostfalia-Professur f\u00fcr Kommunikationsmanagement, Harald Rau, ist wieder Gutachter f\u00fcr den Wissenschaftsrat. Dieser Rat gilt als das bedeutendste deutsche Beratungsgremium der Wissenschaftspolitik, mit Sitz in K\u00f6ln unterst\u00fctzt er Bund und L\u00e4nder in Fragen der inhaltlichen und strukturellen Weiterentwicklung des Hochschulsystems sowie der staatlichen F\u00f6rderung von Forschungseinrichtungen. Zu den besonderen Aufgaben des Wissenschaftsrats z\u00e4hlt es auch, Stellungnahmen zur so genannten \u201eInstitutionellen Akkreditierung\u201c nichtstaatlicher Hochschulen zu erstellen. Rau wurde f\u00fcr die Begutachtung einer privaten Hochschule in Berlin und damit f\u00fcr den Bereich der institutionellen Akkreditierung ausgew\u00e4hlt. In den dort angesiedelten Verfahren wird gekl\u00e4rt, ob eine Hochschule Leistungen in Lehre und Forschung erbringen kann, die anerkannten wissenschaftlichen Ma\u00dfst\u00e4ben entsprechen. Das Ziel der Institutionellen Akkreditierung besteht in der Sicherung der wissenschaftlichen Leistungsf\u00e4higkeit einer Hochschuleinrichtung wie auch im Schutz der Studierenden sowie der \u00f6ffentlichen und privaten Arbeitgeber bzw. Arbeitgeberinnen als Abnehmer der Absolventinnen und Absolventen. In der Vergangenheit war Rau bereits mehrfach als Gutachter f\u00fcr den Wissenschaftsrat ausgew\u00e4hlt worden.<\/p>\t\t\t\t\t\t<\/div>\n\t\t\t\t<\/div>\n\t\t\t\t\t<\/div>\n\t\t<\/div>\n\t\t\t\t\t<\/div>\n\t\t<\/section>\n\t\t\t\t<\/div>\n\t\t","protected":false},"excerpt":{"rendered":"<p>Der Inhaber der Ostfalia-Professur f\u00fcr Kommunikationsmanagement, Harald Rau, ist wieder Gutachter f\u00fcr den Wissenschaftsrat. Dieser Rat gilt als das bedeutendste deutsche Beratungsgremium der Wissenschaftspolitik, mit Sitz in K\u00f6ln unterst\u00fctzt er Bund und L\u00e4nder in Fragen der inhaltlichen und strukturellen Weiterentwicklung des Hochschulsystems sowie der staatlichen F\u00f6rderung von Forschungseinrichtungen. Zu den besonderen Aufgaben des Wissenschaftsrats z\u00e4hlt [&hellip;]<\/p>\n","protected":false},"author":30,"featured_media":12019,"comment_status":"open","ping_status":"open","sticky":false,"template":"","format":"standard","meta":{"_acf_changed":false,"footnotes":""},"categories":[1],"tags":[],"acf":[],"yoast_head":"<title>Wissenschaftsrat beruft erneut Harald Rau als Gutachter - KomMa<\/title>\n<meta name=\"robots\" content=\"index, follow, max-snippet:-1, max-image-preview:large, max-video-preview:-1\" \/>\n<link rel=\"canonical\" href=\"https:\/\/komma.ostfalia.de\/index.php\/wissenschaftsrat-beruft-erneut-harald-rau-als-gutachter\/\" \/>\n<meta property=\"og:locale\" content=\"de_DE\" \/>\n<meta property=\"og:type\" content=\"article\" \/>\n<meta property=\"og:title\" content=\"Wissenschaftsrat beruft erneut Harald Rau als Gutachter - KomMa\" \/>\n<meta property=\"og:description\" content=\"Der Inhaber der Ostfalia-Professur f\u00fcr Kommunikationsmanagement, Harald Rau, ist wieder Gutachter f\u00fcr den Wissenschaftsrat. Dieser Rat gilt als das bedeutendste deutsche Beratungsgremium der Wissenschaftspolitik, mit Sitz in K\u00f6ln unterst\u00fctzt er Bund und L\u00e4nder in Fragen der inhaltlichen und strukturellen Weiterentwicklung des Hochschulsystems sowie der staatlichen F\u00f6rderung von Forschungseinrichtungen. Zu den besonderen Aufgaben des Wissenschaftsrats z\u00e4hlt [&hellip;]\" \/>\n<meta property=\"og:url\" content=\"https:\/\/komma.ostfalia.de\/index.php\/wissenschaftsrat-beruft-erneut-harald-rau-als-gutachter\/\" \/>\n<meta property=\"og:site_name\" content=\"KomMa\" \/>\n<meta property=\"article:published_time\" content=\"2023-01-12T16:01:31+00:00\" \/>\n<meta property=\"article:modified_time\" content=\"2023-01-12T16:02:18+00:00\" \/>\n<meta property=\"og:image\" content=\"https:\/\/komma.ostfalia.de\/wp-content\/uploads\/2023\/01\/Wissenschaftsrat-beruft-erneut-Harald-Rau-als-Gutachter-scaled.jpeg\" \/>\n\t<meta property=\"og:image:width\" content=\"2560\" \/>\n\t<meta property=\"og:image:height\" content=\"1330\" \/>\n\t<meta property=\"og:image:type\" content=\"image\/jpeg\" \/>\n<meta name=\"author\" content=\"Niklas Wils\" \/>\n<meta name=\"twitter:card\" content=\"summary_large_image\" \/>\n<meta name=\"twitter:creator\" content=\"@komma_ostfalia\" \/>\n<meta name=\"twitter:site\" content=\"@komma_ostfalia\" \/>\n<meta name=\"twitter:label1\" content=\"Verfasst von\" \/>\n\t<meta name=\"twitter:data1\" content=\"Niklas Wils\" \/>\n\t<meta name=\"twitter:label2\" content=\"Gesch\u00e4tzte Lesezeit\" \/>\n\t<meta name=\"twitter:data2\" content=\"1\u00a0Minute\" \/>\n<script type=\"application\/ld+json\" class=\"yoast-schema-graph\">{\"@context\":\"https:\/\/schema.org\",\"@graph\":[{\"@type\":\"Article\",\"@id\":\"https:\/\/komma.ostfalia.de\/index.php\/wissenschaftsrat-beruft-erneut-harald-rau-als-gutachter\/#article\",\"isPartOf\":{\"@id\":\"https:\/\/komma.ostfalia.de\/index.php\/wissenschaftsrat-beruft-erneut-harald-rau-als-gutachter\/\"},\"author\":{\"name\":\"Niklas Wils\",\"@id\":\"https:\/\/komma.ostfalia.de\/#\/schema\/person\/2c0769382a6abb3eb8dc4fd5909f70cc\"},\"headline\":\"Wissenschaftsrat beruft erneut Harald Rau als Gutachter\",\"datePublished\":\"2023-01-12T16:01:31+00:00\",\"dateModified\":\"2023-01-12T16:02:18+00:00\",\"mainEntityOfPage\":{\"@id\":\"https:\/\/komma.ostfalia.de\/index.php\/wissenschaftsrat-beruft-erneut-harald-rau-als-gutachter\/\"},\"wordCount\":179,\"commentCount\":0,\"publisher\":{\"@id\":\"https:\/\/komma.ostfalia.de\/#organization\"},\"image\":{\"@id\":\"https:\/\/komma.ostfalia.de\/index.php\/wissenschaftsrat-beruft-erneut-harald-rau-als-gutachter\/#primaryimage\"},\"thumbnailUrl\":\"https:\/\/komma.ostfalia.de\/wp-content\/uploads\/2023\/01\/Wissenschaftsrat-beruft-erneut-Harald-Rau-als-Gutachter-scaled.jpeg\",\"inLanguage\":\"de\",\"potentialAction\":[{\"@type\":\"CommentAction\",\"name\":\"Comment\",\"target\":[\"https:\/\/komma.ostfalia.de\/index.php\/wissenschaftsrat-beruft-erneut-harald-rau-als-gutachter\/#respond\"]}]},{\"@type\":\"WebPage\",\"@id\":\"https:\/\/komma.ostfalia.de\/index.php\/wissenschaftsrat-beruft-erneut-harald-rau-als-gutachter\/\",\"url\":\"https:\/\/komma.ostfalia.de\/index.php\/wissenschaftsrat-beruft-erneut-harald-rau-als-gutachter\/\",\"name\":\"Wissenschaftsrat beruft erneut Harald Rau als Gutachter - KomMa\",\"isPartOf\":{\"@id\":\"https:\/\/komma.ostfalia.de\/#website\"},\"primaryImageOfPage\":{\"@id\":\"https:\/\/komma.ostfalia.de\/index.php\/wissenschaftsrat-beruft-erneut-harald-rau-als-gutachter\/#primaryimage\"},\"image\":{\"@id\":\"https:\/\/komma.ostfalia.de\/index.php\/wissenschaftsrat-beruft-erneut-harald-rau-als-gutachter\/#primaryimage\"},\"thumbnailUrl\":\"https:\/\/komma.ostfalia.de\/wp-content\/uploads\/2023\/01\/Wissenschaftsrat-beruft-erneut-Harald-Rau-als-Gutachter-scaled.jpeg\",\"datePublished\":\"2023-01-12T16:01:31+00:00\",\"dateModified\":\"2023-01-12T16:02:18+00:00\",\"breadcrumb\":{\"@id\":\"https:\/\/komma.ostfalia.de\/index.php\/wissenschaftsrat-beruft-erneut-harald-rau-als-gutachter\/#breadcrumb\"},\"inLanguage\":\"de\",\"potentialAction\":[{\"@type\":\"ReadAction\",\"target\":[\"https:\/\/komma.ostfalia.de\/index.php\/wissenschaftsrat-beruft-erneut-harald-rau-als-gutachter\/\"]}]},{\"@type\":\"ImageObject\",\"inLanguage\":\"de\",\"@id\":\"https:\/\/komma.ostfalia.de\/index.php\/wissenschaftsrat-beruft-erneut-harald-rau-als-gutachter\/#primaryimage\",\"url\":\"https:\/\/komma.ostfalia.de\/wp-content\/uploads\/2023\/01\/Wissenschaftsrat-beruft-erneut-Harald-Rau-als-Gutachter-scaled.jpeg\",\"contentUrl\":\"https:\/\/komma.ostfalia.de\/wp-content\/uploads\/2023\/01\/Wissenschaftsrat-beruft-erneut-Harald-Rau-als-Gutachter-scaled.jpeg\",\"width\":2560,\"height\":1330},{\"@type\":\"BreadcrumbList\",\"@id\":\"https:\/\/komma.ostfalia.de\/index.php\/wissenschaftsrat-beruft-erneut-harald-rau-als-gutachter\/#breadcrumb\",\"itemListElement\":[{\"@type\":\"ListItem\",\"position\":1,\"name\":\"Startseite\",\"item\":\"https:\/\/komma.ostfalia.de\/\"},{\"@type\":\"ListItem\",\"position\":2,\"name\":\"Allgemein\",\"item\":\"https:\/\/komma.ostfalia.de\/index.php\/kategorie\/allgemein\/\"},{\"@type\":\"ListItem\",\"position\":3,\"name\":\"Wissenschaftsrat beruft erneut Harald Rau als Gutachter\"}]},{\"@type\":\"WebSite\",\"@id\":\"https:\/\/komma.ostfalia.de\/#website\",\"url\":\"https:\/\/komma.ostfalia.de\/\",\"name\":\"KomMa\",\"description\":\"Professur f\u00fcr Kommunikationsmanagement\",\"publisher\":{\"@id\":\"https:\/\/komma.ostfalia.de\/#organization\"},\"potentialAction\":[{\"@type\":\"SearchAction\",\"target\":{\"@type\":\"EntryPoint\",\"urlTemplate\":\"https:\/\/komma.ostfalia.de\/?s={search_term_string}\"},\"query-input\":\"required name=search_term_string\"}],\"inLanguage\":\"de\"},{\"@type\":\"Organization\",\"@id\":\"https:\/\/komma.ostfalia.de\/#organization\",\"name\":\"KomMa - Professur f\u00fcr Kommunikationsmanagement\",\"url\":\"https:\/\/komma.ostfalia.de\/\",\"logo\":{\"@type\":\"ImageObject\",\"inLanguage\":\"de\",\"@id\":\"https:\/\/komma.ostfalia.de\/#\/schema\/logo\/image\/\",\"url\":\"https:\/\/komma.ostfalia.de\/wp-content\/uploads\/2020\/05\/komma-signet.png\",\"contentUrl\":\"https:\/\/komma.ostfalia.de\/wp-content\/uploads\/2020\/05\/komma-signet.png\",\"width\":512,\"height\":512,\"caption\":\"KomMa - Professur f\u00fcr Kommunikationsmanagement\"},\"image\":{\"@id\":\"https:\/\/komma.ostfalia.de\/#\/schema\/logo\/image\/\"},\"sameAs\":[\"https:\/\/twitter.com\/komma_ostfalia\"]},{\"@type\":\"Person\",\"@id\":\"https:\/\/komma.ostfalia.de\/#\/schema\/person\/2c0769382a6abb3eb8dc4fd5909f70cc\",\"name\":\"Niklas Wils\",\"image\":{\"@type\":\"ImageObject\",\"inLanguage\":\"de\",\"@id\":\"https:\/\/komma.ostfalia.de\/#\/schema\/person\/image\/\",\"url\":\"https:\/\/secure.gravatar.com\/avatar\/d732e66c1e5fabb7e2628b1d44cd70d7?s=96&d=mm&r=g\",\"contentUrl\":\"https:\/\/secure.gravatar.com\/avatar\/d732e66c1e5fabb7e2628b1d44cd70d7?s=96&d=mm&r=g\",\"caption\":\"Niklas Wils\"}}]}<\/script>","yoast_head_json":{"title":"Wissenschaftsrat beruft erneut Harald Rau als Gutachter - KomMa","robots":{"index":"index","follow":"follow","max-snippet":"max-snippet:-1","max-image-preview":"max-image-preview:large","max-video-preview":"max-video-preview:-1"},"canonical":"https:\/\/komma.ostfalia.de\/index.php\/wissenschaftsrat-beruft-erneut-harald-rau-als-gutachter\/","og_locale":"de_DE","og_type":"article","og_title":"Wissenschaftsrat beruft erneut Harald Rau als Gutachter - KomMa","og_description":"Der Inhaber der Ostfalia-Professur f\u00fcr Kommunikationsmanagement, Harald Rau, ist wieder Gutachter f\u00fcr den Wissenschaftsrat. Dieser Rat gilt als das bedeutendste deutsche Beratungsgremium der Wissenschaftspolitik, mit Sitz in K\u00f6ln unterst\u00fctzt er Bund und L\u00e4nder in Fragen der inhaltlichen und strukturellen Weiterentwicklung des Hochschulsystems sowie der staatlichen F\u00f6rderung von Forschungseinrichtungen. Zu den besonderen Aufgaben des Wissenschaftsrats z\u00e4hlt [&hellip;]","og_url":"https:\/\/komma.ostfalia.de\/index.php\/wissenschaftsrat-beruft-erneut-harald-rau-als-gutachter\/","og_site_name":"KomMa","article_published_time":"2023-01-12T16:01:31+00:00","article_modified_time":"2023-01-12T16:02:18+00:00","og_image":[{"width":2560,"height":1330,"url":"https:\/\/komma.ostfalia.de\/wp-content\/uploads\/2023\/01\/Wissenschaftsrat-beruft-erneut-Harald-Rau-als-Gutachter-scaled.jpeg","type":"image\/jpeg"}],"author":"Niklas Wils","twitter_card":"summary_large_image","twitter_creator":"@komma_ostfalia","twitter_site":"@komma_ostfalia","twitter_misc":{"Verfasst von":"Niklas Wils","Gesch\u00e4tzte Lesezeit":"1\u00a0Minute"},"schema":{"@context":"https:\/\/schema.org","@graph":[{"@type":"Article","@id":"https:\/\/komma.ostfalia.de\/index.php\/wissenschaftsrat-beruft-erneut-harald-rau-als-gutachter\/#article","isPartOf":{"@id":"https:\/\/komma.ostfalia.de\/index.php\/wissenschaftsrat-beruft-erneut-harald-rau-als-gutachter\/"},"author":{"name":"Niklas Wils","@id":"https:\/\/komma.ostfalia.de\/#\/schema\/person\/2c0769382a6abb3eb8dc4fd5909f70cc"},"headline":"Wissenschaftsrat beruft erneut Harald Rau als Gutachter","datePublished":"2023-01-12T16:01:31+00:00","dateModified":"2023-01-12T16:02:18+00:00","mainEntityOfPage":{"@id":"https:\/\/komma.ostfalia.de\/index.php\/wissenschaftsrat-beruft-erneut-harald-rau-als-gutachter\/"},"wordCount":179,"commentCount":0,"publisher":{"@id":"https:\/\/komma.ostfalia.de\/#organization"},"image":{"@id":"https:\/\/komma.ostfalia.de\/index.php\/wissenschaftsrat-beruft-erneut-harald-rau-als-gutachter\/#primaryimage"},"thumbnailUrl":"https:\/\/komma.ostfalia.de\/wp-content\/uploads\/2023\/01\/Wissenschaftsrat-beruft-erneut-Harald-Rau-als-Gutachter-scaled.jpeg","inLanguage":"de","potentialAction":[{"@type":"CommentAction","name":"Comment","target":["https:\/\/komma.ostfalia.de\/index.php\/wissenschaftsrat-beruft-erneut-harald-rau-als-gutachter\/#respond"]}]},{"@type":"WebPage","@id":"https:\/\/komma.ostfalia.de\/index.php\/wissenschaftsrat-beruft-erneut-harald-rau-als-gutachter\/","url":"https:\/\/komma.ostfalia.de\/index.php\/wissenschaftsrat-beruft-erneut-harald-rau-als-gutachter\/","name":"Wissenschaftsrat beruft erneut Harald Rau als Gutachter - KomMa","isPartOf":{"@id":"https:\/\/komma.ostfalia.de\/#website"},"primaryImageOfPage":{"@id":"https:\/\/komma.ostfalia.de\/index.php\/wissenschaftsrat-beruft-erneut-harald-rau-als-gutachter\/#primaryimage"},"image":{"@id":"https:\/\/komma.ostfalia.de\/index.php\/wissenschaftsrat-beruft-erneut-harald-rau-als-gutachter\/#primaryimage"},"thumbnailUrl":"https:\/\/komma.ostfalia.de\/wp-content\/uploads\/2023\/01\/Wissenschaftsrat-beruft-erneut-Harald-Rau-als-Gutachter-scaled.jpeg","datePublished":"2023-01-12T16:01:31+00:00","dateModified":"2023-01-12T16:02:18+00:00","breadcrumb":{"@id":"https:\/\/komma.ostfalia.de\/index.php\/wissenschaftsrat-beruft-erneut-harald-rau-als-gutachter\/#breadcrumb"},"inLanguage":"de","potentialAction":[{"@type":"ReadAction","target":["https:\/\/komma.ostfalia.de\/index.php\/wissenschaftsrat-beruft-erneut-harald-rau-als-gutachter\/"]}]},{"@type":"ImageObject","inLanguage":"de","@id":"https:\/\/komma.ostfalia.de\/index.php\/wissenschaftsrat-beruft-erneut-harald-rau-als-gutachter\/#primaryimage","url":"https:\/\/komma.ostfalia.de\/wp-content\/uploads\/2023\/01\/Wissenschaftsrat-beruft-erneut-Harald-Rau-als-Gutachter-scaled.jpeg","contentUrl":"https:\/\/komma.ostfalia.de\/wp-content\/uploads\/2023\/01\/Wissenschaftsrat-beruft-erneut-Harald-Rau-als-Gutachter-scaled.jpeg","width":2560,"height":1330},{"@type":"BreadcrumbList","@id":"https:\/\/komma.ostfalia.de\/index.php\/wissenschaftsrat-beruft-erneut-harald-rau-als-gutachter\/#breadcrumb","itemListElement":[{"@type":"ListItem","position":1,"name":"Startseite","item":"https:\/\/komma.ostfalia.de\/"},{"@type":"ListItem","position":2,"name":"Allgemein","item":"https:\/\/komma.ostfalia.de\/index.php\/kategorie\/allgemein\/"},{"@type":"ListItem","position":3,"name":"Wissenschaftsrat beruft erneut Harald Rau als Gutachter"}]},{"@type":"WebSite","@id":"https:\/\/komma.ostfalia.de\/#website","url":"https:\/\/komma.ostfalia.de\/","name":"KomMa","description":"Professur f\u00fcr Kommunikationsmanagement","publisher":{"@id":"https:\/\/komma.ostfalia.de\/#organization"},"potentialAction":[{"@type":"SearchAction","target":{"@type":"EntryPoint","urlTemplate":"https:\/\/komma.ostfalia.de\/?s={search_term_string}"},"query-input":"required name=search_term_string"}],"inLanguage":"de"},{"@type":"Organization","@id":"https:\/\/komma.ostfalia.de\/#organization","name":"KomMa - Professur f\u00fcr Kommunikationsmanagement","url":"https:\/\/komma.ostfalia.de\/","logo":{"@type":"ImageObject","inLanguage":"de","@id":"https:\/\/komma.ostfalia.de\/#\/schema\/logo\/image\/","url":"https:\/\/komma.ostfalia.de\/wp-content\/uploads\/2020\/05\/komma-signet.png","contentUrl":"https:\/\/komma.ostfalia.de\/wp-content\/uploads\/2020\/05\/komma-signet.png","width":512,"height":512,"caption":"KomMa - Professur f\u00fcr Kommunikationsmanagement"},"image":{"@id":"https:\/\/komma.ostfalia.de\/#\/schema\/logo\/image\/"},"sameAs":["https:\/\/twitter.com\/komma_ostfalia"]},{"@type":"Person","@id":"https:\/\/komma.ostfalia.de\/#\/schema\/person\/2c0769382a6abb3eb8dc4fd5909f70cc","name":"Niklas Wils","image":{"@type":"ImageObject","inLanguage":"de","@id":"https:\/\/komma.ostfalia.de\/#\/schema\/person\/image\/","url":"https:\/\/secure.gravatar.com\/avatar\/d732e66c1e5fabb7e2628b1d44cd70d7?s=96&d=mm&r=g","contentUrl":"https:\/\/secure.gravatar.com\/avatar\/d732e66c1e5fabb7e2628b1d44cd70d7?s=96&d=mm&r=g","caption":"Niklas Wils"}}]}},"_links":{"self":[{"href":"https:\/\/komma.ostfalia.de\/index.php\/wp-json\/wp\/v2\/posts\/12018"}],"collection":[{"href":"https:\/\/komma.ostfalia.de\/index.php\/wp-json\/wp\/v2\/posts"}],"about":[{"href":"https:\/\/komma.ostfalia.de\/index.php\/wp-json\/wp\/v2\/types\/post"}],"author":[{"embeddable":true,"href":"https:\/\/komma.ostfalia.de\/index.php\/wp-json\/wp\/v2\/users\/30"}],"replies":[{"embeddable":true,"href":"https:\/\/komma.ostfalia.de\/index.php\/wp-json\/wp\/v2\/comments?post=12018"}],"version-history":[{"count":4,"href":"https:\/\/komma.ostfalia.de\/index.php\/wp-json\/wp\/v2\/posts\/12018\/revisions"}],"predecessor-version":[{"id":12023,"href":"https:\/\/komma.ostfalia.de\/index.php\/wp-json\/wp\/v2\/posts\/12018\/revisions\/12023"}],"wp:featuredmedia":[{"embeddable":true,"href":"https:\/\/komma.ostfalia.de\/index.php\/wp-json\/wp\/v2\/media\/12019"}],"wp:attachment":[{"href":"https:\/\/komma.ostfalia.de\/index.php\/wp-json\/wp\/v2\/media?parent=12018"}],"wp:term":[{"taxonomy":"category","embeddable":true,"href":"https:\/\/komma.ostfalia.de\/index.php\/wp-json\/wp\/v2\/categories?post=12018"},{"taxonomy":"post_tag","embeddable":true,"href":"https:\/\/komma.ostfalia.de\/index.php\/wp-json\/wp\/v2\/tags?post=12018"}],"curies":[{"name":"wp","href":"https:\/\/api.w.org\/{rel}","templated":true}]}}