{"id":12005,"date":"2023-01-09T11:08:03","date_gmt":"2023-01-09T10:08:03","guid":{"rendered":"https:\/\/komma.ostfalia.de\/?p=12005"},"modified":"2023-01-09T11:22:14","modified_gmt":"2023-01-09T10:22:14","slug":"methodenaustausch-ueber-partizipation-im-tv-studio-der-ostfalia","status":"publish","type":"post","link":"https:\/\/komma.ostfalia.de\/index.php\/methodenaustausch-ueber-partizipation-im-tv-studio-der-ostfalia\/","title":{"rendered":"Methodenaustausch \u00fcber Partizipation im TV-Studio der Ostfalia"},"content":{"rendered":"<p>Methodenaustausch am Mediencampus Salzgitter: Auf Einladung der Professur Kommunikationsmanagement fanden sich am 8. Dezember 2022 Partizipationsforschende des <i><a href=\"https:\/\/www.postdigitalparticipation.org\/\">Leibniz-WissenschaftsCampus \u2013 Postdigitale Partizipation<\/a> (LWC PdP)<\/i> im TV-Studio am Campus der Ostfalia Salzgitter zusammen, um begleitet von Studierenden der Fakult\u00e4t konkrete, artifiziell geschaffene Interviewsituationen zu schaffen und selbst zu erleben.<\/p>\n<p>Dabei konnte in mehreren Interview-Sitzungen ganz konkret verschiedenen spannenden Fragestellungen auf den Grund gegangen werden: Was machen k\u00fcnstliche Gespr\u00e4che dieser Art mit uns? Wie ver\u00e4ndert Video-Aufzeichnung das Sprechverhalten? Und welche Rolle spielt der Kontext bei einer solchen \u201eerzeugten\u201c Live-Situation?<\/p>\n<p>Die Moderation \u00fcbernahm <a href=\"https:\/\/komma.ostfalia.de\/index.php\/maja-bahrke\/\">Maja Bahrke (M.A.)<\/a> aus dem KomMa-Team, w\u00e4hrend die Partizipationsforschenden des LWC PdP, darunter u.a. KomMa-Doktorand <a href=\"https:\/\/komma.ostfalia.de\/index.php\/per-ole-uphaus\/\">Per Ole Uphaus (M.A.)<\/a>, die Rolle der Interviewg\u00e4ste einnahmen. F\u00fcr die Forschenden erwiesen sich die Diskussionen als \u00fcberaus wertvoll, um Interviewer-Effekte selbst zu erfahren. Durch den Workshop und die konkrete Studiosituation konnten auf hohem Reflexionsniveau Interviewstrategeme angewendet und die individuelle F\u00e4higkeit zur freien Interviewf\u00fchrung gepr\u00fcft werden. Das Studio-Interview erwies sich als ideal daf\u00fcr geeignet, sowohl die Dissertationsprojekte als auch Kommunikationsroutinen zu reflektieren und so den methodischen Austausch einmal v\u00f6llig neu umzusetzen.<\/p>\n","protected":false},"excerpt":{"rendered":"<p>Methodenaustausch am Mediencampus Salzgitter: Auf Einladung der Professur Kommunikationsmanagement fanden sich am 8. Dezember 2022 Partizipationsforschende des Leibniz-WissenschaftsCampus \u2013 Postdigitale Partizipation (LWC PdP) im TV-Studio am Campus der Ostfalia Salzgitter zusammen, um begleitet von Studierenden der Fakult\u00e4t konkrete, artifiziell geschaffene Interviewsituationen zu schaffen und selbst zu erleben. Dabei konnte in mehreren Interview-Sitzungen ganz konkret verschiedenen [&hellip;]<\/p>\n","protected":false},"author":30,"featured_media":12006,"comment_status":"open","ping_status":"open","sticky":false,"template":"","format":"standard","meta":{"_acf_changed":false,"footnotes":""},"categories":[1],"tags":[],"acf":[],"yoast_head":"<title>Methodenaustausch \u00fcber Partizipation im TV-Studio der Ostfalia - KomMa<\/title>\n<meta name=\"robots\" content=\"index, follow, max-snippet:-1, max-image-preview:large, max-video-preview:-1\" \/>\n<link rel=\"canonical\" href=\"https:\/\/komma.ostfalia.de\/index.php\/methodenaustausch-ueber-partizipation-im-tv-studio-der-ostfalia\/\" \/>\n<meta property=\"og:locale\" content=\"de_DE\" \/>\n<meta property=\"og:type\" content=\"article\" \/>\n<meta property=\"og:title\" content=\"Methodenaustausch \u00fcber Partizipation im TV-Studio der Ostfalia - KomMa\" \/>\n<meta property=\"og:description\" content=\"Methodenaustausch am Mediencampus Salzgitter: Auf Einladung der Professur Kommunikationsmanagement fanden sich am 8. Dezember 2022 Partizipationsforschende des Leibniz-WissenschaftsCampus \u2013 Postdigitale Partizipation (LWC PdP) im TV-Studio am Campus der Ostfalia Salzgitter zusammen, um begleitet von Studierenden der Fakult\u00e4t konkrete, artifiziell geschaffene Interviewsituationen zu schaffen und selbst zu erleben. Dabei konnte in mehreren Interview-Sitzungen ganz konkret verschiedenen [&hellip;]\" \/>\n<meta property=\"og:url\" content=\"https:\/\/komma.ostfalia.de\/index.php\/methodenaustausch-ueber-partizipation-im-tv-studio-der-ostfalia\/\" \/>\n<meta property=\"og:site_name\" content=\"KomMa\" \/>\n<meta property=\"article:published_time\" content=\"2023-01-09T10:08:03+00:00\" \/>\n<meta property=\"article:modified_time\" content=\"2023-01-09T10:22:14+00:00\" \/>\n<meta property=\"og:image\" content=\"https:\/\/komma.ostfalia.de\/wp-content\/uploads\/2023\/01\/Methodenaustausch-ueber-Partizipation-im-TV-Studio-der-Ostfalia.jpg\" \/>\n\t<meta property=\"og:image:width\" content=\"1280\" \/>\n\t<meta property=\"og:image:height\" content=\"720\" \/>\n\t<meta property=\"og:image:type\" content=\"image\/jpeg\" \/>\n<meta name=\"author\" content=\"Niklas Wils\" \/>\n<meta name=\"twitter:card\" content=\"summary_large_image\" \/>\n<meta name=\"twitter:creator\" content=\"@komma_ostfalia\" \/>\n<meta name=\"twitter:site\" content=\"@komma_ostfalia\" \/>\n<meta name=\"twitter:label1\" content=\"Verfasst von\" \/>\n\t<meta name=\"twitter:data1\" content=\"Niklas Wils\" \/>\n\t<meta name=\"twitter:label2\" content=\"Gesch\u00e4tzte Lesezeit\" \/>\n\t<meta name=\"twitter:data2\" content=\"1\u00a0Minute\" \/>\n<script type=\"application\/ld+json\" class=\"yoast-schema-graph\">{\"@context\":\"https:\/\/schema.org\",\"@graph\":[{\"@type\":\"Article\",\"@id\":\"https:\/\/komma.ostfalia.de\/index.php\/methodenaustausch-ueber-partizipation-im-tv-studio-der-ostfalia\/#article\",\"isPartOf\":{\"@id\":\"https:\/\/komma.ostfalia.de\/index.php\/methodenaustausch-ueber-partizipation-im-tv-studio-der-ostfalia\/\"},\"author\":{\"name\":\"Niklas Wils\",\"@id\":\"https:\/\/komma.ostfalia.de\/#\/schema\/person\/2c0769382a6abb3eb8dc4fd5909f70cc\"},\"headline\":\"Methodenaustausch \u00fcber Partizipation im TV-Studio der Ostfalia\",\"datePublished\":\"2023-01-09T10:08:03+00:00\",\"dateModified\":\"2023-01-09T10:22:14+00:00\",\"mainEntityOfPage\":{\"@id\":\"https:\/\/komma.ostfalia.de\/index.php\/methodenaustausch-ueber-partizipation-im-tv-studio-der-ostfalia\/\"},\"wordCount\":194,\"commentCount\":0,\"publisher\":{\"@id\":\"https:\/\/komma.ostfalia.de\/#organization\"},\"image\":{\"@id\":\"https:\/\/komma.ostfalia.de\/index.php\/methodenaustausch-ueber-partizipation-im-tv-studio-der-ostfalia\/#primaryimage\"},\"thumbnailUrl\":\"https:\/\/komma.ostfalia.de\/wp-content\/uploads\/2023\/01\/Methodenaustausch-ueber-Partizipation-im-TV-Studio-der-Ostfalia.jpg\",\"inLanguage\":\"de\",\"potentialAction\":[{\"@type\":\"CommentAction\",\"name\":\"Comment\",\"target\":[\"https:\/\/komma.ostfalia.de\/index.php\/methodenaustausch-ueber-partizipation-im-tv-studio-der-ostfalia\/#respond\"]}]},{\"@type\":\"WebPage\",\"@id\":\"https:\/\/komma.ostfalia.de\/index.php\/methodenaustausch-ueber-partizipation-im-tv-studio-der-ostfalia\/\",\"url\":\"https:\/\/komma.ostfalia.de\/index.php\/methodenaustausch-ueber-partizipation-im-tv-studio-der-ostfalia\/\",\"name\":\"Methodenaustausch \u00fcber Partizipation im TV-Studio der Ostfalia - KomMa\",\"isPartOf\":{\"@id\":\"https:\/\/komma.ostfalia.de\/#website\"},\"primaryImageOfPage\":{\"@id\":\"https:\/\/komma.ostfalia.de\/index.php\/methodenaustausch-ueber-partizipation-im-tv-studio-der-ostfalia\/#primaryimage\"},\"image\":{\"@id\":\"https:\/\/komma.ostfalia.de\/index.php\/methodenaustausch-ueber-partizipation-im-tv-studio-der-ostfalia\/#primaryimage\"},\"thumbnailUrl\":\"https:\/\/komma.ostfalia.de\/wp-content\/uploads\/2023\/01\/Methodenaustausch-ueber-Partizipation-im-TV-Studio-der-Ostfalia.jpg\",\"datePublished\":\"2023-01-09T10:08:03+00:00\",\"dateModified\":\"2023-01-09T10:22:14+00:00\",\"breadcrumb\":{\"@id\":\"https:\/\/komma.ostfalia.de\/index.php\/methodenaustausch-ueber-partizipation-im-tv-studio-der-ostfalia\/#breadcrumb\"},\"inLanguage\":\"de\",\"potentialAction\":[{\"@type\":\"ReadAction\",\"target\":[\"https:\/\/komma.ostfalia.de\/index.php\/methodenaustausch-ueber-partizipation-im-tv-studio-der-ostfalia\/\"]}]},{\"@type\":\"ImageObject\",\"inLanguage\":\"de\",\"@id\":\"https:\/\/komma.ostfalia.de\/index.php\/methodenaustausch-ueber-partizipation-im-tv-studio-der-ostfalia\/#primaryimage\",\"url\":\"https:\/\/komma.ostfalia.de\/wp-content\/uploads\/2023\/01\/Methodenaustausch-ueber-Partizipation-im-TV-Studio-der-Ostfalia.jpg\",\"contentUrl\":\"https:\/\/komma.ostfalia.de\/wp-content\/uploads\/2023\/01\/Methodenaustausch-ueber-Partizipation-im-TV-Studio-der-Ostfalia.jpg\",\"width\":1280,\"height\":720},{\"@type\":\"BreadcrumbList\",\"@id\":\"https:\/\/komma.ostfalia.de\/index.php\/methodenaustausch-ueber-partizipation-im-tv-studio-der-ostfalia\/#breadcrumb\",\"itemListElement\":[{\"@type\":\"ListItem\",\"position\":1,\"name\":\"Startseite\",\"item\":\"https:\/\/komma.ostfalia.de\/\"},{\"@type\":\"ListItem\",\"position\":2,\"name\":\"Allgemein\",\"item\":\"https:\/\/komma.ostfalia.de\/index.php\/kategorie\/allgemein\/\"},{\"@type\":\"ListItem\",\"position\":3,\"name\":\"Methodenaustausch \u00fcber Partizipation im TV-Studio der Ostfalia\"}]},{\"@type\":\"WebSite\",\"@id\":\"https:\/\/komma.ostfalia.de\/#website\",\"url\":\"https:\/\/komma.ostfalia.de\/\",\"name\":\"KomMa\",\"description\":\"Professur f\u00fcr Kommunikationsmanagement\",\"publisher\":{\"@id\":\"https:\/\/komma.ostfalia.de\/#organization\"},\"potentialAction\":[{\"@type\":\"SearchAction\",\"target\":{\"@type\":\"EntryPoint\",\"urlTemplate\":\"https:\/\/komma.ostfalia.de\/?s={search_term_string}\"},\"query-input\":\"required name=search_term_string\"}],\"inLanguage\":\"de\"},{\"@type\":\"Organization\",\"@id\":\"https:\/\/komma.ostfalia.de\/#organization\",\"name\":\"KomMa - Professur f\u00fcr Kommunikationsmanagement\",\"url\":\"https:\/\/komma.ostfalia.de\/\",\"logo\":{\"@type\":\"ImageObject\",\"inLanguage\":\"de\",\"@id\":\"https:\/\/komma.ostfalia.de\/#\/schema\/logo\/image\/\",\"url\":\"https:\/\/komma.ostfalia.de\/wp-content\/uploads\/2020\/05\/komma-signet.png\",\"contentUrl\":\"https:\/\/komma.ostfalia.de\/wp-content\/uploads\/2020\/05\/komma-signet.png\",\"width\":512,\"height\":512,\"caption\":\"KomMa - Professur f\u00fcr Kommunikationsmanagement\"},\"image\":{\"@id\":\"https:\/\/komma.ostfalia.de\/#\/schema\/logo\/image\/\"},\"sameAs\":[\"https:\/\/twitter.com\/komma_ostfalia\"]},{\"@type\":\"Person\",\"@id\":\"https:\/\/komma.ostfalia.de\/#\/schema\/person\/2c0769382a6abb3eb8dc4fd5909f70cc\",\"name\":\"Niklas Wils\",\"image\":{\"@type\":\"ImageObject\",\"inLanguage\":\"de\",\"@id\":\"https:\/\/komma.ostfalia.de\/#\/schema\/person\/image\/\",\"url\":\"https:\/\/secure.gravatar.com\/avatar\/d732e66c1e5fabb7e2628b1d44cd70d7?s=96&d=mm&r=g\",\"contentUrl\":\"https:\/\/secure.gravatar.com\/avatar\/d732e66c1e5fabb7e2628b1d44cd70d7?s=96&d=mm&r=g\",\"caption\":\"Niklas Wils\"}}]}<\/script>","yoast_head_json":{"title":"Methodenaustausch \u00fcber Partizipation im TV-Studio der Ostfalia - KomMa","robots":{"index":"index","follow":"follow","max-snippet":"max-snippet:-1","max-image-preview":"max-image-preview:large","max-video-preview":"max-video-preview:-1"},"canonical":"https:\/\/komma.ostfalia.de\/index.php\/methodenaustausch-ueber-partizipation-im-tv-studio-der-ostfalia\/","og_locale":"de_DE","og_type":"article","og_title":"Methodenaustausch \u00fcber Partizipation im TV-Studio der Ostfalia - KomMa","og_description":"Methodenaustausch am Mediencampus Salzgitter: Auf Einladung der Professur Kommunikationsmanagement fanden sich am 8. Dezember 2022 Partizipationsforschende des Leibniz-WissenschaftsCampus \u2013 Postdigitale Partizipation (LWC PdP) im TV-Studio am Campus der Ostfalia Salzgitter zusammen, um begleitet von Studierenden der Fakult\u00e4t konkrete, artifiziell geschaffene Interviewsituationen zu schaffen und selbst zu erleben. Dabei konnte in mehreren Interview-Sitzungen ganz konkret verschiedenen [&hellip;]","og_url":"https:\/\/komma.ostfalia.de\/index.php\/methodenaustausch-ueber-partizipation-im-tv-studio-der-ostfalia\/","og_site_name":"KomMa","article_published_time":"2023-01-09T10:08:03+00:00","article_modified_time":"2023-01-09T10:22:14+00:00","og_image":[{"width":1280,"height":720,"url":"https:\/\/komma.ostfalia.de\/wp-content\/uploads\/2023\/01\/Methodenaustausch-ueber-Partizipation-im-TV-Studio-der-Ostfalia.jpg","type":"image\/jpeg"}],"author":"Niklas Wils","twitter_card":"summary_large_image","twitter_creator":"@komma_ostfalia","twitter_site":"@komma_ostfalia","twitter_misc":{"Verfasst von":"Niklas Wils","Gesch\u00e4tzte Lesezeit":"1\u00a0Minute"},"schema":{"@context":"https:\/\/schema.org","@graph":[{"@type":"Article","@id":"https:\/\/komma.ostfalia.de\/index.php\/methodenaustausch-ueber-partizipation-im-tv-studio-der-ostfalia\/#article","isPartOf":{"@id":"https:\/\/komma.ostfalia.de\/index.php\/methodenaustausch-ueber-partizipation-im-tv-studio-der-ostfalia\/"},"author":{"name":"Niklas Wils","@id":"https:\/\/komma.ostfalia.de\/#\/schema\/person\/2c0769382a6abb3eb8dc4fd5909f70cc"},"headline":"Methodenaustausch \u00fcber Partizipation im TV-Studio der Ostfalia","datePublished":"2023-01-09T10:08:03+00:00","dateModified":"2023-01-09T10:22:14+00:00","mainEntityOfPage":{"@id":"https:\/\/komma.ostfalia.de\/index.php\/methodenaustausch-ueber-partizipation-im-tv-studio-der-ostfalia\/"},"wordCount":194,"commentCount":0,"publisher":{"@id":"https:\/\/komma.ostfalia.de\/#organization"},"image":{"@id":"https:\/\/komma.ostfalia.de\/index.php\/methodenaustausch-ueber-partizipation-im-tv-studio-der-ostfalia\/#primaryimage"},"thumbnailUrl":"https:\/\/komma.ostfalia.de\/wp-content\/uploads\/2023\/01\/Methodenaustausch-ueber-Partizipation-im-TV-Studio-der-Ostfalia.jpg","inLanguage":"de","potentialAction":[{"@type":"CommentAction","name":"Comment","target":["https:\/\/komma.ostfalia.de\/index.php\/methodenaustausch-ueber-partizipation-im-tv-studio-der-ostfalia\/#respond"]}]},{"@type":"WebPage","@id":"https:\/\/komma.ostfalia.de\/index.php\/methodenaustausch-ueber-partizipation-im-tv-studio-der-ostfalia\/","url":"https:\/\/komma.ostfalia.de\/index.php\/methodenaustausch-ueber-partizipation-im-tv-studio-der-ostfalia\/","name":"Methodenaustausch \u00fcber Partizipation im TV-Studio der Ostfalia - KomMa","isPartOf":{"@id":"https:\/\/komma.ostfalia.de\/#website"},"primaryImageOfPage":{"@id":"https:\/\/komma.ostfalia.de\/index.php\/methodenaustausch-ueber-partizipation-im-tv-studio-der-ostfalia\/#primaryimage"},"image":{"@id":"https:\/\/komma.ostfalia.de\/index.php\/methodenaustausch-ueber-partizipation-im-tv-studio-der-ostfalia\/#primaryimage"},"thumbnailUrl":"https:\/\/komma.ostfalia.de\/wp-content\/uploads\/2023\/01\/Methodenaustausch-ueber-Partizipation-im-TV-Studio-der-Ostfalia.jpg","datePublished":"2023-01-09T10:08:03+00:00","dateModified":"2023-01-09T10:22:14+00:00","breadcrumb":{"@id":"https:\/\/komma.ostfalia.de\/index.php\/methodenaustausch-ueber-partizipation-im-tv-studio-der-ostfalia\/#breadcrumb"},"inLanguage":"de","potentialAction":[{"@type":"ReadAction","target":["https:\/\/komma.ostfalia.de\/index.php\/methodenaustausch-ueber-partizipation-im-tv-studio-der-ostfalia\/"]}]},{"@type":"ImageObject","inLanguage":"de","@id":"https:\/\/komma.ostfalia.de\/index.php\/methodenaustausch-ueber-partizipation-im-tv-studio-der-ostfalia\/#primaryimage","url":"https:\/\/komma.ostfalia.de\/wp-content\/uploads\/2023\/01\/Methodenaustausch-ueber-Partizipation-im-TV-Studio-der-Ostfalia.jpg","contentUrl":"https:\/\/komma.ostfalia.de\/wp-content\/uploads\/2023\/01\/Methodenaustausch-ueber-Partizipation-im-TV-Studio-der-Ostfalia.jpg","width":1280,"height":720},{"@type":"BreadcrumbList","@id":"https:\/\/komma.ostfalia.de\/index.php\/methodenaustausch-ueber-partizipation-im-tv-studio-der-ostfalia\/#breadcrumb","itemListElement":[{"@type":"ListItem","position":1,"name":"Startseite","item":"https:\/\/komma.ostfalia.de\/"},{"@type":"ListItem","position":2,"name":"Allgemein","item":"https:\/\/komma.ostfalia.de\/index.php\/kategorie\/allgemein\/"},{"@type":"ListItem","position":3,"name":"Methodenaustausch \u00fcber Partizipation im TV-Studio der Ostfalia"}]},{"@type":"WebSite","@id":"https:\/\/komma.ostfalia.de\/#website","url":"https:\/\/komma.ostfalia.de\/","name":"KomMa","description":"Professur f\u00fcr Kommunikationsmanagement","publisher":{"@id":"https:\/\/komma.ostfalia.de\/#organization"},"potentialAction":[{"@type":"SearchAction","target":{"@type":"EntryPoint","urlTemplate":"https:\/\/komma.ostfalia.de\/?s={search_term_string}"},"query-input":"required name=search_term_string"}],"inLanguage":"de"},{"@type":"Organization","@id":"https:\/\/komma.ostfalia.de\/#organization","name":"KomMa - Professur f\u00fcr Kommunikationsmanagement","url":"https:\/\/komma.ostfalia.de\/","logo":{"@type":"ImageObject","inLanguage":"de","@id":"https:\/\/komma.ostfalia.de\/#\/schema\/logo\/image\/","url":"https:\/\/komma.ostfalia.de\/wp-content\/uploads\/2020\/05\/komma-signet.png","contentUrl":"https:\/\/komma.ostfalia.de\/wp-content\/uploads\/2020\/05\/komma-signet.png","width":512,"height":512,"caption":"KomMa - Professur f\u00fcr Kommunikationsmanagement"},"image":{"@id":"https:\/\/komma.ostfalia.de\/#\/schema\/logo\/image\/"},"sameAs":["https:\/\/twitter.com\/komma_ostfalia"]},{"@type":"Person","@id":"https:\/\/komma.ostfalia.de\/#\/schema\/person\/2c0769382a6abb3eb8dc4fd5909f70cc","name":"Niklas Wils","image":{"@type":"ImageObject","inLanguage":"de","@id":"https:\/\/komma.ostfalia.de\/#\/schema\/person\/image\/","url":"https:\/\/secure.gravatar.com\/avatar\/d732e66c1e5fabb7e2628b1d44cd70d7?s=96&d=mm&r=g","contentUrl":"https:\/\/secure.gravatar.com\/avatar\/d732e66c1e5fabb7e2628b1d44cd70d7?s=96&d=mm&r=g","caption":"Niklas Wils"}}]}},"_links":{"self":[{"href":"https:\/\/komma.ostfalia.de\/index.php\/wp-json\/wp\/v2\/posts\/12005"}],"collection":[{"href":"https:\/\/komma.ostfalia.de\/index.php\/wp-json\/wp\/v2\/posts"}],"about":[{"href":"https:\/\/komma.ostfalia.de\/index.php\/wp-json\/wp\/v2\/types\/post"}],"author":[{"embeddable":true,"href":"https:\/\/komma.ostfalia.de\/index.php\/wp-json\/wp\/v2\/users\/30"}],"replies":[{"embeddable":true,"href":"https:\/\/komma.ostfalia.de\/index.php\/wp-json\/wp\/v2\/comments?post=12005"}],"version-history":[{"count":9,"href":"https:\/\/komma.ostfalia.de\/index.php\/wp-json\/wp\/v2\/posts\/12005\/revisions"}],"predecessor-version":[{"id":12016,"href":"https:\/\/komma.ostfalia.de\/index.php\/wp-json\/wp\/v2\/posts\/12005\/revisions\/12016"}],"wp:featuredmedia":[{"embeddable":true,"href":"https:\/\/komma.ostfalia.de\/index.php\/wp-json\/wp\/v2\/media\/12006"}],"wp:attachment":[{"href":"https:\/\/komma.ostfalia.de\/index.php\/wp-json\/wp\/v2\/media?parent=12005"}],"wp:term":[{"taxonomy":"category","embeddable":true,"href":"https:\/\/komma.ostfalia.de\/index.php\/wp-json\/wp\/v2\/categories?post=12005"},{"taxonomy":"post_tag","embeddable":true,"href":"https:\/\/komma.ostfalia.de\/index.php\/wp-json\/wp\/v2\/tags?post=12005"}],"curies":[{"name":"wp","href":"https:\/\/api.w.org\/{rel}","templated":true}]}}