{"id":11995,"date":"2023-01-06T17:06:18","date_gmt":"2023-01-06T16:06:18","guid":{"rendered":"https:\/\/komma.ostfalia.de\/?p=11995"},"modified":"2023-01-06T17:10:06","modified_gmt":"2023-01-06T16:10:06","slug":"graue-maus-zwischen-netflix-und-co","status":"publish","type":"post","link":"https:\/\/komma.ostfalia.de\/index.php\/graue-maus-zwischen-netflix-und-co\/","title":{"rendered":"Graue Maus zwischen Netflix und Co.?"},"content":{"rendered":"\t\t<div data-elementor-type=\"wp-post\" data-elementor-id=\"11995\" class=\"elementor elementor-11995\">\n\t\t\t\t\t\t<section class=\"elementor-section elementor-top-section elementor-element elementor-element-8dd7d0e elementor-section-boxed elementor-section-height-default elementor-section-height-default\" data-id=\"8dd7d0e\" data-element_type=\"section\">\n\t\t\t\t\t\t<div class=\"elementor-container elementor-column-gap-default\">\n\t\t\t\t\t<div class=\"elementor-column elementor-col-50 elementor-top-column elementor-element elementor-element-360bbbb\" data-id=\"360bbbb\" data-element_type=\"column\">\n\t\t\t<div class=\"elementor-widget-wrap elementor-element-populated\">\n\t\t\t\t\t\t<div class=\"elementor-element elementor-element-ee1bc27 elementor-widget elementor-widget-image\" data-id=\"ee1bc27\" data-element_type=\"widget\" data-widget_type=\"image.default\">\n\t\t\t\t<div class=\"elementor-widget-container\">\n\t\t\t\t\t\t\t\t\t\t\t\t\t<img fetchpriority=\"high\" decoding=\"async\" width=\"648\" height=\"884\" src=\"https:\/\/komma.ostfalia.de\/wp-content\/uploads\/2023\/01\/Seiten_aus_221230_MeWi_4_2022..png\" class=\"attachment-medium_large size-medium_large wp-image-12001\" alt=\"\" srcset=\"https:\/\/komma.ostfalia.de\/wp-content\/uploads\/2023\/01\/Seiten_aus_221230_MeWi_4_2022..png 648w, https:\/\/komma.ostfalia.de\/wp-content\/uploads\/2023\/01\/Seiten_aus_221230_MeWi_4_2022.-220x300.png 220w\" sizes=\"(max-width: 648px) 100vw, 648px\" \/>\t\t\t\t\t\t\t\t\t\t\t\t\t<\/div>\n\t\t\t\t<\/div>\n\t\t\t\t\t<\/div>\n\t\t<\/div>\n\t\t\t\t<div class=\"elementor-column elementor-col-50 elementor-top-column elementor-element elementor-element-6a01532\" data-id=\"6a01532\" data-element_type=\"column\">\n\t\t\t<div class=\"elementor-widget-wrap elementor-element-populated\">\n\t\t\t\t\t\t<div class=\"elementor-element elementor-element-2b42908 elementor-widget elementor-widget-text-editor\" data-id=\"2b42908\" data-element_type=\"widget\" data-widget_type=\"text-editor.default\">\n\t\t\t\t<div class=\"elementor-widget-container\">\n\t\t\t\t\t\t\t<p>Als Zielgruppe f\u00fcr den \u00f6ffentlich-rechtlichen Rundfunk sind junge Menschen, die heute Mitte bis Ende Zwanzig sind, ausgesprochen attraktiv. Sie stehen mitten im Leben, gestalten die Gesellschaft und ihre Institutionen, und sie nutzen aktiv unterschiedliche, per Streaming angebotene Medien.<br \/>In der neuen Ausgabe der f\u00fcr die Fachgemeinschaft wichtigsten deutschsprachigen wissenschaftlichen Fachzeitschrift \u201eMedienwirtschaft\u201c Beitrag untersuchen vier KomMa-Autoren (Niko G\u00fclle, Karoline Steinbock, Maja Bahrke und Harald Rau) mit kreativem wissenschaftlich-methodischem Zugang sehr konkret, wie Menschen, die zwischen 15 und 29 Jahre alt sind, sich der Mediathek der ARD n\u00e4hern, welche Schwerpunkte sie bei der Auswahl von Angeboten setzen und wie sie deren Qualit\u00e4t bezogen auf \u201eUser Experience\u201c und Inhalte einsch\u00e4tzen. Besonders auff\u00e4llig dabei: Diese Altersgruppe ist noch immer stark von klassisch-linear offerierten Fernsehprogrammen gepr\u00e4gt, und sie hat eine klare Vorstellung davon, was der \u00f6ffentlich-rechtliche Rundfunk leisten kann und soll. Die ganze Studie &#8211; jetzt in kompakter Form in der Medienwirtschaft, Heft 4\/2022.<\/p>\t\t\t\t\t\t<\/div>\n\t\t\t\t<\/div>\n\t\t\t\t\t<\/div>\n\t\t<\/div>\n\t\t\t\t\t<\/div>\n\t\t<\/section>\n\t\t\t\t<\/div>\n\t\t","protected":false},"excerpt":{"rendered":"<p>Als Zielgruppe f\u00fcr den \u00f6ffentlich-rechtlichen Rundfunk sind junge Menschen, die heute Mitte bis Ende Zwanzig sind, ausgesprochen attraktiv. Sie stehen mitten im Leben, gestalten die Gesellschaft und ihre Institutionen, und sie nutzen aktiv unterschiedliche, per Streaming angebotene Medien.In der neuen Ausgabe der f\u00fcr die Fachgemeinschaft wichtigsten deutschsprachigen wissenschaftlichen Fachzeitschrift \u201eMedienwirtschaft\u201c Beitrag untersuchen vier KomMa-Autoren (Niko [&hellip;]<\/p>\n","protected":false},"author":30,"featured_media":11996,"comment_status":"open","ping_status":"open","sticky":false,"template":"","format":"standard","meta":{"_acf_changed":false,"footnotes":""},"categories":[1],"tags":[],"acf":[],"yoast_head":"<title>Graue Maus zwischen Netflix und Co.? - KomMa<\/title>\n<meta name=\"robots\" content=\"index, follow, max-snippet:-1, max-image-preview:large, max-video-preview:-1\" \/>\n<link rel=\"canonical\" href=\"https:\/\/komma.ostfalia.de\/index.php\/graue-maus-zwischen-netflix-und-co\/\" \/>\n<meta property=\"og:locale\" content=\"de_DE\" \/>\n<meta property=\"og:type\" content=\"article\" \/>\n<meta property=\"og:title\" content=\"Graue Maus zwischen Netflix und Co.? - KomMa\" \/>\n<meta property=\"og:description\" content=\"Als Zielgruppe f\u00fcr den \u00f6ffentlich-rechtlichen Rundfunk sind junge Menschen, die heute Mitte bis Ende Zwanzig sind, ausgesprochen attraktiv. Sie stehen mitten im Leben, gestalten die Gesellschaft und ihre Institutionen, und sie nutzen aktiv unterschiedliche, per Streaming angebotene Medien.In der neuen Ausgabe der f\u00fcr die Fachgemeinschaft wichtigsten deutschsprachigen wissenschaftlichen Fachzeitschrift \u201eMedienwirtschaft\u201c Beitrag untersuchen vier KomMa-Autoren (Niko [&hellip;]\" \/>\n<meta property=\"og:url\" content=\"https:\/\/komma.ostfalia.de\/index.php\/graue-maus-zwischen-netflix-und-co\/\" \/>\n<meta property=\"og:site_name\" content=\"KomMa\" \/>\n<meta property=\"article:published_time\" content=\"2023-01-06T16:06:18+00:00\" \/>\n<meta property=\"article:modified_time\" content=\"2023-01-06T16:10:06+00:00\" \/>\n<meta property=\"og:image\" content=\"https:\/\/komma.ostfalia.de\/wp-content\/uploads\/2023\/01\/Graue-Maus-scaled.jpeg\" \/>\n\t<meta property=\"og:image:width\" content=\"2560\" \/>\n\t<meta property=\"og:image:height\" content=\"1788\" \/>\n\t<meta property=\"og:image:type\" content=\"image\/jpeg\" \/>\n<meta name=\"author\" content=\"Niklas Wils\" \/>\n<meta name=\"twitter:card\" content=\"summary_large_image\" \/>\n<meta name=\"twitter:creator\" content=\"@komma_ostfalia\" \/>\n<meta name=\"twitter:site\" content=\"@komma_ostfalia\" \/>\n<meta name=\"twitter:label1\" content=\"Verfasst von\" \/>\n\t<meta name=\"twitter:data1\" content=\"Niklas Wils\" \/>\n\t<meta name=\"twitter:label2\" content=\"Gesch\u00e4tzte Lesezeit\" \/>\n\t<meta name=\"twitter:data2\" content=\"1\u00a0Minute\" \/>\n<script type=\"application\/ld+json\" class=\"yoast-schema-graph\">{\"@context\":\"https:\/\/schema.org\",\"@graph\":[{\"@type\":\"Article\",\"@id\":\"https:\/\/komma.ostfalia.de\/index.php\/graue-maus-zwischen-netflix-und-co\/#article\",\"isPartOf\":{\"@id\":\"https:\/\/komma.ostfalia.de\/index.php\/graue-maus-zwischen-netflix-und-co\/\"},\"author\":{\"name\":\"Niklas Wils\",\"@id\":\"https:\/\/komma.ostfalia.de\/#\/schema\/person\/2c0769382a6abb3eb8dc4fd5909f70cc\"},\"headline\":\"Graue Maus zwischen Netflix und Co.?\",\"datePublished\":\"2023-01-06T16:06:18+00:00\",\"dateModified\":\"2023-01-06T16:10:06+00:00\",\"mainEntityOfPage\":{\"@id\":\"https:\/\/komma.ostfalia.de\/index.php\/graue-maus-zwischen-netflix-und-co\/\"},\"wordCount\":160,\"commentCount\":0,\"publisher\":{\"@id\":\"https:\/\/komma.ostfalia.de\/#organization\"},\"image\":{\"@id\":\"https:\/\/komma.ostfalia.de\/index.php\/graue-maus-zwischen-netflix-und-co\/#primaryimage\"},\"thumbnailUrl\":\"https:\/\/komma.ostfalia.de\/wp-content\/uploads\/2023\/01\/Graue-Maus-scaled.jpeg\",\"inLanguage\":\"de\",\"potentialAction\":[{\"@type\":\"CommentAction\",\"name\":\"Comment\",\"target\":[\"https:\/\/komma.ostfalia.de\/index.php\/graue-maus-zwischen-netflix-und-co\/#respond\"]}]},{\"@type\":\"WebPage\",\"@id\":\"https:\/\/komma.ostfalia.de\/index.php\/graue-maus-zwischen-netflix-und-co\/\",\"url\":\"https:\/\/komma.ostfalia.de\/index.php\/graue-maus-zwischen-netflix-und-co\/\",\"name\":\"Graue Maus zwischen Netflix und Co.? - KomMa\",\"isPartOf\":{\"@id\":\"https:\/\/komma.ostfalia.de\/#website\"},\"primaryImageOfPage\":{\"@id\":\"https:\/\/komma.ostfalia.de\/index.php\/graue-maus-zwischen-netflix-und-co\/#primaryimage\"},\"image\":{\"@id\":\"https:\/\/komma.ostfalia.de\/index.php\/graue-maus-zwischen-netflix-und-co\/#primaryimage\"},\"thumbnailUrl\":\"https:\/\/komma.ostfalia.de\/wp-content\/uploads\/2023\/01\/Graue-Maus-scaled.jpeg\",\"datePublished\":\"2023-01-06T16:06:18+00:00\",\"dateModified\":\"2023-01-06T16:10:06+00:00\",\"breadcrumb\":{\"@id\":\"https:\/\/komma.ostfalia.de\/index.php\/graue-maus-zwischen-netflix-und-co\/#breadcrumb\"},\"inLanguage\":\"de\",\"potentialAction\":[{\"@type\":\"ReadAction\",\"target\":[\"https:\/\/komma.ostfalia.de\/index.php\/graue-maus-zwischen-netflix-und-co\/\"]}]},{\"@type\":\"ImageObject\",\"inLanguage\":\"de\",\"@id\":\"https:\/\/komma.ostfalia.de\/index.php\/graue-maus-zwischen-netflix-und-co\/#primaryimage\",\"url\":\"https:\/\/komma.ostfalia.de\/wp-content\/uploads\/2023\/01\/Graue-Maus-scaled.jpeg\",\"contentUrl\":\"https:\/\/komma.ostfalia.de\/wp-content\/uploads\/2023\/01\/Graue-Maus-scaled.jpeg\",\"width\":2560,\"height\":1788},{\"@type\":\"BreadcrumbList\",\"@id\":\"https:\/\/komma.ostfalia.de\/index.php\/graue-maus-zwischen-netflix-und-co\/#breadcrumb\",\"itemListElement\":[{\"@type\":\"ListItem\",\"position\":1,\"name\":\"Startseite\",\"item\":\"https:\/\/komma.ostfalia.de\/\"},{\"@type\":\"ListItem\",\"position\":2,\"name\":\"Allgemein\",\"item\":\"https:\/\/komma.ostfalia.de\/index.php\/kategorie\/allgemein\/\"},{\"@type\":\"ListItem\",\"position\":3,\"name\":\"Graue Maus zwischen Netflix und Co.?\"}]},{\"@type\":\"WebSite\",\"@id\":\"https:\/\/komma.ostfalia.de\/#website\",\"url\":\"https:\/\/komma.ostfalia.de\/\",\"name\":\"KomMa\",\"description\":\"Professur f\u00fcr Kommunikationsmanagement\",\"publisher\":{\"@id\":\"https:\/\/komma.ostfalia.de\/#organization\"},\"potentialAction\":[{\"@type\":\"SearchAction\",\"target\":{\"@type\":\"EntryPoint\",\"urlTemplate\":\"https:\/\/komma.ostfalia.de\/?s={search_term_string}\"},\"query-input\":\"required name=search_term_string\"}],\"inLanguage\":\"de\"},{\"@type\":\"Organization\",\"@id\":\"https:\/\/komma.ostfalia.de\/#organization\",\"name\":\"KomMa - Professur f\u00fcr Kommunikationsmanagement\",\"url\":\"https:\/\/komma.ostfalia.de\/\",\"logo\":{\"@type\":\"ImageObject\",\"inLanguage\":\"de\",\"@id\":\"https:\/\/komma.ostfalia.de\/#\/schema\/logo\/image\/\",\"url\":\"https:\/\/komma.ostfalia.de\/wp-content\/uploads\/2020\/05\/komma-signet.png\",\"contentUrl\":\"https:\/\/komma.ostfalia.de\/wp-content\/uploads\/2020\/05\/komma-signet.png\",\"width\":512,\"height\":512,\"caption\":\"KomMa - Professur f\u00fcr Kommunikationsmanagement\"},\"image\":{\"@id\":\"https:\/\/komma.ostfalia.de\/#\/schema\/logo\/image\/\"},\"sameAs\":[\"https:\/\/twitter.com\/komma_ostfalia\"]},{\"@type\":\"Person\",\"@id\":\"https:\/\/komma.ostfalia.de\/#\/schema\/person\/2c0769382a6abb3eb8dc4fd5909f70cc\",\"name\":\"Niklas Wils\",\"image\":{\"@type\":\"ImageObject\",\"inLanguage\":\"de\",\"@id\":\"https:\/\/komma.ostfalia.de\/#\/schema\/person\/image\/\",\"url\":\"https:\/\/secure.gravatar.com\/avatar\/d732e66c1e5fabb7e2628b1d44cd70d7?s=96&d=mm&r=g\",\"contentUrl\":\"https:\/\/secure.gravatar.com\/avatar\/d732e66c1e5fabb7e2628b1d44cd70d7?s=96&d=mm&r=g\",\"caption\":\"Niklas Wils\"}}]}<\/script>","yoast_head_json":{"title":"Graue Maus zwischen Netflix und Co.? - KomMa","robots":{"index":"index","follow":"follow","max-snippet":"max-snippet:-1","max-image-preview":"max-image-preview:large","max-video-preview":"max-video-preview:-1"},"canonical":"https:\/\/komma.ostfalia.de\/index.php\/graue-maus-zwischen-netflix-und-co\/","og_locale":"de_DE","og_type":"article","og_title":"Graue Maus zwischen Netflix und Co.? - KomMa","og_description":"Als Zielgruppe f\u00fcr den \u00f6ffentlich-rechtlichen Rundfunk sind junge Menschen, die heute Mitte bis Ende Zwanzig sind, ausgesprochen attraktiv. Sie stehen mitten im Leben, gestalten die Gesellschaft und ihre Institutionen, und sie nutzen aktiv unterschiedliche, per Streaming angebotene Medien.In der neuen Ausgabe der f\u00fcr die Fachgemeinschaft wichtigsten deutschsprachigen wissenschaftlichen Fachzeitschrift \u201eMedienwirtschaft\u201c Beitrag untersuchen vier KomMa-Autoren (Niko [&hellip;]","og_url":"https:\/\/komma.ostfalia.de\/index.php\/graue-maus-zwischen-netflix-und-co\/","og_site_name":"KomMa","article_published_time":"2023-01-06T16:06:18+00:00","article_modified_time":"2023-01-06T16:10:06+00:00","og_image":[{"width":2560,"height":1788,"url":"https:\/\/komma.ostfalia.de\/wp-content\/uploads\/2023\/01\/Graue-Maus-scaled.jpeg","type":"image\/jpeg"}],"author":"Niklas Wils","twitter_card":"summary_large_image","twitter_creator":"@komma_ostfalia","twitter_site":"@komma_ostfalia","twitter_misc":{"Verfasst von":"Niklas Wils","Gesch\u00e4tzte Lesezeit":"1\u00a0Minute"},"schema":{"@context":"https:\/\/schema.org","@graph":[{"@type":"Article","@id":"https:\/\/komma.ostfalia.de\/index.php\/graue-maus-zwischen-netflix-und-co\/#article","isPartOf":{"@id":"https:\/\/komma.ostfalia.de\/index.php\/graue-maus-zwischen-netflix-und-co\/"},"author":{"name":"Niklas Wils","@id":"https:\/\/komma.ostfalia.de\/#\/schema\/person\/2c0769382a6abb3eb8dc4fd5909f70cc"},"headline":"Graue Maus zwischen Netflix und Co.?","datePublished":"2023-01-06T16:06:18+00:00","dateModified":"2023-01-06T16:10:06+00:00","mainEntityOfPage":{"@id":"https:\/\/komma.ostfalia.de\/index.php\/graue-maus-zwischen-netflix-und-co\/"},"wordCount":160,"commentCount":0,"publisher":{"@id":"https:\/\/komma.ostfalia.de\/#organization"},"image":{"@id":"https:\/\/komma.ostfalia.de\/index.php\/graue-maus-zwischen-netflix-und-co\/#primaryimage"},"thumbnailUrl":"https:\/\/komma.ostfalia.de\/wp-content\/uploads\/2023\/01\/Graue-Maus-scaled.jpeg","inLanguage":"de","potentialAction":[{"@type":"CommentAction","name":"Comment","target":["https:\/\/komma.ostfalia.de\/index.php\/graue-maus-zwischen-netflix-und-co\/#respond"]}]},{"@type":"WebPage","@id":"https:\/\/komma.ostfalia.de\/index.php\/graue-maus-zwischen-netflix-und-co\/","url":"https:\/\/komma.ostfalia.de\/index.php\/graue-maus-zwischen-netflix-und-co\/","name":"Graue Maus zwischen Netflix und Co.? - KomMa","isPartOf":{"@id":"https:\/\/komma.ostfalia.de\/#website"},"primaryImageOfPage":{"@id":"https:\/\/komma.ostfalia.de\/index.php\/graue-maus-zwischen-netflix-und-co\/#primaryimage"},"image":{"@id":"https:\/\/komma.ostfalia.de\/index.php\/graue-maus-zwischen-netflix-und-co\/#primaryimage"},"thumbnailUrl":"https:\/\/komma.ostfalia.de\/wp-content\/uploads\/2023\/01\/Graue-Maus-scaled.jpeg","datePublished":"2023-01-06T16:06:18+00:00","dateModified":"2023-01-06T16:10:06+00:00","breadcrumb":{"@id":"https:\/\/komma.ostfalia.de\/index.php\/graue-maus-zwischen-netflix-und-co\/#breadcrumb"},"inLanguage":"de","potentialAction":[{"@type":"ReadAction","target":["https:\/\/komma.ostfalia.de\/index.php\/graue-maus-zwischen-netflix-und-co\/"]}]},{"@type":"ImageObject","inLanguage":"de","@id":"https:\/\/komma.ostfalia.de\/index.php\/graue-maus-zwischen-netflix-und-co\/#primaryimage","url":"https:\/\/komma.ostfalia.de\/wp-content\/uploads\/2023\/01\/Graue-Maus-scaled.jpeg","contentUrl":"https:\/\/komma.ostfalia.de\/wp-content\/uploads\/2023\/01\/Graue-Maus-scaled.jpeg","width":2560,"height":1788},{"@type":"BreadcrumbList","@id":"https:\/\/komma.ostfalia.de\/index.php\/graue-maus-zwischen-netflix-und-co\/#breadcrumb","itemListElement":[{"@type":"ListItem","position":1,"name":"Startseite","item":"https:\/\/komma.ostfalia.de\/"},{"@type":"ListItem","position":2,"name":"Allgemein","item":"https:\/\/komma.ostfalia.de\/index.php\/kategorie\/allgemein\/"},{"@type":"ListItem","position":3,"name":"Graue Maus zwischen Netflix und Co.?"}]},{"@type":"WebSite","@id":"https:\/\/komma.ostfalia.de\/#website","url":"https:\/\/komma.ostfalia.de\/","name":"KomMa","description":"Professur f\u00fcr Kommunikationsmanagement","publisher":{"@id":"https:\/\/komma.ostfalia.de\/#organization"},"potentialAction":[{"@type":"SearchAction","target":{"@type":"EntryPoint","urlTemplate":"https:\/\/komma.ostfalia.de\/?s={search_term_string}"},"query-input":"required name=search_term_string"}],"inLanguage":"de"},{"@type":"Organization","@id":"https:\/\/komma.ostfalia.de\/#organization","name":"KomMa - Professur f\u00fcr Kommunikationsmanagement","url":"https:\/\/komma.ostfalia.de\/","logo":{"@type":"ImageObject","inLanguage":"de","@id":"https:\/\/komma.ostfalia.de\/#\/schema\/logo\/image\/","url":"https:\/\/komma.ostfalia.de\/wp-content\/uploads\/2020\/05\/komma-signet.png","contentUrl":"https:\/\/komma.ostfalia.de\/wp-content\/uploads\/2020\/05\/komma-signet.png","width":512,"height":512,"caption":"KomMa - Professur f\u00fcr Kommunikationsmanagement"},"image":{"@id":"https:\/\/komma.ostfalia.de\/#\/schema\/logo\/image\/"},"sameAs":["https:\/\/twitter.com\/komma_ostfalia"]},{"@type":"Person","@id":"https:\/\/komma.ostfalia.de\/#\/schema\/person\/2c0769382a6abb3eb8dc4fd5909f70cc","name":"Niklas Wils","image":{"@type":"ImageObject","inLanguage":"de","@id":"https:\/\/komma.ostfalia.de\/#\/schema\/person\/image\/","url":"https:\/\/secure.gravatar.com\/avatar\/d732e66c1e5fabb7e2628b1d44cd70d7?s=96&d=mm&r=g","contentUrl":"https:\/\/secure.gravatar.com\/avatar\/d732e66c1e5fabb7e2628b1d44cd70d7?s=96&d=mm&r=g","caption":"Niklas Wils"}}]}},"_links":{"self":[{"href":"https:\/\/komma.ostfalia.de\/index.php\/wp-json\/wp\/v2\/posts\/11995"}],"collection":[{"href":"https:\/\/komma.ostfalia.de\/index.php\/wp-json\/wp\/v2\/posts"}],"about":[{"href":"https:\/\/komma.ostfalia.de\/index.php\/wp-json\/wp\/v2\/types\/post"}],"author":[{"embeddable":true,"href":"https:\/\/komma.ostfalia.de\/index.php\/wp-json\/wp\/v2\/users\/30"}],"replies":[{"embeddable":true,"href":"https:\/\/komma.ostfalia.de\/index.php\/wp-json\/wp\/v2\/comments?post=11995"}],"version-history":[{"count":5,"href":"https:\/\/komma.ostfalia.de\/index.php\/wp-json\/wp\/v2\/posts\/11995\/revisions"}],"predecessor-version":[{"id":12004,"href":"https:\/\/komma.ostfalia.de\/index.php\/wp-json\/wp\/v2\/posts\/11995\/revisions\/12004"}],"wp:featuredmedia":[{"embeddable":true,"href":"https:\/\/komma.ostfalia.de\/index.php\/wp-json\/wp\/v2\/media\/11996"}],"wp:attachment":[{"href":"https:\/\/komma.ostfalia.de\/index.php\/wp-json\/wp\/v2\/media?parent=11995"}],"wp:term":[{"taxonomy":"category","embeddable":true,"href":"https:\/\/komma.ostfalia.de\/index.php\/wp-json\/wp\/v2\/categories?post=11995"},{"taxonomy":"post_tag","embeddable":true,"href":"https:\/\/komma.ostfalia.de\/index.php\/wp-json\/wp\/v2\/tags?post=11995"}],"curies":[{"name":"wp","href":"https:\/\/api.w.org\/{rel}","templated":true}]}}