{"id":11941,"date":"2023-01-03T11:01:39","date_gmt":"2023-01-03T10:01:39","guid":{"rendered":"https:\/\/komma.ostfalia.de\/?p=11941"},"modified":"2023-01-03T11:58:27","modified_gmt":"2023-01-03T10:58:27","slug":"der-funke-medien-podcast-streitpunkte-ein-gesprach-von-andreas-schweiger-und-harald-rau","status":"publish","type":"post","link":"https:\/\/komma.ostfalia.de\/index.php\/der-funke-medien-podcast-streitpunkte-ein-gesprach-von-andreas-schweiger-und-harald-rau\/","title":{"rendered":"Der Funke-Medien-Podcast \u201eStreitpunkte\u201c &#8211; ein Gespr\u00e4ch von Andreas Schweiger und Harald Rau"},"content":{"rendered":"\t\t<div data-elementor-type=\"wp-post\" data-elementor-id=\"11941\" class=\"elementor elementor-11941\">\n\t\t\t\t\t\t<section class=\"elementor-section elementor-top-section elementor-element elementor-element-516c240 elementor-section-boxed elementor-section-height-default elementor-section-height-default\" data-id=\"516c240\" data-element_type=\"section\">\n\t\t\t\t\t\t<div class=\"elementor-container elementor-column-gap-default\">\n\t\t\t\t\t<div class=\"elementor-column elementor-col-100 elementor-top-column elementor-element elementor-element-d0f8d9c\" data-id=\"d0f8d9c\" data-element_type=\"column\">\n\t\t\t<div class=\"elementor-widget-wrap elementor-element-populated\">\n\t\t\t\t\t\t<div class=\"elementor-element elementor-element-4765dcc elementor-widget elementor-widget-text-editor\" data-id=\"4765dcc\" data-element_type=\"widget\" data-widget_type=\"text-editor.default\">\n\t\t\t\t<div class=\"elementor-widget-container\">\n\t\t\t\t\t\t\t<p>Macht und Ohnmacht: die Rolle der Sozialen Medien und ihrer Eigent\u00fcmer &#8211; das war das Einladungsthema von Andreas Schweiger. Er ist Chef der Wirtschaftsredaktion der Braunschweiger Zeitung und hat den Podcast Streitpunkte ins Leben gerufen. Dort werden in rund einer Dreiviertelstunde Dauer Themen aus m\u00f6glichst unterschiedlichen Perspektiven beleuchtet &#8211; und es darf auch durchaus einmal kontrovers zugehen. In der Folge mit KomMa-Professor Harald Rau stehen Hintergr\u00fcnde und Fragen rund um die Sozialen Medien im Blickpunkt, insbesondere geht es um Twitter und dessen neuen Eigner Elon Musk. Wirtschaftliche Interessen &#8211; so Harald Rau &#8211; k\u00f6nnen hier nicht der eigentliche Treiber f\u00fcr den Erwerb gewesen sein. Als Medien\u00f6konom muss er das sagen, denn der Kaufpreis, den Musk f\u00fcr Twitter aufgebracht hat, ist aus Sicht einer neutralen Bewertung ziemlich hoch.<br \/>Den gesamten Podcast &#8211; Andreas Schweiger im Gespr\u00e4ch mit Harald Rau bei Spotify oder im Apple-Podcast\u00a0<\/p><p>&#8211; Links hier anbei:<\/p>\t\t\t\t\t\t<\/div>\n\t\t\t\t<\/div>\n\t\t\t\t\t<\/div>\n\t\t<\/div>\n\t\t\t\t\t<\/div>\n\t\t<\/section>\n\t\t\t\t<section class=\"elementor-section elementor-top-section elementor-element elementor-element-df88259 elementor-section-boxed elementor-section-height-default elementor-section-height-default\" data-id=\"df88259\" data-element_type=\"section\">\n\t\t\t\t\t\t<div class=\"elementor-container elementor-column-gap-default\">\n\t\t\t\t\t<div class=\"elementor-column elementor-col-100 elementor-top-column elementor-element elementor-element-5baaacb\" data-id=\"5baaacb\" data-element_type=\"column\">\n\t\t\t<div class=\"elementor-widget-wrap elementor-element-populated\">\n\t\t\t\t\t\t<div class=\"elementor-element elementor-element-8e764d0 elementor-shape-rounded elementor-grid-0 e-grid-align-center elementor-widget elementor-widget-social-icons\" data-id=\"8e764d0\" data-element_type=\"widget\" data-widget_type=\"social-icons.default\">\n\t\t\t\t<div class=\"elementor-widget-container\">\n\t\t\t\t\t<div class=\"elementor-social-icons-wrapper elementor-grid\">\n\t\t\t\t\t\t\t<span class=\"elementor-grid-item\">\n\t\t\t\t\t<a class=\"elementor-icon elementor-social-icon elementor-social-icon-spotify elementor-repeater-item-40f9dd6\" href=\"https:\/\/open.spotify.com\/show\/4HrcjEPklhl6ibZ1SBBCuO\" target=\"_blank\">\n\t\t\t\t\t\t<span class=\"elementor-screen-only\">Spotify<\/span>\n\t\t\t\t\t\t<i class=\"fab fa-spotify\"><\/i>\t\t\t\t\t<\/a>\n\t\t\t\t<\/span>\n\t\t\t\t\t\t\t<span class=\"elementor-grid-item\">\n\t\t\t\t\t<a class=\"elementor-icon elementor-social-icon elementor-social-icon-podcast elementor-repeater-item-16e705b\" href=\"https:\/\/podcasts.apple.com\/de\/podcast\/streitpunkte-der-diskussions-podcast-der-braunschweiger\/id1627239109\" target=\"_blank\">\n\t\t\t\t\t\t<span class=\"elementor-screen-only\">Podcast<\/span>\n\t\t\t\t\t\t<i class=\"fas fa-podcast\"><\/i>\t\t\t\t\t<\/a>\n\t\t\t\t<\/span>\n\t\t\t\t\t<\/div>\n\t\t\t\t<\/div>\n\t\t\t\t<\/div>\n\t\t\t\t\t<\/div>\n\t\t<\/div>\n\t\t\t\t\t<\/div>\n\t\t<\/section>\n\t\t\t\t<section class=\"elementor-section elementor-top-section elementor-element elementor-element-9dc8cf1 elementor-section-boxed elementor-section-height-default elementor-section-height-default\" data-id=\"9dc8cf1\" data-element_type=\"section\">\n\t\t\t\t\t\t<div class=\"elementor-container elementor-column-gap-default\">\n\t\t\t\t\t<div class=\"elementor-column elementor-col-100 elementor-top-column elementor-element elementor-element-1d1277e\" data-id=\"1d1277e\" data-element_type=\"column\">\n\t\t\t<div class=\"elementor-widget-wrap elementor-element-populated\">\n\t\t\t\t\t\t<div class=\"elementor-element elementor-element-0a08e0e elementor-align-center elementor-widget elementor-widget-button\" data-id=\"0a08e0e\" data-element_type=\"widget\" data-widget_type=\"button.default\">\n\t\t\t\t<div class=\"elementor-widget-container\">\n\t\t\t\t\t<div class=\"elementor-button-wrapper\">\n\t\t\t<a class=\"elementor-button elementor-button-link elementor-size-sm\" href=\"https:\/\/komma.ostfalia.de\/wp-content\/uploads\/2023\/01\/Bild-scaled.jpeg\" download=\"\">\n\t\t\t\t\t\t<span class=\"elementor-button-content-wrapper\">\n\t\t\t\t\t\t<span class=\"elementor-button-text\">Download Zeitungsartikel<\/span>\n\t\t<\/span>\n\t\t\t\t\t<\/a>\n\t\t<\/div>\n\t\t\t\t<\/div>\n\t\t\t\t<\/div>\n\t\t\t\t\t<\/div>\n\t\t<\/div>\n\t\t\t\t\t<\/div>\n\t\t<\/section>\n\t\t\t\t<section class=\"elementor-section elementor-top-section elementor-element elementor-element-f84deaa elementor-section-boxed elementor-section-height-default elementor-section-height-default\" data-id=\"f84deaa\" data-element_type=\"section\">\n\t\t\t\t\t\t<div class=\"elementor-container elementor-column-gap-default\">\n\t\t\t\t\t<div class=\"elementor-column elementor-col-100 elementor-top-column elementor-element elementor-element-e01eec4\" data-id=\"e01eec4\" data-element_type=\"column\">\n\t\t\t<div class=\"elementor-widget-wrap elementor-element-populated\">\n\t\t\t\t\t\t<div class=\"elementor-element elementor-element-89ec689 elementor-widget elementor-widget-html\" data-id=\"89ec689\" data-element_type=\"widget\" data-widget_type=\"html.default\">\n\t\t\t\t<div class=\"elementor-widget-container\">\n\t\t\t<script src=https:\/\/cdn.julephosting.de\/player\/main.js class=\"julep-podcast-player\" data-episode=https:\/\/cdn.julephosting.de\/podcasts\/579-streitpunkte-der-diskussions-podcast-der-braunschweiger-zeitung\/72176-episode.json?v=2 data-config=https:\/\/cdn.julephosting.de\/podcasts\/579-streitpunkte-der-diskussions-podcast-der-braunschweiger-zeitung\/player-config.json?v=3 layout=\"false\"><\/script>\t\t<\/div>\n\t\t\t\t<\/div>\n\t\t\t\t\t<\/div>\n\t\t<\/div>\n\t\t\t\t\t<\/div>\n\t\t<\/section>\n\t\t\t\t<\/div>\n\t\t","protected":false},"excerpt":{"rendered":"<p>Macht und Ohnmacht: die Rolle der Sozialen Medien und ihrer Eigent\u00fcmer &#8211; das war das Einladungsthema von Andreas Schweiger. Er ist Chef der Wirtschaftsredaktion der Braunschweiger Zeitung und hat den Podcast Streitpunkte ins Leben gerufen. Dort werden in rund einer Dreiviertelstunde Dauer Themen aus m\u00f6glichst unterschiedlichen Perspektiven beleuchtet &#8211; und es darf auch durchaus einmal [&hellip;]<\/p>\n","protected":false},"author":30,"featured_media":11944,"comment_status":"open","ping_status":"open","sticky":false,"template":"","format":"standard","meta":{"_acf_changed":false,"footnotes":""},"categories":[1],"tags":[],"acf":[],"yoast_head":"<title>Der Funke-Medien-Podcast \u201eStreitpunkte\u201c - ein Gespr\u00e4ch von Andreas Schweiger und Harald Rau - KomMa<\/title>\n<meta name=\"robots\" content=\"index, follow, max-snippet:-1, max-image-preview:large, max-video-preview:-1\" \/>\n<link rel=\"canonical\" href=\"https:\/\/komma.ostfalia.de\/index.php\/der-funke-medien-podcast-streitpunkte-ein-gesprach-von-andreas-schweiger-und-harald-rau\/\" \/>\n<meta property=\"og:locale\" content=\"de_DE\" \/>\n<meta property=\"og:type\" content=\"article\" \/>\n<meta property=\"og:title\" content=\"Der Funke-Medien-Podcast \u201eStreitpunkte\u201c - ein Gespr\u00e4ch von Andreas Schweiger und Harald Rau - KomMa\" \/>\n<meta property=\"og:description\" content=\"Macht und Ohnmacht: die Rolle der Sozialen Medien und ihrer Eigent\u00fcmer &#8211; das war das Einladungsthema von Andreas Schweiger. Er ist Chef der Wirtschaftsredaktion der Braunschweiger Zeitung und hat den Podcast Streitpunkte ins Leben gerufen. Dort werden in rund einer Dreiviertelstunde Dauer Themen aus m\u00f6glichst unterschiedlichen Perspektiven beleuchtet &#8211; und es darf auch durchaus einmal [&hellip;]\" \/>\n<meta property=\"og:url\" content=\"https:\/\/komma.ostfalia.de\/index.php\/der-funke-medien-podcast-streitpunkte-ein-gesprach-von-andreas-schweiger-und-harald-rau\/\" \/>\n<meta property=\"og:site_name\" content=\"KomMa\" \/>\n<meta property=\"article:published_time\" content=\"2023-01-03T10:01:39+00:00\" \/>\n<meta property=\"article:modified_time\" content=\"2023-01-03T10:58:27+00:00\" \/>\n<meta property=\"og:image\" content=\"https:\/\/komma.ostfalia.de\/wp-content\/uploads\/2023\/01\/Der-Funke-Medien-Podcast-\u201eStreitpunkte-ein-Gespraech-von-Andreas-Schweiger-und-Harald-Rau.jpg\" \/>\n\t<meta property=\"og:image:width\" content=\"2420\" \/>\n\t<meta property=\"og:image:height\" content=\"1469\" \/>\n\t<meta property=\"og:image:type\" content=\"image\/jpeg\" \/>\n<meta name=\"author\" content=\"Niklas Wils\" \/>\n<meta name=\"twitter:card\" content=\"summary_large_image\" \/>\n<meta name=\"twitter:creator\" content=\"@komma_ostfalia\" \/>\n<meta name=\"twitter:site\" content=\"@komma_ostfalia\" \/>\n<meta name=\"twitter:label1\" content=\"Verfasst von\" \/>\n\t<meta name=\"twitter:data1\" content=\"Niklas Wils\" \/>\n\t<meta name=\"twitter:label2\" content=\"Gesch\u00e4tzte Lesezeit\" \/>\n\t<meta name=\"twitter:data2\" content=\"1\u00a0Minute\" \/>\n<script type=\"application\/ld+json\" class=\"yoast-schema-graph\">{\"@context\":\"https:\/\/schema.org\",\"@graph\":[{\"@type\":\"Article\",\"@id\":\"https:\/\/komma.ostfalia.de\/index.php\/der-funke-medien-podcast-streitpunkte-ein-gesprach-von-andreas-schweiger-und-harald-rau\/#article\",\"isPartOf\":{\"@id\":\"https:\/\/komma.ostfalia.de\/index.php\/der-funke-medien-podcast-streitpunkte-ein-gesprach-von-andreas-schweiger-und-harald-rau\/\"},\"author\":{\"name\":\"Niklas Wils\",\"@id\":\"https:\/\/komma.ostfalia.de\/#\/schema\/person\/2c0769382a6abb3eb8dc4fd5909f70cc\"},\"headline\":\"Der Funke-Medien-Podcast \u201eStreitpunkte\u201c &#8211; ein Gespr\u00e4ch von Andreas Schweiger und Harald Rau\",\"datePublished\":\"2023-01-03T10:01:39+00:00\",\"dateModified\":\"2023-01-03T10:58:27+00:00\",\"mainEntityOfPage\":{\"@id\":\"https:\/\/komma.ostfalia.de\/index.php\/der-funke-medien-podcast-streitpunkte-ein-gesprach-von-andreas-schweiger-und-harald-rau\/\"},\"wordCount\":172,\"commentCount\":0,\"publisher\":{\"@id\":\"https:\/\/komma.ostfalia.de\/#organization\"},\"image\":{\"@id\":\"https:\/\/komma.ostfalia.de\/index.php\/der-funke-medien-podcast-streitpunkte-ein-gesprach-von-andreas-schweiger-und-harald-rau\/#primaryimage\"},\"thumbnailUrl\":\"https:\/\/komma.ostfalia.de\/wp-content\/uploads\/2023\/01\/Der-Funke-Medien-Podcast-\u201eStreitpunkte-ein-Gespraech-von-Andreas-Schweiger-und-Harald-Rau.jpg\",\"inLanguage\":\"de\",\"potentialAction\":[{\"@type\":\"CommentAction\",\"name\":\"Comment\",\"target\":[\"https:\/\/komma.ostfalia.de\/index.php\/der-funke-medien-podcast-streitpunkte-ein-gesprach-von-andreas-schweiger-und-harald-rau\/#respond\"]}]},{\"@type\":\"WebPage\",\"@id\":\"https:\/\/komma.ostfalia.de\/index.php\/der-funke-medien-podcast-streitpunkte-ein-gesprach-von-andreas-schweiger-und-harald-rau\/\",\"url\":\"https:\/\/komma.ostfalia.de\/index.php\/der-funke-medien-podcast-streitpunkte-ein-gesprach-von-andreas-schweiger-und-harald-rau\/\",\"name\":\"Der Funke-Medien-Podcast \u201eStreitpunkte\u201c - ein Gespr\u00e4ch von Andreas Schweiger und Harald Rau - KomMa\",\"isPartOf\":{\"@id\":\"https:\/\/komma.ostfalia.de\/#website\"},\"primaryImageOfPage\":{\"@id\":\"https:\/\/komma.ostfalia.de\/index.php\/der-funke-medien-podcast-streitpunkte-ein-gesprach-von-andreas-schweiger-und-harald-rau\/#primaryimage\"},\"image\":{\"@id\":\"https:\/\/komma.ostfalia.de\/index.php\/der-funke-medien-podcast-streitpunkte-ein-gesprach-von-andreas-schweiger-und-harald-rau\/#primaryimage\"},\"thumbnailUrl\":\"https:\/\/komma.ostfalia.de\/wp-content\/uploads\/2023\/01\/Der-Funke-Medien-Podcast-\u201eStreitpunkte-ein-Gespraech-von-Andreas-Schweiger-und-Harald-Rau.jpg\",\"datePublished\":\"2023-01-03T10:01:39+00:00\",\"dateModified\":\"2023-01-03T10:58:27+00:00\",\"breadcrumb\":{\"@id\":\"https:\/\/komma.ostfalia.de\/index.php\/der-funke-medien-podcast-streitpunkte-ein-gesprach-von-andreas-schweiger-und-harald-rau\/#breadcrumb\"},\"inLanguage\":\"de\",\"potentialAction\":[{\"@type\":\"ReadAction\",\"target\":[\"https:\/\/komma.ostfalia.de\/index.php\/der-funke-medien-podcast-streitpunkte-ein-gesprach-von-andreas-schweiger-und-harald-rau\/\"]}]},{\"@type\":\"ImageObject\",\"inLanguage\":\"de\",\"@id\":\"https:\/\/komma.ostfalia.de\/index.php\/der-funke-medien-podcast-streitpunkte-ein-gesprach-von-andreas-schweiger-und-harald-rau\/#primaryimage\",\"url\":\"https:\/\/komma.ostfalia.de\/wp-content\/uploads\/2023\/01\/Der-Funke-Medien-Podcast-\u201eStreitpunkte-ein-Gespraech-von-Andreas-Schweiger-und-Harald-Rau.jpg\",\"contentUrl\":\"https:\/\/komma.ostfalia.de\/wp-content\/uploads\/2023\/01\/Der-Funke-Medien-Podcast-\u201eStreitpunkte-ein-Gespraech-von-Andreas-Schweiger-und-Harald-Rau.jpg\",\"width\":2420,\"height\":1469},{\"@type\":\"BreadcrumbList\",\"@id\":\"https:\/\/komma.ostfalia.de\/index.php\/der-funke-medien-podcast-streitpunkte-ein-gesprach-von-andreas-schweiger-und-harald-rau\/#breadcrumb\",\"itemListElement\":[{\"@type\":\"ListItem\",\"position\":1,\"name\":\"Startseite\",\"item\":\"https:\/\/komma.ostfalia.de\/\"},{\"@type\":\"ListItem\",\"position\":2,\"name\":\"Allgemein\",\"item\":\"https:\/\/komma.ostfalia.de\/index.php\/kategorie\/allgemein\/\"},{\"@type\":\"ListItem\",\"position\":3,\"name\":\"Der Funke-Medien-Podcast \u201eStreitpunkte\u201c &#8211; ein Gespr\u00e4ch von Andreas Schweiger und Harald Rau\"}]},{\"@type\":\"WebSite\",\"@id\":\"https:\/\/komma.ostfalia.de\/#website\",\"url\":\"https:\/\/komma.ostfalia.de\/\",\"name\":\"KomMa\",\"description\":\"Professur f\u00fcr Kommunikationsmanagement\",\"publisher\":{\"@id\":\"https:\/\/komma.ostfalia.de\/#organization\"},\"potentialAction\":[{\"@type\":\"SearchAction\",\"target\":{\"@type\":\"EntryPoint\",\"urlTemplate\":\"https:\/\/komma.ostfalia.de\/?s={search_term_string}\"},\"query-input\":\"required name=search_term_string\"}],\"inLanguage\":\"de\"},{\"@type\":\"Organization\",\"@id\":\"https:\/\/komma.ostfalia.de\/#organization\",\"name\":\"KomMa - Professur f\u00fcr Kommunikationsmanagement\",\"url\":\"https:\/\/komma.ostfalia.de\/\",\"logo\":{\"@type\":\"ImageObject\",\"inLanguage\":\"de\",\"@id\":\"https:\/\/komma.ostfalia.de\/#\/schema\/logo\/image\/\",\"url\":\"https:\/\/komma.ostfalia.de\/wp-content\/uploads\/2020\/05\/komma-signet.png\",\"contentUrl\":\"https:\/\/komma.ostfalia.de\/wp-content\/uploads\/2020\/05\/komma-signet.png\",\"width\":512,\"height\":512,\"caption\":\"KomMa - Professur f\u00fcr Kommunikationsmanagement\"},\"image\":{\"@id\":\"https:\/\/komma.ostfalia.de\/#\/schema\/logo\/image\/\"},\"sameAs\":[\"https:\/\/twitter.com\/komma_ostfalia\"]},{\"@type\":\"Person\",\"@id\":\"https:\/\/komma.ostfalia.de\/#\/schema\/person\/2c0769382a6abb3eb8dc4fd5909f70cc\",\"name\":\"Niklas Wils\",\"image\":{\"@type\":\"ImageObject\",\"inLanguage\":\"de\",\"@id\":\"https:\/\/komma.ostfalia.de\/#\/schema\/person\/image\/\",\"url\":\"https:\/\/secure.gravatar.com\/avatar\/d732e66c1e5fabb7e2628b1d44cd70d7?s=96&d=mm&r=g\",\"contentUrl\":\"https:\/\/secure.gravatar.com\/avatar\/d732e66c1e5fabb7e2628b1d44cd70d7?s=96&d=mm&r=g\",\"caption\":\"Niklas Wils\"}}]}<\/script>","yoast_head_json":{"title":"Der Funke-Medien-Podcast \u201eStreitpunkte\u201c - ein Gespr\u00e4ch von Andreas Schweiger und Harald Rau - KomMa","robots":{"index":"index","follow":"follow","max-snippet":"max-snippet:-1","max-image-preview":"max-image-preview:large","max-video-preview":"max-video-preview:-1"},"canonical":"https:\/\/komma.ostfalia.de\/index.php\/der-funke-medien-podcast-streitpunkte-ein-gesprach-von-andreas-schweiger-und-harald-rau\/","og_locale":"de_DE","og_type":"article","og_title":"Der Funke-Medien-Podcast \u201eStreitpunkte\u201c - ein Gespr\u00e4ch von Andreas Schweiger und Harald Rau - KomMa","og_description":"Macht und Ohnmacht: die Rolle der Sozialen Medien und ihrer Eigent\u00fcmer &#8211; das war das Einladungsthema von Andreas Schweiger. Er ist Chef der Wirtschaftsredaktion der Braunschweiger Zeitung und hat den Podcast Streitpunkte ins Leben gerufen. Dort werden in rund einer Dreiviertelstunde Dauer Themen aus m\u00f6glichst unterschiedlichen Perspektiven beleuchtet &#8211; und es darf auch durchaus einmal [&hellip;]","og_url":"https:\/\/komma.ostfalia.de\/index.php\/der-funke-medien-podcast-streitpunkte-ein-gesprach-von-andreas-schweiger-und-harald-rau\/","og_site_name":"KomMa","article_published_time":"2023-01-03T10:01:39+00:00","article_modified_time":"2023-01-03T10:58:27+00:00","og_image":[{"width":2420,"height":1469,"url":"https:\/\/komma.ostfalia.de\/wp-content\/uploads\/2023\/01\/Der-Funke-Medien-Podcast-\u201eStreitpunkte-ein-Gespraech-von-Andreas-Schweiger-und-Harald-Rau.jpg","type":"image\/jpeg"}],"author":"Niklas Wils","twitter_card":"summary_large_image","twitter_creator":"@komma_ostfalia","twitter_site":"@komma_ostfalia","twitter_misc":{"Verfasst von":"Niklas Wils","Gesch\u00e4tzte Lesezeit":"1\u00a0Minute"},"schema":{"@context":"https:\/\/schema.org","@graph":[{"@type":"Article","@id":"https:\/\/komma.ostfalia.de\/index.php\/der-funke-medien-podcast-streitpunkte-ein-gesprach-von-andreas-schweiger-und-harald-rau\/#article","isPartOf":{"@id":"https:\/\/komma.ostfalia.de\/index.php\/der-funke-medien-podcast-streitpunkte-ein-gesprach-von-andreas-schweiger-und-harald-rau\/"},"author":{"name":"Niklas Wils","@id":"https:\/\/komma.ostfalia.de\/#\/schema\/person\/2c0769382a6abb3eb8dc4fd5909f70cc"},"headline":"Der Funke-Medien-Podcast \u201eStreitpunkte\u201c &#8211; ein Gespr\u00e4ch von Andreas Schweiger und Harald Rau","datePublished":"2023-01-03T10:01:39+00:00","dateModified":"2023-01-03T10:58:27+00:00","mainEntityOfPage":{"@id":"https:\/\/komma.ostfalia.de\/index.php\/der-funke-medien-podcast-streitpunkte-ein-gesprach-von-andreas-schweiger-und-harald-rau\/"},"wordCount":172,"commentCount":0,"publisher":{"@id":"https:\/\/komma.ostfalia.de\/#organization"},"image":{"@id":"https:\/\/komma.ostfalia.de\/index.php\/der-funke-medien-podcast-streitpunkte-ein-gesprach-von-andreas-schweiger-und-harald-rau\/#primaryimage"},"thumbnailUrl":"https:\/\/komma.ostfalia.de\/wp-content\/uploads\/2023\/01\/Der-Funke-Medien-Podcast-\u201eStreitpunkte-ein-Gespraech-von-Andreas-Schweiger-und-Harald-Rau.jpg","inLanguage":"de","potentialAction":[{"@type":"CommentAction","name":"Comment","target":["https:\/\/komma.ostfalia.de\/index.php\/der-funke-medien-podcast-streitpunkte-ein-gesprach-von-andreas-schweiger-und-harald-rau\/#respond"]}]},{"@type":"WebPage","@id":"https:\/\/komma.ostfalia.de\/index.php\/der-funke-medien-podcast-streitpunkte-ein-gesprach-von-andreas-schweiger-und-harald-rau\/","url":"https:\/\/komma.ostfalia.de\/index.php\/der-funke-medien-podcast-streitpunkte-ein-gesprach-von-andreas-schweiger-und-harald-rau\/","name":"Der Funke-Medien-Podcast \u201eStreitpunkte\u201c - ein Gespr\u00e4ch von Andreas Schweiger und Harald Rau - KomMa","isPartOf":{"@id":"https:\/\/komma.ostfalia.de\/#website"},"primaryImageOfPage":{"@id":"https:\/\/komma.ostfalia.de\/index.php\/der-funke-medien-podcast-streitpunkte-ein-gesprach-von-andreas-schweiger-und-harald-rau\/#primaryimage"},"image":{"@id":"https:\/\/komma.ostfalia.de\/index.php\/der-funke-medien-podcast-streitpunkte-ein-gesprach-von-andreas-schweiger-und-harald-rau\/#primaryimage"},"thumbnailUrl":"https:\/\/komma.ostfalia.de\/wp-content\/uploads\/2023\/01\/Der-Funke-Medien-Podcast-\u201eStreitpunkte-ein-Gespraech-von-Andreas-Schweiger-und-Harald-Rau.jpg","datePublished":"2023-01-03T10:01:39+00:00","dateModified":"2023-01-03T10:58:27+00:00","breadcrumb":{"@id":"https:\/\/komma.ostfalia.de\/index.php\/der-funke-medien-podcast-streitpunkte-ein-gesprach-von-andreas-schweiger-und-harald-rau\/#breadcrumb"},"inLanguage":"de","potentialAction":[{"@type":"ReadAction","target":["https:\/\/komma.ostfalia.de\/index.php\/der-funke-medien-podcast-streitpunkte-ein-gesprach-von-andreas-schweiger-und-harald-rau\/"]}]},{"@type":"ImageObject","inLanguage":"de","@id":"https:\/\/komma.ostfalia.de\/index.php\/der-funke-medien-podcast-streitpunkte-ein-gesprach-von-andreas-schweiger-und-harald-rau\/#primaryimage","url":"https:\/\/komma.ostfalia.de\/wp-content\/uploads\/2023\/01\/Der-Funke-Medien-Podcast-\u201eStreitpunkte-ein-Gespraech-von-Andreas-Schweiger-und-Harald-Rau.jpg","contentUrl":"https:\/\/komma.ostfalia.de\/wp-content\/uploads\/2023\/01\/Der-Funke-Medien-Podcast-\u201eStreitpunkte-ein-Gespraech-von-Andreas-Schweiger-und-Harald-Rau.jpg","width":2420,"height":1469},{"@type":"BreadcrumbList","@id":"https:\/\/komma.ostfalia.de\/index.php\/der-funke-medien-podcast-streitpunkte-ein-gesprach-von-andreas-schweiger-und-harald-rau\/#breadcrumb","itemListElement":[{"@type":"ListItem","position":1,"name":"Startseite","item":"https:\/\/komma.ostfalia.de\/"},{"@type":"ListItem","position":2,"name":"Allgemein","item":"https:\/\/komma.ostfalia.de\/index.php\/kategorie\/allgemein\/"},{"@type":"ListItem","position":3,"name":"Der Funke-Medien-Podcast \u201eStreitpunkte\u201c &#8211; ein Gespr\u00e4ch von Andreas Schweiger und Harald Rau"}]},{"@type":"WebSite","@id":"https:\/\/komma.ostfalia.de\/#website","url":"https:\/\/komma.ostfalia.de\/","name":"KomMa","description":"Professur f\u00fcr Kommunikationsmanagement","publisher":{"@id":"https:\/\/komma.ostfalia.de\/#organization"},"potentialAction":[{"@type":"SearchAction","target":{"@type":"EntryPoint","urlTemplate":"https:\/\/komma.ostfalia.de\/?s={search_term_string}"},"query-input":"required name=search_term_string"}],"inLanguage":"de"},{"@type":"Organization","@id":"https:\/\/komma.ostfalia.de\/#organization","name":"KomMa - Professur f\u00fcr Kommunikationsmanagement","url":"https:\/\/komma.ostfalia.de\/","logo":{"@type":"ImageObject","inLanguage":"de","@id":"https:\/\/komma.ostfalia.de\/#\/schema\/logo\/image\/","url":"https:\/\/komma.ostfalia.de\/wp-content\/uploads\/2020\/05\/komma-signet.png","contentUrl":"https:\/\/komma.ostfalia.de\/wp-content\/uploads\/2020\/05\/komma-signet.png","width":512,"height":512,"caption":"KomMa - Professur f\u00fcr Kommunikationsmanagement"},"image":{"@id":"https:\/\/komma.ostfalia.de\/#\/schema\/logo\/image\/"},"sameAs":["https:\/\/twitter.com\/komma_ostfalia"]},{"@type":"Person","@id":"https:\/\/komma.ostfalia.de\/#\/schema\/person\/2c0769382a6abb3eb8dc4fd5909f70cc","name":"Niklas Wils","image":{"@type":"ImageObject","inLanguage":"de","@id":"https:\/\/komma.ostfalia.de\/#\/schema\/person\/image\/","url":"https:\/\/secure.gravatar.com\/avatar\/d732e66c1e5fabb7e2628b1d44cd70d7?s=96&d=mm&r=g","contentUrl":"https:\/\/secure.gravatar.com\/avatar\/d732e66c1e5fabb7e2628b1d44cd70d7?s=96&d=mm&r=g","caption":"Niklas Wils"}}]}},"_links":{"self":[{"href":"https:\/\/komma.ostfalia.de\/index.php\/wp-json\/wp\/v2\/posts\/11941"}],"collection":[{"href":"https:\/\/komma.ostfalia.de\/index.php\/wp-json\/wp\/v2\/posts"}],"about":[{"href":"https:\/\/komma.ostfalia.de\/index.php\/wp-json\/wp\/v2\/types\/post"}],"author":[{"embeddable":true,"href":"https:\/\/komma.ostfalia.de\/index.php\/wp-json\/wp\/v2\/users\/30"}],"replies":[{"embeddable":true,"href":"https:\/\/komma.ostfalia.de\/index.php\/wp-json\/wp\/v2\/comments?post=11941"}],"version-history":[{"count":40,"href":"https:\/\/komma.ostfalia.de\/index.php\/wp-json\/wp\/v2\/posts\/11941\/revisions"}],"predecessor-version":[{"id":11993,"href":"https:\/\/komma.ostfalia.de\/index.php\/wp-json\/wp\/v2\/posts\/11941\/revisions\/11993"}],"wp:featuredmedia":[{"embeddable":true,"href":"https:\/\/komma.ostfalia.de\/index.php\/wp-json\/wp\/v2\/media\/11944"}],"wp:attachment":[{"href":"https:\/\/komma.ostfalia.de\/index.php\/wp-json\/wp\/v2\/media?parent=11941"}],"wp:term":[{"taxonomy":"category","embeddable":true,"href":"https:\/\/komma.ostfalia.de\/index.php\/wp-json\/wp\/v2\/categories?post=11941"},{"taxonomy":"post_tag","embeddable":true,"href":"https:\/\/komma.ostfalia.de\/index.php\/wp-json\/wp\/v2\/tags?post=11941"}],"curies":[{"name":"wp","href":"https:\/\/api.w.org\/{rel}","templated":true}]}}