{"id":11474,"date":"2022-07-11T13:00:00","date_gmt":"2022-07-11T11:00:00","guid":{"rendered":"https:\/\/komma.ostfalia.de\/?p=11474"},"modified":"2022-07-11T15:54:20","modified_gmt":"2022-07-11T13:54:20","slug":"nutzungsbereitschaft-standortbasierter-nachrichtenapps-komma-dissertationsvorhaben-auf-internationaler-fachtagung-vorgestellt","status":"publish","type":"post","link":"https:\/\/komma.ostfalia.de\/index.php\/nutzungsbereitschaft-standortbasierter-nachrichtenapps-komma-dissertationsvorhaben-auf-internationaler-fachtagung-vorgestellt\/","title":{"rendered":"Nutzungsbereitschaft standortbasierter Nachrichtenapps: KomMa-Dissertationsvorhaben auf internationaler Fachtagung vorgestellt"},"content":{"rendered":"\n<p>Wie kann durch partizipative standortbezogene Dienste (sogenannte \u201aLocation-Based Services\u2018) eine erfolgreiche gesellschaftliche Medienkommunikation auf lokaler Ebene gelingen? Und welche Faktoren beeinflussen in diesem Zusammenhang die <em>Partizipationsbereitschaft<\/em> der Nutzer:innen in standorterfassenden Nachrichtenapps? Diesen und weiteren Fragen geht KomMa-Doktorand <a href=\"https:\/\/komma.ostfalia.de\/index.php\/per-ole-uphaus\/\">Per Ole Uphaus<\/a> in seinem <a href=\"https:\/\/komma.ostfalia.de\/index.php\/neues-forschungsprojekt-am-leibniz-wissenschaftscampus-postdigitale-partizipation-fuer-per-ole-uphaus\/\" target=\"_blank\" rel=\"noreferrer noopener\">Dissertationsprojekt \u201aLocative News\u2018<\/a> am <a href=\"https:\/\/www.postdigitalparticipation.org\/projekte\/default-fa87ba3794\" target=\"_blank\" rel=\"noreferrer noopener\">Leibniz WissenschaftsCampus \u201ePostdigitale Partizipation\u201c<\/a> nach und kn\u00fcpft damit inhaltlich an vorangegangene Studien des mittlerweile erfolgreich abgeschlossenen Projekts <a href=\"https:\/\/komma.ostfalia.de\/index.php\/fuenf-jahre-viele-studien-und-jede-menge-erkenntnisgewinn\/\" target=\"_blank\" rel=\"noreferrer noopener\">\u201aLocation-Based Services in der regionalen Medienkommunikation\u2018<\/a> an.<br>Auf der <a href=\"https:\/\/www.media-management.eu\/emma-conferences\/munich-2022\/\" target=\"_blank\" rel=\"noreferrer noopener\">diesj\u00e4hrigen Tagung der European Media Management Association (emma2022)<\/a> pr\u00e4sentierte Uphaus nun zusammen mit KomMa-Professor <a href=\"https:\/\/komma.ostfalia.de\/index.php\/harald-rau-2\/\">Harald Rau<\/a> erstmals ein vorl\u00e4ufiges Modell zur Vorhersage der Partizipationsbereitschaft vor internationalen Expert:innen im Bereich Medienmanagement. Die emma gilt als eine der wichtigsten internationalen Fachtagungen im Bereich Medienmanagement in Europa und stellte f\u00fcr das KomMa-Team die ideale Plattform zur Diskussion der Thematik dar. Im Vorfeld konnte Uphaus zudem im Rahmen des von der Medien\u00f6konomie\u1d36\u1d3f organisierten <a href=\"https:\/\/www.media-management.eu\/wp-content\/uploads\/2022\/04\/PhD-Workshop2022_emma_DGPuK.pdf\" target=\"_blank\" rel=\"noreferrer noopener\">PhD-Workshops<\/a> weiteres Feedback anderer Doktorand:innen und erfahrener Forscher:innen sammeln, um dieses in den Forschungsprozess mit einflie\u00dfen zu lassen.<br>Lokalnachrichten als Mittel zur Unterst\u00fctzung des Lokaljournalismus im Rahmen der digitalen Transformation stellen in der internationalen Medienmanagement-Forschung ein \u00e4u\u00dferst relevantes Thema dar, weshalb sich der Vortrag perfekt somit auch perfekt in die diesj\u00e4hrige Ausrichtung der emma (<a href=\"https:\/\/www.media-management.eu\/wp-content\/uploads\/2022\/01\/CfP_emma2022DGPuK_updated.pdf\" target=\"_blank\" rel=\"noreferrer noopener\">Umstrukturierung der Medienindustrie<\/a>) einf\u00fcgte.<br>Das KomMa-Team bedankt sich bei den Organisatoren <a href=\"https:\/\/www.macromedia-fachhochschule.de\/de\/menschen\/castulus-kolo\/\" target=\"_blank\" rel=\"noreferrer noopener\">Castulus Kolo<\/a>, <a href=\"https:\/\/www.macromedia-fachhochschule.de\/de\/menschen\/joschka-mutterlein\/\" target=\"_blank\" rel=\"noreferrer noopener\">Joschka M\u00fctterlein<\/a> und <a href=\"https:\/\/www.macromedia-fachhochschule.de\/de\/menschen\/florian-haumer\/\" target=\"_blank\" rel=\"noreferrer noopener\">Florian Haumer<\/a>, allen Teilnehmern der emma2022 f\u00fcr die gro\u00dfartige Konferenz, sowie <a href=\"https:\/\/www.tu-ilmenau.de\/universitaet\/fakultaeten\/fakultaet-wirtschaftswissenschaften-und-medien\/profil\/institute-und-fachgebiete\/fachgebiet-medien-und-kommunikationsmanagement\/team\/miriam-bernhard-ma\" target=\"_blank\" rel=\"noreferrer noopener\">Miriam Bernhard<\/a> und <a href=\"https:\/\/www.medienwirtschaft.uni-mainz.de\/team-2\/robin-riemann-ma\/\" target=\"_blank\" rel=\"noreferrer noopener\">Robin Riemann<\/a> f\u00fcr die Organisation des PhD-Workshops.<\/p>\n","protected":false},"excerpt":{"rendered":"<p>Wie kann durch partizipative standortbezogene Dienste (sogenannte \u201aLocation-Based Services\u2018) eine erfolgreiche gesellschaftliche Medienkommunikation auf lokaler Ebene gelingen? Und welche Faktoren beeinflussen in diesem Zusammenhang die Partizipationsbereitschaft der Nutzer:innen in standorterfassenden Nachrichtenapps? Diesen und weiteren Fragen geht KomMa-Doktorand Per Ole Uphaus in seinem Dissertationsprojekt \u201aLocative News\u2018 am Leibniz WissenschaftsCampus \u201ePostdigitale Partizipation\u201c nach und kn\u00fcpft damit inhaltlich [&hellip;]<\/p>\n","protected":false},"author":1,"featured_media":11478,"comment_status":"open","ping_status":"open","sticky":false,"template":"","format":"standard","meta":{"_acf_changed":false,"footnotes":""},"categories":[8,6],"tags":[15,64],"acf":[],"yoast_head":"<title>Nutzungsbereitschaft standortbasierter Nachrichtenapps: KomMa-Dissertationsvorhaben auf internationaler Fachtagung vorgestellt - KomMa<\/title>\n<meta name=\"description\" content=\"Wie kann durch partizipative standortbezogene Dienste eine erfolgreiche gesellschaftliche Medienkommunikation auf lokaler Ebene gelingen?\" \/>\n<meta name=\"robots\" content=\"index, follow, max-snippet:-1, max-image-preview:large, max-video-preview:-1\" \/>\n<link rel=\"canonical\" href=\"https:\/\/komma.ostfalia.de\/index.php\/nutzungsbereitschaft-standortbasierter-nachrichtenapps-komma-dissertationsvorhaben-auf-internationaler-fachtagung-vorgestellt\/\" \/>\n<meta property=\"og:locale\" content=\"de_DE\" \/>\n<meta property=\"og:type\" content=\"article\" \/>\n<meta property=\"og:title\" content=\"Nutzungsbereitschaft standortbasierter Nachrichtenapps: KomMa-Dissertationsvorhaben auf internationaler Fachtagung vorgestellt - KomMa\" \/>\n<meta property=\"og:description\" content=\"Wie kann durch partizipative standortbezogene Dienste eine erfolgreiche gesellschaftliche Medienkommunikation auf lokaler Ebene gelingen?\" \/>\n<meta property=\"og:url\" content=\"https:\/\/komma.ostfalia.de\/index.php\/nutzungsbereitschaft-standortbasierter-nachrichtenapps-komma-dissertationsvorhaben-auf-internationaler-fachtagung-vorgestellt\/\" \/>\n<meta property=\"og:site_name\" content=\"KomMa\" \/>\n<meta property=\"article:published_time\" content=\"2022-07-11T11:00:00+00:00\" \/>\n<meta property=\"article:modified_time\" content=\"2022-07-11T13:54:20+00:00\" \/>\n<meta property=\"og:image\" content=\"https:\/\/komma.ostfalia.de\/wp-content\/uploads\/2022\/07\/KomMa_PerOle.jpg\" \/>\n\t<meta property=\"og:image:width\" content=\"1440\" \/>\n\t<meta property=\"og:image:height\" content=\"1075\" \/>\n\t<meta property=\"og:image:type\" content=\"image\/jpeg\" \/>\n<meta name=\"author\" content=\"KomMa-Team\" \/>\n<meta name=\"twitter:card\" content=\"summary_large_image\" \/>\n<meta name=\"twitter:creator\" content=\"@komma_ostfalia\" \/>\n<meta name=\"twitter:site\" content=\"@komma_ostfalia\" \/>\n<meta name=\"twitter:label1\" content=\"Verfasst von\" \/>\n\t<meta name=\"twitter:data1\" content=\"KomMa-Team\" \/>\n\t<meta name=\"twitter:label2\" content=\"Gesch\u00e4tzte Lesezeit\" \/>\n\t<meta name=\"twitter:data2\" content=\"2\u00a0Minuten\" \/>\n<script type=\"application\/ld+json\" class=\"yoast-schema-graph\">{\"@context\":\"https:\/\/schema.org\",\"@graph\":[{\"@type\":\"Article\",\"@id\":\"https:\/\/komma.ostfalia.de\/index.php\/nutzungsbereitschaft-standortbasierter-nachrichtenapps-komma-dissertationsvorhaben-auf-internationaler-fachtagung-vorgestellt\/#article\",\"isPartOf\":{\"@id\":\"https:\/\/komma.ostfalia.de\/index.php\/nutzungsbereitschaft-standortbasierter-nachrichtenapps-komma-dissertationsvorhaben-auf-internationaler-fachtagung-vorgestellt\/\"},\"author\":{\"name\":\"KomMa-Team\",\"@id\":\"https:\/\/komma.ostfalia.de\/#\/schema\/person\/2297cca325c7233192dce89bbb68ca24\"},\"headline\":\"Nutzungsbereitschaft standortbasierter Nachrichtenapps: KomMa-Dissertationsvorhaben auf internationaler Fachtagung vorgestellt\",\"datePublished\":\"2022-07-11T11:00:00+00:00\",\"dateModified\":\"2022-07-11T13:54:20+00:00\",\"mainEntityOfPage\":{\"@id\":\"https:\/\/komma.ostfalia.de\/index.php\/nutzungsbereitschaft-standortbasierter-nachrichtenapps-komma-dissertationsvorhaben-auf-internationaler-fachtagung-vorgestellt\/\"},\"wordCount\":259,\"commentCount\":0,\"publisher\":{\"@id\":\"https:\/\/komma.ostfalia.de\/#organization\"},\"image\":{\"@id\":\"https:\/\/komma.ostfalia.de\/index.php\/nutzungsbereitschaft-standortbasierter-nachrichtenapps-komma-dissertationsvorhaben-auf-internationaler-fachtagung-vorgestellt\/#primaryimage\"},\"thumbnailUrl\":\"https:\/\/komma.ostfalia.de\/wp-content\/uploads\/2022\/07\/KomMa_PerOle.jpg\",\"keywords\":[\"Emma\",\"lbs\"],\"articleSection\":[\"Forschung\",\"Konferenzen\"],\"inLanguage\":\"de\",\"potentialAction\":[{\"@type\":\"CommentAction\",\"name\":\"Comment\",\"target\":[\"https:\/\/komma.ostfalia.de\/index.php\/nutzungsbereitschaft-standortbasierter-nachrichtenapps-komma-dissertationsvorhaben-auf-internationaler-fachtagung-vorgestellt\/#respond\"]}]},{\"@type\":\"WebPage\",\"@id\":\"https:\/\/komma.ostfalia.de\/index.php\/nutzungsbereitschaft-standortbasierter-nachrichtenapps-komma-dissertationsvorhaben-auf-internationaler-fachtagung-vorgestellt\/\",\"url\":\"https:\/\/komma.ostfalia.de\/index.php\/nutzungsbereitschaft-standortbasierter-nachrichtenapps-komma-dissertationsvorhaben-auf-internationaler-fachtagung-vorgestellt\/\",\"name\":\"Nutzungsbereitschaft standortbasierter Nachrichtenapps: KomMa-Dissertationsvorhaben auf internationaler Fachtagung vorgestellt - KomMa\",\"isPartOf\":{\"@id\":\"https:\/\/komma.ostfalia.de\/#website\"},\"primaryImageOfPage\":{\"@id\":\"https:\/\/komma.ostfalia.de\/index.php\/nutzungsbereitschaft-standortbasierter-nachrichtenapps-komma-dissertationsvorhaben-auf-internationaler-fachtagung-vorgestellt\/#primaryimage\"},\"image\":{\"@id\":\"https:\/\/komma.ostfalia.de\/index.php\/nutzungsbereitschaft-standortbasierter-nachrichtenapps-komma-dissertationsvorhaben-auf-internationaler-fachtagung-vorgestellt\/#primaryimage\"},\"thumbnailUrl\":\"https:\/\/komma.ostfalia.de\/wp-content\/uploads\/2022\/07\/KomMa_PerOle.jpg\",\"datePublished\":\"2022-07-11T11:00:00+00:00\",\"dateModified\":\"2022-07-11T13:54:20+00:00\",\"description\":\"Wie kann durch partizipative standortbezogene Dienste eine erfolgreiche gesellschaftliche Medienkommunikation auf lokaler Ebene gelingen?\",\"breadcrumb\":{\"@id\":\"https:\/\/komma.ostfalia.de\/index.php\/nutzungsbereitschaft-standortbasierter-nachrichtenapps-komma-dissertationsvorhaben-auf-internationaler-fachtagung-vorgestellt\/#breadcrumb\"},\"inLanguage\":\"de\",\"potentialAction\":[{\"@type\":\"ReadAction\",\"target\":[\"https:\/\/komma.ostfalia.de\/index.php\/nutzungsbereitschaft-standortbasierter-nachrichtenapps-komma-dissertationsvorhaben-auf-internationaler-fachtagung-vorgestellt\/\"]}]},{\"@type\":\"ImageObject\",\"inLanguage\":\"de\",\"@id\":\"https:\/\/komma.ostfalia.de\/index.php\/nutzungsbereitschaft-standortbasierter-nachrichtenapps-komma-dissertationsvorhaben-auf-internationaler-fachtagung-vorgestellt\/#primaryimage\",\"url\":\"https:\/\/komma.ostfalia.de\/wp-content\/uploads\/2022\/07\/KomMa_PerOle.jpg\",\"contentUrl\":\"https:\/\/komma.ostfalia.de\/wp-content\/uploads\/2022\/07\/KomMa_PerOle.jpg\",\"width\":1440,\"height\":1075},{\"@type\":\"BreadcrumbList\",\"@id\":\"https:\/\/komma.ostfalia.de\/index.php\/nutzungsbereitschaft-standortbasierter-nachrichtenapps-komma-dissertationsvorhaben-auf-internationaler-fachtagung-vorgestellt\/#breadcrumb\",\"itemListElement\":[{\"@type\":\"ListItem\",\"position\":1,\"name\":\"Startseite\",\"item\":\"https:\/\/komma.ostfalia.de\/\"},{\"@type\":\"ListItem\",\"position\":2,\"name\":\"Forschung\",\"item\":\"https:\/\/komma.ostfalia.de\/index.php\/kategorie\/forschung\/\"},{\"@type\":\"ListItem\",\"position\":3,\"name\":\"Nutzungsbereitschaft standortbasierter Nachrichtenapps: KomMa-Dissertationsvorhaben auf internationaler Fachtagung vorgestellt\"}]},{\"@type\":\"WebSite\",\"@id\":\"https:\/\/komma.ostfalia.de\/#website\",\"url\":\"https:\/\/komma.ostfalia.de\/\",\"name\":\"KomMa\",\"description\":\"Professur f\u00fcr Kommunikationsmanagement\",\"publisher\":{\"@id\":\"https:\/\/komma.ostfalia.de\/#organization\"},\"potentialAction\":[{\"@type\":\"SearchAction\",\"target\":{\"@type\":\"EntryPoint\",\"urlTemplate\":\"https:\/\/komma.ostfalia.de\/?s={search_term_string}\"},\"query-input\":\"required name=search_term_string\"}],\"inLanguage\":\"de\"},{\"@type\":\"Organization\",\"@id\":\"https:\/\/komma.ostfalia.de\/#organization\",\"name\":\"KomMa - Professur f\u00fcr Kommunikationsmanagement\",\"url\":\"https:\/\/komma.ostfalia.de\/\",\"logo\":{\"@type\":\"ImageObject\",\"inLanguage\":\"de\",\"@id\":\"https:\/\/komma.ostfalia.de\/#\/schema\/logo\/image\/\",\"url\":\"https:\/\/komma.ostfalia.de\/wp-content\/uploads\/2020\/05\/komma-signet.png\",\"contentUrl\":\"https:\/\/komma.ostfalia.de\/wp-content\/uploads\/2020\/05\/komma-signet.png\",\"width\":512,\"height\":512,\"caption\":\"KomMa - Professur f\u00fcr Kommunikationsmanagement\"},\"image\":{\"@id\":\"https:\/\/komma.ostfalia.de\/#\/schema\/logo\/image\/\"},\"sameAs\":[\"https:\/\/twitter.com\/komma_ostfalia\"]},{\"@type\":\"Person\",\"@id\":\"https:\/\/komma.ostfalia.de\/#\/schema\/person\/2297cca325c7233192dce89bbb68ca24\",\"name\":\"KomMa-Team\",\"image\":{\"@type\":\"ImageObject\",\"inLanguage\":\"de\",\"@id\":\"https:\/\/komma.ostfalia.de\/#\/schema\/person\/image\/\",\"url\":\"https:\/\/secure.gravatar.com\/avatar\/0e2f17e0b0f28f6a6baeb346932d58f2?s=96&d=mm&r=g\",\"contentUrl\":\"https:\/\/secure.gravatar.com\/avatar\/0e2f17e0b0f28f6a6baeb346932d58f2?s=96&d=mm&r=g\",\"caption\":\"KomMa-Team\"}}]}<\/script>","yoast_head_json":{"title":"Nutzungsbereitschaft standortbasierter Nachrichtenapps: KomMa-Dissertationsvorhaben auf internationaler Fachtagung vorgestellt - KomMa","description":"Wie kann durch partizipative standortbezogene Dienste eine erfolgreiche gesellschaftliche Medienkommunikation auf lokaler Ebene gelingen?","robots":{"index":"index","follow":"follow","max-snippet":"max-snippet:-1","max-image-preview":"max-image-preview:large","max-video-preview":"max-video-preview:-1"},"canonical":"https:\/\/komma.ostfalia.de\/index.php\/nutzungsbereitschaft-standortbasierter-nachrichtenapps-komma-dissertationsvorhaben-auf-internationaler-fachtagung-vorgestellt\/","og_locale":"de_DE","og_type":"article","og_title":"Nutzungsbereitschaft standortbasierter Nachrichtenapps: KomMa-Dissertationsvorhaben auf internationaler Fachtagung vorgestellt - KomMa","og_description":"Wie kann durch partizipative standortbezogene Dienste eine erfolgreiche gesellschaftliche Medienkommunikation auf lokaler Ebene gelingen?","og_url":"https:\/\/komma.ostfalia.de\/index.php\/nutzungsbereitschaft-standortbasierter-nachrichtenapps-komma-dissertationsvorhaben-auf-internationaler-fachtagung-vorgestellt\/","og_site_name":"KomMa","article_published_time":"2022-07-11T11:00:00+00:00","article_modified_time":"2022-07-11T13:54:20+00:00","og_image":[{"width":1440,"height":1075,"url":"https:\/\/komma.ostfalia.de\/wp-content\/uploads\/2022\/07\/KomMa_PerOle.jpg","type":"image\/jpeg"}],"author":"KomMa-Team","twitter_card":"summary_large_image","twitter_creator":"@komma_ostfalia","twitter_site":"@komma_ostfalia","twitter_misc":{"Verfasst von":"KomMa-Team","Gesch\u00e4tzte Lesezeit":"2\u00a0Minuten"},"schema":{"@context":"https:\/\/schema.org","@graph":[{"@type":"Article","@id":"https:\/\/komma.ostfalia.de\/index.php\/nutzungsbereitschaft-standortbasierter-nachrichtenapps-komma-dissertationsvorhaben-auf-internationaler-fachtagung-vorgestellt\/#article","isPartOf":{"@id":"https:\/\/komma.ostfalia.de\/index.php\/nutzungsbereitschaft-standortbasierter-nachrichtenapps-komma-dissertationsvorhaben-auf-internationaler-fachtagung-vorgestellt\/"},"author":{"name":"KomMa-Team","@id":"https:\/\/komma.ostfalia.de\/#\/schema\/person\/2297cca325c7233192dce89bbb68ca24"},"headline":"Nutzungsbereitschaft standortbasierter Nachrichtenapps: KomMa-Dissertationsvorhaben auf internationaler Fachtagung vorgestellt","datePublished":"2022-07-11T11:00:00+00:00","dateModified":"2022-07-11T13:54:20+00:00","mainEntityOfPage":{"@id":"https:\/\/komma.ostfalia.de\/index.php\/nutzungsbereitschaft-standortbasierter-nachrichtenapps-komma-dissertationsvorhaben-auf-internationaler-fachtagung-vorgestellt\/"},"wordCount":259,"commentCount":0,"publisher":{"@id":"https:\/\/komma.ostfalia.de\/#organization"},"image":{"@id":"https:\/\/komma.ostfalia.de\/index.php\/nutzungsbereitschaft-standortbasierter-nachrichtenapps-komma-dissertationsvorhaben-auf-internationaler-fachtagung-vorgestellt\/#primaryimage"},"thumbnailUrl":"https:\/\/komma.ostfalia.de\/wp-content\/uploads\/2022\/07\/KomMa_PerOle.jpg","keywords":["Emma","lbs"],"articleSection":["Forschung","Konferenzen"],"inLanguage":"de","potentialAction":[{"@type":"CommentAction","name":"Comment","target":["https:\/\/komma.ostfalia.de\/index.php\/nutzungsbereitschaft-standortbasierter-nachrichtenapps-komma-dissertationsvorhaben-auf-internationaler-fachtagung-vorgestellt\/#respond"]}]},{"@type":"WebPage","@id":"https:\/\/komma.ostfalia.de\/index.php\/nutzungsbereitschaft-standortbasierter-nachrichtenapps-komma-dissertationsvorhaben-auf-internationaler-fachtagung-vorgestellt\/","url":"https:\/\/komma.ostfalia.de\/index.php\/nutzungsbereitschaft-standortbasierter-nachrichtenapps-komma-dissertationsvorhaben-auf-internationaler-fachtagung-vorgestellt\/","name":"Nutzungsbereitschaft standortbasierter Nachrichtenapps: KomMa-Dissertationsvorhaben auf internationaler Fachtagung vorgestellt - KomMa","isPartOf":{"@id":"https:\/\/komma.ostfalia.de\/#website"},"primaryImageOfPage":{"@id":"https:\/\/komma.ostfalia.de\/index.php\/nutzungsbereitschaft-standortbasierter-nachrichtenapps-komma-dissertationsvorhaben-auf-internationaler-fachtagung-vorgestellt\/#primaryimage"},"image":{"@id":"https:\/\/komma.ostfalia.de\/index.php\/nutzungsbereitschaft-standortbasierter-nachrichtenapps-komma-dissertationsvorhaben-auf-internationaler-fachtagung-vorgestellt\/#primaryimage"},"thumbnailUrl":"https:\/\/komma.ostfalia.de\/wp-content\/uploads\/2022\/07\/KomMa_PerOle.jpg","datePublished":"2022-07-11T11:00:00+00:00","dateModified":"2022-07-11T13:54:20+00:00","description":"Wie kann durch partizipative standortbezogene Dienste eine erfolgreiche gesellschaftliche Medienkommunikation auf lokaler Ebene gelingen?","breadcrumb":{"@id":"https:\/\/komma.ostfalia.de\/index.php\/nutzungsbereitschaft-standortbasierter-nachrichtenapps-komma-dissertationsvorhaben-auf-internationaler-fachtagung-vorgestellt\/#breadcrumb"},"inLanguage":"de","potentialAction":[{"@type":"ReadAction","target":["https:\/\/komma.ostfalia.de\/index.php\/nutzungsbereitschaft-standortbasierter-nachrichtenapps-komma-dissertationsvorhaben-auf-internationaler-fachtagung-vorgestellt\/"]}]},{"@type":"ImageObject","inLanguage":"de","@id":"https:\/\/komma.ostfalia.de\/index.php\/nutzungsbereitschaft-standortbasierter-nachrichtenapps-komma-dissertationsvorhaben-auf-internationaler-fachtagung-vorgestellt\/#primaryimage","url":"https:\/\/komma.ostfalia.de\/wp-content\/uploads\/2022\/07\/KomMa_PerOle.jpg","contentUrl":"https:\/\/komma.ostfalia.de\/wp-content\/uploads\/2022\/07\/KomMa_PerOle.jpg","width":1440,"height":1075},{"@type":"BreadcrumbList","@id":"https:\/\/komma.ostfalia.de\/index.php\/nutzungsbereitschaft-standortbasierter-nachrichtenapps-komma-dissertationsvorhaben-auf-internationaler-fachtagung-vorgestellt\/#breadcrumb","itemListElement":[{"@type":"ListItem","position":1,"name":"Startseite","item":"https:\/\/komma.ostfalia.de\/"},{"@type":"ListItem","position":2,"name":"Forschung","item":"https:\/\/komma.ostfalia.de\/index.php\/kategorie\/forschung\/"},{"@type":"ListItem","position":3,"name":"Nutzungsbereitschaft standortbasierter Nachrichtenapps: KomMa-Dissertationsvorhaben auf internationaler Fachtagung vorgestellt"}]},{"@type":"WebSite","@id":"https:\/\/komma.ostfalia.de\/#website","url":"https:\/\/komma.ostfalia.de\/","name":"KomMa","description":"Professur f\u00fcr Kommunikationsmanagement","publisher":{"@id":"https:\/\/komma.ostfalia.de\/#organization"},"potentialAction":[{"@type":"SearchAction","target":{"@type":"EntryPoint","urlTemplate":"https:\/\/komma.ostfalia.de\/?s={search_term_string}"},"query-input":"required name=search_term_string"}],"inLanguage":"de"},{"@type":"Organization","@id":"https:\/\/komma.ostfalia.de\/#organization","name":"KomMa - Professur f\u00fcr Kommunikationsmanagement","url":"https:\/\/komma.ostfalia.de\/","logo":{"@type":"ImageObject","inLanguage":"de","@id":"https:\/\/komma.ostfalia.de\/#\/schema\/logo\/image\/","url":"https:\/\/komma.ostfalia.de\/wp-content\/uploads\/2020\/05\/komma-signet.png","contentUrl":"https:\/\/komma.ostfalia.de\/wp-content\/uploads\/2020\/05\/komma-signet.png","width":512,"height":512,"caption":"KomMa - Professur f\u00fcr Kommunikationsmanagement"},"image":{"@id":"https:\/\/komma.ostfalia.de\/#\/schema\/logo\/image\/"},"sameAs":["https:\/\/twitter.com\/komma_ostfalia"]},{"@type":"Person","@id":"https:\/\/komma.ostfalia.de\/#\/schema\/person\/2297cca325c7233192dce89bbb68ca24","name":"KomMa-Team","image":{"@type":"ImageObject","inLanguage":"de","@id":"https:\/\/komma.ostfalia.de\/#\/schema\/person\/image\/","url":"https:\/\/secure.gravatar.com\/avatar\/0e2f17e0b0f28f6a6baeb346932d58f2?s=96&d=mm&r=g","contentUrl":"https:\/\/secure.gravatar.com\/avatar\/0e2f17e0b0f28f6a6baeb346932d58f2?s=96&d=mm&r=g","caption":"KomMa-Team"}}]}},"_links":{"self":[{"href":"https:\/\/komma.ostfalia.de\/index.php\/wp-json\/wp\/v2\/posts\/11474"}],"collection":[{"href":"https:\/\/komma.ostfalia.de\/index.php\/wp-json\/wp\/v2\/posts"}],"about":[{"href":"https:\/\/komma.ostfalia.de\/index.php\/wp-json\/wp\/v2\/types\/post"}],"author":[{"embeddable":true,"href":"https:\/\/komma.ostfalia.de\/index.php\/wp-json\/wp\/v2\/users\/1"}],"replies":[{"embeddable":true,"href":"https:\/\/komma.ostfalia.de\/index.php\/wp-json\/wp\/v2\/comments?post=11474"}],"version-history":[{"count":1,"href":"https:\/\/komma.ostfalia.de\/index.php\/wp-json\/wp\/v2\/posts\/11474\/revisions"}],"predecessor-version":[{"id":11475,"href":"https:\/\/komma.ostfalia.de\/index.php\/wp-json\/wp\/v2\/posts\/11474\/revisions\/11475"}],"wp:featuredmedia":[{"embeddable":true,"href":"https:\/\/komma.ostfalia.de\/index.php\/wp-json\/wp\/v2\/media\/11478"}],"wp:attachment":[{"href":"https:\/\/komma.ostfalia.de\/index.php\/wp-json\/wp\/v2\/media?parent=11474"}],"wp:term":[{"taxonomy":"category","embeddable":true,"href":"https:\/\/komma.ostfalia.de\/index.php\/wp-json\/wp\/v2\/categories?post=11474"},{"taxonomy":"post_tag","embeddable":true,"href":"https:\/\/komma.ostfalia.de\/index.php\/wp-json\/wp\/v2\/tags?post=11474"}],"curies":[{"name":"wp","href":"https:\/\/api.w.org\/{rel}","templated":true}]}}