{"id":10749,"date":"2022-05-09T17:18:06","date_gmt":"2022-05-09T15:18:06","guid":{"rendered":"https:\/\/komma.ostfalia.de\/?p=10749"},"modified":"2022-05-12T23:03:40","modified_gmt":"2022-05-12T21:03:40","slug":"egon-erwin-kisch-der-rasende-reporter-ein-podcast-von-linus-burkel-und-finn-bodner","status":"publish","type":"post","link":"https:\/\/komma.ostfalia.de\/index.php\/egon-erwin-kisch-der-rasende-reporter-ein-podcast-von-linus-burkel-und-finn-bodner\/","title":{"rendered":"Egon Erwin Kisch, der rasende Reporter &#8211; ein Podcast von Linus Burkel und Finn Bodner"},"content":{"rendered":"<h4>Lernen Sie kennen \u2013 Egon Erwin Kisch<\/h4>\n<p>Kisch erlebt Monarchie, Republik und Diktatur. Krieg, Flucht und Tod sind pr\u00e4gende Ereignisse in seinem Leben. Allem Leid begegnet er schreibend. Kisch schreibt einf\u00fchlsam, fesselnd und stets mit einer Prise Humor. Mit seinem Gef\u00fchl f\u00fcr Sprache und seinem Einsatz f\u00fcr die Wahrheit pr\u00e4gt er das Genre der Reportage bis heute.<\/p>\n<p>KomMa besch\u00e4ftigt sich 2018 im Rahmen eines Masterprojektes zum ersten Mal mit dem Prager Autor. Ausgehend von historischen Kontexten will die seitdem andauernde Auseinandersetzung mit Egon Erwin Kisch auch zuk\u00fcnftig aktuelle Fragen er\u00f6rtern, die sich z.B. aus der R\u00fcckkehr von autorit\u00e4rem Denken, aus neuen Formen von Hass und Gewalt und durch wachsenden Antisemitismus ergeben. Um an die genannten Debatten anzukn\u00fcpfen, wird die wissenschaftlich gest\u00fctzte (Wieder-) Verf\u00fcgbarmachung der Werke Egon Erwin Kischs in Form einer wissenschaftlich-kritischen Edition an der Professur vorangetrieben.<\/p>\n<p>Im Wintersemester 2020\/21 haben die Kommunikationsmanagement-Studierenden Finn Bodner und Linus Burkel im Rahmen des Seminars \u201eKommunikationspraxis\u201c einen relevanten Beitrag zum Kennenlernen von Person und Werk \u201eKisch\u201c geleistet. Ihre konzeptionell und technisch selbstst\u00e4ndig erarbeitete Podcastepisode ist auf diesem Blog in voller L\u00e4nge zu h\u00f6ren. Eine f\u00fcr alle lohnenswerte Besch\u00e4ftigung.<\/p>\n<p>&nbsp;<\/p>\n<table style=\"border-collapse: collapse; width: 100%;\">\n<tbody>\n<tr>\n<td style=\"width: 50%;\"><img fetchpriority=\"high\" decoding=\"async\" class=\"alignnone size-medium wp-image-10775\" src=\"https:\/\/komma.ostfalia.de\/wp-content\/uploads\/2022\/05\/Foto_Egon-300x300.jpg\" alt=\"\" width=\"300\" height=\"300\" srcset=\"https:\/\/komma.ostfalia.de\/wp-content\/uploads\/2022\/05\/Foto_Egon-300x300.jpg 300w, https:\/\/komma.ostfalia.de\/wp-content\/uploads\/2022\/05\/Foto_Egon-150x150.jpg 150w, https:\/\/komma.ostfalia.de\/wp-content\/uploads\/2022\/05\/Foto_Egon.jpg 500w\" sizes=\"(max-width: 300px) 100vw, 300px\" \/><\/p>\n<p style=\"text-align: left;\"><span style=\"font-size: 12pt;\">\u00a0 \u00a0 \u00a0Bild: Egon Erwin Kisch.<\/span><\/p>\n<\/td>\n<td style=\"width: 50%;\"><span style=\"font-size: 12pt;\">Egon Erwin Kisch wird am 29. April 1885 in Prag geboren und stirbt dort am 31. M\u00e4rz 1948. Er ist Journalist und Schriftsteller. Nach ihm wurde nicht nur der Egon-Erwin-Kisch-Preis* benannt, er gilt bis heute als der &#8220;Rasende Reporter&#8221;. Seine umfangreichen Schriften und Korrespondenzen dokumentieren jedoch, dass das \u201eRasende\u201c im Grunde nicht zu seinem Arbeitsprozess z\u00e4hlt &#8211; Kisch ist vielmehr akribischer und sorgf\u00e4ltiger \u201eKonstrukteur\u201c eing\u00e4ngiger und bewegender Texte. Humorvoll, nahbar und gesellig \u2013 Kisch ist jemand, der den Mittelpunkt des Interesses sucht und genie\u00dft. Dabei immer an seiner Seite: Eine Tasse Kaffee und die Zigarette im Mundwinkel.<\/span><\/p>\n<p><span style=\"font-size: 12pt;\"><em>* Im Rahmen des Nannen Preises wird der EGON ERWIN KISCH-PREIS als Preis f\u00fcr die beste Textreportage vergeben.<\/em><\/span><\/td>\n<\/tr>\n<\/tbody>\n<\/table>\n<p>&nbsp;<\/p>\n<p>Kisch beginnt kurz nach der Jahrhundertwende als Lokalreporter in Prag. Wenige Jahre sp\u00e4ter schon ist er aber vor allem Schriftsteller und Chronist seiner Zeit; ein politischer Mensch, beliebt und umstritten. Sein Leben und seine Literatur lassen sich als ein eindr\u00fcckliches Zeitzeugnis verstehen. Beginnend mit dem Untergang der Donaumonarchie und dem Deutschem Kaiserreich, \u00fcber die Grausamkeit des Krieges und das Aufb\u00e4umen in Revolutionstagen erlebt Kisch Aufstieg und Fall der Weimarer Republik, die Unmenschlichkeit des Dritten Reiches sowie die Flucht ins Exil. Vor diesem Hintergrund war es ihm (nicht nur als Person j\u00fcdischer Herkunft) unm\u00f6glich, unpolitisch zu sein. Literarisches Schreiben, ob in Reportage- oder Buchform, versteht Kisch im Sinne von Gemeinschaft, er tritt ein f\u00fcr eine lebendige gesellschaftliche Diskussion.<\/p>\n<p><iframe src=\"https:\/\/w.soundcloud.com\/player\/?visual=false&amp;url=https%3A%2F%2Fapi.soundcloud.com%2Ftracks%2F1263834094&amp;show_artwork=false&amp;maxheight=750&amp;maxwidth=500&amp;auto_play=false&amp;buying=false&amp;liking=false&amp;download=false&amp;sharing=false&amp;show_comments=false&amp;show_playcount=false&amp;show_user=false&amp;color\" width=\"500\" height=\"200\" frameborder=\"no\"><\/iframe><\/p>\n<p>Der Podcast der studentisch erarbeiteten Reihe \u201eDemokratie lernen!?\u201c ermuntert, Kisch kennenzulernen und sein Werk zu studieren. F\u00fchlen Sie sich inspiriert, sich mit historischer Literatur zu besch\u00e4ftigen. Weshalb? Zum einen, da Kisch Texte schreibt, die spannend wie ein Kriminalroman sind; sie sind dialektisch, geistreich und witzig. Mit einem feinen Gesp\u00fcr f\u00fcr Sprache werden die Leserinnen und Leser in den Bann gezogen. Ihnen wird Literatur mit Tiefgang geboten, die zum Hinterfragen und zur geistigen Mitarbeit anregt. Zum anderen \u00f6ffnet die Besch\u00e4ftigung mit Vergangenem den Horizont in eine andere Zeit und erlaubt, auch im Hier und Jetzt \u00fcber den Tellerrand zu schauen. Wir empfehlen: Setzen Sie sich mit Literatur auseinander, um mit ihr und durch sie die eigene Weitsicht zu st\u00e4rken und sie in Ihre Gegenwartsperspektive einzubeziehen.<\/p>\n<p>&nbsp;<\/p>\n<p>Kommentar des KM-Masterstudierenden Linus Burkel:<\/p>\n<p>\u201eIch bin das erste mal mit Kisch im Rahmen unseres Moduls in Kontakt gekommen und war verwundert, dass mir der Name komplett unbekannt war, obwohl er als \u201eErfinder der modernen Reportage\u201c bezeichnet wird. Nun nachdem ich mich einige Monate mit dem Leben von Kisch besch\u00e4ftigt habe und mit vielen Experten \u00fcber ihn sprechen durfte, ist es mir unerkl\u00e4rlich, dass so wenig \u00fcber ihn und seine Werke berichtet wird. Meiner Meinung nach ist Egon Erwin Kisch eine wichtige Figur in der deutschsprachigen Literatur-\/Journalismusgeschichte.\u201c<\/p>\n<p>&nbsp;<\/p>\n<p><strong>Shownotes zur Podcast-Episode<\/strong><\/p>\n<ul>\n<li><strong>Es sprechen:<\/strong> Finn Bodner und Linus Burkel<\/li>\n<li><strong>Autoren <\/strong>und<strong> technische Umsetzung:<\/strong> Finn Bodner und Linus Burkel<\/li>\n<li><strong>Interviewg\u00e4ste in dieser Folge<\/strong>: Prof. Dr. Michael Haller (Medienwissenschaftler), Dr. Christoph Kucklick (Leiter der Henri-Nannen-Schule \/ Hamburger Journalistenschule), Kayhan \u00d6zgenc (stellvertretender Chefredakteur Business Insider Deutschland), Dr. Marcus Patka (J\u00fcdisches Museum Wien und Autor von: \u201eEgon Erwin Kisch. Stationen im Leben eines streitbaren Autors.\u201c)<\/li>\n<\/ul>\n<p>&nbsp;<\/p>\n<p><strong>Anmerkung des Podcast-Lektorats (Viktoria Heyer und Maja Bahrke):<\/strong><\/p>\n<ol>\n<li>Zur Namensfindung E.E.K.: Als Sch\u00fcler unterschreibt Egon Kisch sein Gedicht mit E. Kisch, er will anonym bleiben. Ein Redakteur macht daraus Erwin Kisch. Der Name Egon Erwin Kisch ist geboren.<\/li>\n<li>Anzahl der Arresttage: Sind vermutlich mit Skepsis zu betrachten, da die Angabe auf Kischs autobiographischem Roman \u201eMarktplatz der Sensationen\u201c (1942) basiert.<\/li>\n<li>Kischs Aufkl\u00e4rung der Redl-Aff\u00e4re: Ist umstritten, denn seine Aufdeckung kann nicht bewiesen werden. Kisch hat die Causa aber sehr gut f\u00fcr sich genutzt und dar\u00fcber geschrieben.<\/li>\n<\/ol>\n<p>&nbsp;<\/p>\n<p><strong>Literaturempfehlungen<\/strong><\/p>\n<p>Kisch, Egon Erwin (1922): Soldat im Prager Korps. 1. Aufl. Leipzig und Prag: K.<\/p>\n<p>Andr\u00e9.<\/p>\n<p>Die dritte Auflage ist online abrufbar unter: <a href=\"https:\/\/www.projekt-gutenberg.org\/kisch\/prakorps\/titlepage.html\">https:\/\/www.projekt-gutenberg.org\/kisch\/prakorps\/titlepage.html<\/a> (zuletzt: 12.04.2022).<\/p>\n<p>Kisch, Egon Erwin (1942): Marktplatz der Sensationen. 1. Aufl. Mexiko-Stadt: El libro libre.<\/p>\n<p>Die zweite Auflage, erschienen im Aufbau-Verlag Berlin, ist online abrufbar unter: <a href=\"https:\/\/www.projekt-gutenberg.org\/kisch\/sensatio\/titlepage.html\">https:\/\/www.projekt-gutenberg.org\/kisch\/sensatio\/titlepage.html<\/a> (zuletzt: 12.04.2022).<\/p>\n<p>&nbsp;<\/p>\n<p>Titelbild: Es zeigt das Caf\u00e9 Montmarte in der Prager Altstadt. Kisch war hier zu Beginn des 20. Jahrhunderts Stammgast.<\/p>\n","protected":false},"excerpt":{"rendered":"<p>Lernen Sie kennen \u2013 Egon Erwin Kisch Kisch erlebt Monarchie, Republik und Diktatur. Krieg, Flucht und Tod sind pr\u00e4gende Ereignisse in seinem Leben. Allem Leid begegnet er schreibend. Kisch schreibt einf\u00fchlsam, fesselnd und stets mit einer Prise Humor. Mit seinem Gef\u00fchl f\u00fcr Sprache und seinem Einsatz f\u00fcr die Wahrheit pr\u00e4gt er das Genre der Reportage [&hellip;]<\/p>\n","protected":false},"author":1,"featured_media":10784,"comment_status":"open","ping_status":"open","sticky":false,"template":"","format":"standard","meta":{"_acf_changed":false,"footnotes":""},"categories":[1,57],"tags":[151,62],"acf":[],"yoast_head":"<title>Egon Erwin Kisch, der rasende Reporter - ein Podcast von Linus Burkel und Finn Bodner - KomMa<\/title>\n<meta name=\"description\" content=\"Kisch erlebt Monarchie, Republik und Diktatur. Krieg, Flucht und Tod sind pr\u00e4gende Ereignisse in seinem Leben.\" \/>\n<meta name=\"robots\" content=\"index, follow, max-snippet:-1, max-image-preview:large, max-video-preview:-1\" \/>\n<link rel=\"canonical\" href=\"https:\/\/komma.ostfalia.de\/index.php\/egon-erwin-kisch-der-rasende-reporter-ein-podcast-von-linus-burkel-und-finn-bodner\/\" \/>\n<meta property=\"og:locale\" content=\"de_DE\" \/>\n<meta property=\"og:type\" content=\"article\" \/>\n<meta property=\"og:title\" content=\"Egon Erwin Kisch, der rasende Reporter - ein Podcast von Linus Burkel und Finn Bodner - KomMa\" \/>\n<meta property=\"og:description\" content=\"Kisch erlebt Monarchie, Republik und Diktatur. Krieg, Flucht und Tod sind pr\u00e4gende Ereignisse in seinem Leben.\" \/>\n<meta property=\"og:url\" content=\"https:\/\/komma.ostfalia.de\/index.php\/egon-erwin-kisch-der-rasende-reporter-ein-podcast-von-linus-burkel-und-finn-bodner\/\" \/>\n<meta property=\"og:site_name\" content=\"KomMa\" \/>\n<meta property=\"article:published_time\" content=\"2022-05-09T15:18:06+00:00\" \/>\n<meta property=\"article:modified_time\" content=\"2022-05-12T21:03:40+00:00\" \/>\n<meta property=\"og:image\" content=\"https:\/\/komma.ostfalia.de\/wp-content\/uploads\/2022\/05\/EEK-1024x683.png\" \/>\n\t<meta property=\"og:image:width\" content=\"1024\" \/>\n\t<meta property=\"og:image:height\" content=\"683\" \/>\n\t<meta property=\"og:image:type\" content=\"image\/png\" \/>\n<meta name=\"author\" content=\"KomMa-Team\" \/>\n<meta name=\"twitter:card\" content=\"summary_large_image\" \/>\n<meta name=\"twitter:creator\" content=\"@komma_ostfalia\" \/>\n<meta name=\"twitter:site\" content=\"@komma_ostfalia\" \/>\n<meta name=\"twitter:label1\" content=\"Verfasst von\" \/>\n\t<meta name=\"twitter:data1\" content=\"KomMa-Team\" \/>\n\t<meta name=\"twitter:label2\" content=\"Gesch\u00e4tzte Lesezeit\" \/>\n\t<meta name=\"twitter:data2\" content=\"5\u00a0Minuten\" \/>\n<script type=\"application\/ld+json\" class=\"yoast-schema-graph\">{\"@context\":\"https:\/\/schema.org\",\"@graph\":[{\"@type\":\"Article\",\"@id\":\"https:\/\/komma.ostfalia.de\/index.php\/egon-erwin-kisch-der-rasende-reporter-ein-podcast-von-linus-burkel-und-finn-bodner\/#article\",\"isPartOf\":{\"@id\":\"https:\/\/komma.ostfalia.de\/index.php\/egon-erwin-kisch-der-rasende-reporter-ein-podcast-von-linus-burkel-und-finn-bodner\/\"},\"author\":{\"name\":\"KomMa-Team\",\"@id\":\"https:\/\/komma.ostfalia.de\/#\/schema\/person\/2297cca325c7233192dce89bbb68ca24\"},\"headline\":\"Egon Erwin Kisch, der rasende Reporter &#8211; ein Podcast von Linus Burkel und Finn Bodner\",\"datePublished\":\"2022-05-09T15:18:06+00:00\",\"dateModified\":\"2022-05-12T21:03:40+00:00\",\"mainEntityOfPage\":{\"@id\":\"https:\/\/komma.ostfalia.de\/index.php\/egon-erwin-kisch-der-rasende-reporter-ein-podcast-von-linus-burkel-und-finn-bodner\/\"},\"wordCount\":919,\"commentCount\":0,\"publisher\":{\"@id\":\"https:\/\/komma.ostfalia.de\/#organization\"},\"image\":{\"@id\":\"https:\/\/komma.ostfalia.de\/index.php\/egon-erwin-kisch-der-rasende-reporter-ein-podcast-von-linus-burkel-und-finn-bodner\/#primaryimage\"},\"thumbnailUrl\":\"https:\/\/komma.ostfalia.de\/wp-content\/uploads\/2022\/05\/EEK.png\",\"keywords\":[\"Kisch\",\"Podcast\"],\"articleSection\":{\"1\":\"Studium\"},\"inLanguage\":\"de\",\"potentialAction\":[{\"@type\":\"CommentAction\",\"name\":\"Comment\",\"target\":[\"https:\/\/komma.ostfalia.de\/index.php\/egon-erwin-kisch-der-rasende-reporter-ein-podcast-von-linus-burkel-und-finn-bodner\/#respond\"]}]},{\"@type\":\"WebPage\",\"@id\":\"https:\/\/komma.ostfalia.de\/index.php\/egon-erwin-kisch-der-rasende-reporter-ein-podcast-von-linus-burkel-und-finn-bodner\/\",\"url\":\"https:\/\/komma.ostfalia.de\/index.php\/egon-erwin-kisch-der-rasende-reporter-ein-podcast-von-linus-burkel-und-finn-bodner\/\",\"name\":\"Egon Erwin Kisch, der rasende Reporter - ein Podcast von Linus Burkel und Finn Bodner - KomMa\",\"isPartOf\":{\"@id\":\"https:\/\/komma.ostfalia.de\/#website\"},\"primaryImageOfPage\":{\"@id\":\"https:\/\/komma.ostfalia.de\/index.php\/egon-erwin-kisch-der-rasende-reporter-ein-podcast-von-linus-burkel-und-finn-bodner\/#primaryimage\"},\"image\":{\"@id\":\"https:\/\/komma.ostfalia.de\/index.php\/egon-erwin-kisch-der-rasende-reporter-ein-podcast-von-linus-burkel-und-finn-bodner\/#primaryimage\"},\"thumbnailUrl\":\"https:\/\/komma.ostfalia.de\/wp-content\/uploads\/2022\/05\/EEK.png\",\"datePublished\":\"2022-05-09T15:18:06+00:00\",\"dateModified\":\"2022-05-12T21:03:40+00:00\",\"description\":\"Kisch erlebt Monarchie, Republik und Diktatur. Krieg, Flucht und Tod sind pr\u00e4gende Ereignisse in seinem Leben.\",\"breadcrumb\":{\"@id\":\"https:\/\/komma.ostfalia.de\/index.php\/egon-erwin-kisch-der-rasende-reporter-ein-podcast-von-linus-burkel-und-finn-bodner\/#breadcrumb\"},\"inLanguage\":\"de\",\"potentialAction\":[{\"@type\":\"ReadAction\",\"target\":[\"https:\/\/komma.ostfalia.de\/index.php\/egon-erwin-kisch-der-rasende-reporter-ein-podcast-von-linus-burkel-und-finn-bodner\/\"]}]},{\"@type\":\"ImageObject\",\"inLanguage\":\"de\",\"@id\":\"https:\/\/komma.ostfalia.de\/index.php\/egon-erwin-kisch-der-rasende-reporter-ein-podcast-von-linus-burkel-und-finn-bodner\/#primaryimage\",\"url\":\"https:\/\/komma.ostfalia.de\/wp-content\/uploads\/2022\/05\/EEK.png\",\"contentUrl\":\"https:\/\/komma.ostfalia.de\/wp-content\/uploads\/2022\/05\/EEK.png\",\"width\":6000,\"height\":4000},{\"@type\":\"BreadcrumbList\",\"@id\":\"https:\/\/komma.ostfalia.de\/index.php\/egon-erwin-kisch-der-rasende-reporter-ein-podcast-von-linus-burkel-und-finn-bodner\/#breadcrumb\",\"itemListElement\":[{\"@type\":\"ListItem\",\"position\":1,\"name\":\"Startseite\",\"item\":\"https:\/\/komma.ostfalia.de\/\"},{\"@type\":\"ListItem\",\"position\":2,\"name\":\"Allgemein\",\"item\":\"https:\/\/komma.ostfalia.de\/index.php\/kategorie\/allgemein\/\"},{\"@type\":\"ListItem\",\"position\":3,\"name\":\"Egon Erwin Kisch, der rasende Reporter &#8211; ein Podcast von Linus Burkel und Finn Bodner\"}]},{\"@type\":\"WebSite\",\"@id\":\"https:\/\/komma.ostfalia.de\/#website\",\"url\":\"https:\/\/komma.ostfalia.de\/\",\"name\":\"KomMa\",\"description\":\"Professur f\u00fcr Kommunikationsmanagement\",\"publisher\":{\"@id\":\"https:\/\/komma.ostfalia.de\/#organization\"},\"potentialAction\":[{\"@type\":\"SearchAction\",\"target\":{\"@type\":\"EntryPoint\",\"urlTemplate\":\"https:\/\/komma.ostfalia.de\/?s={search_term_string}\"},\"query-input\":\"required name=search_term_string\"}],\"inLanguage\":\"de\"},{\"@type\":\"Organization\",\"@id\":\"https:\/\/komma.ostfalia.de\/#organization\",\"name\":\"KomMa - Professur f\u00fcr Kommunikationsmanagement\",\"url\":\"https:\/\/komma.ostfalia.de\/\",\"logo\":{\"@type\":\"ImageObject\",\"inLanguage\":\"de\",\"@id\":\"https:\/\/komma.ostfalia.de\/#\/schema\/logo\/image\/\",\"url\":\"https:\/\/komma.ostfalia.de\/wp-content\/uploads\/2020\/05\/komma-signet.png\",\"contentUrl\":\"https:\/\/komma.ostfalia.de\/wp-content\/uploads\/2020\/05\/komma-signet.png\",\"width\":512,\"height\":512,\"caption\":\"KomMa - Professur f\u00fcr Kommunikationsmanagement\"},\"image\":{\"@id\":\"https:\/\/komma.ostfalia.de\/#\/schema\/logo\/image\/\"},\"sameAs\":[\"https:\/\/twitter.com\/komma_ostfalia\"]},{\"@type\":\"Person\",\"@id\":\"https:\/\/komma.ostfalia.de\/#\/schema\/person\/2297cca325c7233192dce89bbb68ca24\",\"name\":\"KomMa-Team\",\"image\":{\"@type\":\"ImageObject\",\"inLanguage\":\"de\",\"@id\":\"https:\/\/komma.ostfalia.de\/#\/schema\/person\/image\/\",\"url\":\"https:\/\/secure.gravatar.com\/avatar\/0e2f17e0b0f28f6a6baeb346932d58f2?s=96&d=mm&r=g\",\"contentUrl\":\"https:\/\/secure.gravatar.com\/avatar\/0e2f17e0b0f28f6a6baeb346932d58f2?s=96&d=mm&r=g\",\"caption\":\"KomMa-Team\"}}]}<\/script>","yoast_head_json":{"title":"Egon Erwin Kisch, der rasende Reporter - ein Podcast von Linus Burkel und Finn Bodner - KomMa","description":"Kisch erlebt Monarchie, Republik und Diktatur. Krieg, Flucht und Tod sind pr\u00e4gende Ereignisse in seinem Leben.","robots":{"index":"index","follow":"follow","max-snippet":"max-snippet:-1","max-image-preview":"max-image-preview:large","max-video-preview":"max-video-preview:-1"},"canonical":"https:\/\/komma.ostfalia.de\/index.php\/egon-erwin-kisch-der-rasende-reporter-ein-podcast-von-linus-burkel-und-finn-bodner\/","og_locale":"de_DE","og_type":"article","og_title":"Egon Erwin Kisch, der rasende Reporter - ein Podcast von Linus Burkel und Finn Bodner - KomMa","og_description":"Kisch erlebt Monarchie, Republik und Diktatur. Krieg, Flucht und Tod sind pr\u00e4gende Ereignisse in seinem Leben.","og_url":"https:\/\/komma.ostfalia.de\/index.php\/egon-erwin-kisch-der-rasende-reporter-ein-podcast-von-linus-burkel-und-finn-bodner\/","og_site_name":"KomMa","article_published_time":"2022-05-09T15:18:06+00:00","article_modified_time":"2022-05-12T21:03:40+00:00","og_image":[{"width":1024,"height":683,"url":"https:\/\/komma.ostfalia.de\/wp-content\/uploads\/2022\/05\/EEK-1024x683.png","type":"image\/png"}],"author":"KomMa-Team","twitter_card":"summary_large_image","twitter_creator":"@komma_ostfalia","twitter_site":"@komma_ostfalia","twitter_misc":{"Verfasst von":"KomMa-Team","Gesch\u00e4tzte Lesezeit":"5\u00a0Minuten"},"schema":{"@context":"https:\/\/schema.org","@graph":[{"@type":"Article","@id":"https:\/\/komma.ostfalia.de\/index.php\/egon-erwin-kisch-der-rasende-reporter-ein-podcast-von-linus-burkel-und-finn-bodner\/#article","isPartOf":{"@id":"https:\/\/komma.ostfalia.de\/index.php\/egon-erwin-kisch-der-rasende-reporter-ein-podcast-von-linus-burkel-und-finn-bodner\/"},"author":{"name":"KomMa-Team","@id":"https:\/\/komma.ostfalia.de\/#\/schema\/person\/2297cca325c7233192dce89bbb68ca24"},"headline":"Egon Erwin Kisch, der rasende Reporter &#8211; ein Podcast von Linus Burkel und Finn Bodner","datePublished":"2022-05-09T15:18:06+00:00","dateModified":"2022-05-12T21:03:40+00:00","mainEntityOfPage":{"@id":"https:\/\/komma.ostfalia.de\/index.php\/egon-erwin-kisch-der-rasende-reporter-ein-podcast-von-linus-burkel-und-finn-bodner\/"},"wordCount":919,"commentCount":0,"publisher":{"@id":"https:\/\/komma.ostfalia.de\/#organization"},"image":{"@id":"https:\/\/komma.ostfalia.de\/index.php\/egon-erwin-kisch-der-rasende-reporter-ein-podcast-von-linus-burkel-und-finn-bodner\/#primaryimage"},"thumbnailUrl":"https:\/\/komma.ostfalia.de\/wp-content\/uploads\/2022\/05\/EEK.png","keywords":["Kisch","Podcast"],"articleSection":{"1":"Studium"},"inLanguage":"de","potentialAction":[{"@type":"CommentAction","name":"Comment","target":["https:\/\/komma.ostfalia.de\/index.php\/egon-erwin-kisch-der-rasende-reporter-ein-podcast-von-linus-burkel-und-finn-bodner\/#respond"]}]},{"@type":"WebPage","@id":"https:\/\/komma.ostfalia.de\/index.php\/egon-erwin-kisch-der-rasende-reporter-ein-podcast-von-linus-burkel-und-finn-bodner\/","url":"https:\/\/komma.ostfalia.de\/index.php\/egon-erwin-kisch-der-rasende-reporter-ein-podcast-von-linus-burkel-und-finn-bodner\/","name":"Egon Erwin Kisch, der rasende Reporter - ein Podcast von Linus Burkel und Finn Bodner - KomMa","isPartOf":{"@id":"https:\/\/komma.ostfalia.de\/#website"},"primaryImageOfPage":{"@id":"https:\/\/komma.ostfalia.de\/index.php\/egon-erwin-kisch-der-rasende-reporter-ein-podcast-von-linus-burkel-und-finn-bodner\/#primaryimage"},"image":{"@id":"https:\/\/komma.ostfalia.de\/index.php\/egon-erwin-kisch-der-rasende-reporter-ein-podcast-von-linus-burkel-und-finn-bodner\/#primaryimage"},"thumbnailUrl":"https:\/\/komma.ostfalia.de\/wp-content\/uploads\/2022\/05\/EEK.png","datePublished":"2022-05-09T15:18:06+00:00","dateModified":"2022-05-12T21:03:40+00:00","description":"Kisch erlebt Monarchie, Republik und Diktatur. Krieg, Flucht und Tod sind pr\u00e4gende Ereignisse in seinem Leben.","breadcrumb":{"@id":"https:\/\/komma.ostfalia.de\/index.php\/egon-erwin-kisch-der-rasende-reporter-ein-podcast-von-linus-burkel-und-finn-bodner\/#breadcrumb"},"inLanguage":"de","potentialAction":[{"@type":"ReadAction","target":["https:\/\/komma.ostfalia.de\/index.php\/egon-erwin-kisch-der-rasende-reporter-ein-podcast-von-linus-burkel-und-finn-bodner\/"]}]},{"@type":"ImageObject","inLanguage":"de","@id":"https:\/\/komma.ostfalia.de\/index.php\/egon-erwin-kisch-der-rasende-reporter-ein-podcast-von-linus-burkel-und-finn-bodner\/#primaryimage","url":"https:\/\/komma.ostfalia.de\/wp-content\/uploads\/2022\/05\/EEK.png","contentUrl":"https:\/\/komma.ostfalia.de\/wp-content\/uploads\/2022\/05\/EEK.png","width":6000,"height":4000},{"@type":"BreadcrumbList","@id":"https:\/\/komma.ostfalia.de\/index.php\/egon-erwin-kisch-der-rasende-reporter-ein-podcast-von-linus-burkel-und-finn-bodner\/#breadcrumb","itemListElement":[{"@type":"ListItem","position":1,"name":"Startseite","item":"https:\/\/komma.ostfalia.de\/"},{"@type":"ListItem","position":2,"name":"Allgemein","item":"https:\/\/komma.ostfalia.de\/index.php\/kategorie\/allgemein\/"},{"@type":"ListItem","position":3,"name":"Egon Erwin Kisch, der rasende Reporter &#8211; ein Podcast von Linus Burkel und Finn Bodner"}]},{"@type":"WebSite","@id":"https:\/\/komma.ostfalia.de\/#website","url":"https:\/\/komma.ostfalia.de\/","name":"KomMa","description":"Professur f\u00fcr Kommunikationsmanagement","publisher":{"@id":"https:\/\/komma.ostfalia.de\/#organization"},"potentialAction":[{"@type":"SearchAction","target":{"@type":"EntryPoint","urlTemplate":"https:\/\/komma.ostfalia.de\/?s={search_term_string}"},"query-input":"required name=search_term_string"}],"inLanguage":"de"},{"@type":"Organization","@id":"https:\/\/komma.ostfalia.de\/#organization","name":"KomMa - Professur f\u00fcr Kommunikationsmanagement","url":"https:\/\/komma.ostfalia.de\/","logo":{"@type":"ImageObject","inLanguage":"de","@id":"https:\/\/komma.ostfalia.de\/#\/schema\/logo\/image\/","url":"https:\/\/komma.ostfalia.de\/wp-content\/uploads\/2020\/05\/komma-signet.png","contentUrl":"https:\/\/komma.ostfalia.de\/wp-content\/uploads\/2020\/05\/komma-signet.png","width":512,"height":512,"caption":"KomMa - Professur f\u00fcr Kommunikationsmanagement"},"image":{"@id":"https:\/\/komma.ostfalia.de\/#\/schema\/logo\/image\/"},"sameAs":["https:\/\/twitter.com\/komma_ostfalia"]},{"@type":"Person","@id":"https:\/\/komma.ostfalia.de\/#\/schema\/person\/2297cca325c7233192dce89bbb68ca24","name":"KomMa-Team","image":{"@type":"ImageObject","inLanguage":"de","@id":"https:\/\/komma.ostfalia.de\/#\/schema\/person\/image\/","url":"https:\/\/secure.gravatar.com\/avatar\/0e2f17e0b0f28f6a6baeb346932d58f2?s=96&d=mm&r=g","contentUrl":"https:\/\/secure.gravatar.com\/avatar\/0e2f17e0b0f28f6a6baeb346932d58f2?s=96&d=mm&r=g","caption":"KomMa-Team"}}]}},"_links":{"self":[{"href":"https:\/\/komma.ostfalia.de\/index.php\/wp-json\/wp\/v2\/posts\/10749"}],"collection":[{"href":"https:\/\/komma.ostfalia.de\/index.php\/wp-json\/wp\/v2\/posts"}],"about":[{"href":"https:\/\/komma.ostfalia.de\/index.php\/wp-json\/wp\/v2\/types\/post"}],"author":[{"embeddable":true,"href":"https:\/\/komma.ostfalia.de\/index.php\/wp-json\/wp\/v2\/users\/1"}],"replies":[{"embeddable":true,"href":"https:\/\/komma.ostfalia.de\/index.php\/wp-json\/wp\/v2\/comments?post=10749"}],"version-history":[{"count":0,"href":"https:\/\/komma.ostfalia.de\/index.php\/wp-json\/wp\/v2\/posts\/10749\/revisions"}],"wp:featuredmedia":[{"embeddable":true,"href":"https:\/\/komma.ostfalia.de\/index.php\/wp-json\/wp\/v2\/media\/10784"}],"wp:attachment":[{"href":"https:\/\/komma.ostfalia.de\/index.php\/wp-json\/wp\/v2\/media?parent=10749"}],"wp:term":[{"taxonomy":"category","embeddable":true,"href":"https:\/\/komma.ostfalia.de\/index.php\/wp-json\/wp\/v2\/categories?post=10749"},{"taxonomy":"post_tag","embeddable":true,"href":"https:\/\/komma.ostfalia.de\/index.php\/wp-json\/wp\/v2\/tags?post=10749"}],"curies":[{"name":"wp","href":"https:\/\/api.w.org\/{rel}","templated":true}]}}