{"id":10192,"date":"2022-03-17T13:17:51","date_gmt":"2022-03-17T12:17:51","guid":{"rendered":"https:\/\/komma.ostfalia.de\/?p=10192"},"modified":"2022-03-17T13:17:51","modified_gmt":"2022-03-17T12:17:51","slug":"gesellschaftliche-veraenderungsperspektiven","status":"publish","type":"post","link":"https:\/\/komma.ostfalia.de\/index.php\/gesellschaftliche-veraenderungsperspektiven\/","title":{"rendered":"Gesellschaftliche Ver\u00e4nderungsperspektiven&#8230;"},"content":{"rendered":"<p>&#8230;so hei\u00dft eines von sieben Forschungsfeldern der <a href=\"https:\/\/www.ostfalia.de\/cms\/de\" target=\"_blank\" rel=\"noopener\">Ostfalia Hochschule<\/a>. Mit seinen Schwerpunkten und Projekten hat <a href=\"https:\/\/komma.ostfalia.de\/team\/\" target=\"_blank\" rel=\"noopener\">KomMa<\/a> an diesem Feld und seiner Ausgestaltung nicht unerheblichen Anteil. Die neue Forschungsbrosch\u00fcre der Ostfalia gibt einen schnellen und angenehm-kompakten und zweisprachig in deutsch und englisch gehaltenen \u00dcberblick \u00fcber Forschungsprojekte, Transfer in die Wirtschaft, zentrale Einheiten der Forschungskoordination und Ankn\u00fcpfungspunkte f\u00fcr gesellschaftliche Entscheider. Interesse? Dann einfach eine pers\u00f6nliche Nachricht an KomMa mit Adressangabe.<\/p>\n","protected":false},"excerpt":{"rendered":"<p>&#8230;so hei\u00dft eines von sieben Forschungsfeldern der Ostfalia Hochschule. Mit seinen Schwerpunkten und Projekten hat KomMa an diesem Feld und seiner Ausgestaltung nicht unerheblichen Anteil. Die neue Forschungsbrosch\u00fcre der Ostfalia gibt einen schnellen und angenehm-kompakten und zweisprachig in deutsch und englisch gehaltenen \u00dcberblick \u00fcber Forschungsprojekte, Transfer in die Wirtschaft, zentrale Einheiten der Forschungskoordination und Ankn\u00fcpfungspunkte [&hellip;]<\/p>\n","protected":false},"author":1,"featured_media":10216,"comment_status":"open","ping_status":"open","sticky":false,"template":"","format":"standard","meta":{"_acf_changed":false,"footnotes":""},"categories":[1,8],"tags":[124,25],"acf":[],"yoast_head":"<title>Gesellschaftliche Ver\u00e4nderungsperspektiven... - KomMa<\/title>\n<meta name=\"description\" content=\"Mit seinen Schwerpunkten und Projekten hat KomMa an diesem Feld und seiner Ausgestaltung nicht unerheblichen Anteil.\" \/>\n<meta name=\"robots\" content=\"index, follow, max-snippet:-1, max-image-preview:large, max-video-preview:-1\" \/>\n<link rel=\"canonical\" href=\"https:\/\/komma.ostfalia.de\/index.php\/gesellschaftliche-veraenderungsperspektiven\/\" \/>\n<meta property=\"og:locale\" content=\"de_DE\" \/>\n<meta property=\"og:type\" content=\"article\" \/>\n<meta property=\"og:title\" content=\"Gesellschaftliche Ver\u00e4nderungsperspektiven... - KomMa\" \/>\n<meta property=\"og:description\" content=\"Mit seinen Schwerpunkten und Projekten hat KomMa an diesem Feld und seiner Ausgestaltung nicht unerheblichen Anteil.\" \/>\n<meta property=\"og:url\" content=\"https:\/\/komma.ostfalia.de\/index.php\/gesellschaftliche-veraenderungsperspektiven\/\" \/>\n<meta property=\"og:site_name\" content=\"KomMa\" \/>\n<meta property=\"article:published_time\" content=\"2022-03-17T12:17:51+00:00\" \/>\n<meta property=\"og:image\" content=\"https:\/\/komma.ostfalia.de\/wp-content\/uploads\/2022\/03\/Forschung_Ostfalia-1024x683.png\" \/>\n\t<meta property=\"og:image:width\" content=\"1024\" \/>\n\t<meta property=\"og:image:height\" content=\"683\" \/>\n\t<meta property=\"og:image:type\" content=\"image\/png\" \/>\n<meta name=\"author\" content=\"KomMa-Team\" \/>\n<meta name=\"twitter:card\" content=\"summary_large_image\" \/>\n<meta name=\"twitter:creator\" content=\"@komma_ostfalia\" \/>\n<meta name=\"twitter:site\" content=\"@komma_ostfalia\" \/>\n<meta name=\"twitter:label1\" content=\"Verfasst von\" \/>\n\t<meta name=\"twitter:data1\" content=\"KomMa-Team\" \/>\n\t<meta name=\"twitter:label2\" content=\"Gesch\u00e4tzte Lesezeit\" \/>\n\t<meta name=\"twitter:data2\" content=\"1\u00a0Minute\" \/>\n<script type=\"application\/ld+json\" class=\"yoast-schema-graph\">{\"@context\":\"https:\/\/schema.org\",\"@graph\":[{\"@type\":\"Article\",\"@id\":\"https:\/\/komma.ostfalia.de\/index.php\/gesellschaftliche-veraenderungsperspektiven\/#article\",\"isPartOf\":{\"@id\":\"https:\/\/komma.ostfalia.de\/index.php\/gesellschaftliche-veraenderungsperspektiven\/\"},\"author\":{\"name\":\"KomMa-Team\",\"@id\":\"https:\/\/komma.ostfalia.de\/#\/schema\/person\/2297cca325c7233192dce89bbb68ca24\"},\"headline\":\"Gesellschaftliche Ver\u00e4nderungsperspektiven&#8230;\",\"datePublished\":\"2022-03-17T12:17:51+00:00\",\"dateModified\":\"2022-03-17T12:17:51+00:00\",\"mainEntityOfPage\":{\"@id\":\"https:\/\/komma.ostfalia.de\/index.php\/gesellschaftliche-veraenderungsperspektiven\/\"},\"wordCount\":76,\"commentCount\":0,\"publisher\":{\"@id\":\"https:\/\/komma.ostfalia.de\/#organization\"},\"image\":{\"@id\":\"https:\/\/komma.ostfalia.de\/index.php\/gesellschaftliche-veraenderungsperspektiven\/#primaryimage\"},\"thumbnailUrl\":\"https:\/\/komma.ostfalia.de\/wp-content\/uploads\/2022\/03\/Forschung_Ostfalia.png\",\"keywords\":[\"Forschung\",\"Komma\"],\"articleSection\":{\"1\":\"Forschung\"},\"inLanguage\":\"de\",\"potentialAction\":[{\"@type\":\"CommentAction\",\"name\":\"Comment\",\"target\":[\"https:\/\/komma.ostfalia.de\/index.php\/gesellschaftliche-veraenderungsperspektiven\/#respond\"]}]},{\"@type\":\"WebPage\",\"@id\":\"https:\/\/komma.ostfalia.de\/index.php\/gesellschaftliche-veraenderungsperspektiven\/\",\"url\":\"https:\/\/komma.ostfalia.de\/index.php\/gesellschaftliche-veraenderungsperspektiven\/\",\"name\":\"Gesellschaftliche Ver\u00e4nderungsperspektiven... - KomMa\",\"isPartOf\":{\"@id\":\"https:\/\/komma.ostfalia.de\/#website\"},\"primaryImageOfPage\":{\"@id\":\"https:\/\/komma.ostfalia.de\/index.php\/gesellschaftliche-veraenderungsperspektiven\/#primaryimage\"},\"image\":{\"@id\":\"https:\/\/komma.ostfalia.de\/index.php\/gesellschaftliche-veraenderungsperspektiven\/#primaryimage\"},\"thumbnailUrl\":\"https:\/\/komma.ostfalia.de\/wp-content\/uploads\/2022\/03\/Forschung_Ostfalia.png\",\"datePublished\":\"2022-03-17T12:17:51+00:00\",\"dateModified\":\"2022-03-17T12:17:51+00:00\",\"description\":\"Mit seinen Schwerpunkten und Projekten hat KomMa an diesem Feld und seiner Ausgestaltung nicht unerheblichen Anteil.\",\"breadcrumb\":{\"@id\":\"https:\/\/komma.ostfalia.de\/index.php\/gesellschaftliche-veraenderungsperspektiven\/#breadcrumb\"},\"inLanguage\":\"de\",\"potentialAction\":[{\"@type\":\"ReadAction\",\"target\":[\"https:\/\/komma.ostfalia.de\/index.php\/gesellschaftliche-veraenderungsperspektiven\/\"]}]},{\"@type\":\"ImageObject\",\"inLanguage\":\"de\",\"@id\":\"https:\/\/komma.ostfalia.de\/index.php\/gesellschaftliche-veraenderungsperspektiven\/#primaryimage\",\"url\":\"https:\/\/komma.ostfalia.de\/wp-content\/uploads\/2022\/03\/Forschung_Ostfalia.png\",\"contentUrl\":\"https:\/\/komma.ostfalia.de\/wp-content\/uploads\/2022\/03\/Forschung_Ostfalia.png\",\"width\":6000,\"height\":4000},{\"@type\":\"BreadcrumbList\",\"@id\":\"https:\/\/komma.ostfalia.de\/index.php\/gesellschaftliche-veraenderungsperspektiven\/#breadcrumb\",\"itemListElement\":[{\"@type\":\"ListItem\",\"position\":1,\"name\":\"Startseite\",\"item\":\"https:\/\/komma.ostfalia.de\/\"},{\"@type\":\"ListItem\",\"position\":2,\"name\":\"Allgemein\",\"item\":\"https:\/\/komma.ostfalia.de\/index.php\/kategorie\/allgemein\/\"},{\"@type\":\"ListItem\",\"position\":3,\"name\":\"Gesellschaftliche Ver\u00e4nderungsperspektiven&#8230;\"}]},{\"@type\":\"WebSite\",\"@id\":\"https:\/\/komma.ostfalia.de\/#website\",\"url\":\"https:\/\/komma.ostfalia.de\/\",\"name\":\"KomMa\",\"description\":\"Professur f\u00fcr Kommunikationsmanagement\",\"publisher\":{\"@id\":\"https:\/\/komma.ostfalia.de\/#organization\"},\"potentialAction\":[{\"@type\":\"SearchAction\",\"target\":{\"@type\":\"EntryPoint\",\"urlTemplate\":\"https:\/\/komma.ostfalia.de\/?s={search_term_string}\"},\"query-input\":\"required name=search_term_string\"}],\"inLanguage\":\"de\"},{\"@type\":\"Organization\",\"@id\":\"https:\/\/komma.ostfalia.de\/#organization\",\"name\":\"KomMa - Professur f\u00fcr Kommunikationsmanagement\",\"url\":\"https:\/\/komma.ostfalia.de\/\",\"logo\":{\"@type\":\"ImageObject\",\"inLanguage\":\"de\",\"@id\":\"https:\/\/komma.ostfalia.de\/#\/schema\/logo\/image\/\",\"url\":\"https:\/\/komma.ostfalia.de\/wp-content\/uploads\/2020\/05\/komma-signet.png\",\"contentUrl\":\"https:\/\/komma.ostfalia.de\/wp-content\/uploads\/2020\/05\/komma-signet.png\",\"width\":512,\"height\":512,\"caption\":\"KomMa - Professur f\u00fcr Kommunikationsmanagement\"},\"image\":{\"@id\":\"https:\/\/komma.ostfalia.de\/#\/schema\/logo\/image\/\"},\"sameAs\":[\"https:\/\/twitter.com\/komma_ostfalia\"]},{\"@type\":\"Person\",\"@id\":\"https:\/\/komma.ostfalia.de\/#\/schema\/person\/2297cca325c7233192dce89bbb68ca24\",\"name\":\"KomMa-Team\",\"image\":{\"@type\":\"ImageObject\",\"inLanguage\":\"de\",\"@id\":\"https:\/\/komma.ostfalia.de\/#\/schema\/person\/image\/\",\"url\":\"https:\/\/secure.gravatar.com\/avatar\/0e2f17e0b0f28f6a6baeb346932d58f2?s=96&d=mm&r=g\",\"contentUrl\":\"https:\/\/secure.gravatar.com\/avatar\/0e2f17e0b0f28f6a6baeb346932d58f2?s=96&d=mm&r=g\",\"caption\":\"KomMa-Team\"}}]}<\/script>","yoast_head_json":{"title":"Gesellschaftliche Ver\u00e4nderungsperspektiven... - KomMa","description":"Mit seinen Schwerpunkten und Projekten hat KomMa an diesem Feld und seiner Ausgestaltung nicht unerheblichen Anteil.","robots":{"index":"index","follow":"follow","max-snippet":"max-snippet:-1","max-image-preview":"max-image-preview:large","max-video-preview":"max-video-preview:-1"},"canonical":"https:\/\/komma.ostfalia.de\/index.php\/gesellschaftliche-veraenderungsperspektiven\/","og_locale":"de_DE","og_type":"article","og_title":"Gesellschaftliche Ver\u00e4nderungsperspektiven... - KomMa","og_description":"Mit seinen Schwerpunkten und Projekten hat KomMa an diesem Feld und seiner Ausgestaltung nicht unerheblichen Anteil.","og_url":"https:\/\/komma.ostfalia.de\/index.php\/gesellschaftliche-veraenderungsperspektiven\/","og_site_name":"KomMa","article_published_time":"2022-03-17T12:17:51+00:00","og_image":[{"width":1024,"height":683,"url":"https:\/\/komma.ostfalia.de\/wp-content\/uploads\/2022\/03\/Forschung_Ostfalia-1024x683.png","type":"image\/png"}],"author":"KomMa-Team","twitter_card":"summary_large_image","twitter_creator":"@komma_ostfalia","twitter_site":"@komma_ostfalia","twitter_misc":{"Verfasst von":"KomMa-Team","Gesch\u00e4tzte Lesezeit":"1\u00a0Minute"},"schema":{"@context":"https:\/\/schema.org","@graph":[{"@type":"Article","@id":"https:\/\/komma.ostfalia.de\/index.php\/gesellschaftliche-veraenderungsperspektiven\/#article","isPartOf":{"@id":"https:\/\/komma.ostfalia.de\/index.php\/gesellschaftliche-veraenderungsperspektiven\/"},"author":{"name":"KomMa-Team","@id":"https:\/\/komma.ostfalia.de\/#\/schema\/person\/2297cca325c7233192dce89bbb68ca24"},"headline":"Gesellschaftliche Ver\u00e4nderungsperspektiven&#8230;","datePublished":"2022-03-17T12:17:51+00:00","dateModified":"2022-03-17T12:17:51+00:00","mainEntityOfPage":{"@id":"https:\/\/komma.ostfalia.de\/index.php\/gesellschaftliche-veraenderungsperspektiven\/"},"wordCount":76,"commentCount":0,"publisher":{"@id":"https:\/\/komma.ostfalia.de\/#organization"},"image":{"@id":"https:\/\/komma.ostfalia.de\/index.php\/gesellschaftliche-veraenderungsperspektiven\/#primaryimage"},"thumbnailUrl":"https:\/\/komma.ostfalia.de\/wp-content\/uploads\/2022\/03\/Forschung_Ostfalia.png","keywords":["Forschung","Komma"],"articleSection":{"1":"Forschung"},"inLanguage":"de","potentialAction":[{"@type":"CommentAction","name":"Comment","target":["https:\/\/komma.ostfalia.de\/index.php\/gesellschaftliche-veraenderungsperspektiven\/#respond"]}]},{"@type":"WebPage","@id":"https:\/\/komma.ostfalia.de\/index.php\/gesellschaftliche-veraenderungsperspektiven\/","url":"https:\/\/komma.ostfalia.de\/index.php\/gesellschaftliche-veraenderungsperspektiven\/","name":"Gesellschaftliche Ver\u00e4nderungsperspektiven... - KomMa","isPartOf":{"@id":"https:\/\/komma.ostfalia.de\/#website"},"primaryImageOfPage":{"@id":"https:\/\/komma.ostfalia.de\/index.php\/gesellschaftliche-veraenderungsperspektiven\/#primaryimage"},"image":{"@id":"https:\/\/komma.ostfalia.de\/index.php\/gesellschaftliche-veraenderungsperspektiven\/#primaryimage"},"thumbnailUrl":"https:\/\/komma.ostfalia.de\/wp-content\/uploads\/2022\/03\/Forschung_Ostfalia.png","datePublished":"2022-03-17T12:17:51+00:00","dateModified":"2022-03-17T12:17:51+00:00","description":"Mit seinen Schwerpunkten und Projekten hat KomMa an diesem Feld und seiner Ausgestaltung nicht unerheblichen Anteil.","breadcrumb":{"@id":"https:\/\/komma.ostfalia.de\/index.php\/gesellschaftliche-veraenderungsperspektiven\/#breadcrumb"},"inLanguage":"de","potentialAction":[{"@type":"ReadAction","target":["https:\/\/komma.ostfalia.de\/index.php\/gesellschaftliche-veraenderungsperspektiven\/"]}]},{"@type":"ImageObject","inLanguage":"de","@id":"https:\/\/komma.ostfalia.de\/index.php\/gesellschaftliche-veraenderungsperspektiven\/#primaryimage","url":"https:\/\/komma.ostfalia.de\/wp-content\/uploads\/2022\/03\/Forschung_Ostfalia.png","contentUrl":"https:\/\/komma.ostfalia.de\/wp-content\/uploads\/2022\/03\/Forschung_Ostfalia.png","width":6000,"height":4000},{"@type":"BreadcrumbList","@id":"https:\/\/komma.ostfalia.de\/index.php\/gesellschaftliche-veraenderungsperspektiven\/#breadcrumb","itemListElement":[{"@type":"ListItem","position":1,"name":"Startseite","item":"https:\/\/komma.ostfalia.de\/"},{"@type":"ListItem","position":2,"name":"Allgemein","item":"https:\/\/komma.ostfalia.de\/index.php\/kategorie\/allgemein\/"},{"@type":"ListItem","position":3,"name":"Gesellschaftliche Ver\u00e4nderungsperspektiven&#8230;"}]},{"@type":"WebSite","@id":"https:\/\/komma.ostfalia.de\/#website","url":"https:\/\/komma.ostfalia.de\/","name":"KomMa","description":"Professur f\u00fcr Kommunikationsmanagement","publisher":{"@id":"https:\/\/komma.ostfalia.de\/#organization"},"potentialAction":[{"@type":"SearchAction","target":{"@type":"EntryPoint","urlTemplate":"https:\/\/komma.ostfalia.de\/?s={search_term_string}"},"query-input":"required name=search_term_string"}],"inLanguage":"de"},{"@type":"Organization","@id":"https:\/\/komma.ostfalia.de\/#organization","name":"KomMa - Professur f\u00fcr Kommunikationsmanagement","url":"https:\/\/komma.ostfalia.de\/","logo":{"@type":"ImageObject","inLanguage":"de","@id":"https:\/\/komma.ostfalia.de\/#\/schema\/logo\/image\/","url":"https:\/\/komma.ostfalia.de\/wp-content\/uploads\/2020\/05\/komma-signet.png","contentUrl":"https:\/\/komma.ostfalia.de\/wp-content\/uploads\/2020\/05\/komma-signet.png","width":512,"height":512,"caption":"KomMa - Professur f\u00fcr Kommunikationsmanagement"},"image":{"@id":"https:\/\/komma.ostfalia.de\/#\/schema\/logo\/image\/"},"sameAs":["https:\/\/twitter.com\/komma_ostfalia"]},{"@type":"Person","@id":"https:\/\/komma.ostfalia.de\/#\/schema\/person\/2297cca325c7233192dce89bbb68ca24","name":"KomMa-Team","image":{"@type":"ImageObject","inLanguage":"de","@id":"https:\/\/komma.ostfalia.de\/#\/schema\/person\/image\/","url":"https:\/\/secure.gravatar.com\/avatar\/0e2f17e0b0f28f6a6baeb346932d58f2?s=96&d=mm&r=g","contentUrl":"https:\/\/secure.gravatar.com\/avatar\/0e2f17e0b0f28f6a6baeb346932d58f2?s=96&d=mm&r=g","caption":"KomMa-Team"}}]}},"_links":{"self":[{"href":"https:\/\/komma.ostfalia.de\/index.php\/wp-json\/wp\/v2\/posts\/10192"}],"collection":[{"href":"https:\/\/komma.ostfalia.de\/index.php\/wp-json\/wp\/v2\/posts"}],"about":[{"href":"https:\/\/komma.ostfalia.de\/index.php\/wp-json\/wp\/v2\/types\/post"}],"author":[{"embeddable":true,"href":"https:\/\/komma.ostfalia.de\/index.php\/wp-json\/wp\/v2\/users\/1"}],"replies":[{"embeddable":true,"href":"https:\/\/komma.ostfalia.de\/index.php\/wp-json\/wp\/v2\/comments?post=10192"}],"version-history":[{"count":0,"href":"https:\/\/komma.ostfalia.de\/index.php\/wp-json\/wp\/v2\/posts\/10192\/revisions"}],"wp:featuredmedia":[{"embeddable":true,"href":"https:\/\/komma.ostfalia.de\/index.php\/wp-json\/wp\/v2\/media\/10216"}],"wp:attachment":[{"href":"https:\/\/komma.ostfalia.de\/index.php\/wp-json\/wp\/v2\/media?parent=10192"}],"wp:term":[{"taxonomy":"category","embeddable":true,"href":"https:\/\/komma.ostfalia.de\/index.php\/wp-json\/wp\/v2\/categories?post=10192"},{"taxonomy":"post_tag","embeddable":true,"href":"https:\/\/komma.ostfalia.de\/index.php\/wp-json\/wp\/v2\/tags?post=10192"}],"curies":[{"name":"wp","href":"https:\/\/api.w.org\/{rel}","templated":true}]}}